{"id":1859,"date":"2015-02-18T17:59:52","date_gmt":"2015-02-18T16:59:52","guid":{"rendered":"http:\/\/www.naturparkmagazin.de\/stechlin\/?p=1859"},"modified":"2015-02-25T18:11:55","modified_gmt":"2015-02-25T17:11:55","slug":"obstbaumschnittkurs-jungbaumerziehung","status":"publish","type":"post","link":"https:\/\/www.naturparkmagazin.de\/stechlin\/obstbaumschnittkurs-jungbaumerziehung\/","title":{"rendered":"Obstbaumschnittkurs Jungbaumerziehung"},"content":{"rendered":"<p>&nbsp;<\/p>\n<div id=\"attachment_1909\" style=\"width: 280px\" class=\"wp-caption alignleft\"><a href=\"https:\/\/www.naturparkmagazin.de\/stechlin\/wp-content\/uploads\/sites\/38\/apfelmann2.jpg\"><img aria-describedby=\"caption-attachment-1909\" decoding=\"async\" loading=\"lazy\" class=\"wp-image-1909 \" alt=\"Umveredlung eines Obsthochstammes (Zehdenicker &quot;Apfelmann&quot;)\" src=\"https:\/\/www.naturparkmagazin.de\/stechlin\/wp-content\/uploads\/sites\/38\/apfelmann2-300x200.jpg\" width=\"270\" height=\"180\" \/><\/a><p id=\"caption-attachment-1909\" class=\"wp-caption-text\">Umveredlung eines Obsthochstammes (Zehdenicker &#8222;Apfelmann&#8220;)<\/p><\/div>\n<p>Am <strong>7. M\u00e4rz 2015<\/strong> besteht die M\u00f6glichkeit, <strong>zwischen 10 und 16 Uhr in F\u00fcrstenberg\/Havel, Ortsteil Neubau,<\/strong> seine Kenntnisse \u00fcber den Schnitt junger Obstb\u00e4ume zu erweitern. Im Kurs werden die Grundlagen des Obstbaumschnittes mit dem Schwerpunkt der Erziehung von Jungb\u00e4umen vermittelt. Der theoretische Teil des Schnittkurses umfasst die grundlegenden Wuchsgesetze sowie Schnitttechniken und ziele im naturgem\u00e4\u00dfen Obstbaumschnitt. Der Praxisteil f\u00fchrt von der Baumansprache und Bodenpflege zum Schnitt unterschiedlich entwickelter Jungb\u00e4ume im Oeschbergschnitt.<\/p>\n<p>Kosten: 27,50 \u20ac incl. Mittagsimbiss<\/p>\n<p>Teilnehmerzahl: max. 9<\/p>\n<p>Anmeldung: Tel. 0175\/9655845 oder<\/p>\n<p>E-mail: <a href=\"mailto:kontakt@werkraum-obst.de\">kontakt@werkraum-obst.de<\/a><\/p>\n<p><a href=\"https:\/\/www.naturparkmagazin.de\/stechlin\/wp-content\/uploads\/sites\/38\/k-Schmetterling.jpg\"><img decoding=\"async\" loading=\"lazy\" class=\"wp-image-222 alignright\" alt=\"Der Admiral labt sich an der \u00fcberreifen Birne auf einer Streuobstwiese.\" src=\"https:\/\/www.naturparkmagazin.de\/stechlin\/wp-content\/uploads\/sites\/38\/k-Schmetterling-620x465.jpg\" width=\"196\" height=\"147\" srcset=\"https:\/\/www.naturparkmagazin.de\/stechlin\/wp-content\/uploads\/sites\/38\/k-Schmetterling-620x465.jpg 620w, https:\/\/www.naturparkmagazin.de\/stechlin\/wp-content\/uploads\/sites\/38\/k-Schmetterling-300x225.jpg 300w, https:\/\/www.naturparkmagazin.de\/stechlin\/wp-content\/uploads\/sites\/38\/k-Schmetterling-940x705.jpg 940w, https:\/\/www.naturparkmagazin.de\/stechlin\/wp-content\/uploads\/sites\/38\/k-Schmetterling-580x435.jpg 580w, https:\/\/www.naturparkmagazin.de\/stechlin\/wp-content\/uploads\/sites\/38\/k-Schmetterling-420x315.jpg 420w, https:\/\/www.naturparkmagazin.de\/stechlin\/wp-content\/uploads\/sites\/38\/k-Schmetterling-180x135.jpg 180w, https:\/\/www.naturparkmagazin.de\/stechlin\/wp-content\/uploads\/sites\/38\/k-Schmetterling-95x71.jpg 95w, https:\/\/www.naturparkmagazin.de\/stechlin\/wp-content\/uploads\/sites\/38\/k-Schmetterling-670x503.jpg 670w, https:\/\/www.naturparkmagazin.de\/stechlin\/wp-content\/uploads\/sites\/38\/k-Schmetterling-200x150.jpg 200w, https:\/\/www.naturparkmagazin.de\/stechlin\/wp-content\/uploads\/sites\/38\/k-Schmetterling.jpg 1824w\" sizes=\"(max-width: 196px) 100vw, 196px\" \/><\/a><\/p>\n","protected":false},"excerpt":{"rendered":"<p>Am 7. M\u00e4rz 2015 besteht die M\u00f6glichkeit, zwischen 10 und 16 Uhr in F\u00fcrstenberg\/Havel, Ortsteil Neubau, seine Kenntnisse \u00fcber den Schnitt junger Obstb\u00e4ume zu erweitern.<\/p>\n","protected":false},"author":39,"featured_media":1891,"comment_status":"open","ping_status":"open","sticky":false,"template":"","format":"standard","meta":[],"categories":[11],"tags":[],"yoast_head":"<!-- This site is optimized with the Yoast SEO plugin v19.10 - https:\/\/yoast.com\/wordpress\/plugins\/seo\/ -->\n<title>Obstbaumschnittkurs Jungbaumerziehung - Naturpark Stechlin-Ruppiner Land<\/title>\n<meta name=\"robots\" content=\"index, follow, max-snippet:-1, max-image-preview:large, max-video-preview:-1\" \/>\n<link rel=\"canonical\" href=\"https:\/\/www.naturparkmagazin.de\/stechlin\/obstbaumschnittkurs-jungbaumerziehung\/\" \/>\n<meta property=\"og:locale\" content=\"de_DE\" \/>\n<meta property=\"og:type\" content=\"article\" \/>\n<meta property=\"og:title\" content=\"Obstbaumschnittkurs Jungbaumerziehung - Naturpark Stechlin-Ruppiner Land\" \/>\n<meta property=\"og:description\" content=\"Am 7. M\u00e4rz 2015 besteht die M\u00f6glichkeit, zwischen 10 und 16 Uhr in F\u00fcrstenberg\/Havel, Ortsteil Neubau, seine Kenntnisse \u00fcber den Schnitt junger Obstb\u00e4ume zu erweitern.\" \/>\n<meta property=\"og:url\" content=\"https:\/\/www.naturparkmagazin.de\/stechlin\/obstbaumschnittkurs-jungbaumerziehung\/\" \/>\n<meta property=\"og:site_name\" content=\"Naturpark Stechlin-Ruppiner Land\" \/>\n<meta property=\"article:published_time\" content=\"2015-02-18T16:59:52+00:00\" \/>\n<meta property=\"article:modified_time\" content=\"2015-02-25T17:11:55+00:00\" \/>\n<meta property=\"og:image\" content=\"https:\/\/www.naturparkmagazin.de\/stechlin\/wp-content\/uploads\/sites\/38\/apfelmann.jpg\" \/>\n\t<meta property=\"og:image:width\" content=\"640\" \/>\n\t<meta property=\"og:image:height\" content=\"428\" \/>\n\t<meta property=\"og:image:type\" content=\"image\/jpeg\" \/>\n<meta name=\"author\" content=\"marioschrumpf\" \/>\n<meta name=\"twitter:label1\" content=\"Verfasst von\" \/>\n\t<meta name=\"twitter:data1\" content=\"marioschrumpf\" \/>\n\t<meta name=\"twitter:label2\" content=\"Gesch\u00e4tzte Lesezeit\" \/>\n\t<meta name=\"twitter:data2\" content=\"1\u00a0Minute\" \/>\n<script type=\"application\/ld+json\" class=\"yoast-schema-graph\">{\"@context\":\"https:\/\/schema.org\",\"@graph\":[{\"@type\":\"WebPage\",\"@id\":\"https:\/\/www.naturparkmagazin.de\/stechlin\/obstbaumschnittkurs-jungbaumerziehung\/\",\"url\":\"https:\/\/www.naturparkmagazin.de\/stechlin\/obstbaumschnittkurs-jungbaumerziehung\/\",\"name\":\"Obstbaumschnittkurs Jungbaumerziehung - Naturpark Stechlin-Ruppiner Land\",\"isPartOf\":{\"@id\":\"https:\/\/www.naturparkmagazin.de\/stechlin\/#website\"},\"datePublished\":\"2015-02-18T16:59:52+00:00\",\"dateModified\":\"2015-02-25T17:11:55+00:00\",\"author\":{\"@id\":\"https:\/\/www.naturparkmagazin.de\/stechlin\/#\/schema\/person\/3f0d93203df21c806dd63c76d9bb28bc\"},\"breadcrumb\":{\"@id\":\"https:\/\/www.naturparkmagazin.de\/stechlin\/obstbaumschnittkurs-jungbaumerziehung\/#breadcrumb\"},\"inLanguage\":\"de\",\"potentialAction\":[{\"@type\":\"ReadAction\",\"target\":[\"https:\/\/www.naturparkmagazin.de\/stechlin\/obstbaumschnittkurs-jungbaumerziehung\/\"]}]},{\"@type\":\"BreadcrumbList\",\"@id\":\"https:\/\/www.naturparkmagazin.de\/stechlin\/obstbaumschnittkurs-jungbaumerziehung\/#breadcrumb\",\"itemListElement\":[{\"@type\":\"ListItem\",\"position\":1,\"name\":\"Home\",\"item\":\"https:\/\/www.naturparkmagazin.de\/stechlin\/\"},{\"@type\":\"ListItem\",\"position\":2,\"name\":\"Obstbaumschnittkurs Jungbaumerziehung\"}]},{\"@type\":\"WebSite\",\"@id\":\"https:\/\/www.naturparkmagazin.de\/stechlin\/#website\",\"url\":\"https:\/\/www.naturparkmagazin.de\/stechlin\/\",\"name\":\"Naturpark Stechlin-Ruppiner Land\",\"description\":\"\",\"potentialAction\":[{\"@type\":\"SearchAction\",\"target\":{\"@type\":\"EntryPoint\",\"urlTemplate\":\"https:\/\/www.naturparkmagazin.de\/stechlin\/?s={search_term_string}\"},\"query-input\":\"required name=search_term_string\"}],\"inLanguage\":\"de\"},{\"@type\":\"Person\",\"@id\":\"https:\/\/www.naturparkmagazin.de\/stechlin\/#\/schema\/person\/3f0d93203df21c806dd63c76d9bb28bc\",\"name\":\"marioschrumpf\",\"url\":\"https:\/\/www.naturparkmagazin.de\/stechlin\/author\/marioschrumpf\/\"}]}<\/script>\n<!-- \/ Yoast SEO plugin. -->","yoast_head_json":{"title":"Obstbaumschnittkurs Jungbaumerziehung - Naturpark Stechlin-Ruppiner Land","robots":{"index":"index","follow":"follow","max-snippet":"max-snippet:-1","max-image-preview":"max-image-preview:large","max-video-preview":"max-video-preview:-1"},"canonical":"https:\/\/www.naturparkmagazin.de\/stechlin\/obstbaumschnittkurs-jungbaumerziehung\/","og_locale":"de_DE","og_type":"article","og_title":"Obstbaumschnittkurs Jungbaumerziehung - Naturpark Stechlin-Ruppiner Land","og_description":"Am 7. M\u00e4rz 2015 besteht die M\u00f6glichkeit, zwischen 10 und 16 Uhr in F\u00fcrstenberg\/Havel, Ortsteil Neubau, seine Kenntnisse \u00fcber den Schnitt junger Obstb\u00e4ume zu erweitern.","og_url":"https:\/\/www.naturparkmagazin.de\/stechlin\/obstbaumschnittkurs-jungbaumerziehung\/","og_site_name":"Naturpark Stechlin-Ruppiner Land","article_published_time":"2015-02-18T16:59:52+00:00","article_modified_time":"2015-02-25T17:11:55+00:00","og_image":[{"width":640,"height":428,"url":"https:\/\/www.naturparkmagazin.de\/stechlin\/wp-content\/uploads\/sites\/38\/apfelmann.jpg","type":"image\/jpeg"}],"author":"marioschrumpf","twitter_misc":{"Verfasst von":"marioschrumpf","Gesch\u00e4tzte Lesezeit":"1\u00a0Minute"},"schema":{"@context":"https:\/\/schema.org","@graph":[{"@type":"WebPage","@id":"https:\/\/www.naturparkmagazin.de\/stechlin\/obstbaumschnittkurs-jungbaumerziehung\/","url":"https:\/\/www.naturparkmagazin.de\/stechlin\/obstbaumschnittkurs-jungbaumerziehung\/","name":"Obstbaumschnittkurs Jungbaumerziehung - Naturpark Stechlin-Ruppiner Land","isPartOf":{"@id":"https:\/\/www.naturparkmagazin.de\/stechlin\/#website"},"datePublished":"2015-02-18T16:59:52+00:00","dateModified":"2015-02-25T17:11:55+00:00","author":{"@id":"https:\/\/www.naturparkmagazin.de\/stechlin\/#\/schema\/person\/3f0d93203df21c806dd63c76d9bb28bc"},"breadcrumb":{"@id":"https:\/\/www.naturparkmagazin.de\/stechlin\/obstbaumschnittkurs-jungbaumerziehung\/#breadcrumb"},"inLanguage":"de","potentialAction":[{"@type":"ReadAction","target":["https:\/\/www.naturparkmagazin.de\/stechlin\/obstbaumschnittkurs-jungbaumerziehung\/"]}]},{"@type":"BreadcrumbList","@id":"https:\/\/www.naturparkmagazin.de\/stechlin\/obstbaumschnittkurs-jungbaumerziehung\/#breadcrumb","itemListElement":[{"@type":"ListItem","position":1,"name":"Home","item":"https:\/\/www.naturparkmagazin.de\/stechlin\/"},{"@type":"ListItem","position":2,"name":"Obstbaumschnittkurs Jungbaumerziehung"}]},{"@type":"WebSite","@id":"https:\/\/www.naturparkmagazin.de\/stechlin\/#website","url":"https:\/\/www.naturparkmagazin.de\/stechlin\/","name":"Naturpark Stechlin-Ruppiner Land","description":"","potentialAction":[{"@type":"SearchAction","target":{"@type":"EntryPoint","urlTemplate":"https:\/\/www.naturparkmagazin.de\/stechlin\/?s={search_term_string}"},"query-input":"required name=search_term_string"}],"inLanguage":"de"},{"@type":"Person","@id":"https:\/\/www.naturparkmagazin.de\/stechlin\/#\/schema\/person\/3f0d93203df21c806dd63c76d9bb28bc","name":"marioschrumpf","url":"https:\/\/www.naturparkmagazin.de\/stechlin\/author\/marioschrumpf\/"}]}},"_links":{"self":[{"href":"https:\/\/www.naturparkmagazin.de\/stechlin\/wp-json\/wp\/v2\/posts\/1859"}],"collection":[{"href":"https:\/\/www.naturparkmagazin.de\/stechlin\/wp-json\/wp\/v2\/posts"}],"about":[{"href":"https:\/\/www.naturparkmagazin.de\/stechlin\/wp-json\/wp\/v2\/types\/post"}],"author":[{"embeddable":true,"href":"https:\/\/www.naturparkmagazin.de\/stechlin\/wp-json\/wp\/v2\/users\/39"}],"replies":[{"embeddable":true,"href":"https:\/\/www.naturparkmagazin.de\/stechlin\/wp-json\/wp\/v2\/comments?post=1859"}],"version-history":[{"count":16,"href":"https:\/\/www.naturparkmagazin.de\/stechlin\/wp-json\/wp\/v2\/posts\/1859\/revisions"}],"predecessor-version":[{"id":1924,"href":"https:\/\/www.naturparkmagazin.de\/stechlin\/wp-json\/wp\/v2\/posts\/1859\/revisions\/1924"}],"wp:featuredmedia":[{"embeddable":true,"href":"https:\/\/www.naturparkmagazin.de\/stechlin\/wp-json\/wp\/v2\/media\/1891"}],"wp:attachment":[{"href":"https:\/\/www.naturparkmagazin.de\/stechlin\/wp-json\/wp\/v2\/media?parent=1859"}],"wp:term":[{"taxonomy":"category","embeddable":true,"href":"https:\/\/www.naturparkmagazin.de\/stechlin\/wp-json\/wp\/v2\/categories?post=1859"},{"taxonomy":"post_tag","embeddable":true,"href":"https:\/\/www.naturparkmagazin.de\/stechlin\/wp-json\/wp\/v2\/tags?post=1859"}],"curies":[{"name":"wp","href":"https:\/\/api.w.org\/{rel}","templated":true}]}}