{"id":1866,"date":"2015-02-18T18:24:45","date_gmt":"2015-02-18T17:24:45","guid":{"rendered":"http:\/\/www.naturparkmagazin.de\/stechlin\/?p=1866"},"modified":"2015-02-25T18:12:04","modified_gmt":"2015-02-25T17:12:04","slug":"auftakt-fuer-eu-life-projekt-feuchtwaelder","status":"publish","type":"post","link":"https:\/\/www.naturparkmagazin.de\/stechlin\/auftakt-fuer-eu-life-projekt-feuchtwaelder\/","title":{"rendered":"Auftakt f\u00fcr EU-Life-Projekt Feuchtw\u00e4lder"},"content":{"rendered":"<div id=\"attachment_925\" style=\"width: 172px\" class=\"wp-caption alignleft\"><a href=\"https:\/\/www.naturparkmagazin.de\/stechlin\/wp-content\/uploads\/sites\/38\/Wollgras003.jpg\"><img aria-describedby=\"caption-attachment-925\" decoding=\"async\" loading=\"lazy\" class=\" wp-image-925  \" alt=\"Fruchtendes Wollgras - eine typische Moorpflanze.\" src=\"https:\/\/www.naturparkmagazin.de\/stechlin\/wp-content\/uploads\/sites\/38\/Wollgras003.jpg\" width=\"162\" height=\"250\" \/><\/a><p id=\"caption-attachment-925\" class=\"wp-caption-text\">Fruchtendes Wollgras &#8211; eine typische Moorpflanze.<\/p><\/div>\n<p>Unter der Federf\u00fchrung des NaturSchutzFonds Brandenburg wird am <strong>5. M\u00e4rz <\/strong>zwischen 11 und 15 Uhr\u00a0in der <strong>Regionalwerkstatt Stechlin in Menz<\/strong> das EU-Life-Projekt Feuchtw\u00e4lder gestartet. Zur Auftaktveranstaltung wird auch <strong>Brandenburgs Umweltstaatssekret\u00e4rin Carolin Schilde<\/strong> in ihrer Funktion als Stiftungsratsvorsitzende erwartet.<\/p>\n<p>Mit diesem brandenburgweiten Projekt will der NaturSchutzFonds die in Europa einmaligen Auen- und Moorw\u00e4lder Brandenburgs sch\u00fctzen und ihren Erhaltungszustand verbessern. Die Stiftung realisiert ihr drittes EU-Life-Projekt in zehn NATURA-2000-Gebieten in den Landkreisen Prignitz, Ostprignitz-Ruppin, Oberhavel und Dahme-Spreewald.<\/p>\n<p>Im Naturpark Stechlin-Ruppiner Land befinden sich Projektgebiete am Rheinsberger Rhin, im Stechlinseegebiet\u00a0 und im Kunstertal.<\/p>\n<p>Neben der Zusammenarbeit mit Landnutzern werden Schwerpunkte des Projektes Ma\u00dfnahmen des Biotop- und Artenschutzes sowie die Stabilisierung des Landschaftswasserhaushaltes in den Auen- und Moorw\u00e4ldern sein. Au\u00dferdem sind zahlreiche Aktionen, wie das im letzten Sommer zum Thema Moorschutz in Kunsterspring veranstaltete <strong>Internationale Kunstsymposium<\/strong>, vorgesehen, um die Sch\u00f6nheit und Vielfalt der Feuchtw\u00e4lder f\u00fcr die Bewohner und Besucher der Regionen erlebbar zu machen.<\/p>\n<div id=\"attachment_1164\" style=\"width: 172px\" class=\"wp-caption alignnone\"><a href=\"https:\/\/www.naturparkmagazin.de\/stechlin\/wp-content\/uploads\/sites\/38\/Kunstsymposium-2.jpg\"><img aria-describedby=\"caption-attachment-1164\" decoding=\"async\" loading=\"lazy\" class=\" wp-image-1164  \" alt=\"Skulptur\" src=\"https:\/\/www.naturparkmagazin.de\/stechlin\/wp-content\/uploads\/sites\/38\/Kunstsymposium-2.jpg\" width=\"162\" height=\"216\" srcset=\"https:\/\/www.naturparkmagazin.de\/stechlin\/wp-content\/uploads\/sites\/38\/Kunstsymposium-2.jpg 180w, https:\/\/www.naturparkmagazin.de\/stechlin\/wp-content\/uploads\/sites\/38\/Kunstsymposium-2-135x180.jpg 135w, https:\/\/www.naturparkmagazin.de\/stechlin\/wp-content\/uploads\/sites\/38\/Kunstsymposium-2-53x71.jpg 53w\" sizes=\"(max-width: 162px) 100vw, 162px\" \/><\/a><p id=\"caption-attachment-1164\" class=\"wp-caption-text\">W\u00e4hrend des Kunstsymposiums entstandene Holzskulptur des Sonnentaus.<\/p><\/div>\n","protected":false},"excerpt":{"rendered":"<p>Unter der Federf\u00fchrung des NaturSchutzFonds Brandenburg wird am 5. M\u00e4rz in der Regionalwerkstatt Stechlin in Menz das EU-Life-Projekt Feuchtw\u00e4lder gestartet.<\/p>\n","protected":false},"author":39,"featured_media":408,"comment_status":"open","ping_status":"open","sticky":false,"template":"","format":"standard","meta":[],"categories":[11],"tags":[],"yoast_head":"<!-- This site is optimized with the Yoast SEO plugin v19.10 - https:\/\/yoast.com\/wordpress\/plugins\/seo\/ -->\n<title>Auftakt f\u00fcr EU-Life-Projekt Feuchtw\u00e4lder - Naturpark Stechlin-Ruppiner Land<\/title>\n<meta name=\"robots\" content=\"index, follow, max-snippet:-1, max-image-preview:large, max-video-preview:-1\" \/>\n<link rel=\"canonical\" href=\"https:\/\/www.naturparkmagazin.de\/stechlin\/auftakt-fuer-eu-life-projekt-feuchtwaelder\/\" \/>\n<meta property=\"og:locale\" content=\"de_DE\" \/>\n<meta property=\"og:type\" content=\"article\" \/>\n<meta property=\"og:title\" content=\"Auftakt f\u00fcr EU-Life-Projekt Feuchtw\u00e4lder - Naturpark Stechlin-Ruppiner Land\" \/>\n<meta property=\"og:description\" content=\"Unter der Federf\u00fchrung des NaturSchutzFonds Brandenburg wird am 5. M\u00e4rz in der Regionalwerkstatt Stechlin in Menz das EU-Life-Projekt Feuchtw\u00e4lder gestartet.\" \/>\n<meta property=\"og:url\" content=\"https:\/\/www.naturparkmagazin.de\/stechlin\/auftakt-fuer-eu-life-projekt-feuchtwaelder\/\" \/>\n<meta property=\"og:site_name\" content=\"Naturpark Stechlin-Ruppiner Land\" \/>\n<meta property=\"article:published_time\" content=\"2015-02-18T17:24:45+00:00\" \/>\n<meta property=\"article:modified_time\" content=\"2015-02-25T17:12:04+00:00\" \/>\n<meta property=\"og:image\" content=\"https:\/\/www.naturparkmagazin.de\/stechlin\/wp-content\/uploads\/sites\/38\/natura.jpg\" \/>\n\t<meta property=\"og:image:width\" content=\"394\" \/>\n\t<meta property=\"og:image:height\" content=\"327\" \/>\n\t<meta property=\"og:image:type\" content=\"image\/jpeg\" \/>\n<meta name=\"author\" content=\"marioschrumpf\" \/>\n<meta name=\"twitter:label1\" content=\"Verfasst von\" \/>\n\t<meta name=\"twitter:data1\" content=\"marioschrumpf\" \/>\n\t<meta name=\"twitter:label2\" content=\"Gesch\u00e4tzte Lesezeit\" \/>\n\t<meta name=\"twitter:data2\" content=\"1\u00a0Minute\" \/>\n<script type=\"application\/ld+json\" class=\"yoast-schema-graph\">{\"@context\":\"https:\/\/schema.org\",\"@graph\":[{\"@type\":\"WebPage\",\"@id\":\"https:\/\/www.naturparkmagazin.de\/stechlin\/auftakt-fuer-eu-life-projekt-feuchtwaelder\/\",\"url\":\"https:\/\/www.naturparkmagazin.de\/stechlin\/auftakt-fuer-eu-life-projekt-feuchtwaelder\/\",\"name\":\"Auftakt f\u00fcr EU-Life-Projekt Feuchtw\u00e4lder - Naturpark Stechlin-Ruppiner Land\",\"isPartOf\":{\"@id\":\"https:\/\/www.naturparkmagazin.de\/stechlin\/#website\"},\"datePublished\":\"2015-02-18T17:24:45+00:00\",\"dateModified\":\"2015-02-25T17:12:04+00:00\",\"author\":{\"@id\":\"https:\/\/www.naturparkmagazin.de\/stechlin\/#\/schema\/person\/3f0d93203df21c806dd63c76d9bb28bc\"},\"breadcrumb\":{\"@id\":\"https:\/\/www.naturparkmagazin.de\/stechlin\/auftakt-fuer-eu-life-projekt-feuchtwaelder\/#breadcrumb\"},\"inLanguage\":\"de\",\"potentialAction\":[{\"@type\":\"ReadAction\",\"target\":[\"https:\/\/www.naturparkmagazin.de\/stechlin\/auftakt-fuer-eu-life-projekt-feuchtwaelder\/\"]}]},{\"@type\":\"BreadcrumbList\",\"@id\":\"https:\/\/www.naturparkmagazin.de\/stechlin\/auftakt-fuer-eu-life-projekt-feuchtwaelder\/#breadcrumb\",\"itemListElement\":[{\"@type\":\"ListItem\",\"position\":1,\"name\":\"Home\",\"item\":\"https:\/\/www.naturparkmagazin.de\/stechlin\/\"},{\"@type\":\"ListItem\",\"position\":2,\"name\":\"Auftakt f\u00fcr EU-Life-Projekt Feuchtw\u00e4lder\"}]},{\"@type\":\"WebSite\",\"@id\":\"https:\/\/www.naturparkmagazin.de\/stechlin\/#website\",\"url\":\"https:\/\/www.naturparkmagazin.de\/stechlin\/\",\"name\":\"Naturpark Stechlin-Ruppiner Land\",\"description\":\"\",\"potentialAction\":[{\"@type\":\"SearchAction\",\"target\":{\"@type\":\"EntryPoint\",\"urlTemplate\":\"https:\/\/www.naturparkmagazin.de\/stechlin\/?s={search_term_string}\"},\"query-input\":\"required name=search_term_string\"}],\"inLanguage\":\"de\"},{\"@type\":\"Person\",\"@id\":\"https:\/\/www.naturparkmagazin.de\/stechlin\/#\/schema\/person\/3f0d93203df21c806dd63c76d9bb28bc\",\"name\":\"marioschrumpf\",\"url\":\"https:\/\/www.naturparkmagazin.de\/stechlin\/author\/marioschrumpf\/\"}]}<\/script>\n<!-- \/ Yoast SEO plugin. -->","yoast_head_json":{"title":"Auftakt f\u00fcr EU-Life-Projekt Feuchtw\u00e4lder - Naturpark Stechlin-Ruppiner Land","robots":{"index":"index","follow":"follow","max-snippet":"max-snippet:-1","max-image-preview":"max-image-preview:large","max-video-preview":"max-video-preview:-1"},"canonical":"https:\/\/www.naturparkmagazin.de\/stechlin\/auftakt-fuer-eu-life-projekt-feuchtwaelder\/","og_locale":"de_DE","og_type":"article","og_title":"Auftakt f\u00fcr EU-Life-Projekt Feuchtw\u00e4lder - Naturpark Stechlin-Ruppiner Land","og_description":"Unter der Federf\u00fchrung des NaturSchutzFonds Brandenburg wird am 5. M\u00e4rz in der Regionalwerkstatt Stechlin in Menz das EU-Life-Projekt Feuchtw\u00e4lder gestartet.","og_url":"https:\/\/www.naturparkmagazin.de\/stechlin\/auftakt-fuer-eu-life-projekt-feuchtwaelder\/","og_site_name":"Naturpark Stechlin-Ruppiner Land","article_published_time":"2015-02-18T17:24:45+00:00","article_modified_time":"2015-02-25T17:12:04+00:00","og_image":[{"width":394,"height":327,"url":"https:\/\/www.naturparkmagazin.de\/stechlin\/wp-content\/uploads\/sites\/38\/natura.jpg","type":"image\/jpeg"}],"author":"marioschrumpf","twitter_misc":{"Verfasst von":"marioschrumpf","Gesch\u00e4tzte Lesezeit":"1\u00a0Minute"},"schema":{"@context":"https:\/\/schema.org","@graph":[{"@type":"WebPage","@id":"https:\/\/www.naturparkmagazin.de\/stechlin\/auftakt-fuer-eu-life-projekt-feuchtwaelder\/","url":"https:\/\/www.naturparkmagazin.de\/stechlin\/auftakt-fuer-eu-life-projekt-feuchtwaelder\/","name":"Auftakt f\u00fcr EU-Life-Projekt Feuchtw\u00e4lder - Naturpark Stechlin-Ruppiner Land","isPartOf":{"@id":"https:\/\/www.naturparkmagazin.de\/stechlin\/#website"},"datePublished":"2015-02-18T17:24:45+00:00","dateModified":"2015-02-25T17:12:04+00:00","author":{"@id":"https:\/\/www.naturparkmagazin.de\/stechlin\/#\/schema\/person\/3f0d93203df21c806dd63c76d9bb28bc"},"breadcrumb":{"@id":"https:\/\/www.naturparkmagazin.de\/stechlin\/auftakt-fuer-eu-life-projekt-feuchtwaelder\/#breadcrumb"},"inLanguage":"de","potentialAction":[{"@type":"ReadAction","target":["https:\/\/www.naturparkmagazin.de\/stechlin\/auftakt-fuer-eu-life-projekt-feuchtwaelder\/"]}]},{"@type":"BreadcrumbList","@id":"https:\/\/www.naturparkmagazin.de\/stechlin\/auftakt-fuer-eu-life-projekt-feuchtwaelder\/#breadcrumb","itemListElement":[{"@type":"ListItem","position":1,"name":"Home","item":"https:\/\/www.naturparkmagazin.de\/stechlin\/"},{"@type":"ListItem","position":2,"name":"Auftakt f\u00fcr EU-Life-Projekt Feuchtw\u00e4lder"}]},{"@type":"WebSite","@id":"https:\/\/www.naturparkmagazin.de\/stechlin\/#website","url":"https:\/\/www.naturparkmagazin.de\/stechlin\/","name":"Naturpark Stechlin-Ruppiner Land","description":"","potentialAction":[{"@type":"SearchAction","target":{"@type":"EntryPoint","urlTemplate":"https:\/\/www.naturparkmagazin.de\/stechlin\/?s={search_term_string}"},"query-input":"required name=search_term_string"}],"inLanguage":"de"},{"@type":"Person","@id":"https:\/\/www.naturparkmagazin.de\/stechlin\/#\/schema\/person\/3f0d93203df21c806dd63c76d9bb28bc","name":"marioschrumpf","url":"https:\/\/www.naturparkmagazin.de\/stechlin\/author\/marioschrumpf\/"}]}},"_links":{"self":[{"href":"https:\/\/www.naturparkmagazin.de\/stechlin\/wp-json\/wp\/v2\/posts\/1866"}],"collection":[{"href":"https:\/\/www.naturparkmagazin.de\/stechlin\/wp-json\/wp\/v2\/posts"}],"about":[{"href":"https:\/\/www.naturparkmagazin.de\/stechlin\/wp-json\/wp\/v2\/types\/post"}],"author":[{"embeddable":true,"href":"https:\/\/www.naturparkmagazin.de\/stechlin\/wp-json\/wp\/v2\/users\/39"}],"replies":[{"embeddable":true,"href":"https:\/\/www.naturparkmagazin.de\/stechlin\/wp-json\/wp\/v2\/comments?post=1866"}],"version-history":[{"count":4,"href":"https:\/\/www.naturparkmagazin.de\/stechlin\/wp-json\/wp\/v2\/posts\/1866\/revisions"}],"predecessor-version":[{"id":1870,"href":"https:\/\/www.naturparkmagazin.de\/stechlin\/wp-json\/wp\/v2\/posts\/1866\/revisions\/1870"}],"wp:featuredmedia":[{"embeddable":true,"href":"https:\/\/www.naturparkmagazin.de\/stechlin\/wp-json\/wp\/v2\/media\/408"}],"wp:attachment":[{"href":"https:\/\/www.naturparkmagazin.de\/stechlin\/wp-json\/wp\/v2\/media?parent=1866"}],"wp:term":[{"taxonomy":"category","embeddable":true,"href":"https:\/\/www.naturparkmagazin.de\/stechlin\/wp-json\/wp\/v2\/categories?post=1866"},{"taxonomy":"post_tag","embeddable":true,"href":"https:\/\/www.naturparkmagazin.de\/stechlin\/wp-json\/wp\/v2\/tags?post=1866"}],"curies":[{"name":"wp","href":"https:\/\/api.w.org\/{rel}","templated":true}]}}