{"id":1877,"date":"2015-02-18T15:03:33","date_gmt":"2015-02-18T14:03:33","guid":{"rendered":"http:\/\/www.naturparkmagazin.de\/stechlin\/?p=1877"},"modified":"2015-02-25T13:16:36","modified_gmt":"2015-02-25T12:16:36","slug":"kleiner-naturschutztag-fand-grosses-interesse","status":"publish","type":"post","link":"https:\/\/www.naturparkmagazin.de\/stechlin\/kleiner-naturschutztag-fand-grosses-interesse\/","title":{"rendered":"Kleiner Naturschutztag fand gro\u00dfes Interesse"},"content":{"rendered":"<div id=\"attachment_834\" style=\"width: 382px\" class=\"wp-caption alignleft\"><a href=\"https:\/\/www.naturparkmagazin.de\/stechlin\/wp-content\/uploads\/sites\/38\/Bild-067.jpg\"><img aria-describedby=\"caption-attachment-834\" decoding=\"async\" loading=\"lazy\" class=\" wp-image-834  \" alt=\"Erdkr\u00f6tenpaar auf dem Weg zum Laichgew\u00e4sser.\" src=\"https:\/\/www.naturparkmagazin.de\/stechlin\/wp-content\/uploads\/sites\/38\/Bild-067-620x349.jpg\" width=\"372\" height=\"209\" srcset=\"https:\/\/www.naturparkmagazin.de\/stechlin\/wp-content\/uploads\/sites\/38\/Bild-067-620x349.jpg 620w, https:\/\/www.naturparkmagazin.de\/stechlin\/wp-content\/uploads\/sites\/38\/Bild-067-300x169.jpg 300w, https:\/\/www.naturparkmagazin.de\/stechlin\/wp-content\/uploads\/sites\/38\/Bild-067-940x530.jpg 940w, https:\/\/www.naturparkmagazin.de\/stechlin\/wp-content\/uploads\/sites\/38\/Bild-067-670x378.jpg 670w, https:\/\/www.naturparkmagazin.de\/stechlin\/wp-content\/uploads\/sites\/38\/Bild-067-200x113.jpg 200w, https:\/\/www.naturparkmagazin.de\/stechlin\/wp-content\/uploads\/sites\/38\/Bild-067.jpg 1024w\" sizes=\"(max-width: 372px) 100vw, 372px\" \/><\/a><p id=\"caption-attachment-834\" class=\"wp-caption-text\">Erdkr\u00f6tenpaar auf dem Weg zum Laichgew\u00e4sser.<\/p><\/div>\n<p>Mehr als 120 Besucher haben den <strong>9. Kleinen Naturschutztag<\/strong> &#8211; die traditionelle Jahrestagung des Naturparks<strong> am 19. Februar<\/strong> besucht. Bis auf den letzten Stuhl waren alle Pl\u00e4tze in der Regionalwerkstatt Stechlin in Menz ausgebucht. Neuer Besucherrekord!<\/p>\n<p>Bei der Jahrestagung des Naturparks wurden Untersuchungen, Planungen und Projekte vorgestellt, die im zur\u00fcckliegenden Jahr durch die Naturparkverwaltung oder ihre Kooperationspartner beauftragt oder mit Partnern umgesetzt wurden, aber auch Planungen f\u00fcr die n\u00e4chsten Jahre vorgestellt.<\/p>\n<p>Felix Glaser von der B\u00fcrogemeinschaft Luftbild Brandenburg gab einen \u00dcberblick \u00fcber den Abschluss der Pflege- und Entwicklungsplanung (PEP) mit integrierter NATURA-2000 Managementplanung im Naturpark. Der PEP ist der Naturschutzfachplan des Naturparks f\u00fcr die n\u00e4chsten 10 Jahre. Am 19. M\u00e4rz wird der Plan im Rahmen eines Offenen Abschluss-Kolloquiums in Menz ausf\u00fchrlich vorgestellt und diskutiert.<\/p>\n<p>Zahlreiche im PEP vorgeschlagene Ma\u00dfnahmen werden im Rahmen des landesweiten EU-Life-Projektes Feuchtw\u00e4lder vom NaturSchutzFonds Brandenburg in den n\u00e4chsten Jahren umgesetzt. Das Stechlinseegebiet, der Rheinsberger Rhin und das Kunstertal geh\u00f6ren zum Projektgebiet. Michael Zauft, seines Zeichens Projektleiter l\u00e4dt alle Interessierter zur Auftakt-Veranstaltung am 5. M\u00e4rz nach Menz ein.<\/p>\n<p>Die Intensivierung der Landnutzung hat oft Auswirkungen auf das Arteninventar und die Erholungseignung unserer Kulturlandschaft. Tilmann Disselhoff vom NABU-Regionalverband Gransee und Martin Sauer vom B\u00fcrgerb\u00fcndnis lebenswerte D\u00f6rfer Rauschendorf berichteten \u00fcber die Umweltauswirkung des gro\u00dffl\u00e4chigen Spargelanbaus und Gr\u00fcnlandumbruchs am Rande des Naturparks auf der Granseer Platte.<\/p>\n<p>Das Sturmtief Otto hat im Juli 2011 nicht nur im Wald und an zahlreichen H\u00e4usern seine Spuren hinterlassen. \u00dcber die Auswirkungen des Naturereignisses auf den Stechlinsee und seine Wasserqualit\u00e4t referierte Dr. Peter Kasprzak vom Leibniz-Institut f\u00fcr Gew\u00e4sser\u00f6kologie und Binnenfischerei in Neuglobsow. Die unmittelbar am Stechlin ans\u00e4ssigen Wissenschaftler haben nicht nur die Ereignisse hautnah beobachtet, sondern auch m\u00f6gliche Konsequenzen f\u00fcr Brandenburgs ber\u00fchmtesten Klarwassersee im Seelabor nachgestellt.<\/p>\n<p>Die Wilddichte im Wald hat unmittelbare Auswirkungen auf die Naturverj\u00fcngung. Ein sich nat\u00fcrlich entwickelnder Wald aus Samen hilft nicht nur Geld zu sparen f\u00fcr aufwendiges Pflanzen, er ist auch \u00f6kologisch wesentlich stabiler. Welche jagdlichen Anstrengungen der Landesbetrieb Forst im n\u00f6rdlichen Naturpark in den letzten Jahren unternommen hat und welche Erfolge sich dabei schon eingestellt haben, dar\u00fcber berichtete der Leiter der Landeswald-Oberf\u00f6rsterei Steinf\u00f6rde, Sven Oldorff.<\/p>\n<p>Die waldfreien Moorfl\u00e4chen im FFH-Gebiet Gramzowseen wurden in den letzten Jahren im Rahmen des EU-Life-Projektes Kalkmoore wiedervern\u00e4sst.\u00a0 Dr. Ines R\u00f6nnefahrt aus dem angrenzenden Burow ist Spezialistin f\u00fcr Schnecken.\u00a0 Sie wurde 2014 von der Naturparkverwaltung beauftragt zu pr\u00fcfen, wie sich die Wiedervern\u00e4ssung auf europaweit gesch\u00fctzte Schneckenarten auswirkt. Die Bilanz ist positiv. Die europaweit vom Aussterben bedrohten, kaum stecknadelgro\u00dfen Windelschnecken f\u00fchlen sich in den wiedervern\u00e4ssten, waldfreien Kalkmooren sichtbar wohl.<\/p>\n<div id=\"attachment_1900\" style=\"width: 253px\" class=\"wp-caption alignright\"><a href=\"https:\/\/www.naturparkmagazin.de\/stechlin\/wp-content\/uploads\/sites\/38\/kl-naturschutztag_beitragsbild.jpg\"><img aria-describedby=\"caption-attachment-1900\" decoding=\"async\" loading=\"lazy\" class=\" wp-image-1900     \" alt=\"Naturw\u00e4chter Thomas Hahn und Dorina Hahn (UNB OPR) demonstrierten, wie bei Erdkr\u00f6ten das M\u00e4nnchen vom Weibchen zum Gew\u00e4sser getragen wird.\" src=\"https:\/\/www.naturparkmagazin.de\/stechlin\/wp-content\/uploads\/sites\/38\/kl-naturschutztag_beitragsbild-300x448.jpg\" width=\"243\" height=\"364\" srcset=\"https:\/\/www.naturparkmagazin.de\/stechlin\/wp-content\/uploads\/sites\/38\/kl-naturschutztag_beitragsbild-300x448.jpg 300w, https:\/\/www.naturparkmagazin.de\/stechlin\/wp-content\/uploads\/sites\/38\/kl-naturschutztag_beitragsbild-620x926.jpg 620w, https:\/\/www.naturparkmagazin.de\/stechlin\/wp-content\/uploads\/sites\/38\/kl-naturschutztag_beitragsbild-670x1001.jpg 670w, https:\/\/www.naturparkmagazin.de\/stechlin\/wp-content\/uploads\/sites\/38\/kl-naturschutztag_beitragsbild-200x299.jpg 200w, https:\/\/www.naturparkmagazin.de\/stechlin\/wp-content\/uploads\/sites\/38\/kl-naturschutztag_beitragsbild.jpg 778w\" sizes=\"(max-width: 243px) 100vw, 243px\" \/><\/a><p id=\"caption-attachment-1900\" class=\"wp-caption-text\">Naturw\u00e4chter Thomas Hahn und Dorina Hahn (UNB OPR) demonstrierten, wie bei Erdkr\u00f6ten das M\u00e4nnchen vom Weibchen zum Gew\u00e4sser getragen wird.<\/p><\/div>\n<p>Die Naturwacht hat in den letzten Jahren gezielt Stra\u00dfenabschnitte im Naturpark kartiert, an denen Amphibien bei ihrer Wanderung vom Landlebensraum zum Laichgew\u00e4sser und zur\u00fcck durch den Autoverkehr besonders gef\u00e4hrdet sind. 2014 wurde u.a. ein Bereich am Ortsrand von Z\u00fchlen am Schulzensee mit Hilfe eines tempor\u00e4ren Amphibienzaunes intensiver untersucht. Die Naturwacht wurde dabei von der Unteren Naturschutzbeh\u00f6rde Ostprignitz-Ruppin und Mitarbeitern vom 2. Arbeitsmarkt der L\u00e4ndlichen Erwachsenbildung Neuruppin unterst\u00fctzt. Mehr als 4000 Tiere konnten im Zeitraum von M\u00e4rz bis April entlang des 300 m langen Abschnittes nachgewiesen werden.<\/p>\n<p>Reinhard Brehe aus Dollgow und Steffen Schindel aus Lindow unterst\u00fctzen die Naturparkverwaltung bei der Pflege wertvoller Trockenrasen und Feuchtwiesen. Seit 2012 sind beide Partner im Vertragsnaturschutz. Mit Burenziegen, Th\u00fcringer Waldziegen, Eseln und Rauhwolligen Pommerschen Landschafen beweiden sie u.a. den Menzer Wallberg im NSG Stechlin, den Zechower Berg und die aufgelassene Kiesgrube Unterm\u00fchle im NSG Rheinsberger Rhin und Hellberge sowie die Insel Werder im Gudelacksee. Der im Landesschaftzuchtverband engagierte Brehe vermarktet im Naturpark neben Ziegenfleisch auch Ziegenwurst. W\u00e4hrend der zertifizierte Natur- und Landschaftf\u00fchrer Steffen Schindel mit seiner Fa. animal-trekking (Wandern mit Tieren) auch ein au\u00dfergew\u00f6hnliches touristisches Angebot offeriert.<\/p>\n<p>Mit dem Aufbau einer automatischen Bootsz\u00e4hlanlage am Rheinsberger Rhin wurde 2013 eine Forderung aus dem Managementplan f\u00fcr das gleichnamige FFH-Gebiet im Naturpark umgesetzt. Mit der Z\u00e4hlung soll gepr\u00fcft werden, ob der Kanutourismus auf dem naturnahen Flie\u00dfgew\u00e4sser im Widerspruch zu den Schutzzielen der NSG-Verordnung steht. Naturparkleiter, Dr. Mario Schrumpf betonte, dass moderner Naturschutz nicht Nutzungen grunds\u00e4tzlich ausschlie\u00dft, sondern Rahmenbedingungen definiert, die nachhaltige Nutzungen erm\u00f6glichen. Die Auswertung der letzten beiden Jahre zeigt, dass sowohl die Sperrfristen vom 1. November bis zum 15. Juni als auch die tageszeitliche Einschr\u00e4nkung auf das Zeitfenster zw. 10 und 19 Uhr und die vorgeschriebene Nutzung von max. 2er Kajaks eingehalten wurden. In Absprache mit der UNB soll zuk\u00fcnftig im Rahmen eines Monitorings die Bestandesentwicklung wertgebende Arten wie Fischadler, Eisvogel oder Kleine Flussmuschel untersucht werden.<\/p>\n","protected":false},"excerpt":{"rendered":"<p>Mehr als 120 Besucher haben den 9. Kleinen Naturschutztag &#8211; die traditionelle Jahrestagung des Naturparks am 19. Februar besucht. Bis auf den letzten Stuhl waren alle Pl\u00e4tze in der Regionalwerkstatt Stechlin in Menz ausgebucht. Neuer Besucherrekord!<\/p>\n","protected":false},"author":39,"featured_media":1899,"comment_status":"open","ping_status":"open","sticky":false,"template":"","format":"standard","meta":[],"categories":[7],"tags":[],"yoast_head":"<!-- This site is optimized with the Yoast SEO plugin v19.10 - https:\/\/yoast.com\/wordpress\/plugins\/seo\/ -->\n<title>Kleiner Naturschutztag fand gro\u00dfes Interesse - Naturpark Stechlin-Ruppiner Land<\/title>\n<meta name=\"robots\" content=\"index, follow, max-snippet:-1, max-image-preview:large, max-video-preview:-1\" \/>\n<link rel=\"canonical\" href=\"https:\/\/www.naturparkmagazin.de\/stechlin\/kleiner-naturschutztag-fand-grosses-interesse\/\" \/>\n<meta property=\"og:locale\" content=\"de_DE\" \/>\n<meta property=\"og:type\" content=\"article\" \/>\n<meta property=\"og:title\" content=\"Kleiner Naturschutztag fand gro\u00dfes Interesse - Naturpark Stechlin-Ruppiner Land\" \/>\n<meta property=\"og:description\" content=\"Mehr als 120 Besucher haben den 9. Kleinen Naturschutztag - die traditionelle Jahrestagung des Naturparks am 19. Februar besucht. Bis auf den letzten Stuhl waren alle Pl\u00e4tze in der Regionalwerkstatt Stechlin in Menz ausgebucht. Neuer Besucherrekord!\" \/>\n<meta property=\"og:url\" content=\"https:\/\/www.naturparkmagazin.de\/stechlin\/kleiner-naturschutztag-fand-grosses-interesse\/\" \/>\n<meta property=\"og:site_name\" content=\"Naturpark Stechlin-Ruppiner Land\" \/>\n<meta property=\"article:published_time\" content=\"2015-02-18T14:03:33+00:00\" \/>\n<meta property=\"article:modified_time\" content=\"2015-02-25T12:16:36+00:00\" \/>\n<meta property=\"og:image\" content=\"https:\/\/www.naturparkmagazin.de\/stechlin\/wp-content\/uploads\/sites\/38\/kl-naturschutztag_saal.jpg\" \/>\n\t<meta property=\"og:image:width\" content=\"1162\" \/>\n\t<meta property=\"og:image:height\" content=\"778\" \/>\n\t<meta property=\"og:image:type\" content=\"image\/jpeg\" \/>\n<meta name=\"author\" content=\"marioschrumpf\" \/>\n<meta name=\"twitter:label1\" content=\"Verfasst von\" \/>\n\t<meta name=\"twitter:data1\" content=\"marioschrumpf\" \/>\n\t<meta name=\"twitter:label2\" content=\"Gesch\u00e4tzte Lesezeit\" \/>\n\t<meta name=\"twitter:data2\" content=\"4\u00a0Minuten\" \/>\n<script type=\"application\/ld+json\" class=\"yoast-schema-graph\">{\"@context\":\"https:\/\/schema.org\",\"@graph\":[{\"@type\":\"WebPage\",\"@id\":\"https:\/\/www.naturparkmagazin.de\/stechlin\/kleiner-naturschutztag-fand-grosses-interesse\/\",\"url\":\"https:\/\/www.naturparkmagazin.de\/stechlin\/kleiner-naturschutztag-fand-grosses-interesse\/\",\"name\":\"Kleiner Naturschutztag fand gro\u00dfes Interesse - Naturpark Stechlin-Ruppiner Land\",\"isPartOf\":{\"@id\":\"https:\/\/www.naturparkmagazin.de\/stechlin\/#website\"},\"datePublished\":\"2015-02-18T14:03:33+00:00\",\"dateModified\":\"2015-02-25T12:16:36+00:00\",\"author\":{\"@id\":\"https:\/\/www.naturparkmagazin.de\/stechlin\/#\/schema\/person\/3f0d93203df21c806dd63c76d9bb28bc\"},\"breadcrumb\":{\"@id\":\"https:\/\/www.naturparkmagazin.de\/stechlin\/kleiner-naturschutztag-fand-grosses-interesse\/#breadcrumb\"},\"inLanguage\":\"de\",\"potentialAction\":[{\"@type\":\"ReadAction\",\"target\":[\"https:\/\/www.naturparkmagazin.de\/stechlin\/kleiner-naturschutztag-fand-grosses-interesse\/\"]}]},{\"@type\":\"BreadcrumbList\",\"@id\":\"https:\/\/www.naturparkmagazin.de\/stechlin\/kleiner-naturschutztag-fand-grosses-interesse\/#breadcrumb\",\"itemListElement\":[{\"@type\":\"ListItem\",\"position\":1,\"name\":\"Home\",\"item\":\"https:\/\/www.naturparkmagazin.de\/stechlin\/\"},{\"@type\":\"ListItem\",\"position\":2,\"name\":\"Kleiner Naturschutztag fand gro\u00dfes Interesse\"}]},{\"@type\":\"WebSite\",\"@id\":\"https:\/\/www.naturparkmagazin.de\/stechlin\/#website\",\"url\":\"https:\/\/www.naturparkmagazin.de\/stechlin\/\",\"name\":\"Naturpark Stechlin-Ruppiner Land\",\"description\":\"\",\"potentialAction\":[{\"@type\":\"SearchAction\",\"target\":{\"@type\":\"EntryPoint\",\"urlTemplate\":\"https:\/\/www.naturparkmagazin.de\/stechlin\/?s={search_term_string}\"},\"query-input\":\"required name=search_term_string\"}],\"inLanguage\":\"de\"},{\"@type\":\"Person\",\"@id\":\"https:\/\/www.naturparkmagazin.de\/stechlin\/#\/schema\/person\/3f0d93203df21c806dd63c76d9bb28bc\",\"name\":\"marioschrumpf\",\"url\":\"https:\/\/www.naturparkmagazin.de\/stechlin\/author\/marioschrumpf\/\"}]}<\/script>\n<!-- \/ Yoast SEO plugin. -->","yoast_head_json":{"title":"Kleiner Naturschutztag fand gro\u00dfes Interesse - Naturpark Stechlin-Ruppiner Land","robots":{"index":"index","follow":"follow","max-snippet":"max-snippet:-1","max-image-preview":"max-image-preview:large","max-video-preview":"max-video-preview:-1"},"canonical":"https:\/\/www.naturparkmagazin.de\/stechlin\/kleiner-naturschutztag-fand-grosses-interesse\/","og_locale":"de_DE","og_type":"article","og_title":"Kleiner Naturschutztag fand gro\u00dfes Interesse - Naturpark Stechlin-Ruppiner Land","og_description":"Mehr als 120 Besucher haben den 9. Kleinen Naturschutztag - die traditionelle Jahrestagung des Naturparks am 19. Februar besucht. Bis auf den letzten Stuhl waren alle Pl\u00e4tze in der Regionalwerkstatt Stechlin in Menz ausgebucht. Neuer Besucherrekord!","og_url":"https:\/\/www.naturparkmagazin.de\/stechlin\/kleiner-naturschutztag-fand-grosses-interesse\/","og_site_name":"Naturpark Stechlin-Ruppiner Land","article_published_time":"2015-02-18T14:03:33+00:00","article_modified_time":"2015-02-25T12:16:36+00:00","og_image":[{"width":1162,"height":778,"url":"https:\/\/www.naturparkmagazin.de\/stechlin\/wp-content\/uploads\/sites\/38\/kl-naturschutztag_saal.jpg","type":"image\/jpeg"}],"author":"marioschrumpf","twitter_misc":{"Verfasst von":"marioschrumpf","Gesch\u00e4tzte Lesezeit":"4\u00a0Minuten"},"schema":{"@context":"https:\/\/schema.org","@graph":[{"@type":"WebPage","@id":"https:\/\/www.naturparkmagazin.de\/stechlin\/kleiner-naturschutztag-fand-grosses-interesse\/","url":"https:\/\/www.naturparkmagazin.de\/stechlin\/kleiner-naturschutztag-fand-grosses-interesse\/","name":"Kleiner Naturschutztag fand gro\u00dfes Interesse - Naturpark Stechlin-Ruppiner Land","isPartOf":{"@id":"https:\/\/www.naturparkmagazin.de\/stechlin\/#website"},"datePublished":"2015-02-18T14:03:33+00:00","dateModified":"2015-02-25T12:16:36+00:00","author":{"@id":"https:\/\/www.naturparkmagazin.de\/stechlin\/#\/schema\/person\/3f0d93203df21c806dd63c76d9bb28bc"},"breadcrumb":{"@id":"https:\/\/www.naturparkmagazin.de\/stechlin\/kleiner-naturschutztag-fand-grosses-interesse\/#breadcrumb"},"inLanguage":"de","potentialAction":[{"@type":"ReadAction","target":["https:\/\/www.naturparkmagazin.de\/stechlin\/kleiner-naturschutztag-fand-grosses-interesse\/"]}]},{"@type":"BreadcrumbList","@id":"https:\/\/www.naturparkmagazin.de\/stechlin\/kleiner-naturschutztag-fand-grosses-interesse\/#breadcrumb","itemListElement":[{"@type":"ListItem","position":1,"name":"Home","item":"https:\/\/www.naturparkmagazin.de\/stechlin\/"},{"@type":"ListItem","position":2,"name":"Kleiner Naturschutztag fand gro\u00dfes Interesse"}]},{"@type":"WebSite","@id":"https:\/\/www.naturparkmagazin.de\/stechlin\/#website","url":"https:\/\/www.naturparkmagazin.de\/stechlin\/","name":"Naturpark Stechlin-Ruppiner Land","description":"","potentialAction":[{"@type":"SearchAction","target":{"@type":"EntryPoint","urlTemplate":"https:\/\/www.naturparkmagazin.de\/stechlin\/?s={search_term_string}"},"query-input":"required name=search_term_string"}],"inLanguage":"de"},{"@type":"Person","@id":"https:\/\/www.naturparkmagazin.de\/stechlin\/#\/schema\/person\/3f0d93203df21c806dd63c76d9bb28bc","name":"marioschrumpf","url":"https:\/\/www.naturparkmagazin.de\/stechlin\/author\/marioschrumpf\/"}]}},"_links":{"self":[{"href":"https:\/\/www.naturparkmagazin.de\/stechlin\/wp-json\/wp\/v2\/posts\/1877"}],"collection":[{"href":"https:\/\/www.naturparkmagazin.de\/stechlin\/wp-json\/wp\/v2\/posts"}],"about":[{"href":"https:\/\/www.naturparkmagazin.de\/stechlin\/wp-json\/wp\/v2\/types\/post"}],"author":[{"embeddable":true,"href":"https:\/\/www.naturparkmagazin.de\/stechlin\/wp-json\/wp\/v2\/users\/39"}],"replies":[{"embeddable":true,"href":"https:\/\/www.naturparkmagazin.de\/stechlin\/wp-json\/wp\/v2\/comments?post=1877"}],"version-history":[{"count":11,"href":"https:\/\/www.naturparkmagazin.de\/stechlin\/wp-json\/wp\/v2\/posts\/1877\/revisions"}],"predecessor-version":[{"id":1927,"href":"https:\/\/www.naturparkmagazin.de\/stechlin\/wp-json\/wp\/v2\/posts\/1877\/revisions\/1927"}],"wp:featuredmedia":[{"embeddable":true,"href":"https:\/\/www.naturparkmagazin.de\/stechlin\/wp-json\/wp\/v2\/media\/1899"}],"wp:attachment":[{"href":"https:\/\/www.naturparkmagazin.de\/stechlin\/wp-json\/wp\/v2\/media?parent=1877"}],"wp:term":[{"taxonomy":"category","embeddable":true,"href":"https:\/\/www.naturparkmagazin.de\/stechlin\/wp-json\/wp\/v2\/categories?post=1877"},{"taxonomy":"post_tag","embeddable":true,"href":"https:\/\/www.naturparkmagazin.de\/stechlin\/wp-json\/wp\/v2\/tags?post=1877"}],"curies":[{"name":"wp","href":"https:\/\/api.w.org\/{rel}","templated":true}]}}