{"id":1885,"date":"2015-02-18T14:41:05","date_gmt":"2015-02-18T13:41:05","guid":{"rendered":"http:\/\/www.naturparkmagazin.de\/stechlin\/?p=1885"},"modified":"2015-02-25T13:16:56","modified_gmt":"2015-02-25T12:16:56","slug":"uhr-auf-natur","status":"publish","type":"post","link":"https:\/\/www.naturparkmagazin.de\/stechlin\/uhr-auf-natur\/","title":{"rendered":"Uhr auf Natur"},"content":{"rendered":"<div id=\"attachment_99\" style=\"width: 630px\" class=\"wp-caption alignleft\"><a href=\"https:\/\/www.naturparkmagazin.de\/stechlin\/wp-content\/uploads\/sites\/38\/k-DSC_0249.jpg\"><img aria-describedby=\"caption-attachment-99\" decoding=\"async\" loading=\"lazy\" class=\"size-medium wp-image-99 \" alt=\"Renaturiertes Moor im NSG Stechlin\" src=\"https:\/\/www.naturparkmagazin.de\/stechlin\/wp-content\/uploads\/sites\/38\/k-DSC_0249-620x415.jpg\" width=\"620\" height=\"415\" srcset=\"https:\/\/www.naturparkmagazin.de\/stechlin\/wp-content\/uploads\/sites\/38\/k-DSC_0249-620x415.jpg 620w, https:\/\/www.naturparkmagazin.de\/stechlin\/wp-content\/uploads\/sites\/38\/k-DSC_0249-300x201.jpg 300w, https:\/\/www.naturparkmagazin.de\/stechlin\/wp-content\/uploads\/sites\/38\/k-DSC_0249-940x629.jpg 940w, https:\/\/www.naturparkmagazin.de\/stechlin\/wp-content\/uploads\/sites\/38\/k-DSC_0249-670x449.jpg 670w, https:\/\/www.naturparkmagazin.de\/stechlin\/wp-content\/uploads\/sites\/38\/k-DSC_0249-200x134.jpg 200w, https:\/\/www.naturparkmagazin.de\/stechlin\/wp-content\/uploads\/sites\/38\/k-DSC_0249.jpg 1936w\" sizes=\"(max-width: 620px) 100vw, 620px\" \/><\/a><p id=\"caption-attachment-99\" class=\"wp-caption-text\">Renaturiertes Moor im NSG Stechlin<\/p><\/div>\n<p>Am letzten M\u00e4rzwochenende wird die Uhr eine Stunde vor, sprich von Winter- auf Sommerzeit gestellt. Traditionell findet\u00a0dann in allen Besucherzentren des Landes Brandenburg die Kampagne <strong>&#8222;Uhr auf Natur&#8220;<\/strong> statt. Das NaturParkHaus Stechlin in Menz hat f\u00fcr den <strong>29. M\u00e4rz<\/strong> Michael Zauft vom NaturSchutzFonds Brandenburg eingeladen. Der geb\u00fcrtige Neuruppiner ist Projektleiter des EU-Life-Projektes Feuchtw\u00e4lder. Um 10 Uhr startet er mit seinen G\u00e4sten am NaturParkHaus zu einer 3-st\u00fcndigen Exkursion in das Naturschutzgebiet Stechlin. Im Mittelpunkt steht diesmal der Lebensraum Moorwald incl. der zuk\u00fcnftig geplanten Ma\u00dfnahmen.<\/p>\n<div id=\"attachment_242\" style=\"width: 630px\" class=\"wp-caption alignnone\"><a href=\"https:\/\/www.naturparkmagazin.de\/stechlin\/wp-content\/uploads\/sites\/38\/k-Exkursion-D\u00e4nische-G\u00e4ste.jpg\"><img aria-describedby=\"caption-attachment-242\" decoding=\"async\" loading=\"lazy\" class=\"size-medium wp-image-242\" alt=\"Michael Zauft, Leiter des EU-Life-Projektes Feuchtw\u00e4lder informiert \u00fcber Wiedervern\u00e4ssungsma\u00dfnahmen\" src=\"https:\/\/www.naturparkmagazin.de\/stechlin\/wp-content\/uploads\/sites\/38\/k-Exkursion-D\u00e4nische-G\u00e4ste-620x415.jpg\" width=\"620\" height=\"415\" srcset=\"https:\/\/www.naturparkmagazin.de\/stechlin\/wp-content\/uploads\/sites\/38\/k-Exkursion-D\u00e4nische-G\u00e4ste-620x415.jpg 620w, https:\/\/www.naturparkmagazin.de\/stechlin\/wp-content\/uploads\/sites\/38\/k-Exkursion-D\u00e4nische-G\u00e4ste-300x201.jpg 300w, https:\/\/www.naturparkmagazin.de\/stechlin\/wp-content\/uploads\/sites\/38\/k-Exkursion-D\u00e4nische-G\u00e4ste-940x629.jpg 940w, https:\/\/www.naturparkmagazin.de\/stechlin\/wp-content\/uploads\/sites\/38\/k-Exkursion-D\u00e4nische-G\u00e4ste-670x449.jpg 670w, https:\/\/www.naturparkmagazin.de\/stechlin\/wp-content\/uploads\/sites\/38\/k-Exkursion-D\u00e4nische-G\u00e4ste-200x134.jpg 200w, https:\/\/www.naturparkmagazin.de\/stechlin\/wp-content\/uploads\/sites\/38\/k-Exkursion-D\u00e4nische-G\u00e4ste.jpg 1936w\" sizes=\"(max-width: 620px) 100vw, 620px\" \/><\/a><p id=\"caption-attachment-242\" class=\"wp-caption-text\">Michael Zauft, Leiter des EU-Life-Projektes Feuchtw\u00e4lder informiert \u00fcber Wiedervern\u00e4ssungsma\u00dfnahmen<\/p><\/div>\n","protected":false},"excerpt":{"rendered":"<p>Am letzten M\u00e4rzwochenende wird die Uhr eine Stunde vor, sprich von Winter- auf Sommerzeit gestellt. Traditionell findet dann in allen Besucherzentren des Landes Brandenburg die Kampagne &#8222;Uhr auf Natur&#8220; statt. Das NaturParkHaus Stechlin in Menz hat f\u00fcr den 29. M\u00e4rz Michael Zauft vom NaturSchutzFonds Brandenburg eingeladen.<\/p>\n","protected":false},"author":39,"featured_media":242,"comment_status":"open","ping_status":"open","sticky":false,"template":"","format":"standard","meta":[],"categories":[11],"tags":[],"yoast_head":"<!-- This site is optimized with the Yoast SEO plugin v19.10 - https:\/\/yoast.com\/wordpress\/plugins\/seo\/ -->\n<title>Uhr auf Natur - Naturpark Stechlin-Ruppiner Land<\/title>\n<meta name=\"robots\" content=\"index, follow, max-snippet:-1, max-image-preview:large, max-video-preview:-1\" \/>\n<link rel=\"canonical\" href=\"https:\/\/www.naturparkmagazin.de\/stechlin\/uhr-auf-natur\/\" \/>\n<meta property=\"og:locale\" content=\"de_DE\" \/>\n<meta property=\"og:type\" content=\"article\" \/>\n<meta property=\"og:title\" content=\"Uhr auf Natur - Naturpark Stechlin-Ruppiner Land\" \/>\n<meta property=\"og:description\" content=\"Am letzten M\u00e4rzwochenende wird die Uhr eine Stunde vor, sprich von Winter- auf Sommerzeit gestellt. Traditionell findet dann in allen Besucherzentren des Landes Brandenburg die Kampagne &quot;Uhr auf Natur&quot; statt. Das NaturParkHaus Stechlin in Menz hat f\u00fcr den 29. M\u00e4rz Michael Zauft vom NaturSchutzFonds Brandenburg eingeladen.\" \/>\n<meta property=\"og:url\" content=\"https:\/\/www.naturparkmagazin.de\/stechlin\/uhr-auf-natur\/\" \/>\n<meta property=\"og:site_name\" content=\"Naturpark Stechlin-Ruppiner Land\" \/>\n<meta property=\"article:published_time\" content=\"2015-02-18T13:41:05+00:00\" \/>\n<meta property=\"article:modified_time\" content=\"2015-02-25T12:16:56+00:00\" \/>\n<meta property=\"og:image\" content=\"https:\/\/www.naturparkmagazin.de\/stechlin\/wp-content\/uploads\/sites\/38\/k-Exkursion-D\u00e4nische-G\u00e4ste.jpg\" \/>\n\t<meta property=\"og:image:width\" content=\"1936\" \/>\n\t<meta property=\"og:image:height\" content=\"1296\" \/>\n\t<meta property=\"og:image:type\" content=\"image\/jpeg\" \/>\n<meta name=\"author\" content=\"marioschrumpf\" \/>\n<meta name=\"twitter:label1\" content=\"Verfasst von\" \/>\n\t<meta name=\"twitter:data1\" content=\"marioschrumpf\" \/>\n\t<meta name=\"twitter:label2\" content=\"Gesch\u00e4tzte Lesezeit\" \/>\n\t<meta name=\"twitter:data2\" content=\"1\u00a0Minute\" \/>\n<script type=\"application\/ld+json\" class=\"yoast-schema-graph\">{\"@context\":\"https:\/\/schema.org\",\"@graph\":[{\"@type\":\"WebPage\",\"@id\":\"https:\/\/www.naturparkmagazin.de\/stechlin\/uhr-auf-natur\/\",\"url\":\"https:\/\/www.naturparkmagazin.de\/stechlin\/uhr-auf-natur\/\",\"name\":\"Uhr auf Natur - Naturpark Stechlin-Ruppiner Land\",\"isPartOf\":{\"@id\":\"https:\/\/www.naturparkmagazin.de\/stechlin\/#website\"},\"datePublished\":\"2015-02-18T13:41:05+00:00\",\"dateModified\":\"2015-02-25T12:16:56+00:00\",\"author\":{\"@id\":\"https:\/\/www.naturparkmagazin.de\/stechlin\/#\/schema\/person\/3f0d93203df21c806dd63c76d9bb28bc\"},\"breadcrumb\":{\"@id\":\"https:\/\/www.naturparkmagazin.de\/stechlin\/uhr-auf-natur\/#breadcrumb\"},\"inLanguage\":\"de\",\"potentialAction\":[{\"@type\":\"ReadAction\",\"target\":[\"https:\/\/www.naturparkmagazin.de\/stechlin\/uhr-auf-natur\/\"]}]},{\"@type\":\"BreadcrumbList\",\"@id\":\"https:\/\/www.naturparkmagazin.de\/stechlin\/uhr-auf-natur\/#breadcrumb\",\"itemListElement\":[{\"@type\":\"ListItem\",\"position\":1,\"name\":\"Home\",\"item\":\"https:\/\/www.naturparkmagazin.de\/stechlin\/\"},{\"@type\":\"ListItem\",\"position\":2,\"name\":\"Uhr auf Natur\"}]},{\"@type\":\"WebSite\",\"@id\":\"https:\/\/www.naturparkmagazin.de\/stechlin\/#website\",\"url\":\"https:\/\/www.naturparkmagazin.de\/stechlin\/\",\"name\":\"Naturpark Stechlin-Ruppiner Land\",\"description\":\"\",\"potentialAction\":[{\"@type\":\"SearchAction\",\"target\":{\"@type\":\"EntryPoint\",\"urlTemplate\":\"https:\/\/www.naturparkmagazin.de\/stechlin\/?s={search_term_string}\"},\"query-input\":\"required name=search_term_string\"}],\"inLanguage\":\"de\"},{\"@type\":\"Person\",\"@id\":\"https:\/\/www.naturparkmagazin.de\/stechlin\/#\/schema\/person\/3f0d93203df21c806dd63c76d9bb28bc\",\"name\":\"marioschrumpf\",\"url\":\"https:\/\/www.naturparkmagazin.de\/stechlin\/author\/marioschrumpf\/\"}]}<\/script>\n<!-- \/ Yoast SEO plugin. -->","yoast_head_json":{"title":"Uhr auf Natur - Naturpark Stechlin-Ruppiner Land","robots":{"index":"index","follow":"follow","max-snippet":"max-snippet:-1","max-image-preview":"max-image-preview:large","max-video-preview":"max-video-preview:-1"},"canonical":"https:\/\/www.naturparkmagazin.de\/stechlin\/uhr-auf-natur\/","og_locale":"de_DE","og_type":"article","og_title":"Uhr auf Natur - Naturpark Stechlin-Ruppiner Land","og_description":"Am letzten M\u00e4rzwochenende wird die Uhr eine Stunde vor, sprich von Winter- auf Sommerzeit gestellt. Traditionell findet dann in allen Besucherzentren des Landes Brandenburg die Kampagne \"Uhr auf Natur\" statt. Das NaturParkHaus Stechlin in Menz hat f\u00fcr den 29. M\u00e4rz Michael Zauft vom NaturSchutzFonds Brandenburg eingeladen.","og_url":"https:\/\/www.naturparkmagazin.de\/stechlin\/uhr-auf-natur\/","og_site_name":"Naturpark Stechlin-Ruppiner Land","article_published_time":"2015-02-18T13:41:05+00:00","article_modified_time":"2015-02-25T12:16:56+00:00","og_image":[{"width":1936,"height":1296,"url":"https:\/\/www.naturparkmagazin.de\/stechlin\/wp-content\/uploads\/sites\/38\/k-Exkursion-D\u00e4nische-G\u00e4ste.jpg","type":"image\/jpeg"}],"author":"marioschrumpf","twitter_misc":{"Verfasst von":"marioschrumpf","Gesch\u00e4tzte Lesezeit":"1\u00a0Minute"},"schema":{"@context":"https:\/\/schema.org","@graph":[{"@type":"WebPage","@id":"https:\/\/www.naturparkmagazin.de\/stechlin\/uhr-auf-natur\/","url":"https:\/\/www.naturparkmagazin.de\/stechlin\/uhr-auf-natur\/","name":"Uhr auf Natur - Naturpark Stechlin-Ruppiner Land","isPartOf":{"@id":"https:\/\/www.naturparkmagazin.de\/stechlin\/#website"},"datePublished":"2015-02-18T13:41:05+00:00","dateModified":"2015-02-25T12:16:56+00:00","author":{"@id":"https:\/\/www.naturparkmagazin.de\/stechlin\/#\/schema\/person\/3f0d93203df21c806dd63c76d9bb28bc"},"breadcrumb":{"@id":"https:\/\/www.naturparkmagazin.de\/stechlin\/uhr-auf-natur\/#breadcrumb"},"inLanguage":"de","potentialAction":[{"@type":"ReadAction","target":["https:\/\/www.naturparkmagazin.de\/stechlin\/uhr-auf-natur\/"]}]},{"@type":"BreadcrumbList","@id":"https:\/\/www.naturparkmagazin.de\/stechlin\/uhr-auf-natur\/#breadcrumb","itemListElement":[{"@type":"ListItem","position":1,"name":"Home","item":"https:\/\/www.naturparkmagazin.de\/stechlin\/"},{"@type":"ListItem","position":2,"name":"Uhr auf Natur"}]},{"@type":"WebSite","@id":"https:\/\/www.naturparkmagazin.de\/stechlin\/#website","url":"https:\/\/www.naturparkmagazin.de\/stechlin\/","name":"Naturpark Stechlin-Ruppiner Land","description":"","potentialAction":[{"@type":"SearchAction","target":{"@type":"EntryPoint","urlTemplate":"https:\/\/www.naturparkmagazin.de\/stechlin\/?s={search_term_string}"},"query-input":"required name=search_term_string"}],"inLanguage":"de"},{"@type":"Person","@id":"https:\/\/www.naturparkmagazin.de\/stechlin\/#\/schema\/person\/3f0d93203df21c806dd63c76d9bb28bc","name":"marioschrumpf","url":"https:\/\/www.naturparkmagazin.de\/stechlin\/author\/marioschrumpf\/"}]}},"_links":{"self":[{"href":"https:\/\/www.naturparkmagazin.de\/stechlin\/wp-json\/wp\/v2\/posts\/1885"}],"collection":[{"href":"https:\/\/www.naturparkmagazin.de\/stechlin\/wp-json\/wp\/v2\/posts"}],"about":[{"href":"https:\/\/www.naturparkmagazin.de\/stechlin\/wp-json\/wp\/v2\/types\/post"}],"author":[{"embeddable":true,"href":"https:\/\/www.naturparkmagazin.de\/stechlin\/wp-json\/wp\/v2\/users\/39"}],"replies":[{"embeddable":true,"href":"https:\/\/www.naturparkmagazin.de\/stechlin\/wp-json\/wp\/v2\/comments?post=1885"}],"version-history":[{"count":7,"href":"https:\/\/www.naturparkmagazin.de\/stechlin\/wp-json\/wp\/v2\/posts\/1885\/revisions"}],"predecessor-version":[{"id":1926,"href":"https:\/\/www.naturparkmagazin.de\/stechlin\/wp-json\/wp\/v2\/posts\/1885\/revisions\/1926"}],"wp:featuredmedia":[{"embeddable":true,"href":"https:\/\/www.naturparkmagazin.de\/stechlin\/wp-json\/wp\/v2\/media\/242"}],"wp:attachment":[{"href":"https:\/\/www.naturparkmagazin.de\/stechlin\/wp-json\/wp\/v2\/media?parent=1885"}],"wp:term":[{"taxonomy":"category","embeddable":true,"href":"https:\/\/www.naturparkmagazin.de\/stechlin\/wp-json\/wp\/v2\/categories?post=1885"},{"taxonomy":"post_tag","embeddable":true,"href":"https:\/\/www.naturparkmagazin.de\/stechlin\/wp-json\/wp\/v2\/tags?post=1885"}],"curies":[{"name":"wp","href":"https:\/\/api.w.org\/{rel}","templated":true}]}}