{"id":1932,"date":"2015-03-18T14:17:17","date_gmt":"2015-03-18T13:17:17","guid":{"rendered":"http:\/\/www.naturparkmagazin.de\/stechlin\/?p=1932"},"modified":"2015-03-24T12:01:52","modified_gmt":"2015-03-24T11:01:52","slug":"professionelles-stimmtraining-fuer-natur-und-landschaftsfuehrer","status":"publish","type":"post","link":"https:\/\/www.naturparkmagazin.de\/stechlin\/professionelles-stimmtraining-fuer-natur-und-landschaftsfuehrer\/","title":{"rendered":"Professionelles Stimmtraining f\u00fcr Natur- und Landschaftsf\u00fchrer"},"content":{"rendered":"<p>&nbsp;<\/p>\n<div id=\"attachment_1934\" style=\"width: 310px\" class=\"wp-caption alignleft\"><a href=\"https:\/\/www.naturparkmagazin.de\/stechlin\/wp-content\/uploads\/sites\/38\/k-DSC_00023.jpg\"><img aria-describedby=\"caption-attachment-1934\" decoding=\"async\" loading=\"lazy\" class=\"size-thumbnail wp-image-1934\" alt=\"Im Kreis wurden die Ergebnisse des Stimmtrainings ausgewertet.\" src=\"https:\/\/www.naturparkmagazin.de\/stechlin\/wp-content\/uploads\/sites\/38\/k-DSC_00023-300x180.jpg\" width=\"300\" height=\"180\" srcset=\"https:\/\/www.naturparkmagazin.de\/stechlin\/wp-content\/uploads\/sites\/38\/k-DSC_00023-300x180.jpg 300w, https:\/\/www.naturparkmagazin.de\/stechlin\/wp-content\/uploads\/sites\/38\/k-DSC_00023.jpg 500w, https:\/\/www.naturparkmagazin.de\/stechlin\/wp-content\/uploads\/sites\/38\/k-DSC_00023-200x120.jpg 200w\" sizes=\"(max-width: 300px) 100vw, 300px\" \/><\/a><p id=\"caption-attachment-1934\" class=\"wp-caption-text\">Im Kreis wurden die Ergebnisse des Stimmtrainings ausgewertet.<\/p><\/div>\n<p>&nbsp;<\/p>\n<p>&nbsp;<\/p>\n<p>&nbsp;<\/p>\n<p>&nbsp;<\/p>\n<p>&nbsp;<\/p>\n<p>&nbsp;<\/p>\n<p>&nbsp;<\/p>\n<p>&nbsp;<\/p>\n<p><i>&#8222;Erst die Stimme anschalten, bevor man spricht!\u201c <\/i>und<i> \u201eNutze deinen ganzen K\u00f6rper als Resonanzraum, wie ein Cello!\u201c<\/i> so k\u00f6nnte man die zentralen Botschaften des Stimmtrainings beschreiben. Wie ein K\u00f6rper optimal zum Klangraum wird, dass zeigte die Sprech- und Stimmbildnerin Margarete Seyd aus Berlin den 12 Natur- und Landschaftsf\u00fchrerinnen im Rahmen einer Weiterbildung in Menz. Neben den theoretischen und anatomischen Einblicken wurde sich viel Zeit f\u00fcr die Erforschung der eigenen Stimme genommen. Wie K\u00f6rperstellungen die Stimme beeinflussen, wie wichtig das richtige Atmen ist, merkten die Teilnehmer schnell an den verschiedenen Gedichten, die sie vortrugen. Nur eine kleine Kopfbewegung\u00a0 und der Klang der Stimme eines Menschen ver\u00e4ndert sich. Verschiedenen Tricks helfen, ruhiger und effektvoller zu sprechen. Neben der ernsten Arbeit gab es viel Zeit zum Loslassen und Lachen. Zum Beispiel das Einsingen mit den Tierstimmen eines Bauernhofes, das gekoppelt mit einer Turn\u00fcbung war. Jeder Teilnehmer konnte sein eigenes Sprechen vor der Gruppe an diesem Tag reflektieren. Beim freien Sprechen wurden diese immer wieder von Margarete Seyd behutsam korrigiert. Und auch \u201ealte Hasen\u201c, die schon seit vielen Jahren Gruppen f\u00fchren, hatten an diesem Tag ihr gro\u00dfes \u201eAha-Erlebnis\u201c!<\/p>\n<div id=\"attachment_1935\" style=\"width: 310px\" class=\"wp-caption alignleft\"><a href=\"https:\/\/www.naturparkmagazin.de\/stechlin\/wp-content\/uploads\/sites\/38\/k-DSC_00212.jpg\"><img aria-describedby=\"caption-attachment-1935\" decoding=\"async\" loading=\"lazy\" class=\"size-thumbnail wp-image-1935\" alt=\"Die Stimme wird wesentlich durch die K\u00f6rperhaltung beeinflu\u00dft.\" src=\"https:\/\/www.naturparkmagazin.de\/stechlin\/wp-content\/uploads\/sites\/38\/k-DSC_00212-300x180.jpg\" width=\"300\" height=\"180\" srcset=\"https:\/\/www.naturparkmagazin.de\/stechlin\/wp-content\/uploads\/sites\/38\/k-DSC_00212-300x180.jpg 300w, https:\/\/www.naturparkmagazin.de\/stechlin\/wp-content\/uploads\/sites\/38\/k-DSC_00212.jpg 500w, https:\/\/www.naturparkmagazin.de\/stechlin\/wp-content\/uploads\/sites\/38\/k-DSC_00212-200x120.jpg 200w\" sizes=\"(max-width: 300px) 100vw, 300px\" \/><\/a><p id=\"caption-attachment-1935\" class=\"wp-caption-text\">Die Stimme wird wesentlich durch die K\u00f6rperhaltung beeinflu\u00dft.<\/p><\/div>\n<p>&nbsp;<\/p>\n<div>\n<dl id=\"attachment_1935\">\n<dt><\/dt>\n<dd>\u00a0<\/dd>\n<\/dl>\n<\/div>\n<p>&nbsp;<\/p>\n<dl>\n<dd>\u00a0<\/dd>\n<\/dl>\n","protected":false},"excerpt":{"rendered":"<p>Wie ein K\u00f6rper optimal zum Klangraum wird, dass zeigte die Sprech- und Stimmbildnerin Margarete Seyd aus Berlin den Natur- und Landschaftsf\u00fchrerInnen.<\/p>\n","protected":false},"author":39,"featured_media":1933,"comment_status":"open","ping_status":"open","sticky":false,"template":"","format":"standard","meta":[],"categories":[7],"tags":[],"yoast_head":"<!-- This site is optimized with the Yoast SEO plugin v19.10 - https:\/\/yoast.com\/wordpress\/plugins\/seo\/ -->\n<title>Professionelles Stimmtraining f\u00fcr Natur- und Landschaftsf\u00fchrer - Naturpark Stechlin-Ruppiner Land<\/title>\n<meta name=\"robots\" content=\"index, follow, max-snippet:-1, max-image-preview:large, max-video-preview:-1\" \/>\n<link rel=\"canonical\" href=\"https:\/\/www.naturparkmagazin.de\/stechlin\/professionelles-stimmtraining-fuer-natur-und-landschaftsfuehrer\/\" \/>\n<meta property=\"og:locale\" content=\"de_DE\" \/>\n<meta property=\"og:type\" content=\"article\" \/>\n<meta property=\"og:title\" content=\"Professionelles Stimmtraining f\u00fcr Natur- und Landschaftsf\u00fchrer - Naturpark Stechlin-Ruppiner Land\" \/>\n<meta property=\"og:description\" content=\"Wie ein K\u00f6rper optimal zum Klangraum wird, dass zeigte die Sprech- und Stimmbildnerin Margarete Seyd aus Berlin den Natur- und Landschaftsf\u00fchrerInnen.\" \/>\n<meta property=\"og:url\" content=\"https:\/\/www.naturparkmagazin.de\/stechlin\/professionelles-stimmtraining-fuer-natur-und-landschaftsfuehrer\/\" \/>\n<meta property=\"og:site_name\" content=\"Naturpark Stechlin-Ruppiner Land\" \/>\n<meta property=\"article:published_time\" content=\"2015-03-18T13:17:17+00:00\" \/>\n<meta property=\"article:modified_time\" content=\"2015-03-24T11:01:52+00:00\" \/>\n<meta property=\"og:image\" content=\"https:\/\/www.naturparkmagazin.de\/stechlin\/wp-content\/uploads\/sites\/38\/k-DSC_00082.jpg\" \/>\n\t<meta property=\"og:image:width\" content=\"500\" \/>\n\t<meta property=\"og:image:height\" content=\"300\" \/>\n\t<meta property=\"og:image:type\" content=\"image\/jpeg\" \/>\n<meta name=\"author\" content=\"marioschrumpf\" \/>\n<meta name=\"twitter:label1\" content=\"Verfasst von\" \/>\n\t<meta name=\"twitter:data1\" content=\"marioschrumpf\" \/>\n\t<meta name=\"twitter:label2\" content=\"Gesch\u00e4tzte Lesezeit\" \/>\n\t<meta name=\"twitter:data2\" content=\"1\u00a0Minute\" \/>\n<script type=\"application\/ld+json\" class=\"yoast-schema-graph\">{\"@context\":\"https:\/\/schema.org\",\"@graph\":[{\"@type\":\"WebPage\",\"@id\":\"https:\/\/www.naturparkmagazin.de\/stechlin\/professionelles-stimmtraining-fuer-natur-und-landschaftsfuehrer\/\",\"url\":\"https:\/\/www.naturparkmagazin.de\/stechlin\/professionelles-stimmtraining-fuer-natur-und-landschaftsfuehrer\/\",\"name\":\"Professionelles Stimmtraining f\u00fcr Natur- und Landschaftsf\u00fchrer - Naturpark Stechlin-Ruppiner Land\",\"isPartOf\":{\"@id\":\"https:\/\/www.naturparkmagazin.de\/stechlin\/#website\"},\"datePublished\":\"2015-03-18T13:17:17+00:00\",\"dateModified\":\"2015-03-24T11:01:52+00:00\",\"author\":{\"@id\":\"https:\/\/www.naturparkmagazin.de\/stechlin\/#\/schema\/person\/3f0d93203df21c806dd63c76d9bb28bc\"},\"breadcrumb\":{\"@id\":\"https:\/\/www.naturparkmagazin.de\/stechlin\/professionelles-stimmtraining-fuer-natur-und-landschaftsfuehrer\/#breadcrumb\"},\"inLanguage\":\"de\",\"potentialAction\":[{\"@type\":\"ReadAction\",\"target\":[\"https:\/\/www.naturparkmagazin.de\/stechlin\/professionelles-stimmtraining-fuer-natur-und-landschaftsfuehrer\/\"]}]},{\"@type\":\"BreadcrumbList\",\"@id\":\"https:\/\/www.naturparkmagazin.de\/stechlin\/professionelles-stimmtraining-fuer-natur-und-landschaftsfuehrer\/#breadcrumb\",\"itemListElement\":[{\"@type\":\"ListItem\",\"position\":1,\"name\":\"Home\",\"item\":\"https:\/\/www.naturparkmagazin.de\/stechlin\/\"},{\"@type\":\"ListItem\",\"position\":2,\"name\":\"Professionelles Stimmtraining f\u00fcr Natur- und Landschaftsf\u00fchrer\"}]},{\"@type\":\"WebSite\",\"@id\":\"https:\/\/www.naturparkmagazin.de\/stechlin\/#website\",\"url\":\"https:\/\/www.naturparkmagazin.de\/stechlin\/\",\"name\":\"Naturpark Stechlin-Ruppiner Land\",\"description\":\"\",\"potentialAction\":[{\"@type\":\"SearchAction\",\"target\":{\"@type\":\"EntryPoint\",\"urlTemplate\":\"https:\/\/www.naturparkmagazin.de\/stechlin\/?s={search_term_string}\"},\"query-input\":\"required name=search_term_string\"}],\"inLanguage\":\"de\"},{\"@type\":\"Person\",\"@id\":\"https:\/\/www.naturparkmagazin.de\/stechlin\/#\/schema\/person\/3f0d93203df21c806dd63c76d9bb28bc\",\"name\":\"marioschrumpf\",\"url\":\"https:\/\/www.naturparkmagazin.de\/stechlin\/author\/marioschrumpf\/\"}]}<\/script>\n<!-- \/ Yoast SEO plugin. -->","yoast_head_json":{"title":"Professionelles Stimmtraining f\u00fcr Natur- und Landschaftsf\u00fchrer - Naturpark Stechlin-Ruppiner Land","robots":{"index":"index","follow":"follow","max-snippet":"max-snippet:-1","max-image-preview":"max-image-preview:large","max-video-preview":"max-video-preview:-1"},"canonical":"https:\/\/www.naturparkmagazin.de\/stechlin\/professionelles-stimmtraining-fuer-natur-und-landschaftsfuehrer\/","og_locale":"de_DE","og_type":"article","og_title":"Professionelles Stimmtraining f\u00fcr Natur- und Landschaftsf\u00fchrer - Naturpark Stechlin-Ruppiner Land","og_description":"Wie ein K\u00f6rper optimal zum Klangraum wird, dass zeigte die Sprech- und Stimmbildnerin Margarete Seyd aus Berlin den Natur- und Landschaftsf\u00fchrerInnen.","og_url":"https:\/\/www.naturparkmagazin.de\/stechlin\/professionelles-stimmtraining-fuer-natur-und-landschaftsfuehrer\/","og_site_name":"Naturpark Stechlin-Ruppiner Land","article_published_time":"2015-03-18T13:17:17+00:00","article_modified_time":"2015-03-24T11:01:52+00:00","og_image":[{"width":500,"height":300,"url":"https:\/\/www.naturparkmagazin.de\/stechlin\/wp-content\/uploads\/sites\/38\/k-DSC_00082.jpg","type":"image\/jpeg"}],"author":"marioschrumpf","twitter_misc":{"Verfasst von":"marioschrumpf","Gesch\u00e4tzte Lesezeit":"1\u00a0Minute"},"schema":{"@context":"https:\/\/schema.org","@graph":[{"@type":"WebPage","@id":"https:\/\/www.naturparkmagazin.de\/stechlin\/professionelles-stimmtraining-fuer-natur-und-landschaftsfuehrer\/","url":"https:\/\/www.naturparkmagazin.de\/stechlin\/professionelles-stimmtraining-fuer-natur-und-landschaftsfuehrer\/","name":"Professionelles Stimmtraining f\u00fcr Natur- und Landschaftsf\u00fchrer - Naturpark Stechlin-Ruppiner Land","isPartOf":{"@id":"https:\/\/www.naturparkmagazin.de\/stechlin\/#website"},"datePublished":"2015-03-18T13:17:17+00:00","dateModified":"2015-03-24T11:01:52+00:00","author":{"@id":"https:\/\/www.naturparkmagazin.de\/stechlin\/#\/schema\/person\/3f0d93203df21c806dd63c76d9bb28bc"},"breadcrumb":{"@id":"https:\/\/www.naturparkmagazin.de\/stechlin\/professionelles-stimmtraining-fuer-natur-und-landschaftsfuehrer\/#breadcrumb"},"inLanguage":"de","potentialAction":[{"@type":"ReadAction","target":["https:\/\/www.naturparkmagazin.de\/stechlin\/professionelles-stimmtraining-fuer-natur-und-landschaftsfuehrer\/"]}]},{"@type":"BreadcrumbList","@id":"https:\/\/www.naturparkmagazin.de\/stechlin\/professionelles-stimmtraining-fuer-natur-und-landschaftsfuehrer\/#breadcrumb","itemListElement":[{"@type":"ListItem","position":1,"name":"Home","item":"https:\/\/www.naturparkmagazin.de\/stechlin\/"},{"@type":"ListItem","position":2,"name":"Professionelles Stimmtraining f\u00fcr Natur- und Landschaftsf\u00fchrer"}]},{"@type":"WebSite","@id":"https:\/\/www.naturparkmagazin.de\/stechlin\/#website","url":"https:\/\/www.naturparkmagazin.de\/stechlin\/","name":"Naturpark Stechlin-Ruppiner Land","description":"","potentialAction":[{"@type":"SearchAction","target":{"@type":"EntryPoint","urlTemplate":"https:\/\/www.naturparkmagazin.de\/stechlin\/?s={search_term_string}"},"query-input":"required name=search_term_string"}],"inLanguage":"de"},{"@type":"Person","@id":"https:\/\/www.naturparkmagazin.de\/stechlin\/#\/schema\/person\/3f0d93203df21c806dd63c76d9bb28bc","name":"marioschrumpf","url":"https:\/\/www.naturparkmagazin.de\/stechlin\/author\/marioschrumpf\/"}]}},"_links":{"self":[{"href":"https:\/\/www.naturparkmagazin.de\/stechlin\/wp-json\/wp\/v2\/posts\/1932"}],"collection":[{"href":"https:\/\/www.naturparkmagazin.de\/stechlin\/wp-json\/wp\/v2\/posts"}],"about":[{"href":"https:\/\/www.naturparkmagazin.de\/stechlin\/wp-json\/wp\/v2\/types\/post"}],"author":[{"embeddable":true,"href":"https:\/\/www.naturparkmagazin.de\/stechlin\/wp-json\/wp\/v2\/users\/39"}],"replies":[{"embeddable":true,"href":"https:\/\/www.naturparkmagazin.de\/stechlin\/wp-json\/wp\/v2\/comments?post=1932"}],"version-history":[{"count":8,"href":"https:\/\/www.naturparkmagazin.de\/stechlin\/wp-json\/wp\/v2\/posts\/1932\/revisions"}],"predecessor-version":[{"id":2074,"href":"https:\/\/www.naturparkmagazin.de\/stechlin\/wp-json\/wp\/v2\/posts\/1932\/revisions\/2074"}],"wp:featuredmedia":[{"embeddable":true,"href":"https:\/\/www.naturparkmagazin.de\/stechlin\/wp-json\/wp\/v2\/media\/1933"}],"wp:attachment":[{"href":"https:\/\/www.naturparkmagazin.de\/stechlin\/wp-json\/wp\/v2\/media?parent=1932"}],"wp:term":[{"taxonomy":"category","embeddable":true,"href":"https:\/\/www.naturparkmagazin.de\/stechlin\/wp-json\/wp\/v2\/categories?post=1932"},{"taxonomy":"post_tag","embeddable":true,"href":"https:\/\/www.naturparkmagazin.de\/stechlin\/wp-json\/wp\/v2\/tags?post=1932"}],"curies":[{"name":"wp","href":"https:\/\/api.w.org\/{rel}","templated":true}]}}