{"id":1944,"date":"2015-03-18T13:52:42","date_gmt":"2015-03-18T12:52:42","guid":{"rendered":"http:\/\/www.naturparkmagazin.de\/stechlin\/?p=1944"},"modified":"2025-04-25T08:39:43","modified_gmt":"2025-04-25T06:39:43","slug":"wer-beteiligt-sich-an-der-pflanzentauschboerse-am-8-mai","status":"publish","type":"post","link":"https:\/\/www.naturparkmagazin.de\/stechlin\/wer-beteiligt-sich-an-der-pflanzentauschboerse-am-8-mai\/","title":{"rendered":"Wer beteiligt sich an der Pflanzentauschb\u00f6rse am 8. Mai? (2015)"},"content":{"rendered":"<div id=\"attachment_1892\" style=\"width: 310px\" class=\"wp-caption alignnone\"><a href=\"https:\/\/www.naturparkmagazin.de\/stechlin\/wp-content\/uploads\/sites\/38\/tomatenpflanztag2014.jpg\"><img aria-describedby=\"caption-attachment-1892\" decoding=\"async\" loading=\"lazy\" class=\"size-thumbnail wp-image-1892\" alt=\"Christoph Blank vom VERN\" src=\"https:\/\/www.naturparkmagazin.de\/stechlin\/wp-content\/uploads\/sites\/38\/tomatenpflanztag2014-300x448.jpg\" width=\"300\" height=\"448\" srcset=\"https:\/\/www.naturparkmagazin.de\/stechlin\/wp-content\/uploads\/sites\/38\/tomatenpflanztag2014-300x448.jpg 300w, https:\/\/www.naturparkmagazin.de\/stechlin\/wp-content\/uploads\/sites\/38\/tomatenpflanztag2014-200x299.jpg 200w, https:\/\/www.naturparkmagazin.de\/stechlin\/wp-content\/uploads\/sites\/38\/tomatenpflanztag2014.jpg 518w\" sizes=\"(max-width: 300px) 100vw, 300px\" \/><\/a><p id=\"caption-attachment-1892\" class=\"wp-caption-text\">Christoph Blank vom VERN<\/p><\/div>\n<p>&nbsp;<\/p>\n<p>Naturparkverwaltung und F\u00f6rderverein laden am <strong>8. Mai<\/strong> zur <strong>Kleinen Tomatenpflanzenb\u00f6rse<\/strong> nach Menz ein. <strong>Ab 15 Uhr<\/strong> wird am NaturParkHaus Stechlin Christof Blank vom Verein zur Erhaltung und Rekultivierung von Nutzpflanzen in Brandenburg (VERN) e.V. Tomatenpflanzen historischer Sorten anbieten. Der VERN-Katalog mit Sortenbeschreibung liegt im NaturParkHaus Stechlin bzw. kann unter <a href=\"http:\/\/www.vern.de\">www.vern.de<\/a> eingesehen werden. Das Angebot wird dieses Jahr ein paar weitere neue &#8222;Alte&#8220; Sorten umfassen. Die Organisatoren wenden sich schon jetzt an die Bev\u00f6lkerung, damit die Hobbyg\u00e4rtner\/innen bei dem bevorstehenden Fr\u00fchjahrsputz im heimischen Gr\u00fcn, \u00fcberz\u00e4hliges Pflanzenmaterial und nicht mehr ben\u00f6tigtes Gartenzubeh\u00f6r f\u00fcr den Termin reservieren k\u00f6nnen, damit es einer weiteren Nutzung zugef\u00fchrt werden kann. Teilnehmen kann grunds\u00e4tzlich jeder und das kostenlos. Die Ableger sollten jedoch 14 Tage vorher unbedingt schon getopft werden. Aus organisatorischen Gr\u00fcnden wird lediglich um eine formlose Anmeldung per E-Mail (<a href=\"mailto:post@naturparkhaus.de\">post@naturparkhaus.de<\/a>) oder telefonisch (Tel.: 033082\/51210) gebeten. Bei der Pflanzentauschb\u00f6rse sollen Setzlinge, Ableger und Saatgut von Zier- und Nutzpflanzen aber auch Geh\u00f6lze untereinander verschenkt, getauscht und in Ausnahmef\u00e4llen auch verkauft werden k\u00f6nnen.<\/p>\n","protected":false},"excerpt":{"rendered":"<p>Naturparkverwaltung und F\u00f6rderverein laden am 8. Mai zur Kleinen Tomatenpflanzenb\u00f6rse nach Menz ein.<\/p>\n","protected":false},"author":39,"featured_media":694,"comment_status":"open","ping_status":"open","sticky":false,"template":"","format":"standard","meta":[],"categories":[7],"tags":[],"yoast_head":"<!-- This site is optimized with the Yoast SEO plugin v19.10 - https:\/\/yoast.com\/wordpress\/plugins\/seo\/ -->\n<title>Wer beteiligt sich an der Pflanzentauschb\u00f6rse am 8. Mai? (2015) - Naturpark Stechlin-Ruppiner Land<\/title>\n<meta name=\"robots\" content=\"index, follow, max-snippet:-1, max-image-preview:large, max-video-preview:-1\" \/>\n<link rel=\"canonical\" href=\"https:\/\/www.naturparkmagazin.de\/stechlin\/wer-beteiligt-sich-an-der-pflanzentauschboerse-am-8-mai\/\" \/>\n<meta property=\"og:locale\" content=\"de_DE\" \/>\n<meta property=\"og:type\" content=\"article\" \/>\n<meta property=\"og:title\" content=\"Wer beteiligt sich an der Pflanzentauschb\u00f6rse am 8. Mai? (2015) - Naturpark Stechlin-Ruppiner Land\" \/>\n<meta property=\"og:description\" content=\"Naturparkverwaltung und F\u00f6rderverein laden am 8. Mai zur Kleinen Tomatenpflanzenb\u00f6rse nach Menz ein.\" \/>\n<meta property=\"og:url\" content=\"https:\/\/www.naturparkmagazin.de\/stechlin\/wer-beteiligt-sich-an-der-pflanzentauschboerse-am-8-mai\/\" \/>\n<meta property=\"og:site_name\" content=\"Naturpark Stechlin-Ruppiner Land\" \/>\n<meta property=\"article:published_time\" content=\"2015-03-18T12:52:42+00:00\" \/>\n<meta property=\"article:modified_time\" content=\"2025-04-25T06:39:43+00:00\" \/>\n<meta property=\"og:image\" content=\"https:\/\/www.naturparkmagazin.de\/stechlin\/wp-content\/uploads\/sites\/38\/k-11.-5.-Tomatenb\u00f6rse-2011.jpg\" \/>\n\t<meta property=\"og:image:width\" content=\"320\" \/>\n\t<meta property=\"og:image:height\" content=\"240\" \/>\n\t<meta property=\"og:image:type\" content=\"image\/jpeg\" \/>\n<meta name=\"author\" content=\"marioschrumpf\" \/>\n<meta name=\"twitter:label1\" content=\"Verfasst von\" \/>\n\t<meta name=\"twitter:data1\" content=\"marioschrumpf\" \/>\n\t<meta name=\"twitter:label2\" content=\"Gesch\u00e4tzte Lesezeit\" \/>\n\t<meta name=\"twitter:data2\" content=\"1\u00a0Minute\" \/>\n<script type=\"application\/ld+json\" class=\"yoast-schema-graph\">{\"@context\":\"https:\/\/schema.org\",\"@graph\":[{\"@type\":\"WebPage\",\"@id\":\"https:\/\/www.naturparkmagazin.de\/stechlin\/wer-beteiligt-sich-an-der-pflanzentauschboerse-am-8-mai\/\",\"url\":\"https:\/\/www.naturparkmagazin.de\/stechlin\/wer-beteiligt-sich-an-der-pflanzentauschboerse-am-8-mai\/\",\"name\":\"Wer beteiligt sich an der Pflanzentauschb\u00f6rse am 8. Mai? (2015) - Naturpark Stechlin-Ruppiner Land\",\"isPartOf\":{\"@id\":\"https:\/\/www.naturparkmagazin.de\/stechlin\/#website\"},\"datePublished\":\"2015-03-18T12:52:42+00:00\",\"dateModified\":\"2025-04-25T06:39:43+00:00\",\"author\":{\"@id\":\"https:\/\/www.naturparkmagazin.de\/stechlin\/#\/schema\/person\/3f0d93203df21c806dd63c76d9bb28bc\"},\"breadcrumb\":{\"@id\":\"https:\/\/www.naturparkmagazin.de\/stechlin\/wer-beteiligt-sich-an-der-pflanzentauschboerse-am-8-mai\/#breadcrumb\"},\"inLanguage\":\"de\",\"potentialAction\":[{\"@type\":\"ReadAction\",\"target\":[\"https:\/\/www.naturparkmagazin.de\/stechlin\/wer-beteiligt-sich-an-der-pflanzentauschboerse-am-8-mai\/\"]}]},{\"@type\":\"BreadcrumbList\",\"@id\":\"https:\/\/www.naturparkmagazin.de\/stechlin\/wer-beteiligt-sich-an-der-pflanzentauschboerse-am-8-mai\/#breadcrumb\",\"itemListElement\":[{\"@type\":\"ListItem\",\"position\":1,\"name\":\"Home\",\"item\":\"https:\/\/www.naturparkmagazin.de\/stechlin\/\"},{\"@type\":\"ListItem\",\"position\":2,\"name\":\"Wer beteiligt sich an der Pflanzentauschb\u00f6rse am 8. Mai? (2015)\"}]},{\"@type\":\"WebSite\",\"@id\":\"https:\/\/www.naturparkmagazin.de\/stechlin\/#website\",\"url\":\"https:\/\/www.naturparkmagazin.de\/stechlin\/\",\"name\":\"Naturpark Stechlin-Ruppiner Land\",\"description\":\"\",\"potentialAction\":[{\"@type\":\"SearchAction\",\"target\":{\"@type\":\"EntryPoint\",\"urlTemplate\":\"https:\/\/www.naturparkmagazin.de\/stechlin\/?s={search_term_string}\"},\"query-input\":\"required name=search_term_string\"}],\"inLanguage\":\"de\"},{\"@type\":\"Person\",\"@id\":\"https:\/\/www.naturparkmagazin.de\/stechlin\/#\/schema\/person\/3f0d93203df21c806dd63c76d9bb28bc\",\"name\":\"marioschrumpf\",\"url\":\"https:\/\/www.naturparkmagazin.de\/stechlin\/author\/marioschrumpf\/\"}]}<\/script>\n<!-- \/ Yoast SEO plugin. -->","yoast_head_json":{"title":"Wer beteiligt sich an der Pflanzentauschb\u00f6rse am 8. Mai? (2015) - Naturpark Stechlin-Ruppiner Land","robots":{"index":"index","follow":"follow","max-snippet":"max-snippet:-1","max-image-preview":"max-image-preview:large","max-video-preview":"max-video-preview:-1"},"canonical":"https:\/\/www.naturparkmagazin.de\/stechlin\/wer-beteiligt-sich-an-der-pflanzentauschboerse-am-8-mai\/","og_locale":"de_DE","og_type":"article","og_title":"Wer beteiligt sich an der Pflanzentauschb\u00f6rse am 8. Mai? (2015) - Naturpark Stechlin-Ruppiner Land","og_description":"Naturparkverwaltung und F\u00f6rderverein laden am 8. Mai zur Kleinen Tomatenpflanzenb\u00f6rse nach Menz ein.","og_url":"https:\/\/www.naturparkmagazin.de\/stechlin\/wer-beteiligt-sich-an-der-pflanzentauschboerse-am-8-mai\/","og_site_name":"Naturpark Stechlin-Ruppiner Land","article_published_time":"2015-03-18T12:52:42+00:00","article_modified_time":"2025-04-25T06:39:43+00:00","og_image":[{"width":320,"height":240,"url":"https:\/\/www.naturparkmagazin.de\/stechlin\/wp-content\/uploads\/sites\/38\/k-11.-5.-Tomatenb\u00f6rse-2011.jpg","type":"image\/jpeg"}],"author":"marioschrumpf","twitter_misc":{"Verfasst von":"marioschrumpf","Gesch\u00e4tzte Lesezeit":"1\u00a0Minute"},"schema":{"@context":"https:\/\/schema.org","@graph":[{"@type":"WebPage","@id":"https:\/\/www.naturparkmagazin.de\/stechlin\/wer-beteiligt-sich-an-der-pflanzentauschboerse-am-8-mai\/","url":"https:\/\/www.naturparkmagazin.de\/stechlin\/wer-beteiligt-sich-an-der-pflanzentauschboerse-am-8-mai\/","name":"Wer beteiligt sich an der Pflanzentauschb\u00f6rse am 8. Mai? (2015) - Naturpark Stechlin-Ruppiner Land","isPartOf":{"@id":"https:\/\/www.naturparkmagazin.de\/stechlin\/#website"},"datePublished":"2015-03-18T12:52:42+00:00","dateModified":"2025-04-25T06:39:43+00:00","author":{"@id":"https:\/\/www.naturparkmagazin.de\/stechlin\/#\/schema\/person\/3f0d93203df21c806dd63c76d9bb28bc"},"breadcrumb":{"@id":"https:\/\/www.naturparkmagazin.de\/stechlin\/wer-beteiligt-sich-an-der-pflanzentauschboerse-am-8-mai\/#breadcrumb"},"inLanguage":"de","potentialAction":[{"@type":"ReadAction","target":["https:\/\/www.naturparkmagazin.de\/stechlin\/wer-beteiligt-sich-an-der-pflanzentauschboerse-am-8-mai\/"]}]},{"@type":"BreadcrumbList","@id":"https:\/\/www.naturparkmagazin.de\/stechlin\/wer-beteiligt-sich-an-der-pflanzentauschboerse-am-8-mai\/#breadcrumb","itemListElement":[{"@type":"ListItem","position":1,"name":"Home","item":"https:\/\/www.naturparkmagazin.de\/stechlin\/"},{"@type":"ListItem","position":2,"name":"Wer beteiligt sich an der Pflanzentauschb\u00f6rse am 8. Mai? (2015)"}]},{"@type":"WebSite","@id":"https:\/\/www.naturparkmagazin.de\/stechlin\/#website","url":"https:\/\/www.naturparkmagazin.de\/stechlin\/","name":"Naturpark Stechlin-Ruppiner Land","description":"","potentialAction":[{"@type":"SearchAction","target":{"@type":"EntryPoint","urlTemplate":"https:\/\/www.naturparkmagazin.de\/stechlin\/?s={search_term_string}"},"query-input":"required name=search_term_string"}],"inLanguage":"de"},{"@type":"Person","@id":"https:\/\/www.naturparkmagazin.de\/stechlin\/#\/schema\/person\/3f0d93203df21c806dd63c76d9bb28bc","name":"marioschrumpf","url":"https:\/\/www.naturparkmagazin.de\/stechlin\/author\/marioschrumpf\/"}]}},"_links":{"self":[{"href":"https:\/\/www.naturparkmagazin.de\/stechlin\/wp-json\/wp\/v2\/posts\/1944"}],"collection":[{"href":"https:\/\/www.naturparkmagazin.de\/stechlin\/wp-json\/wp\/v2\/posts"}],"about":[{"href":"https:\/\/www.naturparkmagazin.de\/stechlin\/wp-json\/wp\/v2\/types\/post"}],"author":[{"embeddable":true,"href":"https:\/\/www.naturparkmagazin.de\/stechlin\/wp-json\/wp\/v2\/users\/39"}],"replies":[{"embeddable":true,"href":"https:\/\/www.naturparkmagazin.de\/stechlin\/wp-json\/wp\/v2\/comments?post=1944"}],"version-history":[{"count":10,"href":"https:\/\/www.naturparkmagazin.de\/stechlin\/wp-json\/wp\/v2\/posts\/1944\/revisions"}],"predecessor-version":[{"id":17156,"href":"https:\/\/www.naturparkmagazin.de\/stechlin\/wp-json\/wp\/v2\/posts\/1944\/revisions\/17156"}],"wp:featuredmedia":[{"embeddable":true,"href":"https:\/\/www.naturparkmagazin.de\/stechlin\/wp-json\/wp\/v2\/media\/694"}],"wp:attachment":[{"href":"https:\/\/www.naturparkmagazin.de\/stechlin\/wp-json\/wp\/v2\/media?parent=1944"}],"wp:term":[{"taxonomy":"category","embeddable":true,"href":"https:\/\/www.naturparkmagazin.de\/stechlin\/wp-json\/wp\/v2\/categories?post=1944"},{"taxonomy":"post_tag","embeddable":true,"href":"https:\/\/www.naturparkmagazin.de\/stechlin\/wp-json\/wp\/v2\/tags?post=1944"}],"curies":[{"name":"wp","href":"https:\/\/api.w.org\/{rel}","templated":true}]}}