{"id":1948,"date":"2015-03-18T18:19:23","date_gmt":"2015-03-18T17:19:23","guid":{"rendered":"http:\/\/www.naturparkmagazin.de\/stechlin\/?p=1948"},"modified":"2015-03-24T11:48:07","modified_gmt":"2015-03-24T10:48:07","slug":"naturwacht-rettet-froesche-und-kroeten-vor-dem-strassentot","status":"publish","type":"post","link":"https:\/\/www.naturparkmagazin.de\/stechlin\/naturwacht-rettet-froesche-und-kroeten-vor-dem-strassentot\/","title":{"rendered":"Naturwacht rettet Fr\u00f6sche und Kr\u00f6ten vor dem sicheren Stra\u00dfentod"},"content":{"rendered":"<p>&nbsp;<\/p>\n<div id=\"attachment_841\" style=\"width: 310px\" class=\"wp-caption alignleft\"><a href=\"https:\/\/www.naturparkmagazin.de\/stechlin\/wp-content\/uploads\/sites\/38\/Amphibienzaun.jpg\"><img aria-describedby=\"caption-attachment-841\" decoding=\"async\" loading=\"lazy\" class=\"size-thumbnail wp-image-841  \" alt=\"Kontrolle am Amphibienzaunbau am Kuhburgsberg bei Neuruppin\" src=\"https:\/\/www.naturparkmagazin.de\/stechlin\/wp-content\/uploads\/sites\/38\/Amphibienzaun-300x201.jpg\" width=\"300\" height=\"201\" srcset=\"https:\/\/www.naturparkmagazin.de\/stechlin\/wp-content\/uploads\/sites\/38\/Amphibienzaun-300x201.jpg 300w, https:\/\/www.naturparkmagazin.de\/stechlin\/wp-content\/uploads\/sites\/38\/Amphibienzaun.jpg 500w, https:\/\/www.naturparkmagazin.de\/stechlin\/wp-content\/uploads\/sites\/38\/Amphibienzaun-200x134.jpg 200w\" sizes=\"(max-width: 300px) 100vw, 300px\" \/><\/a><p id=\"caption-attachment-841\" class=\"wp-caption-text\">Kontrolle am Amphibienzaunbau am Kuhburgsberg bei Neuruppin<\/p><\/div>\n<p>&nbsp;<\/p>\n<p>&nbsp;<\/p>\n<p>&nbsp;<\/p>\n<p>&nbsp;<\/p>\n<p>&nbsp;<\/p>\n<p>&nbsp;<\/p>\n<p>&nbsp;<\/p>\n<p>&nbsp;<\/p>\n<p>Wenn die Sonne h\u00f6her steigt und der Fr\u00fchling startet, setzen sich auch unsere heimischen Amphibien in Bewegung. Moorfrosch, Kammmolch, Erdkr\u00f6te &amp; Co. wandern von ihren Winterlebensr\u00e4umen zu ihren Laichgew\u00e4ssern. Wenn Sie dabei eine Stra\u00dfe queren m\u00fcssen, haben Sie &#8222;schlechte Karten&#8220;. Die Zerschneidung von Lebensr\u00e4umen durch Stra\u00dfen ist eine der Hauptursachen f\u00fcr den R\u00fcckgang unserer Amphibienbest\u00e4nde.<\/p>\n<p>Aufgrund jahrelanger Erfahrungen kennen die Kollegen der Naturwacht die neuralgischen Punkte im Naturpark ganz genau. So wurden in diesem Fr\u00fchjahr an drei Stra\u00dfenabschnitten tempor\u00e4re Amphibienleiteinrichtungen errichtet. Am Zollhaus bei Dierberg, in Z\u00fchlen am Schulzensee und am Kuhburgsberg bei Neuruppin tragen Tag f\u00fcr Tag Naturwacht und Freiwillige Helfer Tausende Fr\u00f6sche, Kr\u00f6ten und Molche \u00fcber die Stra\u00dfe. Die so gewonnenen Daten sind wichtige Argumente f\u00fcr den Bau station\u00e4rer Anlagen. In Altglobsow und Seilershof konnten solche Anlagen bereits errichtet werden.<\/p>\n","protected":false},"excerpt":{"rendered":"<p>Wenn die Sonne h\u00f6her steigt und der Fr\u00fchling startet, setzen sich auch unsere heimischen Amphibien in Bewegung. <\/p>\n","protected":false},"author":39,"featured_media":834,"comment_status":"open","ping_status":"open","sticky":false,"template":"","format":"standard","meta":[],"categories":[7],"tags":[],"yoast_head":"<!-- This site is optimized with the Yoast SEO plugin v19.10 - https:\/\/yoast.com\/wordpress\/plugins\/seo\/ -->\n<title>Naturwacht rettet Fr\u00f6sche und Kr\u00f6ten vor dem sicheren Stra\u00dfentod - Naturpark Stechlin-Ruppiner Land<\/title>\n<meta name=\"robots\" content=\"index, follow, max-snippet:-1, max-image-preview:large, max-video-preview:-1\" \/>\n<link rel=\"canonical\" href=\"https:\/\/www.naturparkmagazin.de\/stechlin\/naturwacht-rettet-froesche-und-kroeten-vor-dem-strassentot\/\" \/>\n<meta property=\"og:locale\" content=\"de_DE\" \/>\n<meta property=\"og:type\" content=\"article\" \/>\n<meta property=\"og:title\" content=\"Naturwacht rettet Fr\u00f6sche und Kr\u00f6ten vor dem sicheren Stra\u00dfentod - Naturpark Stechlin-Ruppiner Land\" \/>\n<meta property=\"og:description\" content=\"Wenn die Sonne h\u00f6her steigt und der Fr\u00fchling startet, setzen sich auch unsere heimischen Amphibien in Bewegung.\" \/>\n<meta property=\"og:url\" content=\"https:\/\/www.naturparkmagazin.de\/stechlin\/naturwacht-rettet-froesche-und-kroeten-vor-dem-strassentot\/\" \/>\n<meta property=\"og:site_name\" content=\"Naturpark Stechlin-Ruppiner Land\" \/>\n<meta property=\"article:published_time\" content=\"2015-03-18T17:19:23+00:00\" \/>\n<meta property=\"article:modified_time\" content=\"2015-03-24T10:48:07+00:00\" \/>\n<meta property=\"og:image\" content=\"https:\/\/www.naturparkmagazin.de\/stechlin\/wp-content\/uploads\/sites\/38\/Bild-067.jpg\" \/>\n\t<meta property=\"og:image:width\" content=\"1024\" \/>\n\t<meta property=\"og:image:height\" content=\"577\" \/>\n\t<meta property=\"og:image:type\" content=\"image\/jpeg\" \/>\n<meta name=\"author\" content=\"marioschrumpf\" \/>\n<meta name=\"twitter:label1\" content=\"Verfasst von\" \/>\n\t<meta name=\"twitter:data1\" content=\"marioschrumpf\" \/>\n\t<meta name=\"twitter:label2\" content=\"Gesch\u00e4tzte Lesezeit\" \/>\n\t<meta name=\"twitter:data2\" content=\"1\u00a0Minute\" \/>\n<script type=\"application\/ld+json\" class=\"yoast-schema-graph\">{\"@context\":\"https:\/\/schema.org\",\"@graph\":[{\"@type\":\"WebPage\",\"@id\":\"https:\/\/www.naturparkmagazin.de\/stechlin\/naturwacht-rettet-froesche-und-kroeten-vor-dem-strassentot\/\",\"url\":\"https:\/\/www.naturparkmagazin.de\/stechlin\/naturwacht-rettet-froesche-und-kroeten-vor-dem-strassentot\/\",\"name\":\"Naturwacht rettet Fr\u00f6sche und Kr\u00f6ten vor dem sicheren Stra\u00dfentod - Naturpark Stechlin-Ruppiner Land\",\"isPartOf\":{\"@id\":\"https:\/\/www.naturparkmagazin.de\/stechlin\/#website\"},\"datePublished\":\"2015-03-18T17:19:23+00:00\",\"dateModified\":\"2015-03-24T10:48:07+00:00\",\"author\":{\"@id\":\"https:\/\/www.naturparkmagazin.de\/stechlin\/#\/schema\/person\/3f0d93203df21c806dd63c76d9bb28bc\"},\"breadcrumb\":{\"@id\":\"https:\/\/www.naturparkmagazin.de\/stechlin\/naturwacht-rettet-froesche-und-kroeten-vor-dem-strassentot\/#breadcrumb\"},\"inLanguage\":\"de\",\"potentialAction\":[{\"@type\":\"ReadAction\",\"target\":[\"https:\/\/www.naturparkmagazin.de\/stechlin\/naturwacht-rettet-froesche-und-kroeten-vor-dem-strassentot\/\"]}]},{\"@type\":\"BreadcrumbList\",\"@id\":\"https:\/\/www.naturparkmagazin.de\/stechlin\/naturwacht-rettet-froesche-und-kroeten-vor-dem-strassentot\/#breadcrumb\",\"itemListElement\":[{\"@type\":\"ListItem\",\"position\":1,\"name\":\"Home\",\"item\":\"https:\/\/www.naturparkmagazin.de\/stechlin\/\"},{\"@type\":\"ListItem\",\"position\":2,\"name\":\"Naturwacht rettet Fr\u00f6sche und Kr\u00f6ten vor dem sicheren Stra\u00dfentod\"}]},{\"@type\":\"WebSite\",\"@id\":\"https:\/\/www.naturparkmagazin.de\/stechlin\/#website\",\"url\":\"https:\/\/www.naturparkmagazin.de\/stechlin\/\",\"name\":\"Naturpark Stechlin-Ruppiner Land\",\"description\":\"\",\"potentialAction\":[{\"@type\":\"SearchAction\",\"target\":{\"@type\":\"EntryPoint\",\"urlTemplate\":\"https:\/\/www.naturparkmagazin.de\/stechlin\/?s={search_term_string}\"},\"query-input\":\"required name=search_term_string\"}],\"inLanguage\":\"de\"},{\"@type\":\"Person\",\"@id\":\"https:\/\/www.naturparkmagazin.de\/stechlin\/#\/schema\/person\/3f0d93203df21c806dd63c76d9bb28bc\",\"name\":\"marioschrumpf\",\"url\":\"https:\/\/www.naturparkmagazin.de\/stechlin\/author\/marioschrumpf\/\"}]}<\/script>\n<!-- \/ Yoast SEO plugin. -->","yoast_head_json":{"title":"Naturwacht rettet Fr\u00f6sche und Kr\u00f6ten vor dem sicheren Stra\u00dfentod - Naturpark Stechlin-Ruppiner Land","robots":{"index":"index","follow":"follow","max-snippet":"max-snippet:-1","max-image-preview":"max-image-preview:large","max-video-preview":"max-video-preview:-1"},"canonical":"https:\/\/www.naturparkmagazin.de\/stechlin\/naturwacht-rettet-froesche-und-kroeten-vor-dem-strassentot\/","og_locale":"de_DE","og_type":"article","og_title":"Naturwacht rettet Fr\u00f6sche und Kr\u00f6ten vor dem sicheren Stra\u00dfentod - Naturpark Stechlin-Ruppiner Land","og_description":"Wenn die Sonne h\u00f6her steigt und der Fr\u00fchling startet, setzen sich auch unsere heimischen Amphibien in Bewegung.","og_url":"https:\/\/www.naturparkmagazin.de\/stechlin\/naturwacht-rettet-froesche-und-kroeten-vor-dem-strassentot\/","og_site_name":"Naturpark Stechlin-Ruppiner Land","article_published_time":"2015-03-18T17:19:23+00:00","article_modified_time":"2015-03-24T10:48:07+00:00","og_image":[{"width":1024,"height":577,"url":"https:\/\/www.naturparkmagazin.de\/stechlin\/wp-content\/uploads\/sites\/38\/Bild-067.jpg","type":"image\/jpeg"}],"author":"marioschrumpf","twitter_misc":{"Verfasst von":"marioschrumpf","Gesch\u00e4tzte Lesezeit":"1\u00a0Minute"},"schema":{"@context":"https:\/\/schema.org","@graph":[{"@type":"WebPage","@id":"https:\/\/www.naturparkmagazin.de\/stechlin\/naturwacht-rettet-froesche-und-kroeten-vor-dem-strassentot\/","url":"https:\/\/www.naturparkmagazin.de\/stechlin\/naturwacht-rettet-froesche-und-kroeten-vor-dem-strassentot\/","name":"Naturwacht rettet Fr\u00f6sche und Kr\u00f6ten vor dem sicheren Stra\u00dfentod - Naturpark Stechlin-Ruppiner Land","isPartOf":{"@id":"https:\/\/www.naturparkmagazin.de\/stechlin\/#website"},"datePublished":"2015-03-18T17:19:23+00:00","dateModified":"2015-03-24T10:48:07+00:00","author":{"@id":"https:\/\/www.naturparkmagazin.de\/stechlin\/#\/schema\/person\/3f0d93203df21c806dd63c76d9bb28bc"},"breadcrumb":{"@id":"https:\/\/www.naturparkmagazin.de\/stechlin\/naturwacht-rettet-froesche-und-kroeten-vor-dem-strassentot\/#breadcrumb"},"inLanguage":"de","potentialAction":[{"@type":"ReadAction","target":["https:\/\/www.naturparkmagazin.de\/stechlin\/naturwacht-rettet-froesche-und-kroeten-vor-dem-strassentot\/"]}]},{"@type":"BreadcrumbList","@id":"https:\/\/www.naturparkmagazin.de\/stechlin\/naturwacht-rettet-froesche-und-kroeten-vor-dem-strassentot\/#breadcrumb","itemListElement":[{"@type":"ListItem","position":1,"name":"Home","item":"https:\/\/www.naturparkmagazin.de\/stechlin\/"},{"@type":"ListItem","position":2,"name":"Naturwacht rettet Fr\u00f6sche und Kr\u00f6ten vor dem sicheren Stra\u00dfentod"}]},{"@type":"WebSite","@id":"https:\/\/www.naturparkmagazin.de\/stechlin\/#website","url":"https:\/\/www.naturparkmagazin.de\/stechlin\/","name":"Naturpark Stechlin-Ruppiner Land","description":"","potentialAction":[{"@type":"SearchAction","target":{"@type":"EntryPoint","urlTemplate":"https:\/\/www.naturparkmagazin.de\/stechlin\/?s={search_term_string}"},"query-input":"required name=search_term_string"}],"inLanguage":"de"},{"@type":"Person","@id":"https:\/\/www.naturparkmagazin.de\/stechlin\/#\/schema\/person\/3f0d93203df21c806dd63c76d9bb28bc","name":"marioschrumpf","url":"https:\/\/www.naturparkmagazin.de\/stechlin\/author\/marioschrumpf\/"}]}},"_links":{"self":[{"href":"https:\/\/www.naturparkmagazin.de\/stechlin\/wp-json\/wp\/v2\/posts\/1948"}],"collection":[{"href":"https:\/\/www.naturparkmagazin.de\/stechlin\/wp-json\/wp\/v2\/posts"}],"about":[{"href":"https:\/\/www.naturparkmagazin.de\/stechlin\/wp-json\/wp\/v2\/types\/post"}],"author":[{"embeddable":true,"href":"https:\/\/www.naturparkmagazin.de\/stechlin\/wp-json\/wp\/v2\/users\/39"}],"replies":[{"embeddable":true,"href":"https:\/\/www.naturparkmagazin.de\/stechlin\/wp-json\/wp\/v2\/comments?post=1948"}],"version-history":[{"count":5,"href":"https:\/\/www.naturparkmagazin.de\/stechlin\/wp-json\/wp\/v2\/posts\/1948\/revisions"}],"predecessor-version":[{"id":2067,"href":"https:\/\/www.naturparkmagazin.de\/stechlin\/wp-json\/wp\/v2\/posts\/1948\/revisions\/2067"}],"wp:featuredmedia":[{"embeddable":true,"href":"https:\/\/www.naturparkmagazin.de\/stechlin\/wp-json\/wp\/v2\/media\/834"}],"wp:attachment":[{"href":"https:\/\/www.naturparkmagazin.de\/stechlin\/wp-json\/wp\/v2\/media?parent=1948"}],"wp:term":[{"taxonomy":"category","embeddable":true,"href":"https:\/\/www.naturparkmagazin.de\/stechlin\/wp-json\/wp\/v2\/categories?post=1948"},{"taxonomy":"post_tag","embeddable":true,"href":"https:\/\/www.naturparkmagazin.de\/stechlin\/wp-json\/wp\/v2\/tags?post=1948"}],"curies":[{"name":"wp","href":"https:\/\/api.w.org\/{rel}","templated":true}]}}