{"id":1954,"date":"2015-03-18T15:46:38","date_gmt":"2015-03-18T14:46:38","guid":{"rendered":"http:\/\/www.naturparkmagazin.de\/stechlin\/?p=1954"},"modified":"2015-03-24T11:59:36","modified_gmt":"2015-03-24T10:59:36","slug":"wummseemoor-wird-wieder-nass","status":"publish","type":"post","link":"https:\/\/www.naturparkmagazin.de\/stechlin\/wummseemoor-wird-wieder-nass\/","title":{"rendered":"Wummseemoor wird wieder nass"},"content":{"rendered":"<div id=\"attachment_1956\" style=\"width: 310px\" class=\"wp-caption alignleft\"><a href=\"https:\/\/www.naturparkmagazin.de\/stechlin\/wp-content\/uploads\/sites\/38\/k-DSC_0080.jpg\"><img aria-describedby=\"caption-attachment-1956\" decoding=\"async\" loading=\"lazy\" class=\"size-thumbnail wp-image-1956\" alt=\"Durch Verringerung der Beschattung wird das Wachstum von R\u00f6hrichtpflanzen angeregt.\" src=\"https:\/\/www.naturparkmagazin.de\/stechlin\/wp-content\/uploads\/sites\/38\/k-DSC_0080-300x200.jpg\" width=\"300\" height=\"200\" \/><\/a><p id=\"caption-attachment-1956\" class=\"wp-caption-text\">Durch Verringerung der Beschattung wird das Wachstum von R\u00f6hrichtpflanzen angeregt.<\/p><\/div>\n<p>&nbsp;<\/p>\n<p>&nbsp;<\/p>\n<p>&nbsp;<\/p>\n<p>&nbsp;<\/p>\n<p>&nbsp;<\/p>\n<p>&nbsp;<\/p>\n<p>&nbsp;<\/p>\n<p>&nbsp;<\/p>\n<p>&nbsp;<\/p>\n<p>Erh\u00f6hte N\u00e4hrstoffeintr\u00e4ge im Westbecken des Gro\u00dfen Wummsees in den letzten Jahren waren ein deutliches Zeichen. Im entw\u00e4sserten Moor zwischen Kleinen und Gro\u00dfen Wummsee werden immer noch N\u00e4hrstoffe freigesetzt und \u00fcber den Graben in\u00a0den See\u00a0eingetragen. Obwohl die landwirtschaftliche Nutzung im NSG Wumm- und Twernsee\u00a0bereits vor mehr als 25 Jahren eingestellt wurde, sind die Entw\u00e4sserungsgr\u00e4ben noch wirksam. Um die Wasserqualit\u00e4t eines der wichtigsten Klarwasserseen im Naturpark dauerhaft zu erhalten, wurden in Tr\u00e4gerschaft des Gew\u00e4sserunterhaltungs-verbandes Rhin\/Temnitz in einer Studie M\u00f6glichkeiten der Verringerung des N\u00e4hrstoffeintrages untersucht. Das beauftragte Institut f\u00fcr angewandte Gew\u00e4sser\u00f6kologie schlug verschiedene Ma\u00dfnahmen vor:<\/p>\n<p>Zum einen werden im Kleinen Wummsee gezielt durch den Fischereibetrieb Gerth aus Flecken Zechlin benthivore Fische entnommen. Durch ihre W\u00fchlt\u00e4tigkeit am Grund sorgen sie daf\u00fcr, dass im Sediment festgelegte N\u00e4hrstoffe r\u00fcckgel\u00f6st und in den Gro\u00dfen Wummsee ausgetragen werden. Des weiteren wurden die Erlen am Verbindungsgraben zwischen Kleinen und Gro\u00dfen Wummsee auf Stock gesetzt. Das Holz wurde im Graben eingebaut. Dadurch wird das Wasser im angrenzenden Moor l\u00e4nger zur\u00fcckgehalten. Durch die fehlende Beschattung k\u00f6nnen verst\u00e4rkt R\u00f6hrichtpflanzen im Graben wachsen und so als &#8222;Pflanzenkl\u00e4ranlage&#8220; fungieren. Das Projekt wurde \u00fcber die Richtlinie des Landes Brandenburg\u00a0zur integrierten l\u00e4ndlichen Entwicklung ILE\/LEADER mit ca. 55 T\u20ac aus EU- und Landesgeldern gef\u00f6rdert.<\/p>\n<p>&nbsp;<\/p>\n<div id=\"attachment_1957\" style=\"width: 310px\" class=\"wp-caption alignleft\"><a href=\"https:\/\/www.naturparkmagazin.de\/stechlin\/wp-content\/uploads\/sites\/38\/k-DSC_0054.jpg\"><img aria-describedby=\"caption-attachment-1957\" decoding=\"async\" loading=\"lazy\" class=\"size-thumbnail wp-image-1957\" alt=\"Die undichte Plombe eines bereits fr\u00fcher verschlossenen Grabens wurde abgedichtet.\" src=\"https:\/\/www.naturparkmagazin.de\/stechlin\/wp-content\/uploads\/sites\/38\/k-DSC_0054-300x200.jpg\" width=\"300\" height=\"200\" \/><\/a><p id=\"caption-attachment-1957\" class=\"wp-caption-text\">Die undichte Plombe eines bereits fr\u00fcher verschlossenen Grabens wurde abgedichtet.<\/p><\/div>\n<p>&nbsp;<\/p>\n","protected":false},"excerpt":{"rendered":"<p>Um die Wasserqualit\u00e4t eines der wichtigsten Klarwasserseen im Naturpark dauerhaft zu erhalten, wurde das angrenzende Moor behutsam wiedervern\u00e4sst.<\/p>\n","protected":false},"author":39,"featured_media":1955,"comment_status":"open","ping_status":"open","sticky":false,"template":"","format":"standard","meta":[],"categories":[7],"tags":[],"yoast_head":"<!-- This site is optimized with the Yoast SEO plugin v19.10 - https:\/\/yoast.com\/wordpress\/plugins\/seo\/ -->\n<title>Wummseemoor wird wieder nass - Naturpark Stechlin-Ruppiner Land<\/title>\n<meta name=\"robots\" content=\"index, follow, max-snippet:-1, max-image-preview:large, max-video-preview:-1\" \/>\n<link rel=\"canonical\" href=\"https:\/\/www.naturparkmagazin.de\/stechlin\/wummseemoor-wird-wieder-nass\/\" \/>\n<meta property=\"og:locale\" content=\"de_DE\" \/>\n<meta property=\"og:type\" content=\"article\" \/>\n<meta property=\"og:title\" content=\"Wummseemoor wird wieder nass - Naturpark Stechlin-Ruppiner Land\" \/>\n<meta property=\"og:description\" content=\"Um die Wasserqualit\u00e4t eines der wichtigsten Klarwasserseen im Naturpark dauerhaft zu erhalten, wurde das angrenzende Moor behutsam wiedervern\u00e4sst.\" \/>\n<meta property=\"og:url\" content=\"https:\/\/www.naturparkmagazin.de\/stechlin\/wummseemoor-wird-wieder-nass\/\" \/>\n<meta property=\"og:site_name\" content=\"Naturpark Stechlin-Ruppiner Land\" \/>\n<meta property=\"article:published_time\" content=\"2015-03-18T14:46:38+00:00\" \/>\n<meta property=\"article:modified_time\" content=\"2015-03-24T10:59:36+00:00\" \/>\n<meta property=\"og:image\" content=\"https:\/\/www.naturparkmagazin.de\/stechlin\/wp-content\/uploads\/sites\/38\/k-DSC_0071.jpg\" \/>\n\t<meta property=\"og:image:width\" content=\"968\" \/>\n\t<meta property=\"og:image:height\" content=\"648\" \/>\n\t<meta property=\"og:image:type\" content=\"image\/jpeg\" \/>\n<meta name=\"author\" content=\"marioschrumpf\" \/>\n<meta name=\"twitter:label1\" content=\"Verfasst von\" \/>\n\t<meta name=\"twitter:data1\" content=\"marioschrumpf\" \/>\n\t<meta name=\"twitter:label2\" content=\"Gesch\u00e4tzte Lesezeit\" \/>\n\t<meta name=\"twitter:data2\" content=\"1\u00a0Minute\" \/>\n<script type=\"application\/ld+json\" class=\"yoast-schema-graph\">{\"@context\":\"https:\/\/schema.org\",\"@graph\":[{\"@type\":\"WebPage\",\"@id\":\"https:\/\/www.naturparkmagazin.de\/stechlin\/wummseemoor-wird-wieder-nass\/\",\"url\":\"https:\/\/www.naturparkmagazin.de\/stechlin\/wummseemoor-wird-wieder-nass\/\",\"name\":\"Wummseemoor wird wieder nass - Naturpark Stechlin-Ruppiner Land\",\"isPartOf\":{\"@id\":\"https:\/\/www.naturparkmagazin.de\/stechlin\/#website\"},\"datePublished\":\"2015-03-18T14:46:38+00:00\",\"dateModified\":\"2015-03-24T10:59:36+00:00\",\"author\":{\"@id\":\"https:\/\/www.naturparkmagazin.de\/stechlin\/#\/schema\/person\/3f0d93203df21c806dd63c76d9bb28bc\"},\"breadcrumb\":{\"@id\":\"https:\/\/www.naturparkmagazin.de\/stechlin\/wummseemoor-wird-wieder-nass\/#breadcrumb\"},\"inLanguage\":\"de\",\"potentialAction\":[{\"@type\":\"ReadAction\",\"target\":[\"https:\/\/www.naturparkmagazin.de\/stechlin\/wummseemoor-wird-wieder-nass\/\"]}]},{\"@type\":\"BreadcrumbList\",\"@id\":\"https:\/\/www.naturparkmagazin.de\/stechlin\/wummseemoor-wird-wieder-nass\/#breadcrumb\",\"itemListElement\":[{\"@type\":\"ListItem\",\"position\":1,\"name\":\"Home\",\"item\":\"https:\/\/www.naturparkmagazin.de\/stechlin\/\"},{\"@type\":\"ListItem\",\"position\":2,\"name\":\"Wummseemoor wird wieder nass\"}]},{\"@type\":\"WebSite\",\"@id\":\"https:\/\/www.naturparkmagazin.de\/stechlin\/#website\",\"url\":\"https:\/\/www.naturparkmagazin.de\/stechlin\/\",\"name\":\"Naturpark Stechlin-Ruppiner Land\",\"description\":\"\",\"potentialAction\":[{\"@type\":\"SearchAction\",\"target\":{\"@type\":\"EntryPoint\",\"urlTemplate\":\"https:\/\/www.naturparkmagazin.de\/stechlin\/?s={search_term_string}\"},\"query-input\":\"required name=search_term_string\"}],\"inLanguage\":\"de\"},{\"@type\":\"Person\",\"@id\":\"https:\/\/www.naturparkmagazin.de\/stechlin\/#\/schema\/person\/3f0d93203df21c806dd63c76d9bb28bc\",\"name\":\"marioschrumpf\",\"url\":\"https:\/\/www.naturparkmagazin.de\/stechlin\/author\/marioschrumpf\/\"}]}<\/script>\n<!-- \/ Yoast SEO plugin. -->","yoast_head_json":{"title":"Wummseemoor wird wieder nass - Naturpark Stechlin-Ruppiner Land","robots":{"index":"index","follow":"follow","max-snippet":"max-snippet:-1","max-image-preview":"max-image-preview:large","max-video-preview":"max-video-preview:-1"},"canonical":"https:\/\/www.naturparkmagazin.de\/stechlin\/wummseemoor-wird-wieder-nass\/","og_locale":"de_DE","og_type":"article","og_title":"Wummseemoor wird wieder nass - Naturpark Stechlin-Ruppiner Land","og_description":"Um die Wasserqualit\u00e4t eines der wichtigsten Klarwasserseen im Naturpark dauerhaft zu erhalten, wurde das angrenzende Moor behutsam wiedervern\u00e4sst.","og_url":"https:\/\/www.naturparkmagazin.de\/stechlin\/wummseemoor-wird-wieder-nass\/","og_site_name":"Naturpark Stechlin-Ruppiner Land","article_published_time":"2015-03-18T14:46:38+00:00","article_modified_time":"2015-03-24T10:59:36+00:00","og_image":[{"width":968,"height":648,"url":"https:\/\/www.naturparkmagazin.de\/stechlin\/wp-content\/uploads\/sites\/38\/k-DSC_0071.jpg","type":"image\/jpeg"}],"author":"marioschrumpf","twitter_misc":{"Verfasst von":"marioschrumpf","Gesch\u00e4tzte Lesezeit":"1\u00a0Minute"},"schema":{"@context":"https:\/\/schema.org","@graph":[{"@type":"WebPage","@id":"https:\/\/www.naturparkmagazin.de\/stechlin\/wummseemoor-wird-wieder-nass\/","url":"https:\/\/www.naturparkmagazin.de\/stechlin\/wummseemoor-wird-wieder-nass\/","name":"Wummseemoor wird wieder nass - Naturpark Stechlin-Ruppiner Land","isPartOf":{"@id":"https:\/\/www.naturparkmagazin.de\/stechlin\/#website"},"datePublished":"2015-03-18T14:46:38+00:00","dateModified":"2015-03-24T10:59:36+00:00","author":{"@id":"https:\/\/www.naturparkmagazin.de\/stechlin\/#\/schema\/person\/3f0d93203df21c806dd63c76d9bb28bc"},"breadcrumb":{"@id":"https:\/\/www.naturparkmagazin.de\/stechlin\/wummseemoor-wird-wieder-nass\/#breadcrumb"},"inLanguage":"de","potentialAction":[{"@type":"ReadAction","target":["https:\/\/www.naturparkmagazin.de\/stechlin\/wummseemoor-wird-wieder-nass\/"]}]},{"@type":"BreadcrumbList","@id":"https:\/\/www.naturparkmagazin.de\/stechlin\/wummseemoor-wird-wieder-nass\/#breadcrumb","itemListElement":[{"@type":"ListItem","position":1,"name":"Home","item":"https:\/\/www.naturparkmagazin.de\/stechlin\/"},{"@type":"ListItem","position":2,"name":"Wummseemoor wird wieder nass"}]},{"@type":"WebSite","@id":"https:\/\/www.naturparkmagazin.de\/stechlin\/#website","url":"https:\/\/www.naturparkmagazin.de\/stechlin\/","name":"Naturpark Stechlin-Ruppiner Land","description":"","potentialAction":[{"@type":"SearchAction","target":{"@type":"EntryPoint","urlTemplate":"https:\/\/www.naturparkmagazin.de\/stechlin\/?s={search_term_string}"},"query-input":"required name=search_term_string"}],"inLanguage":"de"},{"@type":"Person","@id":"https:\/\/www.naturparkmagazin.de\/stechlin\/#\/schema\/person\/3f0d93203df21c806dd63c76d9bb28bc","name":"marioschrumpf","url":"https:\/\/www.naturparkmagazin.de\/stechlin\/author\/marioschrumpf\/"}]}},"_links":{"self":[{"href":"https:\/\/www.naturparkmagazin.de\/stechlin\/wp-json\/wp\/v2\/posts\/1954"}],"collection":[{"href":"https:\/\/www.naturparkmagazin.de\/stechlin\/wp-json\/wp\/v2\/posts"}],"about":[{"href":"https:\/\/www.naturparkmagazin.de\/stechlin\/wp-json\/wp\/v2\/types\/post"}],"author":[{"embeddable":true,"href":"https:\/\/www.naturparkmagazin.de\/stechlin\/wp-json\/wp\/v2\/users\/39"}],"replies":[{"embeddable":true,"href":"https:\/\/www.naturparkmagazin.de\/stechlin\/wp-json\/wp\/v2\/comments?post=1954"}],"version-history":[{"count":6,"href":"https:\/\/www.naturparkmagazin.de\/stechlin\/wp-json\/wp\/v2\/posts\/1954\/revisions"}],"predecessor-version":[{"id":2073,"href":"https:\/\/www.naturparkmagazin.de\/stechlin\/wp-json\/wp\/v2\/posts\/1954\/revisions\/2073"}],"wp:featuredmedia":[{"embeddable":true,"href":"https:\/\/www.naturparkmagazin.de\/stechlin\/wp-json\/wp\/v2\/media\/1955"}],"wp:attachment":[{"href":"https:\/\/www.naturparkmagazin.de\/stechlin\/wp-json\/wp\/v2\/media?parent=1954"}],"wp:term":[{"taxonomy":"category","embeddable":true,"href":"https:\/\/www.naturparkmagazin.de\/stechlin\/wp-json\/wp\/v2\/categories?post=1954"},{"taxonomy":"post_tag","embeddable":true,"href":"https:\/\/www.naturparkmagazin.de\/stechlin\/wp-json\/wp\/v2\/tags?post=1954"}],"curies":[{"name":"wp","href":"https:\/\/api.w.org\/{rel}","templated":true}]}}