{"id":1977,"date":"2015-03-18T17:01:18","date_gmt":"2015-03-18T16:01:18","guid":{"rendered":"http:\/\/www.naturparkmagazin.de\/stechlin\/?p=1977"},"modified":"2015-03-24T11:51:56","modified_gmt":"2015-03-24T10:51:56","slug":"naturparkplan-wurde-abschliessend-diskutiert","status":"publish","type":"post","link":"https:\/\/www.naturparkmagazin.de\/stechlin\/naturparkplan-wurde-abschliessend-diskutiert\/","title":{"rendered":"Naturparkplan wurde abschlie\u00dfend diskutiert"},"content":{"rendered":"<div id=\"attachment_1979\" style=\"width: 310px\" class=\"wp-caption alignleft\"><a href=\"https:\/\/www.naturparkmagazin.de\/stechlin\/wp-content\/uploads\/sites\/38\/k-DSC_0029.jpg\"><img aria-describedby=\"caption-attachment-1979\" decoding=\"async\" loading=\"lazy\" class=\"size-thumbnail wp-image-1979\" alt=\"Die beteiligten Planer und das Team der Naturparkverwaltung.\" src=\"https:\/\/www.naturparkmagazin.de\/stechlin\/wp-content\/uploads\/sites\/38\/k-DSC_0029-300x200.jpg\" width=\"300\" height=\"200\" \/><\/a><p id=\"caption-attachment-1979\" class=\"wp-caption-text\">Die beteiligten Planer und das Team der Naturparkverwaltung.<\/p><\/div>\n<p>&nbsp;<\/p>\n<p>&nbsp;<\/p>\n<p>&nbsp;<\/p>\n<p>&nbsp;<\/p>\n<p>&nbsp;<\/p>\n<p>&nbsp;<\/p>\n<p>&nbsp;<\/p>\n<p>&nbsp;<\/p>\n<p>&nbsp;<\/p>\n<p>Mehr als 50 Vertreter von Beh\u00f6rden, Kommunen und Verb\u00e4nden, Landnutzer sowie Eigent\u00fcmer haben am 19.M\u00e4rz im Rahmen eines offenen Kolloquiums in Menz den Pflege- und Entwicklungsplan (PEP) des Naturparks abschlie\u00dfend diskutiert.<\/p>\n<p>In einem 5-j\u00e4hrigen Planungsproze\u00df wurden f\u00fcr 23 FFH- und 2 EU-Vogelschutzgebiete Managementpl\u00e4ne erstellt und in den PEP des Naturparks integriert. In mehr als 100 bilateralen Gespr\u00e4chen und zahlreichen Workshops, Arbeitsgruppensitzungen und Vorstellungsrunden wurde das Planwerk mit Landnutzern, Eigent\u00fcmern und Verb\u00e4nden diskutiert. Der im Auftrag des Landesamtes f\u00fcr Umwelt, Gesundheit und Verbaucherschutz erarbeitete PEP wurde durch die B\u00fcros LB Planer+Ingenieure, Planland Berlin und Institut f\u00fcr angewandte Gew\u00e4sser\u00f6kologie erstellt.<\/p>\n<p>Auf dem Kolloquium wurden der Grundlagenband und die 6 Fachbeitr\u00e4ge durch die jeweiligen Bearbeiter vorgestellt und noch offene Fragen diskutiert. Mit dem Abschluss der Planung verschwindet das Planwerk nicht in der Schublade. Der Naturschutzfachplan ist eine wichtige Arbeitsgrundlage f\u00fcr die Naturparkverwaltung. Gemeinsam mit den Partnern wird nun an die Umsetzung gegangen. Der Plan steht in K\u00fcrze als Angebotsplanung allen Interessierten im Internet zur Verf\u00fcgung. Auch sind die Inhalte &#8222;<em>nicht in Stein gemeiselt<\/em>&#8222;. Entsprechend neuer Erkenntnisse kann der Plan jederzeit fortgeschrieben werden. Ansprechpartnerin ist die Verfahrensbeauftragte Silke Oldorff (Tel.: 033082\/40717; E-Mail: <a href=\"mailto:Silke.Oldorff@lugv.brandenburg.de\">Silke.Oldorff@lugv.brandenburg.de<\/a>).<\/p>\n<p>&nbsp;<\/p>\n<div id=\"attachment_1980\" style=\"width: 310px\" class=\"wp-caption alignleft\"><a href=\"https:\/\/www.naturparkmagazin.de\/stechlin\/wp-content\/uploads\/sites\/38\/k-DSC_00054.jpg\"><img aria-describedby=\"caption-attachment-1980\" decoding=\"async\" loading=\"lazy\" class=\"size-thumbnail wp-image-1980\" alt=\"Das offene Abschlusskolloquium war sehr gut besucht.\" src=\"https:\/\/www.naturparkmagazin.de\/stechlin\/wp-content\/uploads\/sites\/38\/k-DSC_00054-300x200.jpg\" width=\"300\" height=\"200\" \/><\/a><p id=\"caption-attachment-1980\" class=\"wp-caption-text\"><a href=\"https:\/\/www.naturparkmagazin.de\/stechlin\/wp-content\/uploads\/sites\/38\/k-DSC_00152.jpg\"><img decoding=\"async\" loading=\"lazy\" class=\"size-thumbnail wp-image-1981\" alt=\"Die Vorstellung der Fachbeitr\u00e4ge fand gro\u00dfes Interesse.\" src=\"https:\/\/www.naturparkmagazin.de\/stechlin\/wp-content\/uploads\/sites\/38\/k-DSC_00152-300x200.jpg\" width=\"300\" height=\"200\" \/><\/a> Das offene Abschlusskolloquium war sehr gut besucht.<\/p><\/div>\n","protected":false},"excerpt":{"rendered":"<p>Mehr als 50 Vertreter von Beh\u00f6rden, Kommunen und Verb\u00e4nden, Landnutzer sowie Eigent\u00fcmer haben am 19. M\u00e4rz in Menz den Pflege- und Entwicklungsplan (PEP) des Naturparks abschlie\u00dfend diskutiert.<\/p>\n","protected":false},"author":39,"featured_media":1978,"comment_status":"open","ping_status":"open","sticky":false,"template":"","format":"standard","meta":[],"categories":[7],"tags":[],"yoast_head":"<!-- This site is optimized with the Yoast SEO plugin v19.10 - https:\/\/yoast.com\/wordpress\/plugins\/seo\/ -->\n<title>Naturparkplan wurde abschlie\u00dfend diskutiert - Naturpark Stechlin-Ruppiner Land<\/title>\n<meta name=\"robots\" content=\"index, follow, max-snippet:-1, max-image-preview:large, max-video-preview:-1\" \/>\n<link rel=\"canonical\" href=\"https:\/\/www.naturparkmagazin.de\/stechlin\/naturparkplan-wurde-abschliessend-diskutiert\/\" \/>\n<meta property=\"og:locale\" content=\"de_DE\" \/>\n<meta property=\"og:type\" content=\"article\" \/>\n<meta property=\"og:title\" content=\"Naturparkplan wurde abschlie\u00dfend diskutiert - Naturpark Stechlin-Ruppiner Land\" \/>\n<meta property=\"og:description\" content=\"Mehr als 50 Vertreter von Beh\u00f6rden, Kommunen und Verb\u00e4nden, Landnutzer sowie Eigent\u00fcmer haben am 19. M\u00e4rz in Menz den Pflege- und Entwicklungsplan (PEP) des Naturparks abschlie\u00dfend diskutiert.\" \/>\n<meta property=\"og:url\" content=\"https:\/\/www.naturparkmagazin.de\/stechlin\/naturparkplan-wurde-abschliessend-diskutiert\/\" \/>\n<meta property=\"og:site_name\" content=\"Naturpark Stechlin-Ruppiner Land\" \/>\n<meta property=\"article:published_time\" content=\"2015-03-18T16:01:18+00:00\" \/>\n<meta property=\"article:modified_time\" content=\"2015-03-24T10:51:56+00:00\" \/>\n<meta property=\"og:image\" content=\"https:\/\/www.naturparkmagazin.de\/stechlin\/wp-content\/uploads\/sites\/38\/k-DSC_00262.jpg\" \/>\n\t<meta property=\"og:image:width\" content=\"968\" \/>\n\t<meta property=\"og:image:height\" content=\"648\" \/>\n\t<meta property=\"og:image:type\" content=\"image\/jpeg\" \/>\n<meta name=\"author\" content=\"marioschrumpf\" \/>\n<meta name=\"twitter:label1\" content=\"Verfasst von\" \/>\n\t<meta name=\"twitter:data1\" content=\"marioschrumpf\" \/>\n\t<meta name=\"twitter:label2\" content=\"Gesch\u00e4tzte Lesezeit\" \/>\n\t<meta name=\"twitter:data2\" content=\"1\u00a0Minute\" \/>\n<script type=\"application\/ld+json\" class=\"yoast-schema-graph\">{\"@context\":\"https:\/\/schema.org\",\"@graph\":[{\"@type\":\"WebPage\",\"@id\":\"https:\/\/www.naturparkmagazin.de\/stechlin\/naturparkplan-wurde-abschliessend-diskutiert\/\",\"url\":\"https:\/\/www.naturparkmagazin.de\/stechlin\/naturparkplan-wurde-abschliessend-diskutiert\/\",\"name\":\"Naturparkplan wurde abschlie\u00dfend diskutiert - Naturpark Stechlin-Ruppiner Land\",\"isPartOf\":{\"@id\":\"https:\/\/www.naturparkmagazin.de\/stechlin\/#website\"},\"datePublished\":\"2015-03-18T16:01:18+00:00\",\"dateModified\":\"2015-03-24T10:51:56+00:00\",\"author\":{\"@id\":\"https:\/\/www.naturparkmagazin.de\/stechlin\/#\/schema\/person\/3f0d93203df21c806dd63c76d9bb28bc\"},\"breadcrumb\":{\"@id\":\"https:\/\/www.naturparkmagazin.de\/stechlin\/naturparkplan-wurde-abschliessend-diskutiert\/#breadcrumb\"},\"inLanguage\":\"de\",\"potentialAction\":[{\"@type\":\"ReadAction\",\"target\":[\"https:\/\/www.naturparkmagazin.de\/stechlin\/naturparkplan-wurde-abschliessend-diskutiert\/\"]}]},{\"@type\":\"BreadcrumbList\",\"@id\":\"https:\/\/www.naturparkmagazin.de\/stechlin\/naturparkplan-wurde-abschliessend-diskutiert\/#breadcrumb\",\"itemListElement\":[{\"@type\":\"ListItem\",\"position\":1,\"name\":\"Home\",\"item\":\"https:\/\/www.naturparkmagazin.de\/stechlin\/\"},{\"@type\":\"ListItem\",\"position\":2,\"name\":\"Naturparkplan wurde abschlie\u00dfend diskutiert\"}]},{\"@type\":\"WebSite\",\"@id\":\"https:\/\/www.naturparkmagazin.de\/stechlin\/#website\",\"url\":\"https:\/\/www.naturparkmagazin.de\/stechlin\/\",\"name\":\"Naturpark Stechlin-Ruppiner Land\",\"description\":\"\",\"potentialAction\":[{\"@type\":\"SearchAction\",\"target\":{\"@type\":\"EntryPoint\",\"urlTemplate\":\"https:\/\/www.naturparkmagazin.de\/stechlin\/?s={search_term_string}\"},\"query-input\":\"required name=search_term_string\"}],\"inLanguage\":\"de\"},{\"@type\":\"Person\",\"@id\":\"https:\/\/www.naturparkmagazin.de\/stechlin\/#\/schema\/person\/3f0d93203df21c806dd63c76d9bb28bc\",\"name\":\"marioschrumpf\",\"url\":\"https:\/\/www.naturparkmagazin.de\/stechlin\/author\/marioschrumpf\/\"}]}<\/script>\n<!-- \/ Yoast SEO plugin. -->","yoast_head_json":{"title":"Naturparkplan wurde abschlie\u00dfend diskutiert - Naturpark Stechlin-Ruppiner Land","robots":{"index":"index","follow":"follow","max-snippet":"max-snippet:-1","max-image-preview":"max-image-preview:large","max-video-preview":"max-video-preview:-1"},"canonical":"https:\/\/www.naturparkmagazin.de\/stechlin\/naturparkplan-wurde-abschliessend-diskutiert\/","og_locale":"de_DE","og_type":"article","og_title":"Naturparkplan wurde abschlie\u00dfend diskutiert - Naturpark Stechlin-Ruppiner Land","og_description":"Mehr als 50 Vertreter von Beh\u00f6rden, Kommunen und Verb\u00e4nden, Landnutzer sowie Eigent\u00fcmer haben am 19. M\u00e4rz in Menz den Pflege- und Entwicklungsplan (PEP) des Naturparks abschlie\u00dfend diskutiert.","og_url":"https:\/\/www.naturparkmagazin.de\/stechlin\/naturparkplan-wurde-abschliessend-diskutiert\/","og_site_name":"Naturpark Stechlin-Ruppiner Land","article_published_time":"2015-03-18T16:01:18+00:00","article_modified_time":"2015-03-24T10:51:56+00:00","og_image":[{"width":968,"height":648,"url":"https:\/\/www.naturparkmagazin.de\/stechlin\/wp-content\/uploads\/sites\/38\/k-DSC_00262.jpg","type":"image\/jpeg"}],"author":"marioschrumpf","twitter_misc":{"Verfasst von":"marioschrumpf","Gesch\u00e4tzte Lesezeit":"1\u00a0Minute"},"schema":{"@context":"https:\/\/schema.org","@graph":[{"@type":"WebPage","@id":"https:\/\/www.naturparkmagazin.de\/stechlin\/naturparkplan-wurde-abschliessend-diskutiert\/","url":"https:\/\/www.naturparkmagazin.de\/stechlin\/naturparkplan-wurde-abschliessend-diskutiert\/","name":"Naturparkplan wurde abschlie\u00dfend diskutiert - Naturpark Stechlin-Ruppiner Land","isPartOf":{"@id":"https:\/\/www.naturparkmagazin.de\/stechlin\/#website"},"datePublished":"2015-03-18T16:01:18+00:00","dateModified":"2015-03-24T10:51:56+00:00","author":{"@id":"https:\/\/www.naturparkmagazin.de\/stechlin\/#\/schema\/person\/3f0d93203df21c806dd63c76d9bb28bc"},"breadcrumb":{"@id":"https:\/\/www.naturparkmagazin.de\/stechlin\/naturparkplan-wurde-abschliessend-diskutiert\/#breadcrumb"},"inLanguage":"de","potentialAction":[{"@type":"ReadAction","target":["https:\/\/www.naturparkmagazin.de\/stechlin\/naturparkplan-wurde-abschliessend-diskutiert\/"]}]},{"@type":"BreadcrumbList","@id":"https:\/\/www.naturparkmagazin.de\/stechlin\/naturparkplan-wurde-abschliessend-diskutiert\/#breadcrumb","itemListElement":[{"@type":"ListItem","position":1,"name":"Home","item":"https:\/\/www.naturparkmagazin.de\/stechlin\/"},{"@type":"ListItem","position":2,"name":"Naturparkplan wurde abschlie\u00dfend diskutiert"}]},{"@type":"WebSite","@id":"https:\/\/www.naturparkmagazin.de\/stechlin\/#website","url":"https:\/\/www.naturparkmagazin.de\/stechlin\/","name":"Naturpark Stechlin-Ruppiner Land","description":"","potentialAction":[{"@type":"SearchAction","target":{"@type":"EntryPoint","urlTemplate":"https:\/\/www.naturparkmagazin.de\/stechlin\/?s={search_term_string}"},"query-input":"required name=search_term_string"}],"inLanguage":"de"},{"@type":"Person","@id":"https:\/\/www.naturparkmagazin.de\/stechlin\/#\/schema\/person\/3f0d93203df21c806dd63c76d9bb28bc","name":"marioschrumpf","url":"https:\/\/www.naturparkmagazin.de\/stechlin\/author\/marioschrumpf\/"}]}},"_links":{"self":[{"href":"https:\/\/www.naturparkmagazin.de\/stechlin\/wp-json\/wp\/v2\/posts\/1977"}],"collection":[{"href":"https:\/\/www.naturparkmagazin.de\/stechlin\/wp-json\/wp\/v2\/posts"}],"about":[{"href":"https:\/\/www.naturparkmagazin.de\/stechlin\/wp-json\/wp\/v2\/types\/post"}],"author":[{"embeddable":true,"href":"https:\/\/www.naturparkmagazin.de\/stechlin\/wp-json\/wp\/v2\/users\/39"}],"replies":[{"embeddable":true,"href":"https:\/\/www.naturparkmagazin.de\/stechlin\/wp-json\/wp\/v2\/comments?post=1977"}],"version-history":[{"count":10,"href":"https:\/\/www.naturparkmagazin.de\/stechlin\/wp-json\/wp\/v2\/posts\/1977\/revisions"}],"predecessor-version":[{"id":2069,"href":"https:\/\/www.naturparkmagazin.de\/stechlin\/wp-json\/wp\/v2\/posts\/1977\/revisions\/2069"}],"wp:featuredmedia":[{"embeddable":true,"href":"https:\/\/www.naturparkmagazin.de\/stechlin\/wp-json\/wp\/v2\/media\/1978"}],"wp:attachment":[{"href":"https:\/\/www.naturparkmagazin.de\/stechlin\/wp-json\/wp\/v2\/media?parent=1977"}],"wp:term":[{"taxonomy":"category","embeddable":true,"href":"https:\/\/www.naturparkmagazin.de\/stechlin\/wp-json\/wp\/v2\/categories?post=1977"},{"taxonomy":"post_tag","embeddable":true,"href":"https:\/\/www.naturparkmagazin.de\/stechlin\/wp-json\/wp\/v2\/tags?post=1977"}],"curies":[{"name":"wp","href":"https:\/\/api.w.org\/{rel}","templated":true}]}}