{"id":1987,"date":"2015-03-18T16:33:09","date_gmt":"2015-03-18T15:33:09","guid":{"rendered":"http:\/\/www.naturparkmagazin.de\/stechlin\/?p=1987"},"modified":"2015-03-24T11:56:42","modified_gmt":"2015-03-24T10:56:42","slug":"starschuss-fuer-das-eu-life-projekt-feuchtwaelder","status":"publish","type":"post","link":"https:\/\/www.naturparkmagazin.de\/stechlin\/starschuss-fuer-das-eu-life-projekt-feuchtwaelder\/","title":{"rendered":"Startschuss f\u00fcr das EU-Life-Projekt Feuchtw\u00e4lder in Menz"},"content":{"rendered":"<div id=\"attachment_1992\" style=\"width: 310px\" class=\"wp-caption alignleft\"><a href=\"https:\/\/www.naturparkmagazin.de\/stechlin\/wp-content\/uploads\/sites\/38\/150305-nabu-stiftung-presseauftakt-life-feuchtw__lder-nora-kuenkler.jpg\"><img aria-describedby=\"caption-attachment-1992\" decoding=\"async\" loading=\"lazy\" class=\"size-thumbnail wp-image-1992  \" alt=\"Presseauftakt im Naturpark Stechlin-Ruppiner Land mit Projektleiter Michael Zauft (links), Brandenburgs Umweltstaatssekret\u00e4rin Dr. Carolin Schilde (Mitte), NABU-Stiftungsvorsitzender Christian Unselt (2. v. rechts)und Naturparkleiter Dr. Mario Schrumpf (rechts) - Foto: Nora K\u00fcnkler \" src=\"https:\/\/www.naturparkmagazin.de\/stechlin\/wp-content\/uploads\/sites\/38\/150305-nabu-stiftung-presseauftakt-life-feuchtw__lder-nora-kuenkler-300x199.jpg\" width=\"300\" height=\"199\" \/><\/a><p id=\"caption-attachment-1992\" class=\"wp-caption-text\">Presseauftakt im Naturpark Stechlin-Ruppiner Land mit Projektleiter Michael Zauft (links), Gesch\u00e4ftf\u00fchrer NaturSchutzFonds Brandenburg, Bernhard Schmidt-Ruhe, Brandenburgs Umweltstaatssekret\u00e4rin Dr. Carolin Schilde (Mitte), NABU-Stiftungsvorsitzender Christian Unselt (2. v. rechts) und Naturparkleiter Dr. Mario Schrumpf (rechts) &#8211; Foto: Nora K\u00fcnkler<\/p><\/div>\n<p>&nbsp;<\/p>\n<p>&nbsp;<\/p>\n<p>&nbsp;<\/p>\n<p>&nbsp;<\/p>\n<p>&nbsp;<\/p>\n<p>&nbsp;<\/p>\n<p>&nbsp;<\/p>\n<p>&nbsp;<\/p>\n<p>&nbsp;<\/p>\n<p>&nbsp;<\/p>\n<p>&nbsp;<\/p>\n<div id=\"attachment_1989\" style=\"width: 310px\" class=\"wp-caption alignleft\"><a href=\"https:\/\/www.naturparkmagazin.de\/stechlin\/wp-content\/uploads\/sites\/38\/k-DSC_0031.jpg\"><img aria-describedby=\"caption-attachment-1989\" decoding=\"async\" loading=\"lazy\" class=\"size-thumbnail wp-image-1989 \" alt=\"Projektleiter Michael Zauft erkl\u00e4rt Staatssekret\u00e4rin Dr. Carolin Schilde die Wasserspeicherf\u00e4higkeit von Torfmoosen.\" src=\"https:\/\/www.naturparkmagazin.de\/stechlin\/wp-content\/uploads\/sites\/38\/k-DSC_0031-300x200.jpg\" width=\"300\" height=\"200\" \/><\/a><p id=\"caption-attachment-1989\" class=\"wp-caption-text\">Projektleiter Michael Zauft erkl\u00e4rt Staatssekret\u00e4rin Dr. Carolin Schilde die Wasserspeicherf\u00e4higkeit von Torfmoosen.<\/p><\/div>\n<p>&nbsp;<\/p>\n<p>&nbsp;<\/p>\n<p>&nbsp;<\/p>\n<p>&nbsp;<\/p>\n<p>&nbsp;<\/p>\n<p>&nbsp;<\/p>\n<p>&nbsp;<\/p>\n<p>&nbsp;<\/p>\n<p>&nbsp;<\/p>\n<p>Die Stiftung NaturSchutzFonds Brandenburg wird in den kommenden acht Jahren in zehn Brandenburger NATURA-2000-Gebieten an den\u00a0Fl\u00fcssen Stepenitz, Rhin und Dahme das EU-Projekt \u201eLIFE Feuchtw\u00e4lder\u201c umsetzen. In der Auftaktveranstaltung\u00a0 am 5. M\u00e4rz zum Projektstart betonte Brandenburgs Umweltstaatssekret\u00e4rin als Vorsitzende der Stiftung in Menz: \u201e<em>Mit dem EU-LIFE-Projekt leistet Brandenburg einen wichtigen Beitrag zum Erhalt seltener Auen- und Moorwaldbiotope<\/em>.\u201c<\/p>\n<p>\u201e<em>Mit der Umsetzung dieses Projekts werden nicht nur bedrohte Lebensr\u00e4ume und seltene Arten gesch\u00fctzt. ,LIFE-Feuchtw\u00e4lder\u2018 ist f\u00fcr mich auch ein konkretes Beispiel daf\u00fcr, dass Naturschutz nur mit den Fl\u00e4cheneigent\u00fcmern und Landnutzern dauerhaft umsetzbar ist<\/em>\u201c, so die Staatsekret\u00e4rin weiter: \u201e<em>Wer schon einmal die Sch\u00f6nheit des Moorwalds erleben durfte, wird best\u00e4tigen, dass es sich lohnt, diese Lebensr\u00e4ume zu erhalten. Deshalb ist eine gezielte \u00d6ffentlichkeitsarbeit und Besucherinformation ein wesentlicher Bestandteil des Projekts<\/em>.\u201c<\/p>\n<p>Nicht nur Feuchtw\u00e4lder, sondern auch seltene Lebensr\u00e4ume des Offenlands sollen durch eine entsprechende Bewirtschaftung bewahrt werden. Die Angebote des Projekts an die Landnutzer umfassen deshalb eine Unterst\u00fctzung bei der Neueinrichtung von Weidefl\u00e4chen, Anschubhilfen bei der erstmaligen Nutzung von Brachfl\u00e4chen und die Beratung an der Schnittstelle zur Agrar-Umweltf\u00f6rderung.<\/p>\n<p>Die Stiftung wird bei der Umsetzung vom Umweltministerium, insbesondere von den Naturparken Stechlin-Ruppiner Land und Dahme-Heideseen, aber auch von vielen Partnern in den Regionen unterst\u00fctzt. \u201e<em>Mit unseren Partnern stellen wir den Schutz der Auen- und Moorw\u00e4lder auch \u00fcber die Projektlaufzeit hinaus nachhaltig sicher<\/em>\u201c, unterstreicht Bernhard Schmidt-Ruhe, Gesch\u00e4ftsf\u00fchrer der Stiftung NaturSchutzFonds Brandenburg.<\/p>\n<p><b>Projektsteckbrief: Erhalt und Wiederherstellung von Auen- und Moorw\u00e4ldern in Brandenburg (\u201eLife Feuchtw\u00e4lder\u201c)<\/b><\/p>\n<p>Die Projektvereinbarung mit der EU wurde zum 1. Juli 2014\u00a0 geschlossen und endet am 30. September 2022. F\u00fcr das Naturschutzprojekt erh\u00e4lt die Stiftung 3,8 Millionen Euro aus dem EU-LIFE-Programm. Etwa 1,3 Millionen Euro kommen aus Ersatzzahlungen der Eingriffsregelung als Eigenanteil der Landesstiftung dazu. Die F\u00f6rdermittel und Ersatzzahlungen flie\u00dfen auf diesem Weg zur\u00fcck in die beteiligten Landkreise. Mit seinem Finanzumfang von insgesamt 5,1 Millionen Euro z\u00e4hlt das Brandenburger Feuchtwaldprojekt zu einem der vier LIFE-Plus-Natur-Projekte, die die Europ\u00e4ische Union in diesem Jahr in Deutschland finanziert hat. Es ist das dreizehnte brandenburgische Projekt seit dem Start der LIFE-Programme im Jahr 1992.\u00a0Zum Projektgebiet geh\u00f6ren zehn NATURA-2000-Gebiete in den Landkreisen Prignitz, Ostprignitz-Ruppin, Oberhavel, Dahme-Spreewald. Im Naturpark Stechlin-Ruppiner Land geh\u00f6ren die FFH-Gebiete Stechlin, Rheinsberger Rhin und Hellberge sowie Ruppiner Schweiz zur F\u00f6rderkulisse. Im Rahmen des Projekts sollen insgesamt 130 Hektar Auenwald und auf 25 Hektar Moorw\u00e4lder in ihrem Zustand erhalten und verbessert werden. 16 Hektar Auenwald soll neu entstehen. Weiterhin sollen auf 20 Hektar Flachland-M\u00e4hwiesen und Hochstaudenfluren Ma\u00dfnahmen zur Erhaltung und Verbesserung durchgef\u00fchrt \u00a0werden. F\u00fcr Birken-Moorw\u00e4lder und Kiefern-Moorw\u00e4lder tr\u00e4gt Brandenburg eine besondere Verantwortung, da 40 Prozent aller von Deutschland gemeldeten Vorkommen in Brandenburg liegen. Die zehn Projektgebiete liegen am Oberlauf der Stepenitz (Landkreis Prignitz) am Oberen Rhin (Landkreise Oberhavel und Ostprignitz-Ruppin) und im Mittleren Dahmetal, (Landkreis Dahme-Spreewald).<\/p>\n<div id=\"attachment_1990\" style=\"width: 310px\" class=\"wp-caption alignleft\"><a href=\"https:\/\/www.naturparkmagazin.de\/stechlin\/wp-content\/uploads\/sites\/38\/k-DSC_00252.jpg\"><img aria-describedby=\"caption-attachment-1990\" decoding=\"async\" loading=\"lazy\" class=\"size-thumbnail wp-image-1990 \" alt=\"Die Auftaktveranstaltung fand in der Regionalwerkstatt Stechlin in Menz statt.\" src=\"https:\/\/www.naturparkmagazin.de\/stechlin\/wp-content\/uploads\/sites\/38\/k-DSC_00252-300x200.jpg\" width=\"300\" height=\"200\" \/><\/a><p id=\"caption-attachment-1990\" class=\"wp-caption-text\">Die Auftaktveranstaltung fand in der Regionalwerkstatt Stechlin in Menz statt.<\/p><\/div>\n","protected":false},"excerpt":{"rendered":"<p>Am 5. M\u00e4rz wurde in Menz das landesweite EU-Life-Projekt Feuchtw\u00e4lder Brandenburg gestartet.<\/p>\n","protected":false},"author":39,"featured_media":2049,"comment_status":"open","ping_status":"open","sticky":false,"template":"","format":"standard","meta":[],"categories":[7],"tags":[],"yoast_head":"<!-- This site is optimized with the Yoast SEO plugin v19.10 - https:\/\/yoast.com\/wordpress\/plugins\/seo\/ -->\n<title>Startschuss f\u00fcr das EU-Life-Projekt Feuchtw\u00e4lder in Menz - Naturpark Stechlin-Ruppiner Land<\/title>\n<meta name=\"robots\" content=\"index, follow, max-snippet:-1, max-image-preview:large, max-video-preview:-1\" \/>\n<link rel=\"canonical\" href=\"https:\/\/www.naturparkmagazin.de\/stechlin\/starschuss-fuer-das-eu-life-projekt-feuchtwaelder\/\" \/>\n<meta property=\"og:locale\" content=\"de_DE\" \/>\n<meta property=\"og:type\" content=\"article\" \/>\n<meta property=\"og:title\" content=\"Startschuss f\u00fcr das EU-Life-Projekt Feuchtw\u00e4lder in Menz - Naturpark Stechlin-Ruppiner Land\" \/>\n<meta property=\"og:description\" content=\"Am 5. M\u00e4rz wurde in Menz das landesweite EU-Life-Projekt Feuchtw\u00e4lder Brandenburg gestartet.\" \/>\n<meta property=\"og:url\" content=\"https:\/\/www.naturparkmagazin.de\/stechlin\/starschuss-fuer-das-eu-life-projekt-feuchtwaelder\/\" \/>\n<meta property=\"og:site_name\" content=\"Naturpark Stechlin-Ruppiner Land\" \/>\n<meta property=\"article:published_time\" content=\"2015-03-18T15:33:09+00:00\" \/>\n<meta property=\"article:modified_time\" content=\"2015-03-24T10:56:42+00:00\" \/>\n<meta property=\"og:image\" content=\"https:\/\/www.naturparkmagazin.de\/stechlin\/wp-content\/uploads\/sites\/38\/csm_logoFeuchtwaelder_ce48e8a61b1.png\" \/>\n\t<meta property=\"og:image:width\" content=\"230\" \/>\n\t<meta property=\"og:image:height\" content=\"62\" \/>\n\t<meta property=\"og:image:type\" content=\"image\/png\" \/>\n<meta name=\"author\" content=\"marioschrumpf\" \/>\n<meta name=\"twitter:label1\" content=\"Verfasst von\" \/>\n\t<meta name=\"twitter:data1\" content=\"marioschrumpf\" \/>\n\t<meta name=\"twitter:label2\" content=\"Gesch\u00e4tzte Lesezeit\" \/>\n\t<meta name=\"twitter:data2\" content=\"3\u00a0Minuten\" \/>\n<script type=\"application\/ld+json\" class=\"yoast-schema-graph\">{\"@context\":\"https:\/\/schema.org\",\"@graph\":[{\"@type\":\"WebPage\",\"@id\":\"https:\/\/www.naturparkmagazin.de\/stechlin\/starschuss-fuer-das-eu-life-projekt-feuchtwaelder\/\",\"url\":\"https:\/\/www.naturparkmagazin.de\/stechlin\/starschuss-fuer-das-eu-life-projekt-feuchtwaelder\/\",\"name\":\"Startschuss f\u00fcr das EU-Life-Projekt Feuchtw\u00e4lder in Menz - Naturpark Stechlin-Ruppiner Land\",\"isPartOf\":{\"@id\":\"https:\/\/www.naturparkmagazin.de\/stechlin\/#website\"},\"datePublished\":\"2015-03-18T15:33:09+00:00\",\"dateModified\":\"2015-03-24T10:56:42+00:00\",\"author\":{\"@id\":\"https:\/\/www.naturparkmagazin.de\/stechlin\/#\/schema\/person\/3f0d93203df21c806dd63c76d9bb28bc\"},\"breadcrumb\":{\"@id\":\"https:\/\/www.naturparkmagazin.de\/stechlin\/starschuss-fuer-das-eu-life-projekt-feuchtwaelder\/#breadcrumb\"},\"inLanguage\":\"de\",\"potentialAction\":[{\"@type\":\"ReadAction\",\"target\":[\"https:\/\/www.naturparkmagazin.de\/stechlin\/starschuss-fuer-das-eu-life-projekt-feuchtwaelder\/\"]}]},{\"@type\":\"BreadcrumbList\",\"@id\":\"https:\/\/www.naturparkmagazin.de\/stechlin\/starschuss-fuer-das-eu-life-projekt-feuchtwaelder\/#breadcrumb\",\"itemListElement\":[{\"@type\":\"ListItem\",\"position\":1,\"name\":\"Home\",\"item\":\"https:\/\/www.naturparkmagazin.de\/stechlin\/\"},{\"@type\":\"ListItem\",\"position\":2,\"name\":\"Startschuss f\u00fcr das EU-Life-Projekt Feuchtw\u00e4lder in Menz\"}]},{\"@type\":\"WebSite\",\"@id\":\"https:\/\/www.naturparkmagazin.de\/stechlin\/#website\",\"url\":\"https:\/\/www.naturparkmagazin.de\/stechlin\/\",\"name\":\"Naturpark Stechlin-Ruppiner Land\",\"description\":\"\",\"potentialAction\":[{\"@type\":\"SearchAction\",\"target\":{\"@type\":\"EntryPoint\",\"urlTemplate\":\"https:\/\/www.naturparkmagazin.de\/stechlin\/?s={search_term_string}\"},\"query-input\":\"required name=search_term_string\"}],\"inLanguage\":\"de\"},{\"@type\":\"Person\",\"@id\":\"https:\/\/www.naturparkmagazin.de\/stechlin\/#\/schema\/person\/3f0d93203df21c806dd63c76d9bb28bc\",\"name\":\"marioschrumpf\",\"url\":\"https:\/\/www.naturparkmagazin.de\/stechlin\/author\/marioschrumpf\/\"}]}<\/script>\n<!-- \/ Yoast SEO plugin. -->","yoast_head_json":{"title":"Startschuss f\u00fcr das EU-Life-Projekt Feuchtw\u00e4lder in Menz - Naturpark Stechlin-Ruppiner Land","robots":{"index":"index","follow":"follow","max-snippet":"max-snippet:-1","max-image-preview":"max-image-preview:large","max-video-preview":"max-video-preview:-1"},"canonical":"https:\/\/www.naturparkmagazin.de\/stechlin\/starschuss-fuer-das-eu-life-projekt-feuchtwaelder\/","og_locale":"de_DE","og_type":"article","og_title":"Startschuss f\u00fcr das EU-Life-Projekt Feuchtw\u00e4lder in Menz - Naturpark Stechlin-Ruppiner Land","og_description":"Am 5. M\u00e4rz wurde in Menz das landesweite EU-Life-Projekt Feuchtw\u00e4lder Brandenburg gestartet.","og_url":"https:\/\/www.naturparkmagazin.de\/stechlin\/starschuss-fuer-das-eu-life-projekt-feuchtwaelder\/","og_site_name":"Naturpark Stechlin-Ruppiner Land","article_published_time":"2015-03-18T15:33:09+00:00","article_modified_time":"2015-03-24T10:56:42+00:00","og_image":[{"width":230,"height":62,"url":"https:\/\/www.naturparkmagazin.de\/stechlin\/wp-content\/uploads\/sites\/38\/csm_logoFeuchtwaelder_ce48e8a61b1.png","type":"image\/png"}],"author":"marioschrumpf","twitter_misc":{"Verfasst von":"marioschrumpf","Gesch\u00e4tzte Lesezeit":"3\u00a0Minuten"},"schema":{"@context":"https:\/\/schema.org","@graph":[{"@type":"WebPage","@id":"https:\/\/www.naturparkmagazin.de\/stechlin\/starschuss-fuer-das-eu-life-projekt-feuchtwaelder\/","url":"https:\/\/www.naturparkmagazin.de\/stechlin\/starschuss-fuer-das-eu-life-projekt-feuchtwaelder\/","name":"Startschuss f\u00fcr das EU-Life-Projekt Feuchtw\u00e4lder in Menz - Naturpark Stechlin-Ruppiner Land","isPartOf":{"@id":"https:\/\/www.naturparkmagazin.de\/stechlin\/#website"},"datePublished":"2015-03-18T15:33:09+00:00","dateModified":"2015-03-24T10:56:42+00:00","author":{"@id":"https:\/\/www.naturparkmagazin.de\/stechlin\/#\/schema\/person\/3f0d93203df21c806dd63c76d9bb28bc"},"breadcrumb":{"@id":"https:\/\/www.naturparkmagazin.de\/stechlin\/starschuss-fuer-das-eu-life-projekt-feuchtwaelder\/#breadcrumb"},"inLanguage":"de","potentialAction":[{"@type":"ReadAction","target":["https:\/\/www.naturparkmagazin.de\/stechlin\/starschuss-fuer-das-eu-life-projekt-feuchtwaelder\/"]}]},{"@type":"BreadcrumbList","@id":"https:\/\/www.naturparkmagazin.de\/stechlin\/starschuss-fuer-das-eu-life-projekt-feuchtwaelder\/#breadcrumb","itemListElement":[{"@type":"ListItem","position":1,"name":"Home","item":"https:\/\/www.naturparkmagazin.de\/stechlin\/"},{"@type":"ListItem","position":2,"name":"Startschuss f\u00fcr das EU-Life-Projekt Feuchtw\u00e4lder in Menz"}]},{"@type":"WebSite","@id":"https:\/\/www.naturparkmagazin.de\/stechlin\/#website","url":"https:\/\/www.naturparkmagazin.de\/stechlin\/","name":"Naturpark Stechlin-Ruppiner Land","description":"","potentialAction":[{"@type":"SearchAction","target":{"@type":"EntryPoint","urlTemplate":"https:\/\/www.naturparkmagazin.de\/stechlin\/?s={search_term_string}"},"query-input":"required name=search_term_string"}],"inLanguage":"de"},{"@type":"Person","@id":"https:\/\/www.naturparkmagazin.de\/stechlin\/#\/schema\/person\/3f0d93203df21c806dd63c76d9bb28bc","name":"marioschrumpf","url":"https:\/\/www.naturparkmagazin.de\/stechlin\/author\/marioschrumpf\/"}]}},"_links":{"self":[{"href":"https:\/\/www.naturparkmagazin.de\/stechlin\/wp-json\/wp\/v2\/posts\/1987"}],"collection":[{"href":"https:\/\/www.naturparkmagazin.de\/stechlin\/wp-json\/wp\/v2\/posts"}],"about":[{"href":"https:\/\/www.naturparkmagazin.de\/stechlin\/wp-json\/wp\/v2\/types\/post"}],"author":[{"embeddable":true,"href":"https:\/\/www.naturparkmagazin.de\/stechlin\/wp-json\/wp\/v2\/users\/39"}],"replies":[{"embeddable":true,"href":"https:\/\/www.naturparkmagazin.de\/stechlin\/wp-json\/wp\/v2\/comments?post=1987"}],"version-history":[{"count":7,"href":"https:\/\/www.naturparkmagazin.de\/stechlin\/wp-json\/wp\/v2\/posts\/1987\/revisions"}],"predecessor-version":[{"id":2072,"href":"https:\/\/www.naturparkmagazin.de\/stechlin\/wp-json\/wp\/v2\/posts\/1987\/revisions\/2072"}],"wp:featuredmedia":[{"embeddable":true,"href":"https:\/\/www.naturparkmagazin.de\/stechlin\/wp-json\/wp\/v2\/media\/2049"}],"wp:attachment":[{"href":"https:\/\/www.naturparkmagazin.de\/stechlin\/wp-json\/wp\/v2\/media?parent=1987"}],"wp:term":[{"taxonomy":"category","embeddable":true,"href":"https:\/\/www.naturparkmagazin.de\/stechlin\/wp-json\/wp\/v2\/categories?post=1987"},{"taxonomy":"post_tag","embeddable":true,"href":"https:\/\/www.naturparkmagazin.de\/stechlin\/wp-json\/wp\/v2\/tags?post=1987"}],"curies":[{"name":"wp","href":"https:\/\/api.w.org\/{rel}","templated":true}]}}