{"id":1994,"date":"2015-03-17T18:49:15","date_gmt":"2015-03-17T17:49:15","guid":{"rendered":"http:\/\/www.naturparkmagazin.de\/stechlin\/?p=1994"},"modified":"2015-03-24T12:04:29","modified_gmt":"2015-03-24T11:04:29","slug":"stechliner-konzertfruehling-am-4-april","status":"publish","type":"post","link":"https:\/\/www.naturparkmagazin.de\/stechlin\/stechliner-konzertfruehling-am-4-april\/","title":{"rendered":"Stechliner Konzertfr\u00fchling startet am 4. April"},"content":{"rendered":"<div id=\"attachment_2020\" style=\"width: 310px\" class=\"wp-caption alignleft\"><a href=\"https:\/\/www.naturparkmagazin.de\/stechlin\/wp-content\/uploads\/sites\/38\/k-DSC_04841.jpg\"><img aria-describedby=\"caption-attachment-2020\" decoding=\"async\" loading=\"lazy\" class=\"size-thumbnail wp-image-2020\" alt=\"k-DSC_0484\" src=\"https:\/\/www.naturparkmagazin.de\/stechlin\/wp-content\/uploads\/sites\/38\/k-DSC_04841-300x225.jpg\" width=\"300\" height=\"225\" srcset=\"https:\/\/www.naturparkmagazin.de\/stechlin\/wp-content\/uploads\/sites\/38\/k-DSC_04841-300x225.jpg 300w, https:\/\/www.naturparkmagazin.de\/stechlin\/wp-content\/uploads\/sites\/38\/k-DSC_04841-180x135.jpg 180w, https:\/\/www.naturparkmagazin.de\/stechlin\/wp-content\/uploads\/sites\/38\/k-DSC_04841-95x71.jpg 95w, https:\/\/www.naturparkmagazin.de\/stechlin\/wp-content\/uploads\/sites\/38\/k-DSC_04841-200x150.jpg 200w, https:\/\/www.naturparkmagazin.de\/stechlin\/wp-content\/uploads\/sites\/38\/k-DSC_04841.jpg 320w\" sizes=\"(max-width: 300px) 100vw, 300px\" \/><\/a><p id=\"caption-attachment-2020\" class=\"wp-caption-text\">Auf in die Natur!<\/p><\/div>\n<p>&nbsp;<\/p>\n<p>&nbsp;<\/p>\n<p>&nbsp;<\/p>\n<p>&nbsp;<\/p>\n<p>&nbsp;<\/p>\n<p>&nbsp;<\/p>\n<p>&nbsp;<\/p>\n<p>&nbsp;<\/p>\n<p>&nbsp;<\/p>\n<p><strong><em>&#8222;<\/em><\/strong><strong><em>Vom Eise befreit &#8230;&#8220;<\/em> na hoffentlich!<\/strong><\/p>\n<p>Mit einigen alten Br\u00e4uchen wollen\u00a0Sie die Ranger des Naturparks auf die Feiertage einstimmen und die ersten Anzeichen des Fr\u00fchlings suchen. Ein Vergn\u00fcgen f\u00fcr alle Sinne!<\/p>\n<p><strong>Treffpunkt:<\/strong> Parkplatz am Friedensplatz in Menz<\/p>\n<p><strong>Dauer:<\/strong> 13 bis 17 Uhr<\/p>\n<p><strong>Leitung\/Anmeldung:<\/strong> Naturwacht Stechlin-Ruppiner Land, Tel.\/AB\/Fax: 033082 50214, 0170 7926947<\/p>\n<p><strong>Anmeldeschluss:<\/strong> einen Tag vor Start<\/p>\n<p><strong>Mindestteilnehmerzahl:<\/strong> 7 Personen<\/p>\n","protected":false},"excerpt":{"rendered":"<p>Mit einigen alten Br\u00e4uchen wollen Sie die Ranger des Naturparks auf die Feiertage einstimmen und die ersten Anzeichen des Fr\u00fchlings suchen. <\/p>\n","protected":false},"author":39,"featured_media":2020,"comment_status":"open","ping_status":"open","sticky":false,"template":"","format":"standard","meta":[],"categories":[11],"tags":[],"yoast_head":"<!-- This site is optimized with the Yoast SEO plugin v19.10 - https:\/\/yoast.com\/wordpress\/plugins\/seo\/ -->\n<title>Stechliner Konzertfr\u00fchling startet am 4. April - Naturpark Stechlin-Ruppiner Land<\/title>\n<meta name=\"robots\" content=\"index, follow, max-snippet:-1, max-image-preview:large, max-video-preview:-1\" \/>\n<link rel=\"canonical\" href=\"https:\/\/www.naturparkmagazin.de\/stechlin\/stechliner-konzertfruehling-am-4-april\/\" \/>\n<meta property=\"og:locale\" content=\"de_DE\" \/>\n<meta property=\"og:type\" content=\"article\" \/>\n<meta property=\"og:title\" content=\"Stechliner Konzertfr\u00fchling startet am 4. April - Naturpark Stechlin-Ruppiner Land\" \/>\n<meta property=\"og:description\" content=\"Mit einigen alten Br\u00e4uchen wollen Sie die Ranger des Naturparks auf die Feiertage einstimmen und die ersten Anzeichen des Fr\u00fchlings suchen.\" \/>\n<meta property=\"og:url\" content=\"https:\/\/www.naturparkmagazin.de\/stechlin\/stechliner-konzertfruehling-am-4-april\/\" \/>\n<meta property=\"og:site_name\" content=\"Naturpark Stechlin-Ruppiner Land\" \/>\n<meta property=\"article:published_time\" content=\"2015-03-17T17:49:15+00:00\" \/>\n<meta property=\"article:modified_time\" content=\"2015-03-24T11:04:29+00:00\" \/>\n<meta property=\"og:image\" content=\"https:\/\/www.naturparkmagazin.de\/stechlin\/wp-content\/uploads\/sites\/38\/k-DSC_04841.jpg\" \/>\n\t<meta property=\"og:image:width\" content=\"320\" \/>\n\t<meta property=\"og:image:height\" content=\"240\" \/>\n\t<meta property=\"og:image:type\" content=\"image\/jpeg\" \/>\n<meta name=\"author\" content=\"marioschrumpf\" \/>\n<meta name=\"twitter:label1\" content=\"Verfasst von\" \/>\n\t<meta name=\"twitter:data1\" content=\"marioschrumpf\" \/>\n<script type=\"application\/ld+json\" class=\"yoast-schema-graph\">{\"@context\":\"https:\/\/schema.org\",\"@graph\":[{\"@type\":\"WebPage\",\"@id\":\"https:\/\/www.naturparkmagazin.de\/stechlin\/stechliner-konzertfruehling-am-4-april\/\",\"url\":\"https:\/\/www.naturparkmagazin.de\/stechlin\/stechliner-konzertfruehling-am-4-april\/\",\"name\":\"Stechliner Konzertfr\u00fchling startet am 4. April - Naturpark Stechlin-Ruppiner Land\",\"isPartOf\":{\"@id\":\"https:\/\/www.naturparkmagazin.de\/stechlin\/#website\"},\"datePublished\":\"2015-03-17T17:49:15+00:00\",\"dateModified\":\"2015-03-24T11:04:29+00:00\",\"author\":{\"@id\":\"https:\/\/www.naturparkmagazin.de\/stechlin\/#\/schema\/person\/3f0d93203df21c806dd63c76d9bb28bc\"},\"breadcrumb\":{\"@id\":\"https:\/\/www.naturparkmagazin.de\/stechlin\/stechliner-konzertfruehling-am-4-april\/#breadcrumb\"},\"inLanguage\":\"de\",\"potentialAction\":[{\"@type\":\"ReadAction\",\"target\":[\"https:\/\/www.naturparkmagazin.de\/stechlin\/stechliner-konzertfruehling-am-4-april\/\"]}]},{\"@type\":\"BreadcrumbList\",\"@id\":\"https:\/\/www.naturparkmagazin.de\/stechlin\/stechliner-konzertfruehling-am-4-april\/#breadcrumb\",\"itemListElement\":[{\"@type\":\"ListItem\",\"position\":1,\"name\":\"Home\",\"item\":\"https:\/\/www.naturparkmagazin.de\/stechlin\/\"},{\"@type\":\"ListItem\",\"position\":2,\"name\":\"Stechliner Konzertfr\u00fchling startet am 4. April\"}]},{\"@type\":\"WebSite\",\"@id\":\"https:\/\/www.naturparkmagazin.de\/stechlin\/#website\",\"url\":\"https:\/\/www.naturparkmagazin.de\/stechlin\/\",\"name\":\"Naturpark Stechlin-Ruppiner Land\",\"description\":\"\",\"potentialAction\":[{\"@type\":\"SearchAction\",\"target\":{\"@type\":\"EntryPoint\",\"urlTemplate\":\"https:\/\/www.naturparkmagazin.de\/stechlin\/?s={search_term_string}\"},\"query-input\":\"required name=search_term_string\"}],\"inLanguage\":\"de\"},{\"@type\":\"Person\",\"@id\":\"https:\/\/www.naturparkmagazin.de\/stechlin\/#\/schema\/person\/3f0d93203df21c806dd63c76d9bb28bc\",\"name\":\"marioschrumpf\",\"url\":\"https:\/\/www.naturparkmagazin.de\/stechlin\/author\/marioschrumpf\/\"}]}<\/script>\n<!-- \/ Yoast SEO plugin. -->","yoast_head_json":{"title":"Stechliner Konzertfr\u00fchling startet am 4. April - Naturpark Stechlin-Ruppiner Land","robots":{"index":"index","follow":"follow","max-snippet":"max-snippet:-1","max-image-preview":"max-image-preview:large","max-video-preview":"max-video-preview:-1"},"canonical":"https:\/\/www.naturparkmagazin.de\/stechlin\/stechliner-konzertfruehling-am-4-april\/","og_locale":"de_DE","og_type":"article","og_title":"Stechliner Konzertfr\u00fchling startet am 4. April - Naturpark Stechlin-Ruppiner Land","og_description":"Mit einigen alten Br\u00e4uchen wollen Sie die Ranger des Naturparks auf die Feiertage einstimmen und die ersten Anzeichen des Fr\u00fchlings suchen.","og_url":"https:\/\/www.naturparkmagazin.de\/stechlin\/stechliner-konzertfruehling-am-4-april\/","og_site_name":"Naturpark Stechlin-Ruppiner Land","article_published_time":"2015-03-17T17:49:15+00:00","article_modified_time":"2015-03-24T11:04:29+00:00","og_image":[{"width":320,"height":240,"url":"https:\/\/www.naturparkmagazin.de\/stechlin\/wp-content\/uploads\/sites\/38\/k-DSC_04841.jpg","type":"image\/jpeg"}],"author":"marioschrumpf","twitter_misc":{"Verfasst von":"marioschrumpf"},"schema":{"@context":"https:\/\/schema.org","@graph":[{"@type":"WebPage","@id":"https:\/\/www.naturparkmagazin.de\/stechlin\/stechliner-konzertfruehling-am-4-april\/","url":"https:\/\/www.naturparkmagazin.de\/stechlin\/stechliner-konzertfruehling-am-4-april\/","name":"Stechliner Konzertfr\u00fchling startet am 4. April - Naturpark Stechlin-Ruppiner Land","isPartOf":{"@id":"https:\/\/www.naturparkmagazin.de\/stechlin\/#website"},"datePublished":"2015-03-17T17:49:15+00:00","dateModified":"2015-03-24T11:04:29+00:00","author":{"@id":"https:\/\/www.naturparkmagazin.de\/stechlin\/#\/schema\/person\/3f0d93203df21c806dd63c76d9bb28bc"},"breadcrumb":{"@id":"https:\/\/www.naturparkmagazin.de\/stechlin\/stechliner-konzertfruehling-am-4-april\/#breadcrumb"},"inLanguage":"de","potentialAction":[{"@type":"ReadAction","target":["https:\/\/www.naturparkmagazin.de\/stechlin\/stechliner-konzertfruehling-am-4-april\/"]}]},{"@type":"BreadcrumbList","@id":"https:\/\/www.naturparkmagazin.de\/stechlin\/stechliner-konzertfruehling-am-4-april\/#breadcrumb","itemListElement":[{"@type":"ListItem","position":1,"name":"Home","item":"https:\/\/www.naturparkmagazin.de\/stechlin\/"},{"@type":"ListItem","position":2,"name":"Stechliner Konzertfr\u00fchling startet am 4. April"}]},{"@type":"WebSite","@id":"https:\/\/www.naturparkmagazin.de\/stechlin\/#website","url":"https:\/\/www.naturparkmagazin.de\/stechlin\/","name":"Naturpark Stechlin-Ruppiner Land","description":"","potentialAction":[{"@type":"SearchAction","target":{"@type":"EntryPoint","urlTemplate":"https:\/\/www.naturparkmagazin.de\/stechlin\/?s={search_term_string}"},"query-input":"required name=search_term_string"}],"inLanguage":"de"},{"@type":"Person","@id":"https:\/\/www.naturparkmagazin.de\/stechlin\/#\/schema\/person\/3f0d93203df21c806dd63c76d9bb28bc","name":"marioschrumpf","url":"https:\/\/www.naturparkmagazin.de\/stechlin\/author\/marioschrumpf\/"}]}},"_links":{"self":[{"href":"https:\/\/www.naturparkmagazin.de\/stechlin\/wp-json\/wp\/v2\/posts\/1994"}],"collection":[{"href":"https:\/\/www.naturparkmagazin.de\/stechlin\/wp-json\/wp\/v2\/posts"}],"about":[{"href":"https:\/\/www.naturparkmagazin.de\/stechlin\/wp-json\/wp\/v2\/types\/post"}],"author":[{"embeddable":true,"href":"https:\/\/www.naturparkmagazin.de\/stechlin\/wp-json\/wp\/v2\/users\/39"}],"replies":[{"embeddable":true,"href":"https:\/\/www.naturparkmagazin.de\/stechlin\/wp-json\/wp\/v2\/comments?post=1994"}],"version-history":[{"count":5,"href":"https:\/\/www.naturparkmagazin.de\/stechlin\/wp-json\/wp\/v2\/posts\/1994\/revisions"}],"predecessor-version":[{"id":1999,"href":"https:\/\/www.naturparkmagazin.de\/stechlin\/wp-json\/wp\/v2\/posts\/1994\/revisions\/1999"}],"wp:featuredmedia":[{"embeddable":true,"href":"https:\/\/www.naturparkmagazin.de\/stechlin\/wp-json\/wp\/v2\/media\/2020"}],"wp:attachment":[{"href":"https:\/\/www.naturparkmagazin.de\/stechlin\/wp-json\/wp\/v2\/media?parent=1994"}],"wp:term":[{"taxonomy":"category","embeddable":true,"href":"https:\/\/www.naturparkmagazin.de\/stechlin\/wp-json\/wp\/v2\/categories?post=1994"},{"taxonomy":"post_tag","embeddable":true,"href":"https:\/\/www.naturparkmagazin.de\/stechlin\/wp-json\/wp\/v2\/tags?post=1994"}],"curies":[{"name":"wp","href":"https:\/\/api.w.org\/{rel}","templated":true}]}}