{"id":2092,"date":"2015-04-20T14:08:04","date_gmt":"2015-04-20T12:08:04","guid":{"rendered":"http:\/\/www.naturparkmagazin.de\/stechlin\/?p=2092"},"modified":"2015-04-23T18:42:54","modified_gmt":"2015-04-23T16:42:54","slug":"wieder-tausende-kroeten-und-froesche-gerettet","status":"publish","type":"post","link":"https:\/\/www.naturparkmagazin.de\/stechlin\/wieder-tausende-kroeten-und-froesche-gerettet\/","title":{"rendered":"Wieder tausende Kr\u00f6ten und Fr\u00f6sche gerettet"},"content":{"rendered":"<div id=\"attachment_2094\" style=\"width: 310px\" class=\"wp-caption alignleft\"><a href=\"https:\/\/www.naturparkmagazin.de\/stechlin\/wp-content\/uploads\/sites\/38\/Amphibienzaun-Dierberg_2.jpg\"><img aria-describedby=\"caption-attachment-2094\" decoding=\"async\" loading=\"lazy\" class=\"size-thumbnail wp-image-2094\" alt=\"&quot;Tagaktuell wird \u00fcber den Stand der geretteten Tiere berichtet&quot;\" src=\"https:\/\/www.naturparkmagazin.de\/stechlin\/wp-content\/uploads\/sites\/38\/Amphibienzaun-Dierberg_2-300x225.jpg\" width=\"300\" height=\"225\" srcset=\"https:\/\/www.naturparkmagazin.de\/stechlin\/wp-content\/uploads\/sites\/38\/Amphibienzaun-Dierberg_2-300x225.jpg 300w, https:\/\/www.naturparkmagazin.de\/stechlin\/wp-content\/uploads\/sites\/38\/Amphibienzaun-Dierberg_2-420x315.jpg 420w, https:\/\/www.naturparkmagazin.de\/stechlin\/wp-content\/uploads\/sites\/38\/Amphibienzaun-Dierberg_2-180x135.jpg 180w, https:\/\/www.naturparkmagazin.de\/stechlin\/wp-content\/uploads\/sites\/38\/Amphibienzaun-Dierberg_2-95x71.jpg 95w, https:\/\/www.naturparkmagazin.de\/stechlin\/wp-content\/uploads\/sites\/38\/Amphibienzaun-Dierberg_2.jpg 500w, https:\/\/www.naturparkmagazin.de\/stechlin\/wp-content\/uploads\/sites\/38\/Amphibienzaun-Dierberg_2-200x150.jpg 200w\" sizes=\"(max-width: 300px) 100vw, 300px\" \/><\/a><p id=\"caption-attachment-2094\" class=\"wp-caption-text\">Tagaktuell wird vor Ort \u00fcber den Stand der geretteten Tiere berichtet<\/p><\/div>\n<p>&nbsp;<\/p>\n<p>&nbsp;<\/p>\n<p>&nbsp;<\/p>\n<p>&nbsp;<\/p>\n<p>&nbsp;<\/p>\n<p>&nbsp;<\/p>\n<p>&nbsp;<\/p>\n<p>&nbsp;<\/p>\n<p>&nbsp;<\/p>\n<p>&nbsp;<\/p>\n<p>Dank des engagierten Einsatzes zahlreicher Freiwilliger koordiniert durch die Naturwacht wurden in diesem Fr\u00fchjahr mehr als <strong>15.000 Amphibien<\/strong> vor dem sicheren Stra\u00dfentod gerettet.<\/p>\n<p>Auf fast <strong>2 km L\u00e4nge<\/strong> sicherten tempor\u00e4re Amphibienz\u00e4une das \u00dcberleben von Teich- und Kammmolch, Erd- und Knoblauchkr\u00f6te, Moor- und Grasfrosch sowie Rotbauchunke und Teichfrosch. So betreute die Naturwacht des Naturparks u.a. den Zaun an der <strong>B 122 am Zollhaus bei Dierberg<\/strong>, am <strong>Kuhburgsberg bei Neuruppin<\/strong> und am <strong>Schulzensee bei Z\u00fchlen<\/strong>. Die Gr\u00fcne Liga Oberhavel betreute zwei &#8222;Kr\u00f6tenz\u00e4une&#8220; bei Keller und Sch\u00f6nermark.<\/p>\n<p>Zus\u00e4tzlich wurde durch die Naturwacht eine <strong>Effiziensuntersuchung an der station\u00e4ren Amphibienanlage Altglobsow<\/strong> durchgef\u00fchrt. Auf ihrem Weg vom Winterlebensraum zum Laichgew\u00e4sser sind Kr\u00f6te, Frosch &amp; Co. beim Queren von Stra\u00dfen besonders gef\u00e4hrdet. Tempor\u00e4re Z\u00e4une sichern nicht nur das \u00dcberleben, sondern liefern auch wichtige Daten f\u00fcr die zuk\u00fcnftige Errichtung station\u00e4rer Anlagen, die im Naturpark bereits in Seilershof und Altglobsow errichtet wurden.<\/p>\n<p>&nbsp;<\/p>\n<div id=\"attachment_96\" style=\"width: 310px\" class=\"wp-caption alignleft\"><a href=\"https:\/\/www.naturparkmagazin.de\/stechlin\/wp-content\/uploads\/sites\/38\/Amphibien-im-Beh\u00e4lter.jpg\"><img aria-describedby=\"caption-attachment-96\" decoding=\"async\" loading=\"lazy\" class=\"size-thumbnail wp-image-96\" alt=\"Amphibien im Beh\u00e4lter\" src=\"https:\/\/www.naturparkmagazin.de\/stechlin\/wp-content\/uploads\/sites\/38\/Amphibien-im-Beh\u00e4lter-300x206.jpg\" width=\"300\" height=\"206\" \/><\/a><p id=\"caption-attachment-96\" class=\"wp-caption-text\">Gro\u00df ist die Vielfalt der heimischen Amphibien im Naturpark<\/p><\/div>\n<p>&nbsp;<\/p>\n","protected":false},"excerpt":{"rendered":"<p>Dank des engagierten Einsatzes zahlreicher Freiwilliger koordiniert durch die Naturwacht wurden mehr als 15.000 Amphibien vor dem sicheren Stra\u00dfentot gerettet. <\/p>\n","protected":false},"author":39,"featured_media":834,"comment_status":"open","ping_status":"open","sticky":false,"template":"","format":"standard","meta":[],"categories":[7],"tags":[],"yoast_head":"<!-- This site is optimized with the Yoast SEO plugin v19.10 - https:\/\/yoast.com\/wordpress\/plugins\/seo\/ -->\n<title>Wieder tausende Kr\u00f6ten und Fr\u00f6sche gerettet - Naturpark Stechlin-Ruppiner Land<\/title>\n<meta name=\"robots\" content=\"index, follow, max-snippet:-1, max-image-preview:large, max-video-preview:-1\" \/>\n<link rel=\"canonical\" href=\"https:\/\/www.naturparkmagazin.de\/stechlin\/wieder-tausende-kroeten-und-froesche-gerettet\/\" \/>\n<meta property=\"og:locale\" content=\"de_DE\" \/>\n<meta property=\"og:type\" content=\"article\" \/>\n<meta property=\"og:title\" content=\"Wieder tausende Kr\u00f6ten und Fr\u00f6sche gerettet - Naturpark Stechlin-Ruppiner Land\" \/>\n<meta property=\"og:description\" content=\"Dank des engagierten Einsatzes zahlreicher Freiwilliger koordiniert durch die Naturwacht wurden mehr als 15.000 Amphibien vor dem sicheren Stra\u00dfentot gerettet.\" \/>\n<meta property=\"og:url\" content=\"https:\/\/www.naturparkmagazin.de\/stechlin\/wieder-tausende-kroeten-und-froesche-gerettet\/\" \/>\n<meta property=\"og:site_name\" content=\"Naturpark Stechlin-Ruppiner Land\" \/>\n<meta property=\"article:published_time\" content=\"2015-04-20T12:08:04+00:00\" \/>\n<meta property=\"article:modified_time\" content=\"2015-04-23T16:42:54+00:00\" \/>\n<meta property=\"og:image\" content=\"https:\/\/www.naturparkmagazin.de\/stechlin\/wp-content\/uploads\/sites\/38\/Bild-067.jpg\" \/>\n\t<meta property=\"og:image:width\" content=\"1024\" \/>\n\t<meta property=\"og:image:height\" content=\"577\" \/>\n\t<meta property=\"og:image:type\" content=\"image\/jpeg\" \/>\n<meta name=\"author\" content=\"marioschrumpf\" \/>\n<meta name=\"twitter:label1\" content=\"Verfasst von\" \/>\n\t<meta name=\"twitter:data1\" content=\"marioschrumpf\" \/>\n\t<meta name=\"twitter:label2\" content=\"Gesch\u00e4tzte Lesezeit\" \/>\n\t<meta name=\"twitter:data2\" content=\"1\u00a0Minute\" \/>\n<script type=\"application\/ld+json\" class=\"yoast-schema-graph\">{\"@context\":\"https:\/\/schema.org\",\"@graph\":[{\"@type\":\"WebPage\",\"@id\":\"https:\/\/www.naturparkmagazin.de\/stechlin\/wieder-tausende-kroeten-und-froesche-gerettet\/\",\"url\":\"https:\/\/www.naturparkmagazin.de\/stechlin\/wieder-tausende-kroeten-und-froesche-gerettet\/\",\"name\":\"Wieder tausende Kr\u00f6ten und Fr\u00f6sche gerettet - Naturpark Stechlin-Ruppiner Land\",\"isPartOf\":{\"@id\":\"https:\/\/www.naturparkmagazin.de\/stechlin\/#website\"},\"datePublished\":\"2015-04-20T12:08:04+00:00\",\"dateModified\":\"2015-04-23T16:42:54+00:00\",\"author\":{\"@id\":\"https:\/\/www.naturparkmagazin.de\/stechlin\/#\/schema\/person\/3f0d93203df21c806dd63c76d9bb28bc\"},\"breadcrumb\":{\"@id\":\"https:\/\/www.naturparkmagazin.de\/stechlin\/wieder-tausende-kroeten-und-froesche-gerettet\/#breadcrumb\"},\"inLanguage\":\"de\",\"potentialAction\":[{\"@type\":\"ReadAction\",\"target\":[\"https:\/\/www.naturparkmagazin.de\/stechlin\/wieder-tausende-kroeten-und-froesche-gerettet\/\"]}]},{\"@type\":\"BreadcrumbList\",\"@id\":\"https:\/\/www.naturparkmagazin.de\/stechlin\/wieder-tausende-kroeten-und-froesche-gerettet\/#breadcrumb\",\"itemListElement\":[{\"@type\":\"ListItem\",\"position\":1,\"name\":\"Home\",\"item\":\"https:\/\/www.naturparkmagazin.de\/stechlin\/\"},{\"@type\":\"ListItem\",\"position\":2,\"name\":\"Wieder tausende Kr\u00f6ten und Fr\u00f6sche gerettet\"}]},{\"@type\":\"WebSite\",\"@id\":\"https:\/\/www.naturparkmagazin.de\/stechlin\/#website\",\"url\":\"https:\/\/www.naturparkmagazin.de\/stechlin\/\",\"name\":\"Naturpark Stechlin-Ruppiner Land\",\"description\":\"\",\"potentialAction\":[{\"@type\":\"SearchAction\",\"target\":{\"@type\":\"EntryPoint\",\"urlTemplate\":\"https:\/\/www.naturparkmagazin.de\/stechlin\/?s={search_term_string}\"},\"query-input\":\"required name=search_term_string\"}],\"inLanguage\":\"de\"},{\"@type\":\"Person\",\"@id\":\"https:\/\/www.naturparkmagazin.de\/stechlin\/#\/schema\/person\/3f0d93203df21c806dd63c76d9bb28bc\",\"name\":\"marioschrumpf\",\"url\":\"https:\/\/www.naturparkmagazin.de\/stechlin\/author\/marioschrumpf\/\"}]}<\/script>\n<!-- \/ Yoast SEO plugin. -->","yoast_head_json":{"title":"Wieder tausende Kr\u00f6ten und Fr\u00f6sche gerettet - Naturpark Stechlin-Ruppiner Land","robots":{"index":"index","follow":"follow","max-snippet":"max-snippet:-1","max-image-preview":"max-image-preview:large","max-video-preview":"max-video-preview:-1"},"canonical":"https:\/\/www.naturparkmagazin.de\/stechlin\/wieder-tausende-kroeten-und-froesche-gerettet\/","og_locale":"de_DE","og_type":"article","og_title":"Wieder tausende Kr\u00f6ten und Fr\u00f6sche gerettet - Naturpark Stechlin-Ruppiner Land","og_description":"Dank des engagierten Einsatzes zahlreicher Freiwilliger koordiniert durch die Naturwacht wurden mehr als 15.000 Amphibien vor dem sicheren Stra\u00dfentot gerettet.","og_url":"https:\/\/www.naturparkmagazin.de\/stechlin\/wieder-tausende-kroeten-und-froesche-gerettet\/","og_site_name":"Naturpark Stechlin-Ruppiner Land","article_published_time":"2015-04-20T12:08:04+00:00","article_modified_time":"2015-04-23T16:42:54+00:00","og_image":[{"width":1024,"height":577,"url":"https:\/\/www.naturparkmagazin.de\/stechlin\/wp-content\/uploads\/sites\/38\/Bild-067.jpg","type":"image\/jpeg"}],"author":"marioschrumpf","twitter_misc":{"Verfasst von":"marioschrumpf","Gesch\u00e4tzte Lesezeit":"1\u00a0Minute"},"schema":{"@context":"https:\/\/schema.org","@graph":[{"@type":"WebPage","@id":"https:\/\/www.naturparkmagazin.de\/stechlin\/wieder-tausende-kroeten-und-froesche-gerettet\/","url":"https:\/\/www.naturparkmagazin.de\/stechlin\/wieder-tausende-kroeten-und-froesche-gerettet\/","name":"Wieder tausende Kr\u00f6ten und Fr\u00f6sche gerettet - Naturpark Stechlin-Ruppiner Land","isPartOf":{"@id":"https:\/\/www.naturparkmagazin.de\/stechlin\/#website"},"datePublished":"2015-04-20T12:08:04+00:00","dateModified":"2015-04-23T16:42:54+00:00","author":{"@id":"https:\/\/www.naturparkmagazin.de\/stechlin\/#\/schema\/person\/3f0d93203df21c806dd63c76d9bb28bc"},"breadcrumb":{"@id":"https:\/\/www.naturparkmagazin.de\/stechlin\/wieder-tausende-kroeten-und-froesche-gerettet\/#breadcrumb"},"inLanguage":"de","potentialAction":[{"@type":"ReadAction","target":["https:\/\/www.naturparkmagazin.de\/stechlin\/wieder-tausende-kroeten-und-froesche-gerettet\/"]}]},{"@type":"BreadcrumbList","@id":"https:\/\/www.naturparkmagazin.de\/stechlin\/wieder-tausende-kroeten-und-froesche-gerettet\/#breadcrumb","itemListElement":[{"@type":"ListItem","position":1,"name":"Home","item":"https:\/\/www.naturparkmagazin.de\/stechlin\/"},{"@type":"ListItem","position":2,"name":"Wieder tausende Kr\u00f6ten und Fr\u00f6sche gerettet"}]},{"@type":"WebSite","@id":"https:\/\/www.naturparkmagazin.de\/stechlin\/#website","url":"https:\/\/www.naturparkmagazin.de\/stechlin\/","name":"Naturpark Stechlin-Ruppiner Land","description":"","potentialAction":[{"@type":"SearchAction","target":{"@type":"EntryPoint","urlTemplate":"https:\/\/www.naturparkmagazin.de\/stechlin\/?s={search_term_string}"},"query-input":"required name=search_term_string"}],"inLanguage":"de"},{"@type":"Person","@id":"https:\/\/www.naturparkmagazin.de\/stechlin\/#\/schema\/person\/3f0d93203df21c806dd63c76d9bb28bc","name":"marioschrumpf","url":"https:\/\/www.naturparkmagazin.de\/stechlin\/author\/marioschrumpf\/"}]}},"_links":{"self":[{"href":"https:\/\/www.naturparkmagazin.de\/stechlin\/wp-json\/wp\/v2\/posts\/2092"}],"collection":[{"href":"https:\/\/www.naturparkmagazin.de\/stechlin\/wp-json\/wp\/v2\/posts"}],"about":[{"href":"https:\/\/www.naturparkmagazin.de\/stechlin\/wp-json\/wp\/v2\/types\/post"}],"author":[{"embeddable":true,"href":"https:\/\/www.naturparkmagazin.de\/stechlin\/wp-json\/wp\/v2\/users\/39"}],"replies":[{"embeddable":true,"href":"https:\/\/www.naturparkmagazin.de\/stechlin\/wp-json\/wp\/v2\/comments?post=2092"}],"version-history":[{"count":4,"href":"https:\/\/www.naturparkmagazin.de\/stechlin\/wp-json\/wp\/v2\/posts\/2092\/revisions"}],"predecessor-version":[{"id":2174,"href":"https:\/\/www.naturparkmagazin.de\/stechlin\/wp-json\/wp\/v2\/posts\/2092\/revisions\/2174"}],"wp:featuredmedia":[{"embeddable":true,"href":"https:\/\/www.naturparkmagazin.de\/stechlin\/wp-json\/wp\/v2\/media\/834"}],"wp:attachment":[{"href":"https:\/\/www.naturparkmagazin.de\/stechlin\/wp-json\/wp\/v2\/media?parent=2092"}],"wp:term":[{"taxonomy":"category","embeddable":true,"href":"https:\/\/www.naturparkmagazin.de\/stechlin\/wp-json\/wp\/v2\/categories?post=2092"},{"taxonomy":"post_tag","embeddable":true,"href":"https:\/\/www.naturparkmagazin.de\/stechlin\/wp-json\/wp\/v2\/tags?post=2092"}],"curies":[{"name":"wp","href":"https:\/\/api.w.org\/{rel}","templated":true}]}}