{"id":2098,"date":"2015-04-20T18:10:12","date_gmt":"2015-04-20T16:10:12","guid":{"rendered":"http:\/\/www.naturparkmagazin.de\/stechlin\/?p=2098"},"modified":"2015-04-27T12:49:21","modified_gmt":"2015-04-27T10:49:21","slug":"staudentauschboerse-in-der-alten-reederei-fuerstenberghavel","status":"publish","type":"post","link":"https:\/\/www.naturparkmagazin.de\/stechlin\/staudentauschboerse-in-der-alten-reederei-fuerstenberghavel\/","title":{"rendered":"Staudentauschb\u00f6rse in der Alten Reederei F\u00fcrstenberg\/Havel"},"content":{"rendered":"<div id=\"attachment_2100\" style=\"width: 310px\" class=\"wp-caption alignleft\"><a href=\"https:\/\/www.naturparkmagazin.de\/stechlin\/wp-content\/uploads\/sites\/38\/Alte-reederei_2.jpg\"><img aria-describedby=\"caption-attachment-2100\" decoding=\"async\" loading=\"lazy\" class=\"size-thumbnail wp-image-2100\" alt=\"Der F\u00fcrstenberger Gartentag lockt viele G\u00e4ste an.\" src=\"https:\/\/www.naturparkmagazin.de\/stechlin\/wp-content\/uploads\/sites\/38\/Alte-reederei_2-300x225.jpg\" width=\"300\" height=\"225\" srcset=\"https:\/\/www.naturparkmagazin.de\/stechlin\/wp-content\/uploads\/sites\/38\/Alte-reederei_2-300x225.jpg 300w, https:\/\/www.naturparkmagazin.de\/stechlin\/wp-content\/uploads\/sites\/38\/Alte-reederei_2-420x315.jpg 420w, https:\/\/www.naturparkmagazin.de\/stechlin\/wp-content\/uploads\/sites\/38\/Alte-reederei_2-180x135.jpg 180w, https:\/\/www.naturparkmagazin.de\/stechlin\/wp-content\/uploads\/sites\/38\/Alte-reederei_2-95x71.jpg 95w, https:\/\/www.naturparkmagazin.de\/stechlin\/wp-content\/uploads\/sites\/38\/Alte-reederei_2.jpg 500w, https:\/\/www.naturparkmagazin.de\/stechlin\/wp-content\/uploads\/sites\/38\/Alte-reederei_2-200x150.jpg 200w\" sizes=\"(max-width: 300px) 100vw, 300px\" \/><\/a><p id=\"caption-attachment-2100\" class=\"wp-caption-text\">Der F\u00fcrstenberger Gartentag lockt viele G\u00e4ste an.<\/p><\/div>\n<p>&nbsp;<\/p>\n<p>&nbsp;<\/p>\n<p>&nbsp;<\/p>\n<p>&nbsp;<\/p>\n<p>&nbsp;<\/p>\n<p>&nbsp;<\/p>\n<p>&nbsp;<\/p>\n<p>&nbsp;<\/p>\n<p>&nbsp;<\/p>\n<p>Am <strong>9. Mai<\/strong> findet ab <strong>14 Uhr<\/strong> im Garten der Alten Reederei der &#8222;F\u00fcrstenberger Gartentag&#8220; statt.<\/p>\n<p>Im Mittelpunkt steht die <strong>Stauden-Tauschb\u00f6rse<\/strong>, eine Pflanzentausch und -verkaufsaktion,\u00a0an der sich jeder beteiligen kann.<\/p>\n<p>Die Sache ist ganz einfach: wer Pflanzen (oder andere Gartenprodukte) anbieten will, meldet sich bei Michael Wittke an und bekommt eine Tischfl\u00e4che seiner Wahl (bitte Gr\u00f6\u00dfe angeben), solange Platz ist. Man kann auch seinen eigenen Tisch mitbringen.<\/p>\n<p>Am Gartentag selbst trifft man bis 13 Uhr ein und dann bauen alle Anbieter ihre St\u00e4nde auf.<\/p>\n<p>Die \u00d6ffentlichkeit wird diesmal noch st\u00e4rker angesprochen, weil w\u00e4hrend des Gartentages auch das diesj\u00e4hrige Pleine Aire Kunstfestival Altthymen er\u00f6ffnet wird. Au\u00dferdem werden Bilder des Vorjahres versteigert. F\u00fcr Aufmerksamkeit ist also gesorgt.<\/p>\n<p>Die Standmiete ist ein Kuchen, der an die Besucher verkauft wird, um die Kosten zu decken.<\/p>\n<p>&nbsp;<\/p>\n<p><strong>Kontakt:<\/strong><\/p>\n<p>Michael Wittke<\/p>\n<p>Alte Reederei<\/p>\n<p>Brandenburger Str. 38<\/p>\n<p>17798 F\u00fcrstenberg\/Havel<\/p>\n<p>www.AlteReederei.de<\/p>\n<p><a href=\"mailto:info@Alte\">info@AlteReederei.de<\/a><\/p>\n<p>Telefon: 0172\/3227421<\/p>\n","protected":false},"excerpt":{"rendered":"<p>Am 9. Mai findet ab 14 Uhr im Garten der Alten Reederei der &#8222;F\u00fcrstenberger Gartentag&#8220; statt.<\/p>\n","protected":false},"author":39,"featured_media":2099,"comment_status":"open","ping_status":"open","sticky":false,"template":"","format":"standard","meta":[],"categories":[11],"tags":[],"yoast_head":"<!-- This site is optimized with the Yoast SEO plugin v19.10 - https:\/\/yoast.com\/wordpress\/plugins\/seo\/ -->\n<title>Staudentauschb\u00f6rse in der Alten Reederei F\u00fcrstenberg\/Havel - Naturpark Stechlin-Ruppiner Land<\/title>\n<meta name=\"robots\" content=\"index, follow, max-snippet:-1, max-image-preview:large, max-video-preview:-1\" \/>\n<link rel=\"canonical\" href=\"https:\/\/www.naturparkmagazin.de\/stechlin\/staudentauschboerse-in-der-alten-reederei-fuerstenberghavel\/\" \/>\n<meta property=\"og:locale\" content=\"de_DE\" \/>\n<meta property=\"og:type\" content=\"article\" \/>\n<meta property=\"og:title\" content=\"Staudentauschb\u00f6rse in der Alten Reederei F\u00fcrstenberg\/Havel - Naturpark Stechlin-Ruppiner Land\" \/>\n<meta property=\"og:description\" content=\"Am 9. Mai findet ab 14 Uhr im Garten der Alten Reederei der &quot;F\u00fcrstenberger Gartentag&quot; statt.\" \/>\n<meta property=\"og:url\" content=\"https:\/\/www.naturparkmagazin.de\/stechlin\/staudentauschboerse-in-der-alten-reederei-fuerstenberghavel\/\" \/>\n<meta property=\"og:site_name\" content=\"Naturpark Stechlin-Ruppiner Land\" \/>\n<meta property=\"article:published_time\" content=\"2015-04-20T16:10:12+00:00\" \/>\n<meta property=\"article:modified_time\" content=\"2015-04-27T10:49:21+00:00\" \/>\n<meta property=\"og:image\" content=\"https:\/\/www.naturparkmagazin.de\/stechlin\/wp-content\/uploads\/sites\/38\/Alte-reederei_1.jpg\" \/>\n\t<meta property=\"og:image:width\" content=\"500\" \/>\n\t<meta property=\"og:image:height\" content=\"375\" \/>\n\t<meta property=\"og:image:type\" content=\"image\/jpeg\" \/>\n<meta name=\"author\" content=\"marioschrumpf\" \/>\n<meta name=\"twitter:label1\" content=\"Verfasst von\" \/>\n\t<meta name=\"twitter:data1\" content=\"marioschrumpf\" \/>\n\t<meta name=\"twitter:label2\" content=\"Gesch\u00e4tzte Lesezeit\" \/>\n\t<meta name=\"twitter:data2\" content=\"1\u00a0Minute\" \/>\n<script type=\"application\/ld+json\" class=\"yoast-schema-graph\">{\"@context\":\"https:\/\/schema.org\",\"@graph\":[{\"@type\":\"WebPage\",\"@id\":\"https:\/\/www.naturparkmagazin.de\/stechlin\/staudentauschboerse-in-der-alten-reederei-fuerstenberghavel\/\",\"url\":\"https:\/\/www.naturparkmagazin.de\/stechlin\/staudentauschboerse-in-der-alten-reederei-fuerstenberghavel\/\",\"name\":\"Staudentauschb\u00f6rse in der Alten Reederei F\u00fcrstenberg\/Havel - Naturpark Stechlin-Ruppiner Land\",\"isPartOf\":{\"@id\":\"https:\/\/www.naturparkmagazin.de\/stechlin\/#website\"},\"datePublished\":\"2015-04-20T16:10:12+00:00\",\"dateModified\":\"2015-04-27T10:49:21+00:00\",\"author\":{\"@id\":\"https:\/\/www.naturparkmagazin.de\/stechlin\/#\/schema\/person\/3f0d93203df21c806dd63c76d9bb28bc\"},\"breadcrumb\":{\"@id\":\"https:\/\/www.naturparkmagazin.de\/stechlin\/staudentauschboerse-in-der-alten-reederei-fuerstenberghavel\/#breadcrumb\"},\"inLanguage\":\"de\",\"potentialAction\":[{\"@type\":\"ReadAction\",\"target\":[\"https:\/\/www.naturparkmagazin.de\/stechlin\/staudentauschboerse-in-der-alten-reederei-fuerstenberghavel\/\"]}]},{\"@type\":\"BreadcrumbList\",\"@id\":\"https:\/\/www.naturparkmagazin.de\/stechlin\/staudentauschboerse-in-der-alten-reederei-fuerstenberghavel\/#breadcrumb\",\"itemListElement\":[{\"@type\":\"ListItem\",\"position\":1,\"name\":\"Home\",\"item\":\"https:\/\/www.naturparkmagazin.de\/stechlin\/\"},{\"@type\":\"ListItem\",\"position\":2,\"name\":\"Staudentauschb\u00f6rse in der Alten Reederei F\u00fcrstenberg\/Havel\"}]},{\"@type\":\"WebSite\",\"@id\":\"https:\/\/www.naturparkmagazin.de\/stechlin\/#website\",\"url\":\"https:\/\/www.naturparkmagazin.de\/stechlin\/\",\"name\":\"Naturpark Stechlin-Ruppiner Land\",\"description\":\"\",\"potentialAction\":[{\"@type\":\"SearchAction\",\"target\":{\"@type\":\"EntryPoint\",\"urlTemplate\":\"https:\/\/www.naturparkmagazin.de\/stechlin\/?s={search_term_string}\"},\"query-input\":\"required name=search_term_string\"}],\"inLanguage\":\"de\"},{\"@type\":\"Person\",\"@id\":\"https:\/\/www.naturparkmagazin.de\/stechlin\/#\/schema\/person\/3f0d93203df21c806dd63c76d9bb28bc\",\"name\":\"marioschrumpf\",\"url\":\"https:\/\/www.naturparkmagazin.de\/stechlin\/author\/marioschrumpf\/\"}]}<\/script>\n<!-- \/ Yoast SEO plugin. -->","yoast_head_json":{"title":"Staudentauschb\u00f6rse in der Alten Reederei F\u00fcrstenberg\/Havel - Naturpark Stechlin-Ruppiner Land","robots":{"index":"index","follow":"follow","max-snippet":"max-snippet:-1","max-image-preview":"max-image-preview:large","max-video-preview":"max-video-preview:-1"},"canonical":"https:\/\/www.naturparkmagazin.de\/stechlin\/staudentauschboerse-in-der-alten-reederei-fuerstenberghavel\/","og_locale":"de_DE","og_type":"article","og_title":"Staudentauschb\u00f6rse in der Alten Reederei F\u00fcrstenberg\/Havel - Naturpark Stechlin-Ruppiner Land","og_description":"Am 9. Mai findet ab 14 Uhr im Garten der Alten Reederei der \"F\u00fcrstenberger Gartentag\" statt.","og_url":"https:\/\/www.naturparkmagazin.de\/stechlin\/staudentauschboerse-in-der-alten-reederei-fuerstenberghavel\/","og_site_name":"Naturpark Stechlin-Ruppiner Land","article_published_time":"2015-04-20T16:10:12+00:00","article_modified_time":"2015-04-27T10:49:21+00:00","og_image":[{"width":500,"height":375,"url":"https:\/\/www.naturparkmagazin.de\/stechlin\/wp-content\/uploads\/sites\/38\/Alte-reederei_1.jpg","type":"image\/jpeg"}],"author":"marioschrumpf","twitter_misc":{"Verfasst von":"marioschrumpf","Gesch\u00e4tzte Lesezeit":"1\u00a0Minute"},"schema":{"@context":"https:\/\/schema.org","@graph":[{"@type":"WebPage","@id":"https:\/\/www.naturparkmagazin.de\/stechlin\/staudentauschboerse-in-der-alten-reederei-fuerstenberghavel\/","url":"https:\/\/www.naturparkmagazin.de\/stechlin\/staudentauschboerse-in-der-alten-reederei-fuerstenberghavel\/","name":"Staudentauschb\u00f6rse in der Alten Reederei F\u00fcrstenberg\/Havel - Naturpark Stechlin-Ruppiner Land","isPartOf":{"@id":"https:\/\/www.naturparkmagazin.de\/stechlin\/#website"},"datePublished":"2015-04-20T16:10:12+00:00","dateModified":"2015-04-27T10:49:21+00:00","author":{"@id":"https:\/\/www.naturparkmagazin.de\/stechlin\/#\/schema\/person\/3f0d93203df21c806dd63c76d9bb28bc"},"breadcrumb":{"@id":"https:\/\/www.naturparkmagazin.de\/stechlin\/staudentauschboerse-in-der-alten-reederei-fuerstenberghavel\/#breadcrumb"},"inLanguage":"de","potentialAction":[{"@type":"ReadAction","target":["https:\/\/www.naturparkmagazin.de\/stechlin\/staudentauschboerse-in-der-alten-reederei-fuerstenberghavel\/"]}]},{"@type":"BreadcrumbList","@id":"https:\/\/www.naturparkmagazin.de\/stechlin\/staudentauschboerse-in-der-alten-reederei-fuerstenberghavel\/#breadcrumb","itemListElement":[{"@type":"ListItem","position":1,"name":"Home","item":"https:\/\/www.naturparkmagazin.de\/stechlin\/"},{"@type":"ListItem","position":2,"name":"Staudentauschb\u00f6rse in der Alten Reederei F\u00fcrstenberg\/Havel"}]},{"@type":"WebSite","@id":"https:\/\/www.naturparkmagazin.de\/stechlin\/#website","url":"https:\/\/www.naturparkmagazin.de\/stechlin\/","name":"Naturpark Stechlin-Ruppiner Land","description":"","potentialAction":[{"@type":"SearchAction","target":{"@type":"EntryPoint","urlTemplate":"https:\/\/www.naturparkmagazin.de\/stechlin\/?s={search_term_string}"},"query-input":"required name=search_term_string"}],"inLanguage":"de"},{"@type":"Person","@id":"https:\/\/www.naturparkmagazin.de\/stechlin\/#\/schema\/person\/3f0d93203df21c806dd63c76d9bb28bc","name":"marioschrumpf","url":"https:\/\/www.naturparkmagazin.de\/stechlin\/author\/marioschrumpf\/"}]}},"_links":{"self":[{"href":"https:\/\/www.naturparkmagazin.de\/stechlin\/wp-json\/wp\/v2\/posts\/2098"}],"collection":[{"href":"https:\/\/www.naturparkmagazin.de\/stechlin\/wp-json\/wp\/v2\/posts"}],"about":[{"href":"https:\/\/www.naturparkmagazin.de\/stechlin\/wp-json\/wp\/v2\/types\/post"}],"author":[{"embeddable":true,"href":"https:\/\/www.naturparkmagazin.de\/stechlin\/wp-json\/wp\/v2\/users\/39"}],"replies":[{"embeddable":true,"href":"https:\/\/www.naturparkmagazin.de\/stechlin\/wp-json\/wp\/v2\/comments?post=2098"}],"version-history":[{"count":3,"href":"https:\/\/www.naturparkmagazin.de\/stechlin\/wp-json\/wp\/v2\/posts\/2098\/revisions"}],"predecessor-version":[{"id":2143,"href":"https:\/\/www.naturparkmagazin.de\/stechlin\/wp-json\/wp\/v2\/posts\/2098\/revisions\/2143"}],"wp:featuredmedia":[{"embeddable":true,"href":"https:\/\/www.naturparkmagazin.de\/stechlin\/wp-json\/wp\/v2\/media\/2099"}],"wp:attachment":[{"href":"https:\/\/www.naturparkmagazin.de\/stechlin\/wp-json\/wp\/v2\/media?parent=2098"}],"wp:term":[{"taxonomy":"category","embeddable":true,"href":"https:\/\/www.naturparkmagazin.de\/stechlin\/wp-json\/wp\/v2\/categories?post=2098"},{"taxonomy":"post_tag","embeddable":true,"href":"https:\/\/www.naturparkmagazin.de\/stechlin\/wp-json\/wp\/v2\/tags?post=2098"}],"curies":[{"name":"wp","href":"https:\/\/api.w.org\/{rel}","templated":true}]}}