{"id":210,"date":"2013-09-26T13:23:15","date_gmt":"2013-09-26T11:23:15","guid":{"rendered":"http:\/\/www.naturparkmagazin.de\/stechlin\/?p=210"},"modified":"2025-01-24T10:33:51","modified_gmt":"2025-01-24T09:33:51","slug":"210","status":"publish","type":"post","link":"https:\/\/www.naturparkmagazin.de\/stechlin\/210\/","title":{"rendered":"Der Zehdenicker Apfelmann (2013)"},"content":{"rendered":"<p style=\"text-align: center\"><a href=\"https:\/\/www.naturparkmagazin.de\/stechlin\/wp-content\/uploads\/sites\/38\/J\u00fcrgen-geschnitten.jpg\"><img decoding=\"async\" loading=\"lazy\" class=\"size-medium wp-image-214 aligncenter\" title=\"Zehdenicker Apfelmann - Copyright: Dr. Mario Schrumpf\" src=\"https:\/\/www.naturparkmagazin.de\/stechlin\/wp-content\/uploads\/sites\/38\/J\u00fcrgen-geschnitten-620x525.jpg\" alt=\"Zehdenicker Apfelmann - Copyright: Dr. Mario Schrumpf\" width=\"620\" height=\"525\" srcset=\"https:\/\/www.naturparkmagazin.de\/stechlin\/wp-content\/uploads\/sites\/38\/J\u00fcrgen-geschnitten-620x525.jpg 620w, https:\/\/www.naturparkmagazin.de\/stechlin\/wp-content\/uploads\/sites\/38\/J\u00fcrgen-geschnitten-300x254.jpg 300w, https:\/\/www.naturparkmagazin.de\/stechlin\/wp-content\/uploads\/sites\/38\/J\u00fcrgen-geschnitten-940x796.jpg 940w, https:\/\/www.naturparkmagazin.de\/stechlin\/wp-content\/uploads\/sites\/38\/J\u00fcrgen-geschnitten-670x567.jpg 670w, https:\/\/www.naturparkmagazin.de\/stechlin\/wp-content\/uploads\/sites\/38\/J\u00fcrgen-geschnitten-200x169.jpg 200w\" sizes=\"(max-width: 620px) 100vw, 620px\" \/><\/a><\/p>\n<p>&nbsp;<\/p>\n<p>J\u00fcrgen Sinnecker ist \u00fcberregional bekannt als &#8222;Zehdenicker Apfelmann&#8220;. Der Pomologe (Obstsortenkundler) ist im Herbst st\u00e4ndig auf Achse von Veranstaltung zu Veranstaltung. Bis zu 100 verschiedene Apfelsorten wird er in einer Ausstellung zum<strong> 10. Menzer Apfeltag am 19. Oktober<\/strong> in der Regionalwerkstatt Stechlin pr\u00e4sentieren. Dar\u00fcberhinaus wird der Zehdenicker wieder mitgebrachte \u00c4pfel der Besucher bestimmen. Da daf\u00fcr ein Tag l\u00e4ngst nicht mehr ausreicht, ist er insgesamt drei Tage vom <strong>18.-20. Oktober von 10-15 Uhr<\/strong> vor Ort. Am Freitag, sind speziell Kitas und Schulen angesprochen, die farbliche und geschmackliche Vielfalt der Apfelsorten kennenzulernen. Interessierte Gruppen melden sich bitte vorab bei J\u00fcrgen Sinnecker (Tel.: 0162\/2301106) an. Wer seine Apfelsorte bestimmen lassen will, der bringe mindestens 3 typische \u00c4pfel mit. Nur selten muss der Obstspezialist bei der Bestimmung passen, dann wird das Objekt auf dem Teller mit dem bezeichnenden Schild &#8222;UFO&#8220; abgelegt. In der Regel wird man aber den Namen seiner Sorte mit nach Hause nehmen k\u00f6nnen.<\/p>\n","protected":false},"excerpt":{"rendered":"<p>J\u00fcrgen Sinnecker ist \u00fcberregional bekannt als &#8222;Zehdenicker Apfelmann&#8220;. <\/p>\n","protected":false},"author":39,"featured_media":211,"comment_status":"open","ping_status":"open","sticky":false,"template":"","format":"standard","meta":[],"categories":[8],"tags":[],"yoast_head":"<!-- This site is optimized with the Yoast SEO plugin v19.10 - https:\/\/yoast.com\/wordpress\/plugins\/seo\/ -->\n<title>Der Zehdenicker Apfelmann (2013) - Naturpark Stechlin-Ruppiner Land<\/title>\n<meta name=\"robots\" content=\"index, follow, max-snippet:-1, max-image-preview:large, max-video-preview:-1\" \/>\n<link rel=\"canonical\" href=\"https:\/\/www.naturparkmagazin.de\/stechlin\/210\/\" \/>\n<meta property=\"og:locale\" content=\"de_DE\" \/>\n<meta property=\"og:type\" content=\"article\" \/>\n<meta property=\"og:title\" content=\"Der Zehdenicker Apfelmann (2013) - Naturpark Stechlin-Ruppiner Land\" \/>\n<meta property=\"og:description\" content=\"J\u00fcrgen Sinnecker ist \u00fcberregional bekannt als &quot;Zehdenicker Apfelmann&quot;.\" \/>\n<meta property=\"og:url\" content=\"https:\/\/www.naturparkmagazin.de\/stechlin\/210\/\" \/>\n<meta property=\"og:site_name\" content=\"Naturpark Stechlin-Ruppiner Land\" \/>\n<meta property=\"article:published_time\" content=\"2013-09-26T11:23:15+00:00\" \/>\n<meta property=\"article:modified_time\" content=\"2025-01-24T09:33:51+00:00\" \/>\n<meta property=\"og:image\" content=\"https:\/\/www.naturparkmagazin.de\/stechlin\/wp-content\/uploads\/sites\/38\/k-J\u00fcrgen.jpg\" \/>\n\t<meta property=\"og:image:width\" content=\"1368\" \/>\n\t<meta property=\"og:image:height\" content=\"1824\" \/>\n\t<meta property=\"og:image:type\" content=\"image\/jpeg\" \/>\n<meta name=\"author\" content=\"marioschrumpf\" \/>\n<meta name=\"twitter:label1\" content=\"Verfasst von\" \/>\n\t<meta name=\"twitter:data1\" content=\"marioschrumpf\" \/>\n\t<meta name=\"twitter:label2\" content=\"Gesch\u00e4tzte Lesezeit\" \/>\n\t<meta name=\"twitter:data2\" content=\"2\u00a0Minuten\" \/>\n<script type=\"application\/ld+json\" class=\"yoast-schema-graph\">{\"@context\":\"https:\/\/schema.org\",\"@graph\":[{\"@type\":\"WebPage\",\"@id\":\"https:\/\/www.naturparkmagazin.de\/stechlin\/210\/\",\"url\":\"https:\/\/www.naturparkmagazin.de\/stechlin\/210\/\",\"name\":\"Der Zehdenicker Apfelmann (2013) - Naturpark Stechlin-Ruppiner Land\",\"isPartOf\":{\"@id\":\"https:\/\/www.naturparkmagazin.de\/stechlin\/#website\"},\"datePublished\":\"2013-09-26T11:23:15+00:00\",\"dateModified\":\"2025-01-24T09:33:51+00:00\",\"author\":{\"@id\":\"https:\/\/www.naturparkmagazin.de\/stechlin\/#\/schema\/person\/3f0d93203df21c806dd63c76d9bb28bc\"},\"breadcrumb\":{\"@id\":\"https:\/\/www.naturparkmagazin.de\/stechlin\/210\/#breadcrumb\"},\"inLanguage\":\"de\",\"potentialAction\":[{\"@type\":\"ReadAction\",\"target\":[\"https:\/\/www.naturparkmagazin.de\/stechlin\/210\/\"]}]},{\"@type\":\"BreadcrumbList\",\"@id\":\"https:\/\/www.naturparkmagazin.de\/stechlin\/210\/#breadcrumb\",\"itemListElement\":[{\"@type\":\"ListItem\",\"position\":1,\"name\":\"Home\",\"item\":\"https:\/\/www.naturparkmagazin.de\/stechlin\/\"},{\"@type\":\"ListItem\",\"position\":2,\"name\":\"Der Zehdenicker Apfelmann (2013)\"}]},{\"@type\":\"WebSite\",\"@id\":\"https:\/\/www.naturparkmagazin.de\/stechlin\/#website\",\"url\":\"https:\/\/www.naturparkmagazin.de\/stechlin\/\",\"name\":\"Naturpark Stechlin-Ruppiner Land\",\"description\":\"\",\"potentialAction\":[{\"@type\":\"SearchAction\",\"target\":{\"@type\":\"EntryPoint\",\"urlTemplate\":\"https:\/\/www.naturparkmagazin.de\/stechlin\/?s={search_term_string}\"},\"query-input\":\"required name=search_term_string\"}],\"inLanguage\":\"de\"},{\"@type\":\"Person\",\"@id\":\"https:\/\/www.naturparkmagazin.de\/stechlin\/#\/schema\/person\/3f0d93203df21c806dd63c76d9bb28bc\",\"name\":\"marioschrumpf\",\"url\":\"https:\/\/www.naturparkmagazin.de\/stechlin\/author\/marioschrumpf\/\"}]}<\/script>\n<!-- \/ Yoast SEO plugin. -->","yoast_head_json":{"title":"Der Zehdenicker Apfelmann (2013) - Naturpark Stechlin-Ruppiner Land","robots":{"index":"index","follow":"follow","max-snippet":"max-snippet:-1","max-image-preview":"max-image-preview:large","max-video-preview":"max-video-preview:-1"},"canonical":"https:\/\/www.naturparkmagazin.de\/stechlin\/210\/","og_locale":"de_DE","og_type":"article","og_title":"Der Zehdenicker Apfelmann (2013) - Naturpark Stechlin-Ruppiner Land","og_description":"J\u00fcrgen Sinnecker ist \u00fcberregional bekannt als \"Zehdenicker Apfelmann\".","og_url":"https:\/\/www.naturparkmagazin.de\/stechlin\/210\/","og_site_name":"Naturpark Stechlin-Ruppiner Land","article_published_time":"2013-09-26T11:23:15+00:00","article_modified_time":"2025-01-24T09:33:51+00:00","og_image":[{"width":1368,"height":1824,"url":"https:\/\/www.naturparkmagazin.de\/stechlin\/wp-content\/uploads\/sites\/38\/k-J\u00fcrgen.jpg","type":"image\/jpeg"}],"author":"marioschrumpf","twitter_misc":{"Verfasst von":"marioschrumpf","Gesch\u00e4tzte Lesezeit":"2\u00a0Minuten"},"schema":{"@context":"https:\/\/schema.org","@graph":[{"@type":"WebPage","@id":"https:\/\/www.naturparkmagazin.de\/stechlin\/210\/","url":"https:\/\/www.naturparkmagazin.de\/stechlin\/210\/","name":"Der Zehdenicker Apfelmann (2013) - Naturpark Stechlin-Ruppiner Land","isPartOf":{"@id":"https:\/\/www.naturparkmagazin.de\/stechlin\/#website"},"datePublished":"2013-09-26T11:23:15+00:00","dateModified":"2025-01-24T09:33:51+00:00","author":{"@id":"https:\/\/www.naturparkmagazin.de\/stechlin\/#\/schema\/person\/3f0d93203df21c806dd63c76d9bb28bc"},"breadcrumb":{"@id":"https:\/\/www.naturparkmagazin.de\/stechlin\/210\/#breadcrumb"},"inLanguage":"de","potentialAction":[{"@type":"ReadAction","target":["https:\/\/www.naturparkmagazin.de\/stechlin\/210\/"]}]},{"@type":"BreadcrumbList","@id":"https:\/\/www.naturparkmagazin.de\/stechlin\/210\/#breadcrumb","itemListElement":[{"@type":"ListItem","position":1,"name":"Home","item":"https:\/\/www.naturparkmagazin.de\/stechlin\/"},{"@type":"ListItem","position":2,"name":"Der Zehdenicker Apfelmann (2013)"}]},{"@type":"WebSite","@id":"https:\/\/www.naturparkmagazin.de\/stechlin\/#website","url":"https:\/\/www.naturparkmagazin.de\/stechlin\/","name":"Naturpark Stechlin-Ruppiner Land","description":"","potentialAction":[{"@type":"SearchAction","target":{"@type":"EntryPoint","urlTemplate":"https:\/\/www.naturparkmagazin.de\/stechlin\/?s={search_term_string}"},"query-input":"required name=search_term_string"}],"inLanguage":"de"},{"@type":"Person","@id":"https:\/\/www.naturparkmagazin.de\/stechlin\/#\/schema\/person\/3f0d93203df21c806dd63c76d9bb28bc","name":"marioschrumpf","url":"https:\/\/www.naturparkmagazin.de\/stechlin\/author\/marioschrumpf\/"}]}},"_links":{"self":[{"href":"https:\/\/www.naturparkmagazin.de\/stechlin\/wp-json\/wp\/v2\/posts\/210"}],"collection":[{"href":"https:\/\/www.naturparkmagazin.de\/stechlin\/wp-json\/wp\/v2\/posts"}],"about":[{"href":"https:\/\/www.naturparkmagazin.de\/stechlin\/wp-json\/wp\/v2\/types\/post"}],"author":[{"embeddable":true,"href":"https:\/\/www.naturparkmagazin.de\/stechlin\/wp-json\/wp\/v2\/users\/39"}],"replies":[{"embeddable":true,"href":"https:\/\/www.naturparkmagazin.de\/stechlin\/wp-json\/wp\/v2\/comments?post=210"}],"version-history":[{"count":8,"href":"https:\/\/www.naturparkmagazin.de\/stechlin\/wp-json\/wp\/v2\/posts\/210\/revisions"}],"predecessor-version":[{"id":16624,"href":"https:\/\/www.naturparkmagazin.de\/stechlin\/wp-json\/wp\/v2\/posts\/210\/revisions\/16624"}],"wp:featuredmedia":[{"embeddable":true,"href":"https:\/\/www.naturparkmagazin.de\/stechlin\/wp-json\/wp\/v2\/media\/211"}],"wp:attachment":[{"href":"https:\/\/www.naturparkmagazin.de\/stechlin\/wp-json\/wp\/v2\/media?parent=210"}],"wp:term":[{"taxonomy":"category","embeddable":true,"href":"https:\/\/www.naturparkmagazin.de\/stechlin\/wp-json\/wp\/v2\/categories?post=210"},{"taxonomy":"post_tag","embeddable":true,"href":"https:\/\/www.naturparkmagazin.de\/stechlin\/wp-json\/wp\/v2\/tags?post=210"}],"curies":[{"name":"wp","href":"https:\/\/api.w.org\/{rel}","templated":true}]}}