{"id":2213,"date":"2015-05-20T12:02:45","date_gmt":"2015-05-20T10:02:45","guid":{"rendered":"http:\/\/www.naturparkmagazin.de\/stechlin\/?p=2213"},"modified":"2015-05-26T13:49:59","modified_gmt":"2015-05-26T11:49:59","slug":"grosser-kerl-mit-schwerem-geweih-gesucht-volkszaehlung-beim-hirschkaefer","status":"publish","type":"post","link":"https:\/\/www.naturparkmagazin.de\/stechlin\/grosser-kerl-mit-schwerem-geweih-gesucht-volkszaehlung-beim-hirschkaefer\/","title":{"rendered":"Gro\u00dfer Kerl mit schwerem Geweih gesucht! Volksz\u00e4hlung beim Hirschk\u00e4fer"},"content":{"rendered":"<p><a href=\"https:\/\/www.naturparkmagazin.de\/stechlin\/wp-content\/uploads\/sites\/38\/Hirschk\u00e4fer4_Tom-Kirschey.jpg\"><img decoding=\"async\" loading=\"lazy\" class=\"alignleft size-thumbnail wp-image-2215\" src=\"https:\/\/www.naturparkmagazin.de\/stechlin\/wp-content\/uploads\/sites\/38\/Hirschk\u00e4fer4_Tom-Kirschey-300x225.jpg\" alt=\"NP SRL\/Tom Kirschey\" width=\"300\" height=\"225\" srcset=\"https:\/\/www.naturparkmagazin.de\/stechlin\/wp-content\/uploads\/sites\/38\/Hirschk\u00e4fer4_Tom-Kirschey-300x225.jpg 300w, https:\/\/www.naturparkmagazin.de\/stechlin\/wp-content\/uploads\/sites\/38\/Hirschk\u00e4fer4_Tom-Kirschey-420x315.jpg 420w, https:\/\/www.naturparkmagazin.de\/stechlin\/wp-content\/uploads\/sites\/38\/Hirschk\u00e4fer4_Tom-Kirschey-180x135.jpg 180w, https:\/\/www.naturparkmagazin.de\/stechlin\/wp-content\/uploads\/sites\/38\/Hirschk\u00e4fer4_Tom-Kirschey-95x71.jpg 95w, https:\/\/www.naturparkmagazin.de\/stechlin\/wp-content\/uploads\/sites\/38\/Hirschk\u00e4fer4_Tom-Kirschey.jpg 500w, https:\/\/www.naturparkmagazin.de\/stechlin\/wp-content\/uploads\/sites\/38\/Hirschk\u00e4fer4_Tom-Kirschey-200x150.jpg 200w\" sizes=\"(max-width: 300px) 100vw, 300px\" \/><\/a><\/p>\n<p>&nbsp;<\/p>\n<p>&nbsp;<\/p>\n<p>&nbsp;<\/p>\n<p>&nbsp;<\/p>\n<p>&nbsp;<\/p>\n<p>&nbsp;<\/p>\n<p>&nbsp;<\/p>\n<p>&nbsp;<\/p>\n<p>&nbsp;<\/p>\n<p>In diesem Jahr werden im Auftrag des Landesamtes f\u00fcr Umwelt, Gesundheit und Verbraucherschutz des Landes Brandenburg die landesweiten Vorkommen des seltenen <strong>Hirschk\u00e4fers<\/strong> (<em>Lucanus cervus<\/em>) erfasst. \u00dcber den Bestand dieser stark gef\u00e4hrdeten Art im Naturpark Stechlin-Ruppiner Land ist bislang nur wenig bekannt. Daher sind nun alle aufmerksamen Beobachter gefragt: Helfen Sie mit und melden Sie Ihre Entdeckungen! In den kommenden Tagen haben Spazierg\u00e4nger bei Neuglobsow und Menz bereits gro\u00dfe Chancen, einen Hirschk\u00e4fer anzutreffen. Schlie\u00dflich bietet der Naturpark gute Voraussetzungen: Hier findet der bis zu 8 cm gro\u00dfe K\u00e4fer alte, reichlich holzreiche W\u00e4lder, welche er als Lebensraum bevorzugt. Aber auch in G\u00e4rten, Parks und auf alten Friedh\u00f6fen, in Alleen und an alten Stra\u00dfenb\u00e4umen oder in Streuobstwiesen k\u00f6nnte sich das imposante Tier aufhalten. Die ersten Hirschk\u00e4fer erscheinen im Mai und k\u00f6nnen \u00fcber den gesamten Sommer beobachtet werden. Da die M\u00e4nnchen ein auff\u00e4lliges \u201e<em>Geweih<\/em>\u201c tragen, besteht lediglich beim Weibchen eine Verwechslungsgefahr mit den Nashornk\u00e4ferweibchen, die jedoch deutlich k\u00fcrzere F\u00fchler haben und lackartig gl\u00e4nzen. Eine Verwechslung mit dem verwandten Balkenschr\u00f6ter ist aufgrund der enormen Gr\u00f6\u00dfenunterschiede weitestgehend ausgeschlossen. Nach dem Absterben k\u00f6nnen noch in nachfolgenden Jahren die K\u00e4ferreste gefunden werden.<\/p>\n<p>Hinweisen zum Auftreten der Art (Beobachtungen lebender Tiere, Funde von K\u00e4ferresten, Fotos etc.) oder R\u00fcckfragen k\u00f6nnen direkt an die Naturparkverwaltung Stechlin-Ruppiner Land gerichtet werden: Friedensplatz 9, 16775 Stechlin; Telefon:\u00a0033082\/4070; E-Mail: <a href=\"mailto:silke.oldorff@lugv.brandenburg.de\">silke.oldorff@lugv.brandenburg.de<\/a>.<\/p>\n<p><a href=\"https:\/\/www.naturparkmagazin.de\/stechlin\/wp-content\/uploads\/sites\/38\/Hirschk\u00e4fer_Tom-Kirschey.jpg\"><img decoding=\"async\" loading=\"lazy\" class=\"alignleft size-thumbnail wp-image-2216\" src=\"https:\/\/www.naturparkmagazin.de\/stechlin\/wp-content\/uploads\/sites\/38\/Hirschk\u00e4fer_Tom-Kirschey-300x225.jpg\" alt=\"NP SRL\/Tom Kirschey\" width=\"300\" height=\"225\" srcset=\"https:\/\/www.naturparkmagazin.de\/stechlin\/wp-content\/uploads\/sites\/38\/Hirschk\u00e4fer_Tom-Kirschey-300x225.jpg 300w, https:\/\/www.naturparkmagazin.de\/stechlin\/wp-content\/uploads\/sites\/38\/Hirschk\u00e4fer_Tom-Kirschey-420x315.jpg 420w, https:\/\/www.naturparkmagazin.de\/stechlin\/wp-content\/uploads\/sites\/38\/Hirschk\u00e4fer_Tom-Kirschey-180x135.jpg 180w, https:\/\/www.naturparkmagazin.de\/stechlin\/wp-content\/uploads\/sites\/38\/Hirschk\u00e4fer_Tom-Kirschey-95x71.jpg 95w, https:\/\/www.naturparkmagazin.de\/stechlin\/wp-content\/uploads\/sites\/38\/Hirschk\u00e4fer_Tom-Kirschey.jpg 500w, https:\/\/www.naturparkmagazin.de\/stechlin\/wp-content\/uploads\/sites\/38\/Hirschk\u00e4fer_Tom-Kirschey-200x150.jpg 200w\" sizes=\"(max-width: 300px) 100vw, 300px\" \/><\/a><\/p>\n<p>&nbsp;<\/p>\n<p>&nbsp;<\/p>\n<p>&nbsp;<\/p>\n<p>&nbsp;<\/p>\n","protected":false},"excerpt":{"rendered":"<p>Helfen Sie mit und melden Sie der Naturparkverwaltung Funddaten des Hirschk\u00e4fers!<\/p>\n","protected":false},"author":39,"featured_media":2214,"comment_status":"open","ping_status":"open","sticky":false,"template":"","format":"standard","meta":[],"categories":[7],"tags":[],"yoast_head":"<!-- This site is optimized with the Yoast SEO plugin v19.10 - https:\/\/yoast.com\/wordpress\/plugins\/seo\/ -->\n<title>Gro\u00dfer Kerl mit schwerem Geweih gesucht! Volksz\u00e4hlung beim Hirschk\u00e4fer - Naturpark Stechlin-Ruppiner Land<\/title>\n<meta name=\"robots\" content=\"index, follow, max-snippet:-1, max-image-preview:large, max-video-preview:-1\" \/>\n<link rel=\"canonical\" href=\"https:\/\/www.naturparkmagazin.de\/stechlin\/grosser-kerl-mit-schwerem-geweih-gesucht-volkszaehlung-beim-hirschkaefer\/\" \/>\n<meta property=\"og:locale\" content=\"de_DE\" \/>\n<meta property=\"og:type\" content=\"article\" \/>\n<meta property=\"og:title\" content=\"Gro\u00dfer Kerl mit schwerem Geweih gesucht! Volksz\u00e4hlung beim Hirschk\u00e4fer - Naturpark Stechlin-Ruppiner Land\" \/>\n<meta property=\"og:description\" content=\"Helfen Sie mit und melden Sie der Naturparkverwaltung Funddaten des Hirschk\u00e4fers!\" \/>\n<meta property=\"og:url\" content=\"https:\/\/www.naturparkmagazin.de\/stechlin\/grosser-kerl-mit-schwerem-geweih-gesucht-volkszaehlung-beim-hirschkaefer\/\" \/>\n<meta property=\"og:site_name\" content=\"Naturpark Stechlin-Ruppiner Land\" \/>\n<meta property=\"article:published_time\" content=\"2015-05-20T10:02:45+00:00\" \/>\n<meta property=\"article:modified_time\" content=\"2015-05-26T11:49:59+00:00\" \/>\n<meta property=\"og:image\" content=\"https:\/\/www.naturparkmagazin.de\/stechlin\/wp-content\/uploads\/sites\/38\/Hirschk\u00e4fer3_Tom-Kirschey.jpg\" \/>\n\t<meta property=\"og:image:width\" content=\"500\" \/>\n\t<meta property=\"og:image:height\" content=\"375\" \/>\n\t<meta property=\"og:image:type\" content=\"image\/jpeg\" \/>\n<meta name=\"author\" content=\"marioschrumpf\" \/>\n<meta name=\"twitter:label1\" content=\"Verfasst von\" \/>\n\t<meta name=\"twitter:data1\" content=\"marioschrumpf\" \/>\n\t<meta name=\"twitter:label2\" content=\"Gesch\u00e4tzte Lesezeit\" \/>\n\t<meta name=\"twitter:data2\" content=\"1\u00a0Minute\" \/>\n<script type=\"application\/ld+json\" class=\"yoast-schema-graph\">{\"@context\":\"https:\/\/schema.org\",\"@graph\":[{\"@type\":\"WebPage\",\"@id\":\"https:\/\/www.naturparkmagazin.de\/stechlin\/grosser-kerl-mit-schwerem-geweih-gesucht-volkszaehlung-beim-hirschkaefer\/\",\"url\":\"https:\/\/www.naturparkmagazin.de\/stechlin\/grosser-kerl-mit-schwerem-geweih-gesucht-volkszaehlung-beim-hirschkaefer\/\",\"name\":\"Gro\u00dfer Kerl mit schwerem Geweih gesucht! Volksz\u00e4hlung beim Hirschk\u00e4fer - Naturpark Stechlin-Ruppiner Land\",\"isPartOf\":{\"@id\":\"https:\/\/www.naturparkmagazin.de\/stechlin\/#website\"},\"datePublished\":\"2015-05-20T10:02:45+00:00\",\"dateModified\":\"2015-05-26T11:49:59+00:00\",\"author\":{\"@id\":\"https:\/\/www.naturparkmagazin.de\/stechlin\/#\/schema\/person\/3f0d93203df21c806dd63c76d9bb28bc\"},\"breadcrumb\":{\"@id\":\"https:\/\/www.naturparkmagazin.de\/stechlin\/grosser-kerl-mit-schwerem-geweih-gesucht-volkszaehlung-beim-hirschkaefer\/#breadcrumb\"},\"inLanguage\":\"de\",\"potentialAction\":[{\"@type\":\"ReadAction\",\"target\":[\"https:\/\/www.naturparkmagazin.de\/stechlin\/grosser-kerl-mit-schwerem-geweih-gesucht-volkszaehlung-beim-hirschkaefer\/\"]}]},{\"@type\":\"BreadcrumbList\",\"@id\":\"https:\/\/www.naturparkmagazin.de\/stechlin\/grosser-kerl-mit-schwerem-geweih-gesucht-volkszaehlung-beim-hirschkaefer\/#breadcrumb\",\"itemListElement\":[{\"@type\":\"ListItem\",\"position\":1,\"name\":\"Home\",\"item\":\"https:\/\/www.naturparkmagazin.de\/stechlin\/\"},{\"@type\":\"ListItem\",\"position\":2,\"name\":\"Gro\u00dfer Kerl mit schwerem Geweih gesucht! Volksz\u00e4hlung beim Hirschk\u00e4fer\"}]},{\"@type\":\"WebSite\",\"@id\":\"https:\/\/www.naturparkmagazin.de\/stechlin\/#website\",\"url\":\"https:\/\/www.naturparkmagazin.de\/stechlin\/\",\"name\":\"Naturpark Stechlin-Ruppiner Land\",\"description\":\"\",\"potentialAction\":[{\"@type\":\"SearchAction\",\"target\":{\"@type\":\"EntryPoint\",\"urlTemplate\":\"https:\/\/www.naturparkmagazin.de\/stechlin\/?s={search_term_string}\"},\"query-input\":\"required name=search_term_string\"}],\"inLanguage\":\"de\"},{\"@type\":\"Person\",\"@id\":\"https:\/\/www.naturparkmagazin.de\/stechlin\/#\/schema\/person\/3f0d93203df21c806dd63c76d9bb28bc\",\"name\":\"marioschrumpf\",\"url\":\"https:\/\/www.naturparkmagazin.de\/stechlin\/author\/marioschrumpf\/\"}]}<\/script>\n<!-- \/ Yoast SEO plugin. -->","yoast_head_json":{"title":"Gro\u00dfer Kerl mit schwerem Geweih gesucht! Volksz\u00e4hlung beim Hirschk\u00e4fer - Naturpark Stechlin-Ruppiner Land","robots":{"index":"index","follow":"follow","max-snippet":"max-snippet:-1","max-image-preview":"max-image-preview:large","max-video-preview":"max-video-preview:-1"},"canonical":"https:\/\/www.naturparkmagazin.de\/stechlin\/grosser-kerl-mit-schwerem-geweih-gesucht-volkszaehlung-beim-hirschkaefer\/","og_locale":"de_DE","og_type":"article","og_title":"Gro\u00dfer Kerl mit schwerem Geweih gesucht! Volksz\u00e4hlung beim Hirschk\u00e4fer - Naturpark Stechlin-Ruppiner Land","og_description":"Helfen Sie mit und melden Sie der Naturparkverwaltung Funddaten des Hirschk\u00e4fers!","og_url":"https:\/\/www.naturparkmagazin.de\/stechlin\/grosser-kerl-mit-schwerem-geweih-gesucht-volkszaehlung-beim-hirschkaefer\/","og_site_name":"Naturpark Stechlin-Ruppiner Land","article_published_time":"2015-05-20T10:02:45+00:00","article_modified_time":"2015-05-26T11:49:59+00:00","og_image":[{"width":500,"height":375,"url":"https:\/\/www.naturparkmagazin.de\/stechlin\/wp-content\/uploads\/sites\/38\/Hirschk\u00e4fer3_Tom-Kirschey.jpg","type":"image\/jpeg"}],"author":"marioschrumpf","twitter_misc":{"Verfasst von":"marioschrumpf","Gesch\u00e4tzte Lesezeit":"1\u00a0Minute"},"schema":{"@context":"https:\/\/schema.org","@graph":[{"@type":"WebPage","@id":"https:\/\/www.naturparkmagazin.de\/stechlin\/grosser-kerl-mit-schwerem-geweih-gesucht-volkszaehlung-beim-hirschkaefer\/","url":"https:\/\/www.naturparkmagazin.de\/stechlin\/grosser-kerl-mit-schwerem-geweih-gesucht-volkszaehlung-beim-hirschkaefer\/","name":"Gro\u00dfer Kerl mit schwerem Geweih gesucht! Volksz\u00e4hlung beim Hirschk\u00e4fer - Naturpark Stechlin-Ruppiner Land","isPartOf":{"@id":"https:\/\/www.naturparkmagazin.de\/stechlin\/#website"},"datePublished":"2015-05-20T10:02:45+00:00","dateModified":"2015-05-26T11:49:59+00:00","author":{"@id":"https:\/\/www.naturparkmagazin.de\/stechlin\/#\/schema\/person\/3f0d93203df21c806dd63c76d9bb28bc"},"breadcrumb":{"@id":"https:\/\/www.naturparkmagazin.de\/stechlin\/grosser-kerl-mit-schwerem-geweih-gesucht-volkszaehlung-beim-hirschkaefer\/#breadcrumb"},"inLanguage":"de","potentialAction":[{"@type":"ReadAction","target":["https:\/\/www.naturparkmagazin.de\/stechlin\/grosser-kerl-mit-schwerem-geweih-gesucht-volkszaehlung-beim-hirschkaefer\/"]}]},{"@type":"BreadcrumbList","@id":"https:\/\/www.naturparkmagazin.de\/stechlin\/grosser-kerl-mit-schwerem-geweih-gesucht-volkszaehlung-beim-hirschkaefer\/#breadcrumb","itemListElement":[{"@type":"ListItem","position":1,"name":"Home","item":"https:\/\/www.naturparkmagazin.de\/stechlin\/"},{"@type":"ListItem","position":2,"name":"Gro\u00dfer Kerl mit schwerem Geweih gesucht! Volksz\u00e4hlung beim Hirschk\u00e4fer"}]},{"@type":"WebSite","@id":"https:\/\/www.naturparkmagazin.de\/stechlin\/#website","url":"https:\/\/www.naturparkmagazin.de\/stechlin\/","name":"Naturpark Stechlin-Ruppiner Land","description":"","potentialAction":[{"@type":"SearchAction","target":{"@type":"EntryPoint","urlTemplate":"https:\/\/www.naturparkmagazin.de\/stechlin\/?s={search_term_string}"},"query-input":"required name=search_term_string"}],"inLanguage":"de"},{"@type":"Person","@id":"https:\/\/www.naturparkmagazin.de\/stechlin\/#\/schema\/person\/3f0d93203df21c806dd63c76d9bb28bc","name":"marioschrumpf","url":"https:\/\/www.naturparkmagazin.de\/stechlin\/author\/marioschrumpf\/"}]}},"_links":{"self":[{"href":"https:\/\/www.naturparkmagazin.de\/stechlin\/wp-json\/wp\/v2\/posts\/2213"}],"collection":[{"href":"https:\/\/www.naturparkmagazin.de\/stechlin\/wp-json\/wp\/v2\/posts"}],"about":[{"href":"https:\/\/www.naturparkmagazin.de\/stechlin\/wp-json\/wp\/v2\/types\/post"}],"author":[{"embeddable":true,"href":"https:\/\/www.naturparkmagazin.de\/stechlin\/wp-json\/wp\/v2\/users\/39"}],"replies":[{"embeddable":true,"href":"https:\/\/www.naturparkmagazin.de\/stechlin\/wp-json\/wp\/v2\/comments?post=2213"}],"version-history":[{"count":8,"href":"https:\/\/www.naturparkmagazin.de\/stechlin\/wp-json\/wp\/v2\/posts\/2213\/revisions"}],"predecessor-version":[{"id":2319,"href":"https:\/\/www.naturparkmagazin.de\/stechlin\/wp-json\/wp\/v2\/posts\/2213\/revisions\/2319"}],"wp:featuredmedia":[{"embeddable":true,"href":"https:\/\/www.naturparkmagazin.de\/stechlin\/wp-json\/wp\/v2\/media\/2214"}],"wp:attachment":[{"href":"https:\/\/www.naturparkmagazin.de\/stechlin\/wp-json\/wp\/v2\/media?parent=2213"}],"wp:term":[{"taxonomy":"category","embeddable":true,"href":"https:\/\/www.naturparkmagazin.de\/stechlin\/wp-json\/wp\/v2\/categories?post=2213"},{"taxonomy":"post_tag","embeddable":true,"href":"https:\/\/www.naturparkmagazin.de\/stechlin\/wp-json\/wp\/v2\/tags?post=2213"}],"curies":[{"name":"wp","href":"https:\/\/api.w.org\/{rel}","templated":true}]}}