{"id":2245,"date":"2015-05-20T12:44:58","date_gmt":"2015-05-20T10:44:58","guid":{"rendered":"http:\/\/www.naturparkmagazin.de\/stechlin\/?p=2245"},"modified":"2015-05-26T12:31:13","modified_gmt":"2015-05-26T10:31:13","slug":"zernikower-maulbeerallee-erhielt-fachgerechten-schnitt","status":"publish","type":"post","link":"https:\/\/www.naturparkmagazin.de\/stechlin\/zernikower-maulbeerallee-erhielt-fachgerechten-schnitt\/","title":{"rendered":"Zernikower Maulbeerallee erhielt fachgerechten Schnitt"},"content":{"rendered":"<div id=\"attachment_2249\" style=\"width: 310px\" class=\"wp-caption alignleft\"><a href=\"https:\/\/www.naturparkmagazin.de\/stechlin\/wp-content\/uploads\/sites\/38\/Maulbeerallee4.jpg\"><img aria-describedby=\"caption-attachment-2249\" decoding=\"async\" loading=\"lazy\" class=\"wp-image-2249 size-thumbnail\" src=\"https:\/\/www.naturparkmagazin.de\/stechlin\/wp-content\/uploads\/sites\/38\/Maulbeerallee4-300x225.jpg\" alt=\"vor dem Schnitt\" width=\"300\" height=\"225\" srcset=\"https:\/\/www.naturparkmagazin.de\/stechlin\/wp-content\/uploads\/sites\/38\/Maulbeerallee4-300x225.jpg 300w, https:\/\/www.naturparkmagazin.de\/stechlin\/wp-content\/uploads\/sites\/38\/Maulbeerallee4-620x465.jpg 620w, https:\/\/www.naturparkmagazin.de\/stechlin\/wp-content\/uploads\/sites\/38\/Maulbeerallee4-940x705.jpg 940w, https:\/\/www.naturparkmagazin.de\/stechlin\/wp-content\/uploads\/sites\/38\/Maulbeerallee4-580x435.jpg 580w, https:\/\/www.naturparkmagazin.de\/stechlin\/wp-content\/uploads\/sites\/38\/Maulbeerallee4-420x315.jpg 420w, https:\/\/www.naturparkmagazin.de\/stechlin\/wp-content\/uploads\/sites\/38\/Maulbeerallee4-180x135.jpg 180w, https:\/\/www.naturparkmagazin.de\/stechlin\/wp-content\/uploads\/sites\/38\/Maulbeerallee4-95x71.jpg 95w, https:\/\/www.naturparkmagazin.de\/stechlin\/wp-content\/uploads\/sites\/38\/Maulbeerallee4-670x503.jpg 670w, https:\/\/www.naturparkmagazin.de\/stechlin\/wp-content\/uploads\/sites\/38\/Maulbeerallee4-200x150.jpg 200w, https:\/\/www.naturparkmagazin.de\/stechlin\/wp-content\/uploads\/sites\/38\/Maulbeerallee4.jpg 1280w\" sizes=\"(max-width: 300px) 100vw, 300px\" \/><\/a><p id=\"caption-attachment-2249\" class=\"wp-caption-text\">vor dem Schnitt<\/p><\/div>\n<p>&nbsp;<\/p>\n<p>&nbsp;<\/p>\n<p>&nbsp;<\/p>\n<p>&nbsp;<\/p>\n<p>&nbsp;<\/p>\n<div id=\"attachment_2248\" style=\"width: 310px\" class=\"wp-caption alignleft\"><a href=\"https:\/\/www.naturparkmagazin.de\/stechlin\/wp-content\/uploads\/sites\/38\/Maulbeerallee3.jpg\"><img aria-describedby=\"caption-attachment-2248\" decoding=\"async\" loading=\"lazy\" class=\"wp-image-2248 size-thumbnail\" src=\"https:\/\/www.naturparkmagazin.de\/stechlin\/wp-content\/uploads\/sites\/38\/Maulbeerallee3-300x225.jpg\" alt=\"NP SRL\/Gebauer\" width=\"300\" height=\"225\" srcset=\"https:\/\/www.naturparkmagazin.de\/stechlin\/wp-content\/uploads\/sites\/38\/Maulbeerallee3-300x225.jpg 300w, https:\/\/www.naturparkmagazin.de\/stechlin\/wp-content\/uploads\/sites\/38\/Maulbeerallee3-620x465.jpg 620w, https:\/\/www.naturparkmagazin.de\/stechlin\/wp-content\/uploads\/sites\/38\/Maulbeerallee3-940x705.jpg 940w, https:\/\/www.naturparkmagazin.de\/stechlin\/wp-content\/uploads\/sites\/38\/Maulbeerallee3-580x435.jpg 580w, https:\/\/www.naturparkmagazin.de\/stechlin\/wp-content\/uploads\/sites\/38\/Maulbeerallee3-420x315.jpg 420w, https:\/\/www.naturparkmagazin.de\/stechlin\/wp-content\/uploads\/sites\/38\/Maulbeerallee3-180x135.jpg 180w, https:\/\/www.naturparkmagazin.de\/stechlin\/wp-content\/uploads\/sites\/38\/Maulbeerallee3-95x71.jpg 95w, https:\/\/www.naturparkmagazin.de\/stechlin\/wp-content\/uploads\/sites\/38\/Maulbeerallee3-670x503.jpg 670w, https:\/\/www.naturparkmagazin.de\/stechlin\/wp-content\/uploads\/sites\/38\/Maulbeerallee3-200x150.jpg 200w, https:\/\/www.naturparkmagazin.de\/stechlin\/wp-content\/uploads\/sites\/38\/Maulbeerallee3.jpg 1280w\" sizes=\"(max-width: 300px) 100vw, 300px\" \/><\/a><p id=\"caption-attachment-2248\" class=\"wp-caption-text\">w\u00e4hrend der Schnittarbeiten<\/p><\/div>\n<p>&nbsp;<\/p>\n<p>&nbsp;<\/p>\n<p>&nbsp;<\/p>\n<p>&nbsp;<\/p>\n<p>&nbsp;<\/p>\n<p>&nbsp;<\/p>\n<p>&nbsp;<\/p>\n<p>&nbsp;<\/p>\n<p>&nbsp;<\/p>\n<p>&nbsp;<\/p>\n<p>&nbsp;<\/p>\n<p>&nbsp;<\/p>\n<p>&nbsp;<\/p>\n<p>&nbsp;<\/p>\n<p>&nbsp;<\/p>\n<p>Dank einer F\u00f6rderung des NaturSchutzFonds Brandenburg konnte die<strong> Zernikower Maulbeerallee<\/strong> in diesem Fr\u00fchjahr durch eine Fachfirma geschnitten werden.<\/p>\n<p>Die Maulbeerallee von Zernikow zur Zernikower M\u00fchle ist in Ihrer Art und Form vermutlich einmalig im deutschsprachigen Raum. Sie wurde in den 1740er Jahren vom <em>Geheimen K\u00e4mmerer Friedrich des II. Michael Gabriel Fredersdorff<\/em> angelegt. Dieser hatte nach der Thronbesteigung <em>Friedrichs<\/em> 1740 von diesem das Gut geschenkt bekommen und richtete hier ein vorbildliches Mustergut ein. Kernst\u00fcck der Gutsanlage sollte f\u00fcr kurze Zeit die <strong>Seidenraupenzucht<\/strong> sein. Nach seinem Tod 1758 f\u00fchrten seine Witwe <em>Caroline<\/em> und ihr neuer Ehemann <em>Hans von Labes<\/em> das Gut musterg\u00fcltig fort. Nur die Seidenraupenzucht und mit ihr der Maulbeeranbau wurden eingestellt. Die Allee blieb als einziges von der bedeutenden Plantage erhalten. Mit dem regelm\u00e4\u00dfig wieder aufflammen des Seidenbaues im 19. und zu Beginn des 20. Jahrhunderts in Preu\u00dfen wurde auch die Allee immer wieder mit Pflanzungen von wei\u00dfen Maulbeeren erg\u00e4nzt.<\/p>\n<p>Die Allee wurde bereits <strong>1938 als Naturdenkmal gesch\u00fctzt<\/strong> und ist heute zus\u00e4tzlich Bestandteil des eingetragenen <strong>Kulturdenkmals Gutsanlage Zernikow<\/strong>. Die Maulbeerallee ist wichtigster Bestandteil des auch f\u00fcr das Alleenland Brandenburg herausragenden Alleensystems um Zernikow. Dessen Bedeutung begr\u00fcndet sich vor allem im Alter, der Vielf\u00e4ltigkeit und der k\u00fcnstlerischen Einbettung der Alleen in der Gutslandschaft. Die Maulbeerallee ist in ihrer Auspr\u00e4gung und Form singul\u00e4r und tr\u00e4gt in entscheidendem Ma\u00dfe zur Vielfalt, Sch\u00f6nheit und Eigenart der Kultur- und Naturlandschaft bei.<\/p>\n<p>Die Maulbeeren werden seit ca. 15 Jahren von der <strong>Initiative Zernikow e. V.<\/strong> betreut. Im Rahmen der ehrenamtlichen T\u00e4tigkeiten sind vor allem Nachpflanzungen realisiert worden. Mit dem Ausbau der Stra\u00dfe ist auch die Allee von vielen Fremdgeh\u00f6lzen befreit und etliche Maulbeeren nachgepflanzt worden. Doch sind in den letzten Jahren vermehrt alte Maulbeerb\u00e4ume auseinander- oder umgebrochen. Um die Allee auf Dauer erhalten zu k\u00f6nnen, sind neben den Nachpflanzungen der Initiative Zernikow e. V. und den Verkehrssicherungsma\u00dfnahmen des Amtswirtschaftshofes nun auch weitgreifende Erhaltungsschnitte an den Altb\u00e4umen notwendig. Diese zielen vor allem auf die Entlastung und Vitalisierung der Kronen der B\u00e4ume, mittels starker Eink\u00fcrzung, so dass zumindest bei den meisten Altb\u00e4umen eine Art Kopfbaumschnitt durchgef\u00fchrt werden musste. Um dies durchf\u00fchren zu k\u00f6nnen, wurde von der Initiative Zernikow e. V. ein Antrag auf F\u00f6rderung der 10.000,00 \u20ac umfassenden Ma\u00dfnahme an den NaturSchutzFonds Brandenburg gestellt. Dieser wurde positiv bescheidet. Die F\u00f6rderung auf 80% festgelegt, so dass die Initiative Zernikow e. V. die restlich 2.000,00 \u20ac \u00fcbernommen hat.<\/p>\n<p>Bei einer Begehung mit Herrn Herbert Kolb, einem der wenigen Fachleuten mit langj\u00e4hriger Erfahrung im Umgang mit alten Maulbeerb\u00e4umen, wurden die Ma\u00dfnahmen konkretisiert und dann in der ersten Maiwoche von der Firma biotop Gesellschaft f\u00fcr biologische Anlagen mbH umgesetzt. Nun werden die alten Maulbeerb\u00e4ume wieder austreiben und bed\u00fcrfen im Regelfall erst in 10 Jahren wieder eines R\u00fcckschnitts. Weiterhin wird die Allee gem\u00e4ht und falls m\u00f6glich im Herbst auch nachgepflanzt.<\/p>\n<p>Mathias Gebauer aus Menz<\/p>\n<p>&nbsp;<\/p>\n<div id=\"attachment_2247\" style=\"width: 310px\" class=\"wp-caption alignleft\"><a href=\"https:\/\/www.naturparkmagazin.de\/stechlin\/wp-content\/uploads\/sites\/38\/Maulbeeralle2.jpg\"><img aria-describedby=\"caption-attachment-2247\" decoding=\"async\" loading=\"lazy\" class=\"size-thumbnail wp-image-2247\" src=\"https:\/\/www.naturparkmagazin.de\/stechlin\/wp-content\/uploads\/sites\/38\/Maulbeeralle2-300x400.jpg\" alt=\"nach dem Schnitt\" width=\"300\" height=\"400\" srcset=\"https:\/\/www.naturparkmagazin.de\/stechlin\/wp-content\/uploads\/sites\/38\/Maulbeeralle2-300x400.jpg 300w, https:\/\/www.naturparkmagazin.de\/stechlin\/wp-content\/uploads\/sites\/38\/Maulbeeralle2-620x827.jpg 620w, https:\/\/www.naturparkmagazin.de\/stechlin\/wp-content\/uploads\/sites\/38\/Maulbeeralle2-500x667.jpg 500w, https:\/\/www.naturparkmagazin.de\/stechlin\/wp-content\/uploads\/sites\/38\/Maulbeeralle2-420x560.jpg 420w, https:\/\/www.naturparkmagazin.de\/stechlin\/wp-content\/uploads\/sites\/38\/Maulbeeralle2-135x180.jpg 135w, https:\/\/www.naturparkmagazin.de\/stechlin\/wp-content\/uploads\/sites\/38\/Maulbeeralle2-53x71.jpg 53w, https:\/\/www.naturparkmagazin.de\/stechlin\/wp-content\/uploads\/sites\/38\/Maulbeeralle2-670x893.jpg 670w, https:\/\/www.naturparkmagazin.de\/stechlin\/wp-content\/uploads\/sites\/38\/Maulbeeralle2-200x267.jpg 200w, https:\/\/www.naturparkmagazin.de\/stechlin\/wp-content\/uploads\/sites\/38\/Maulbeeralle2.jpg 768w\" sizes=\"(max-width: 300px) 100vw, 300px\" \/><\/a><p id=\"caption-attachment-2247\" class=\"wp-caption-text\">nach dem Schnitt<\/p><\/div>\n","protected":false},"excerpt":{"rendered":"<p>Dank einer F\u00f6rderung des NaturSchutzFonds Brandenburg konnte die Zernikower Maulbeerallee in diesem Fr\u00fchjahr durch eine Fachfirma geschnitten werden.<\/p>\n","protected":false},"author":39,"featured_media":2246,"comment_status":"open","ping_status":"open","sticky":false,"template":"","format":"standard","meta":[],"categories":[7],"tags":[],"yoast_head":"<!-- This site is optimized with the Yoast SEO plugin v19.10 - https:\/\/yoast.com\/wordpress\/plugins\/seo\/ -->\n<title>Zernikower Maulbeerallee erhielt fachgerechten Schnitt - Naturpark Stechlin-Ruppiner Land<\/title>\n<meta name=\"robots\" content=\"index, follow, max-snippet:-1, max-image-preview:large, max-video-preview:-1\" \/>\n<link rel=\"canonical\" href=\"https:\/\/www.naturparkmagazin.de\/stechlin\/zernikower-maulbeerallee-erhielt-fachgerechten-schnitt\/\" \/>\n<meta property=\"og:locale\" content=\"de_DE\" \/>\n<meta property=\"og:type\" content=\"article\" \/>\n<meta property=\"og:title\" content=\"Zernikower Maulbeerallee erhielt fachgerechten Schnitt - Naturpark Stechlin-Ruppiner Land\" \/>\n<meta property=\"og:description\" content=\"Dank einer F\u00f6rderung des NaturSchutzFonds Brandenburg konnte die Zernikower Maulbeerallee in diesem Fr\u00fchjahr durch eine Fachfirma geschnitten werden.\" \/>\n<meta property=\"og:url\" content=\"https:\/\/www.naturparkmagazin.de\/stechlin\/zernikower-maulbeerallee-erhielt-fachgerechten-schnitt\/\" \/>\n<meta property=\"og:site_name\" content=\"Naturpark Stechlin-Ruppiner Land\" \/>\n<meta property=\"article:published_time\" content=\"2015-05-20T10:44:58+00:00\" \/>\n<meta property=\"article:modified_time\" content=\"2015-05-26T10:31:13+00:00\" \/>\n<meta property=\"og:image\" content=\"https:\/\/www.naturparkmagazin.de\/stechlin\/wp-content\/uploads\/sites\/38\/Maulbeerallee1.jpg\" \/>\n\t<meta property=\"og:image:width\" content=\"500\" \/>\n\t<meta property=\"og:image:height\" content=\"375\" \/>\n\t<meta property=\"og:image:type\" content=\"image\/jpeg\" \/>\n<meta name=\"author\" content=\"marioschrumpf\" \/>\n<meta name=\"twitter:label1\" content=\"Verfasst von\" \/>\n\t<meta name=\"twitter:data1\" content=\"marioschrumpf\" \/>\n\t<meta name=\"twitter:label2\" content=\"Gesch\u00e4tzte Lesezeit\" \/>\n\t<meta name=\"twitter:data2\" content=\"3\u00a0Minuten\" \/>\n<script type=\"application\/ld+json\" class=\"yoast-schema-graph\">{\"@context\":\"https:\/\/schema.org\",\"@graph\":[{\"@type\":\"WebPage\",\"@id\":\"https:\/\/www.naturparkmagazin.de\/stechlin\/zernikower-maulbeerallee-erhielt-fachgerechten-schnitt\/\",\"url\":\"https:\/\/www.naturparkmagazin.de\/stechlin\/zernikower-maulbeerallee-erhielt-fachgerechten-schnitt\/\",\"name\":\"Zernikower Maulbeerallee erhielt fachgerechten Schnitt - Naturpark Stechlin-Ruppiner Land\",\"isPartOf\":{\"@id\":\"https:\/\/www.naturparkmagazin.de\/stechlin\/#website\"},\"datePublished\":\"2015-05-20T10:44:58+00:00\",\"dateModified\":\"2015-05-26T10:31:13+00:00\",\"author\":{\"@id\":\"https:\/\/www.naturparkmagazin.de\/stechlin\/#\/schema\/person\/3f0d93203df21c806dd63c76d9bb28bc\"},\"breadcrumb\":{\"@id\":\"https:\/\/www.naturparkmagazin.de\/stechlin\/zernikower-maulbeerallee-erhielt-fachgerechten-schnitt\/#breadcrumb\"},\"inLanguage\":\"de\",\"potentialAction\":[{\"@type\":\"ReadAction\",\"target\":[\"https:\/\/www.naturparkmagazin.de\/stechlin\/zernikower-maulbeerallee-erhielt-fachgerechten-schnitt\/\"]}]},{\"@type\":\"BreadcrumbList\",\"@id\":\"https:\/\/www.naturparkmagazin.de\/stechlin\/zernikower-maulbeerallee-erhielt-fachgerechten-schnitt\/#breadcrumb\",\"itemListElement\":[{\"@type\":\"ListItem\",\"position\":1,\"name\":\"Home\",\"item\":\"https:\/\/www.naturparkmagazin.de\/stechlin\/\"},{\"@type\":\"ListItem\",\"position\":2,\"name\":\"Zernikower Maulbeerallee erhielt fachgerechten Schnitt\"}]},{\"@type\":\"WebSite\",\"@id\":\"https:\/\/www.naturparkmagazin.de\/stechlin\/#website\",\"url\":\"https:\/\/www.naturparkmagazin.de\/stechlin\/\",\"name\":\"Naturpark Stechlin-Ruppiner Land\",\"description\":\"\",\"potentialAction\":[{\"@type\":\"SearchAction\",\"target\":{\"@type\":\"EntryPoint\",\"urlTemplate\":\"https:\/\/www.naturparkmagazin.de\/stechlin\/?s={search_term_string}\"},\"query-input\":\"required name=search_term_string\"}],\"inLanguage\":\"de\"},{\"@type\":\"Person\",\"@id\":\"https:\/\/www.naturparkmagazin.de\/stechlin\/#\/schema\/person\/3f0d93203df21c806dd63c76d9bb28bc\",\"name\":\"marioschrumpf\",\"url\":\"https:\/\/www.naturparkmagazin.de\/stechlin\/author\/marioschrumpf\/\"}]}<\/script>\n<!-- \/ Yoast SEO plugin. -->","yoast_head_json":{"title":"Zernikower Maulbeerallee erhielt fachgerechten Schnitt - Naturpark Stechlin-Ruppiner Land","robots":{"index":"index","follow":"follow","max-snippet":"max-snippet:-1","max-image-preview":"max-image-preview:large","max-video-preview":"max-video-preview:-1"},"canonical":"https:\/\/www.naturparkmagazin.de\/stechlin\/zernikower-maulbeerallee-erhielt-fachgerechten-schnitt\/","og_locale":"de_DE","og_type":"article","og_title":"Zernikower Maulbeerallee erhielt fachgerechten Schnitt - Naturpark Stechlin-Ruppiner Land","og_description":"Dank einer F\u00f6rderung des NaturSchutzFonds Brandenburg konnte die Zernikower Maulbeerallee in diesem Fr\u00fchjahr durch eine Fachfirma geschnitten werden.","og_url":"https:\/\/www.naturparkmagazin.de\/stechlin\/zernikower-maulbeerallee-erhielt-fachgerechten-schnitt\/","og_site_name":"Naturpark Stechlin-Ruppiner Land","article_published_time":"2015-05-20T10:44:58+00:00","article_modified_time":"2015-05-26T10:31:13+00:00","og_image":[{"width":500,"height":375,"url":"https:\/\/www.naturparkmagazin.de\/stechlin\/wp-content\/uploads\/sites\/38\/Maulbeerallee1.jpg","type":"image\/jpeg"}],"author":"marioschrumpf","twitter_misc":{"Verfasst von":"marioschrumpf","Gesch\u00e4tzte Lesezeit":"3\u00a0Minuten"},"schema":{"@context":"https:\/\/schema.org","@graph":[{"@type":"WebPage","@id":"https:\/\/www.naturparkmagazin.de\/stechlin\/zernikower-maulbeerallee-erhielt-fachgerechten-schnitt\/","url":"https:\/\/www.naturparkmagazin.de\/stechlin\/zernikower-maulbeerallee-erhielt-fachgerechten-schnitt\/","name":"Zernikower Maulbeerallee erhielt fachgerechten Schnitt - Naturpark Stechlin-Ruppiner Land","isPartOf":{"@id":"https:\/\/www.naturparkmagazin.de\/stechlin\/#website"},"datePublished":"2015-05-20T10:44:58+00:00","dateModified":"2015-05-26T10:31:13+00:00","author":{"@id":"https:\/\/www.naturparkmagazin.de\/stechlin\/#\/schema\/person\/3f0d93203df21c806dd63c76d9bb28bc"},"breadcrumb":{"@id":"https:\/\/www.naturparkmagazin.de\/stechlin\/zernikower-maulbeerallee-erhielt-fachgerechten-schnitt\/#breadcrumb"},"inLanguage":"de","potentialAction":[{"@type":"ReadAction","target":["https:\/\/www.naturparkmagazin.de\/stechlin\/zernikower-maulbeerallee-erhielt-fachgerechten-schnitt\/"]}]},{"@type":"BreadcrumbList","@id":"https:\/\/www.naturparkmagazin.de\/stechlin\/zernikower-maulbeerallee-erhielt-fachgerechten-schnitt\/#breadcrumb","itemListElement":[{"@type":"ListItem","position":1,"name":"Home","item":"https:\/\/www.naturparkmagazin.de\/stechlin\/"},{"@type":"ListItem","position":2,"name":"Zernikower Maulbeerallee erhielt fachgerechten Schnitt"}]},{"@type":"WebSite","@id":"https:\/\/www.naturparkmagazin.de\/stechlin\/#website","url":"https:\/\/www.naturparkmagazin.de\/stechlin\/","name":"Naturpark Stechlin-Ruppiner Land","description":"","potentialAction":[{"@type":"SearchAction","target":{"@type":"EntryPoint","urlTemplate":"https:\/\/www.naturparkmagazin.de\/stechlin\/?s={search_term_string}"},"query-input":"required name=search_term_string"}],"inLanguage":"de"},{"@type":"Person","@id":"https:\/\/www.naturparkmagazin.de\/stechlin\/#\/schema\/person\/3f0d93203df21c806dd63c76d9bb28bc","name":"marioschrumpf","url":"https:\/\/www.naturparkmagazin.de\/stechlin\/author\/marioschrumpf\/"}]}},"_links":{"self":[{"href":"https:\/\/www.naturparkmagazin.de\/stechlin\/wp-json\/wp\/v2\/posts\/2245"}],"collection":[{"href":"https:\/\/www.naturparkmagazin.de\/stechlin\/wp-json\/wp\/v2\/posts"}],"about":[{"href":"https:\/\/www.naturparkmagazin.de\/stechlin\/wp-json\/wp\/v2\/types\/post"}],"author":[{"embeddable":true,"href":"https:\/\/www.naturparkmagazin.de\/stechlin\/wp-json\/wp\/v2\/users\/39"}],"replies":[{"embeddable":true,"href":"https:\/\/www.naturparkmagazin.de\/stechlin\/wp-json\/wp\/v2\/comments?post=2245"}],"version-history":[{"count":6,"href":"https:\/\/www.naturparkmagazin.de\/stechlin\/wp-json\/wp\/v2\/posts\/2245\/revisions"}],"predecessor-version":[{"id":2305,"href":"https:\/\/www.naturparkmagazin.de\/stechlin\/wp-json\/wp\/v2\/posts\/2245\/revisions\/2305"}],"wp:featuredmedia":[{"embeddable":true,"href":"https:\/\/www.naturparkmagazin.de\/stechlin\/wp-json\/wp\/v2\/media\/2246"}],"wp:attachment":[{"href":"https:\/\/www.naturparkmagazin.de\/stechlin\/wp-json\/wp\/v2\/media?parent=2245"}],"wp:term":[{"taxonomy":"category","embeddable":true,"href":"https:\/\/www.naturparkmagazin.de\/stechlin\/wp-json\/wp\/v2\/categories?post=2245"},{"taxonomy":"post_tag","embeddable":true,"href":"https:\/\/www.naturparkmagazin.de\/stechlin\/wp-json\/wp\/v2\/tags?post=2245"}],"curies":[{"name":"wp","href":"https:\/\/api.w.org\/{rel}","templated":true}]}}