{"id":2267,"date":"2015-05-20T12:42:51","date_gmt":"2015-05-20T10:42:51","guid":{"rendered":"http:\/\/www.naturparkmagazin.de\/stechlin\/?p=2267"},"modified":"2015-05-26T12:36:12","modified_gmt":"2015-05-26T10:36:12","slug":"10-kanutag-im-ruppiner-seenland","status":"publish","type":"post","link":"https:\/\/www.naturparkmagazin.de\/stechlin\/10-kanutag-im-ruppiner-seenland\/","title":{"rendered":"10. Kanutag im Ruppiner Seenland"},"content":{"rendered":"<div id=\"attachment_782\" style=\"width: 310px\" class=\"wp-caption alignleft\"><a href=\"https:\/\/www.naturparkmagazin.de\/stechlin\/wp-content\/uploads\/sites\/38\/k-P6046085.jpg\"><img aria-describedby=\"caption-attachment-782\" decoding=\"async\" loading=\"lazy\" class=\"wp-image-782 size-thumbnail\" src=\"https:\/\/www.naturparkmagazin.de\/stechlin\/wp-content\/uploads\/sites\/38\/k-P6046085-300x225.jpg\" alt=\"Copyright: NP SRL\/Dr. Mario Schrumpf\" width=\"300\" height=\"225\" srcset=\"https:\/\/www.naturparkmagazin.de\/stechlin\/wp-content\/uploads\/sites\/38\/k-P6046085-300x225.jpg 300w, https:\/\/www.naturparkmagazin.de\/stechlin\/wp-content\/uploads\/sites\/38\/k-P6046085-180x135.jpg 180w, https:\/\/www.naturparkmagazin.de\/stechlin\/wp-content\/uploads\/sites\/38\/k-P6046085-95x71.jpg 95w, https:\/\/www.naturparkmagazin.de\/stechlin\/wp-content\/uploads\/sites\/38\/k-P6046085-200x150.jpg 200w, https:\/\/www.naturparkmagazin.de\/stechlin\/wp-content\/uploads\/sites\/38\/k-P6046085.jpg 320w\" sizes=\"(max-width: 300px) 100vw, 300px\" \/><\/a><p id=\"caption-attachment-782\" class=\"wp-caption-text\">Kanufahrer entschleunigt nicht nur gestresste Gro\u00dfst\u00e4dter<\/p><\/div>\n<p>&nbsp;<\/p>\n<p>&nbsp;<\/p>\n<p>&nbsp;<\/p>\n<p>&nbsp;<\/p>\n<p>&nbsp;<\/p>\n<p>&nbsp;<\/p>\n<p>&nbsp;<\/p>\n<p>&nbsp;<\/p>\n<p>&nbsp;<\/p>\n<p>Am <strong>20. Juni<\/strong> l\u00e4dt im Rahmen des <strong>Finowkanalfestes in Liebenwalde<\/strong> der Tourismusverband bereits zum 10. Mal zusammen mit Kanuanbietern der Reiseregion zum Schnupperpaddeln ein, um den G\u00e4sten das mit \u00fcber 170 Seen und 2.000 km Wasserwegen wasserreichste Gebiet Brandenburgs zu pr\u00e4sentieren. Der Kanutag bietet Anf\u00e4ngern und Kanufans die M\u00f6glichkeit, sich \u00fcber die Kanureviere im Ruppiner Seenland zu informieren und die Ruppiner Gew\u00e4sser bei Touren per Kajak oder Canadier aus n\u00e4chster N\u00e4he zu erleben.<\/p>\n<p><span style=\"text-decoration: underline\">Treff:<\/span> 10 bis 18 Uhr, Liebenwalde<\/p>\n<p><span style=\"text-decoration: underline\">Kosten:<\/span> frei<\/p>\n<p>&nbsp;<\/p>\n<p><span style=\"text-decoration: underline\">weitere Informationen:<\/span><\/p>\n<p>Tourismusverband Ruppiner Seenland e. V.<\/p>\n<p>Fischb\u00e4nkenstr. 8<\/p>\n<p>16816 Neuruppin<\/p>\n<p>Telefon: 03391 659630<\/p>\n<p>E-Mail: info@uppinerreiseland.de<\/p>\n<p>www.ruppinerreiseland.de<\/p>\n<p>&nbsp;<\/p>\n","protected":false},"excerpt":{"rendered":"<p>Am 20. Juni l\u00e4dt der Tourismusverband Ruppiner Seenland bereits zum 10. Mal zum Kanutag ein.<\/p>\n","protected":false},"author":39,"featured_media":782,"comment_status":"open","ping_status":"open","sticky":false,"template":"","format":"standard","meta":[],"categories":[11],"tags":[],"yoast_head":"<!-- This site is optimized with the Yoast SEO plugin v19.10 - https:\/\/yoast.com\/wordpress\/plugins\/seo\/ -->\n<title>10. Kanutag im Ruppiner Seenland - Naturpark Stechlin-Ruppiner Land<\/title>\n<meta name=\"robots\" content=\"index, follow, max-snippet:-1, max-image-preview:large, max-video-preview:-1\" \/>\n<link rel=\"canonical\" href=\"https:\/\/www.naturparkmagazin.de\/stechlin\/10-kanutag-im-ruppiner-seenland\/\" \/>\n<meta property=\"og:locale\" content=\"de_DE\" \/>\n<meta property=\"og:type\" content=\"article\" \/>\n<meta property=\"og:title\" content=\"10. Kanutag im Ruppiner Seenland - Naturpark Stechlin-Ruppiner Land\" \/>\n<meta property=\"og:description\" content=\"Am 20. Juni l\u00e4dt der Tourismusverband Ruppiner Seenland bereits zum 10. Mal zum Kanutag ein.\" \/>\n<meta property=\"og:url\" content=\"https:\/\/www.naturparkmagazin.de\/stechlin\/10-kanutag-im-ruppiner-seenland\/\" \/>\n<meta property=\"og:site_name\" content=\"Naturpark Stechlin-Ruppiner Land\" \/>\n<meta property=\"article:published_time\" content=\"2015-05-20T10:42:51+00:00\" \/>\n<meta property=\"article:modified_time\" content=\"2015-05-26T10:36:12+00:00\" \/>\n<meta property=\"og:image\" content=\"https:\/\/www.naturparkmagazin.de\/stechlin\/wp-content\/uploads\/sites\/38\/k-P6046085.jpg\" \/>\n\t<meta property=\"og:image:width\" content=\"320\" \/>\n\t<meta property=\"og:image:height\" content=\"240\" \/>\n\t<meta property=\"og:image:type\" content=\"image\/jpeg\" \/>\n<meta name=\"author\" content=\"marioschrumpf\" \/>\n<meta name=\"twitter:label1\" content=\"Verfasst von\" \/>\n\t<meta name=\"twitter:data1\" content=\"marioschrumpf\" \/>\n\t<meta name=\"twitter:label2\" content=\"Gesch\u00e4tzte Lesezeit\" \/>\n\t<meta name=\"twitter:data2\" content=\"1\u00a0Minute\" \/>\n<script type=\"application\/ld+json\" class=\"yoast-schema-graph\">{\"@context\":\"https:\/\/schema.org\",\"@graph\":[{\"@type\":\"WebPage\",\"@id\":\"https:\/\/www.naturparkmagazin.de\/stechlin\/10-kanutag-im-ruppiner-seenland\/\",\"url\":\"https:\/\/www.naturparkmagazin.de\/stechlin\/10-kanutag-im-ruppiner-seenland\/\",\"name\":\"10. Kanutag im Ruppiner Seenland - Naturpark Stechlin-Ruppiner Land\",\"isPartOf\":{\"@id\":\"https:\/\/www.naturparkmagazin.de\/stechlin\/#website\"},\"datePublished\":\"2015-05-20T10:42:51+00:00\",\"dateModified\":\"2015-05-26T10:36:12+00:00\",\"author\":{\"@id\":\"https:\/\/www.naturparkmagazin.de\/stechlin\/#\/schema\/person\/3f0d93203df21c806dd63c76d9bb28bc\"},\"breadcrumb\":{\"@id\":\"https:\/\/www.naturparkmagazin.de\/stechlin\/10-kanutag-im-ruppiner-seenland\/#breadcrumb\"},\"inLanguage\":\"de\",\"potentialAction\":[{\"@type\":\"ReadAction\",\"target\":[\"https:\/\/www.naturparkmagazin.de\/stechlin\/10-kanutag-im-ruppiner-seenland\/\"]}]},{\"@type\":\"BreadcrumbList\",\"@id\":\"https:\/\/www.naturparkmagazin.de\/stechlin\/10-kanutag-im-ruppiner-seenland\/#breadcrumb\",\"itemListElement\":[{\"@type\":\"ListItem\",\"position\":1,\"name\":\"Home\",\"item\":\"https:\/\/www.naturparkmagazin.de\/stechlin\/\"},{\"@type\":\"ListItem\",\"position\":2,\"name\":\"10. Kanutag im Ruppiner Seenland\"}]},{\"@type\":\"WebSite\",\"@id\":\"https:\/\/www.naturparkmagazin.de\/stechlin\/#website\",\"url\":\"https:\/\/www.naturparkmagazin.de\/stechlin\/\",\"name\":\"Naturpark Stechlin-Ruppiner Land\",\"description\":\"\",\"potentialAction\":[{\"@type\":\"SearchAction\",\"target\":{\"@type\":\"EntryPoint\",\"urlTemplate\":\"https:\/\/www.naturparkmagazin.de\/stechlin\/?s={search_term_string}\"},\"query-input\":\"required name=search_term_string\"}],\"inLanguage\":\"de\"},{\"@type\":\"Person\",\"@id\":\"https:\/\/www.naturparkmagazin.de\/stechlin\/#\/schema\/person\/3f0d93203df21c806dd63c76d9bb28bc\",\"name\":\"marioschrumpf\",\"url\":\"https:\/\/www.naturparkmagazin.de\/stechlin\/author\/marioschrumpf\/\"}]}<\/script>\n<!-- \/ Yoast SEO plugin. -->","yoast_head_json":{"title":"10. Kanutag im Ruppiner Seenland - Naturpark Stechlin-Ruppiner Land","robots":{"index":"index","follow":"follow","max-snippet":"max-snippet:-1","max-image-preview":"max-image-preview:large","max-video-preview":"max-video-preview:-1"},"canonical":"https:\/\/www.naturparkmagazin.de\/stechlin\/10-kanutag-im-ruppiner-seenland\/","og_locale":"de_DE","og_type":"article","og_title":"10. Kanutag im Ruppiner Seenland - Naturpark Stechlin-Ruppiner Land","og_description":"Am 20. Juni l\u00e4dt der Tourismusverband Ruppiner Seenland bereits zum 10. Mal zum Kanutag ein.","og_url":"https:\/\/www.naturparkmagazin.de\/stechlin\/10-kanutag-im-ruppiner-seenland\/","og_site_name":"Naturpark Stechlin-Ruppiner Land","article_published_time":"2015-05-20T10:42:51+00:00","article_modified_time":"2015-05-26T10:36:12+00:00","og_image":[{"width":320,"height":240,"url":"https:\/\/www.naturparkmagazin.de\/stechlin\/wp-content\/uploads\/sites\/38\/k-P6046085.jpg","type":"image\/jpeg"}],"author":"marioschrumpf","twitter_misc":{"Verfasst von":"marioschrumpf","Gesch\u00e4tzte Lesezeit":"1\u00a0Minute"},"schema":{"@context":"https:\/\/schema.org","@graph":[{"@type":"WebPage","@id":"https:\/\/www.naturparkmagazin.de\/stechlin\/10-kanutag-im-ruppiner-seenland\/","url":"https:\/\/www.naturparkmagazin.de\/stechlin\/10-kanutag-im-ruppiner-seenland\/","name":"10. Kanutag im Ruppiner Seenland - Naturpark Stechlin-Ruppiner Land","isPartOf":{"@id":"https:\/\/www.naturparkmagazin.de\/stechlin\/#website"},"datePublished":"2015-05-20T10:42:51+00:00","dateModified":"2015-05-26T10:36:12+00:00","author":{"@id":"https:\/\/www.naturparkmagazin.de\/stechlin\/#\/schema\/person\/3f0d93203df21c806dd63c76d9bb28bc"},"breadcrumb":{"@id":"https:\/\/www.naturparkmagazin.de\/stechlin\/10-kanutag-im-ruppiner-seenland\/#breadcrumb"},"inLanguage":"de","potentialAction":[{"@type":"ReadAction","target":["https:\/\/www.naturparkmagazin.de\/stechlin\/10-kanutag-im-ruppiner-seenland\/"]}]},{"@type":"BreadcrumbList","@id":"https:\/\/www.naturparkmagazin.de\/stechlin\/10-kanutag-im-ruppiner-seenland\/#breadcrumb","itemListElement":[{"@type":"ListItem","position":1,"name":"Home","item":"https:\/\/www.naturparkmagazin.de\/stechlin\/"},{"@type":"ListItem","position":2,"name":"10. Kanutag im Ruppiner Seenland"}]},{"@type":"WebSite","@id":"https:\/\/www.naturparkmagazin.de\/stechlin\/#website","url":"https:\/\/www.naturparkmagazin.de\/stechlin\/","name":"Naturpark Stechlin-Ruppiner Land","description":"","potentialAction":[{"@type":"SearchAction","target":{"@type":"EntryPoint","urlTemplate":"https:\/\/www.naturparkmagazin.de\/stechlin\/?s={search_term_string}"},"query-input":"required name=search_term_string"}],"inLanguage":"de"},{"@type":"Person","@id":"https:\/\/www.naturparkmagazin.de\/stechlin\/#\/schema\/person\/3f0d93203df21c806dd63c76d9bb28bc","name":"marioschrumpf","url":"https:\/\/www.naturparkmagazin.de\/stechlin\/author\/marioschrumpf\/"}]}},"_links":{"self":[{"href":"https:\/\/www.naturparkmagazin.de\/stechlin\/wp-json\/wp\/v2\/posts\/2267"}],"collection":[{"href":"https:\/\/www.naturparkmagazin.de\/stechlin\/wp-json\/wp\/v2\/posts"}],"about":[{"href":"https:\/\/www.naturparkmagazin.de\/stechlin\/wp-json\/wp\/v2\/types\/post"}],"author":[{"embeddable":true,"href":"https:\/\/www.naturparkmagazin.de\/stechlin\/wp-json\/wp\/v2\/users\/39"}],"replies":[{"embeddable":true,"href":"https:\/\/www.naturparkmagazin.de\/stechlin\/wp-json\/wp\/v2\/comments?post=2267"}],"version-history":[{"count":5,"href":"https:\/\/www.naturparkmagazin.de\/stechlin\/wp-json\/wp\/v2\/posts\/2267\/revisions"}],"predecessor-version":[{"id":2303,"href":"https:\/\/www.naturparkmagazin.de\/stechlin\/wp-json\/wp\/v2\/posts\/2267\/revisions\/2303"}],"wp:featuredmedia":[{"embeddable":true,"href":"https:\/\/www.naturparkmagazin.de\/stechlin\/wp-json\/wp\/v2\/media\/782"}],"wp:attachment":[{"href":"https:\/\/www.naturparkmagazin.de\/stechlin\/wp-json\/wp\/v2\/media?parent=2267"}],"wp:term":[{"taxonomy":"category","embeddable":true,"href":"https:\/\/www.naturparkmagazin.de\/stechlin\/wp-json\/wp\/v2\/categories?post=2267"},{"taxonomy":"post_tag","embeddable":true,"href":"https:\/\/www.naturparkmagazin.de\/stechlin\/wp-json\/wp\/v2\/tags?post=2267"}],"curies":[{"name":"wp","href":"https:\/\/api.w.org\/{rel}","templated":true}]}}