{"id":2277,"date":"2019-05-16T10:00:32","date_gmt":"2019-05-16T08:00:32","guid":{"rendered":"http:\/\/www.naturparkmagazin.de\/stechlin\/?p=2277"},"modified":"2025-01-24T10:12:48","modified_gmt":"2025-01-24T09:12:48","slug":"auf-zum-21-menzer-waldfest","status":"publish","type":"post","link":"https:\/\/www.naturparkmagazin.de\/stechlin\/auf-zum-21-menzer-waldfest\/","title":{"rendered":"Auf zum 25. Menzer Waldfest! (2019)"},"content":{"rendered":"<div id=\"attachment_1171\" style=\"width: 357px\" class=\"wp-caption aligncenter\"><a href=\"https:\/\/www.naturparkmagazin.de\/stechlin\/wp-content\/uploads\/sites\/38\/Waldfest-2014-Handwerk.jpg\"><img aria-describedby=\"caption-attachment-1171\" decoding=\"async\" loading=\"lazy\" class=\" wp-image-1171\" src=\"https:\/\/www.naturparkmagazin.de\/stechlin\/wp-content\/uploads\/sites\/38\/Waldfest-2014-Handwerk.jpg\" alt=\"Trditionelles Handwerk beim Waldfest wird pr\u00e4sentiert.\" width=\"347\" height=\"260\" srcset=\"https:\/\/www.naturparkmagazin.de\/stechlin\/wp-content\/uploads\/sites\/38\/Waldfest-2014-Handwerk.jpg 300w, https:\/\/www.naturparkmagazin.de\/stechlin\/wp-content\/uploads\/sites\/38\/Waldfest-2014-Handwerk-180x135.jpg 180w, https:\/\/www.naturparkmagazin.de\/stechlin\/wp-content\/uploads\/sites\/38\/Waldfest-2014-Handwerk-95x71.jpg 95w, https:\/\/www.naturparkmagazin.de\/stechlin\/wp-content\/uploads\/sites\/38\/Waldfest-2014-Handwerk-200x150.jpg 200w\" sizes=\"(max-width: 347px) 100vw, 347px\" \/><\/a><p id=\"caption-attachment-1171\" class=\"wp-caption-text\">Traditionelles Handwerk wird beim Waldfest pr\u00e4sentiert.<\/p><\/div>\n<p>&nbsp;<\/p>\n<p>Liane von Billerbeck\u00a0wird am <strong>Freitag, den 28. Juni, 18 Uhr<\/strong> in der Kirche\u00a0Geschichte und Geschichten von, \u00fcber, gegen und mit Fontane aus dem Buch &#8222;<em>Der seltsame Herr F<\/em>.&#8220;\u00a0lesen.\u00a0 Anschlie\u00dfend wird am Roofensee das <strong>Lagerfeuer<\/strong> entz\u00fcndet und ein <strong>Wettrudern<\/strong> \u00fcber den Roofensee gestartet. Dieses mal wird es eine <strong>Feuerartistik<\/strong> am Roofensee geben.<\/p>\n<div id=\"attachment_4212\" style=\"width: 310px\" class=\"wp-caption aligncenter\"><a href=\"https:\/\/www.naturparkmagazin.de\/stechlin\/wp-content\/uploads\/sites\/38\/Waldfest-2016_2.jpg\"><img aria-describedby=\"caption-attachment-4212\" decoding=\"async\" loading=\"lazy\" class=\"size-thumbnail wp-image-4212\" src=\"https:\/\/www.naturparkmagazin.de\/stechlin\/wp-content\/uploads\/sites\/38\/Waldfest-2016_2-300x180.jpg\" alt=\"Ein buntes Programm auf der B\u00fchne.\" width=\"300\" height=\"180\" srcset=\"https:\/\/www.naturparkmagazin.de\/stechlin\/wp-content\/uploads\/sites\/38\/Waldfest-2016_2-300x180.jpg 300w, https:\/\/www.naturparkmagazin.de\/stechlin\/wp-content\/uploads\/sites\/38\/Waldfest-2016_2.jpg 500w, https:\/\/www.naturparkmagazin.de\/stechlin\/wp-content\/uploads\/sites\/38\/Waldfest-2016_2-200x120.jpg 200w\" sizes=\"(max-width: 300px) 100vw, 300px\" \/><\/a><p id=\"caption-attachment-4212\" class=\"wp-caption-text\">Ein buntes Programm auf der B\u00fchne.<\/p><\/div>\n<p>Am <strong>Samstag<\/strong> findet <strong>ab 10 Uhr<\/strong> der <strong>Gro\u00dfe Waldmarkt<\/strong> statt. Traditionelles Handwerk mit T\u00f6pfer, Imker, Spinner, Korbmacher, Harzer und Schmied sowie heimische Spezialit\u00e4ten. Wildschwein am Spie\u00df, Fisch aus unseren Gew\u00e4ssern und selbstgebackenem Kuchen. Gro\u00dfes Kinder- und Jugendprogramm mit Wald- und Angelspiel, Basteln, Malen und Raten. <strong>Menzer Triathlon &#8222;<em>Iron Menz<\/em>&#8222;,<\/strong> ganzt\u00e4gig Kulturprogramm, Kutschfahrten u.a.m.<\/p>\n<p><a href=\"https:\/\/www.naturparkmagazin.de\/stechlin\/wp-content\/uploads\/sites\/38\/Waldfest-2017-3.jpg\"><img decoding=\"async\" loading=\"lazy\" class=\"aligncenter size-thumbnail wp-image-5978\" src=\"https:\/\/www.naturparkmagazin.de\/stechlin\/wp-content\/uploads\/sites\/38\/Waldfest-2017-3-300x180.jpg\" alt=\"NP SRL\/Jeanette Lehmann\" width=\"300\" height=\"180\" srcset=\"https:\/\/www.naturparkmagazin.de\/stechlin\/wp-content\/uploads\/sites\/38\/Waldfest-2017-3-300x180.jpg 300w, https:\/\/www.naturparkmagazin.de\/stechlin\/wp-content\/uploads\/sites\/38\/Waldfest-2017-3.jpg 500w, https:\/\/www.naturparkmagazin.de\/stechlin\/wp-content\/uploads\/sites\/38\/Waldfest-2017-3-200x120.jpg 200w\" sizes=\"(max-width: 300px) 100vw, 300px\" \/><\/a>Am <strong>Sonntag<\/strong> l\u00e4dt Pfarrer Mathias Wolf zur traditionellen <strong>Waldandacht auf dem Wallberg<\/strong> ein. Anschlie\u00dfend startet die <strong>Wanderung<\/strong> mit Naturw\u00e4chter Thomas Hahn.<\/p>\n<p>Die Festivit\u00e4ten finden ihren Abschlu\u00df mit einem <strong>Konzert <\/strong>in der<strong> Menzer Kirche mit\u00a0den Spielleuten &#8222;ErdenMut&#8220;\u00a0um 16 Uhr. <\/strong><\/p>\n<div id=\"attachment_1170\" style=\"width: 310px\" class=\"wp-caption aligncenter\"><a href=\"https:\/\/www.naturparkmagazin.de\/stechlin\/wp-content\/uploads\/sites\/38\/Waldfest-2014-Iron-Menz.jpg\"><img aria-describedby=\"caption-attachment-1170\" decoding=\"async\" loading=\"lazy\" class=\"size-full wp-image-1170\" src=\"https:\/\/www.naturparkmagazin.de\/stechlin\/wp-content\/uploads\/sites\/38\/Waldfest-2014-Iron-Menz.jpg\" alt=\"Start des &quot;Iron Menz&quot;\" width=\"300\" height=\"201\" srcset=\"https:\/\/www.naturparkmagazin.de\/stechlin\/wp-content\/uploads\/sites\/38\/Waldfest-2014-Iron-Menz.jpg 300w, https:\/\/www.naturparkmagazin.de\/stechlin\/wp-content\/uploads\/sites\/38\/Waldfest-2014-Iron-Menz-200x134.jpg 200w\" sizes=\"(max-width: 300px) 100vw, 300px\" \/><\/a><p id=\"caption-attachment-1170\" class=\"wp-caption-text\">Start des &#8222;Iron Menz&#8220;<\/p><\/div>\n<p>&nbsp;<\/p>\n<p>&nbsp;<\/p>\n<p>&nbsp;<\/p>\n<p>&nbsp;<\/p>\n<p>&nbsp;<\/p>\n<p>&nbsp;<\/p>\n<p>&nbsp;<\/p>\n<p><a href=\"https:\/\/www.naturparkmagazin.de\/stechlin\/wp-content\/uploads\/sites\/38\/Plakat.jpg\">\u00a0<\/a><\/p>\n","protected":false},"excerpt":{"rendered":"<p>Am letzten Juni-Wochenende (28.-30. Juni) ist es wieder soweit. In Menz wird das 25. Waldfest gefeiert.<\/p>\n","protected":false},"author":39,"featured_media":1172,"comment_status":"open","ping_status":"open","sticky":false,"template":"","format":"standard","meta":[],"categories":[11],"tags":[],"yoast_head":"<!-- This site is optimized with the Yoast SEO plugin v19.10 - https:\/\/yoast.com\/wordpress\/plugins\/seo\/ -->\n<title>Auf zum 25. Menzer Waldfest! (2019) - Naturpark Stechlin-Ruppiner Land<\/title>\n<meta name=\"robots\" content=\"index, follow, max-snippet:-1, max-image-preview:large, max-video-preview:-1\" \/>\n<link rel=\"canonical\" href=\"https:\/\/www.naturparkmagazin.de\/stechlin\/auf-zum-21-menzer-waldfest\/\" \/>\n<meta property=\"og:locale\" content=\"de_DE\" \/>\n<meta property=\"og:type\" content=\"article\" \/>\n<meta property=\"og:title\" content=\"Auf zum 25. Menzer Waldfest! (2019) - Naturpark Stechlin-Ruppiner Land\" \/>\n<meta property=\"og:description\" content=\"Am letzten Juni-Wochenende (28.-30. Juni) ist es wieder soweit. In Menz wird das 25. Waldfest gefeiert.\" \/>\n<meta property=\"og:url\" content=\"https:\/\/www.naturparkmagazin.de\/stechlin\/auf-zum-21-menzer-waldfest\/\" \/>\n<meta property=\"og:site_name\" content=\"Naturpark Stechlin-Ruppiner Land\" \/>\n<meta property=\"article:published_time\" content=\"2019-05-16T08:00:32+00:00\" \/>\n<meta property=\"article:modified_time\" content=\"2025-01-24T09:12:48+00:00\" \/>\n<meta property=\"og:image\" content=\"https:\/\/www.naturparkmagazin.de\/stechlin\/wp-content\/uploads\/sites\/38\/Waldfest-2014-Handwerk2.jpg\" \/>\n\t<meta property=\"og:image:width\" content=\"300\" \/>\n\t<meta property=\"og:image:height\" content=\"225\" \/>\n\t<meta property=\"og:image:type\" content=\"image\/jpeg\" \/>\n<meta name=\"author\" content=\"marioschrumpf\" \/>\n<meta name=\"twitter:label1\" content=\"Verfasst von\" \/>\n\t<meta name=\"twitter:data1\" content=\"marioschrumpf\" \/>\n\t<meta name=\"twitter:label2\" content=\"Gesch\u00e4tzte Lesezeit\" \/>\n\t<meta name=\"twitter:data2\" content=\"2\u00a0Minuten\" \/>\n<script type=\"application\/ld+json\" class=\"yoast-schema-graph\">{\"@context\":\"https:\/\/schema.org\",\"@graph\":[{\"@type\":\"WebPage\",\"@id\":\"https:\/\/www.naturparkmagazin.de\/stechlin\/auf-zum-21-menzer-waldfest\/\",\"url\":\"https:\/\/www.naturparkmagazin.de\/stechlin\/auf-zum-21-menzer-waldfest\/\",\"name\":\"Auf zum 25. Menzer Waldfest! (2019) - Naturpark Stechlin-Ruppiner Land\",\"isPartOf\":{\"@id\":\"https:\/\/www.naturparkmagazin.de\/stechlin\/#website\"},\"datePublished\":\"2019-05-16T08:00:32+00:00\",\"dateModified\":\"2025-01-24T09:12:48+00:00\",\"author\":{\"@id\":\"https:\/\/www.naturparkmagazin.de\/stechlin\/#\/schema\/person\/3f0d93203df21c806dd63c76d9bb28bc\"},\"breadcrumb\":{\"@id\":\"https:\/\/www.naturparkmagazin.de\/stechlin\/auf-zum-21-menzer-waldfest\/#breadcrumb\"},\"inLanguage\":\"de\",\"potentialAction\":[{\"@type\":\"ReadAction\",\"target\":[\"https:\/\/www.naturparkmagazin.de\/stechlin\/auf-zum-21-menzer-waldfest\/\"]}]},{\"@type\":\"BreadcrumbList\",\"@id\":\"https:\/\/www.naturparkmagazin.de\/stechlin\/auf-zum-21-menzer-waldfest\/#breadcrumb\",\"itemListElement\":[{\"@type\":\"ListItem\",\"position\":1,\"name\":\"Home\",\"item\":\"https:\/\/www.naturparkmagazin.de\/stechlin\/\"},{\"@type\":\"ListItem\",\"position\":2,\"name\":\"Auf zum 25. Menzer Waldfest! (2019)\"}]},{\"@type\":\"WebSite\",\"@id\":\"https:\/\/www.naturparkmagazin.de\/stechlin\/#website\",\"url\":\"https:\/\/www.naturparkmagazin.de\/stechlin\/\",\"name\":\"Naturpark Stechlin-Ruppiner Land\",\"description\":\"\",\"potentialAction\":[{\"@type\":\"SearchAction\",\"target\":{\"@type\":\"EntryPoint\",\"urlTemplate\":\"https:\/\/www.naturparkmagazin.de\/stechlin\/?s={search_term_string}\"},\"query-input\":\"required name=search_term_string\"}],\"inLanguage\":\"de\"},{\"@type\":\"Person\",\"@id\":\"https:\/\/www.naturparkmagazin.de\/stechlin\/#\/schema\/person\/3f0d93203df21c806dd63c76d9bb28bc\",\"name\":\"marioschrumpf\",\"url\":\"https:\/\/www.naturparkmagazin.de\/stechlin\/author\/marioschrumpf\/\"}]}<\/script>\n<!-- \/ Yoast SEO plugin. -->","yoast_head_json":{"title":"Auf zum 25. Menzer Waldfest! (2019) - Naturpark Stechlin-Ruppiner Land","robots":{"index":"index","follow":"follow","max-snippet":"max-snippet:-1","max-image-preview":"max-image-preview:large","max-video-preview":"max-video-preview:-1"},"canonical":"https:\/\/www.naturparkmagazin.de\/stechlin\/auf-zum-21-menzer-waldfest\/","og_locale":"de_DE","og_type":"article","og_title":"Auf zum 25. Menzer Waldfest! (2019) - Naturpark Stechlin-Ruppiner Land","og_description":"Am letzten Juni-Wochenende (28.-30. Juni) ist es wieder soweit. In Menz wird das 25. Waldfest gefeiert.","og_url":"https:\/\/www.naturparkmagazin.de\/stechlin\/auf-zum-21-menzer-waldfest\/","og_site_name":"Naturpark Stechlin-Ruppiner Land","article_published_time":"2019-05-16T08:00:32+00:00","article_modified_time":"2025-01-24T09:12:48+00:00","og_image":[{"width":300,"height":225,"url":"https:\/\/www.naturparkmagazin.de\/stechlin\/wp-content\/uploads\/sites\/38\/Waldfest-2014-Handwerk2.jpg","type":"image\/jpeg"}],"author":"marioschrumpf","twitter_misc":{"Verfasst von":"marioschrumpf","Gesch\u00e4tzte Lesezeit":"2\u00a0Minuten"},"schema":{"@context":"https:\/\/schema.org","@graph":[{"@type":"WebPage","@id":"https:\/\/www.naturparkmagazin.de\/stechlin\/auf-zum-21-menzer-waldfest\/","url":"https:\/\/www.naturparkmagazin.de\/stechlin\/auf-zum-21-menzer-waldfest\/","name":"Auf zum 25. Menzer Waldfest! (2019) - Naturpark Stechlin-Ruppiner Land","isPartOf":{"@id":"https:\/\/www.naturparkmagazin.de\/stechlin\/#website"},"datePublished":"2019-05-16T08:00:32+00:00","dateModified":"2025-01-24T09:12:48+00:00","author":{"@id":"https:\/\/www.naturparkmagazin.de\/stechlin\/#\/schema\/person\/3f0d93203df21c806dd63c76d9bb28bc"},"breadcrumb":{"@id":"https:\/\/www.naturparkmagazin.de\/stechlin\/auf-zum-21-menzer-waldfest\/#breadcrumb"},"inLanguage":"de","potentialAction":[{"@type":"ReadAction","target":["https:\/\/www.naturparkmagazin.de\/stechlin\/auf-zum-21-menzer-waldfest\/"]}]},{"@type":"BreadcrumbList","@id":"https:\/\/www.naturparkmagazin.de\/stechlin\/auf-zum-21-menzer-waldfest\/#breadcrumb","itemListElement":[{"@type":"ListItem","position":1,"name":"Home","item":"https:\/\/www.naturparkmagazin.de\/stechlin\/"},{"@type":"ListItem","position":2,"name":"Auf zum 25. Menzer Waldfest! (2019)"}]},{"@type":"WebSite","@id":"https:\/\/www.naturparkmagazin.de\/stechlin\/#website","url":"https:\/\/www.naturparkmagazin.de\/stechlin\/","name":"Naturpark Stechlin-Ruppiner Land","description":"","potentialAction":[{"@type":"SearchAction","target":{"@type":"EntryPoint","urlTemplate":"https:\/\/www.naturparkmagazin.de\/stechlin\/?s={search_term_string}"},"query-input":"required name=search_term_string"}],"inLanguage":"de"},{"@type":"Person","@id":"https:\/\/www.naturparkmagazin.de\/stechlin\/#\/schema\/person\/3f0d93203df21c806dd63c76d9bb28bc","name":"marioschrumpf","url":"https:\/\/www.naturparkmagazin.de\/stechlin\/author\/marioschrumpf\/"}]}},"_links":{"self":[{"href":"https:\/\/www.naturparkmagazin.de\/stechlin\/wp-json\/wp\/v2\/posts\/2277"}],"collection":[{"href":"https:\/\/www.naturparkmagazin.de\/stechlin\/wp-json\/wp\/v2\/posts"}],"about":[{"href":"https:\/\/www.naturparkmagazin.de\/stechlin\/wp-json\/wp\/v2\/types\/post"}],"author":[{"embeddable":true,"href":"https:\/\/www.naturparkmagazin.de\/stechlin\/wp-json\/wp\/v2\/users\/39"}],"replies":[{"embeddable":true,"href":"https:\/\/www.naturparkmagazin.de\/stechlin\/wp-json\/wp\/v2\/comments?post=2277"}],"version-history":[{"count":20,"href":"https:\/\/www.naturparkmagazin.de\/stechlin\/wp-json\/wp\/v2\/posts\/2277\/revisions"}],"predecessor-version":[{"id":16594,"href":"https:\/\/www.naturparkmagazin.de\/stechlin\/wp-json\/wp\/v2\/posts\/2277\/revisions\/16594"}],"wp:featuredmedia":[{"embeddable":true,"href":"https:\/\/www.naturparkmagazin.de\/stechlin\/wp-json\/wp\/v2\/media\/1172"}],"wp:attachment":[{"href":"https:\/\/www.naturparkmagazin.de\/stechlin\/wp-json\/wp\/v2\/media?parent=2277"}],"wp:term":[{"taxonomy":"category","embeddable":true,"href":"https:\/\/www.naturparkmagazin.de\/stechlin\/wp-json\/wp\/v2\/categories?post=2277"},{"taxonomy":"post_tag","embeddable":true,"href":"https:\/\/www.naturparkmagazin.de\/stechlin\/wp-json\/wp\/v2\/tags?post=2277"}],"curies":[{"name":"wp","href":"https:\/\/api.w.org\/{rel}","templated":true}]}}