{"id":2327,"date":"2015-06-16T11:38:04","date_gmt":"2015-06-16T09:38:04","guid":{"rendered":"http:\/\/www.naturparkmagazin.de\/stechlin\/?p=2327"},"modified":"2015-07-15T10:19:13","modified_gmt":"2015-07-15T08:19:13","slug":"schafe-ziegen-esel-zweibeiner-und-maschinen","status":"publish","type":"post","link":"https:\/\/www.naturparkmagazin.de\/stechlin\/schafe-ziegen-esel-zweibeiner-und-maschinen\/","title":{"rendered":"Vertragsnaturschutz ist eine tolle Sache!"},"content":{"rendered":"<div id=\"attachment_2329\" style=\"width: 210px\" class=\"wp-caption alignleft\"><a href=\"https:\/\/www.naturparkmagazin.de\/stechlin\/wp-content\/uploads\/sites\/38\/k-DSCN0048.jpg\"><img aria-describedby=\"caption-attachment-2329\" decoding=\"async\" loading=\"lazy\" class=\"wp-image-2329 size-full\" src=\"https:\/\/www.naturparkmagazin.de\/stechlin\/wp-content\/uploads\/sites\/38\/k-DSCN0048.jpg\" alt=\"NP SRL\/Heiko Strobel\" width=\"200\" height=\"200\" srcset=\"https:\/\/www.naturparkmagazin.de\/stechlin\/wp-content\/uploads\/sites\/38\/k-DSCN0048.jpg 200w, https:\/\/www.naturparkmagazin.de\/stechlin\/wp-content\/uploads\/sites\/38\/k-DSCN0048-30x30.jpg 30w\" sizes=\"(max-width: 200px) 100vw, 200px\" \/><\/a><p id=\"caption-attachment-2329\" class=\"wp-caption-text\">Wiesenmahd mit maschineller Unterst\u00fctzung<\/p><\/div>\n<p>&nbsp;<\/p>\n<p>&nbsp;<\/p>\n<p>&nbsp;<\/p>\n<p>&nbsp;<\/p>\n<p>&nbsp;<\/p>\n<p>&nbsp;<\/p>\n<p>&nbsp;<\/p>\n<p>&nbsp;<\/p>\n<p>&nbsp;<\/p>\n<p>Dank unserer Managementpl\u00e4ne sind im vergangenen Jahr neue Partner und Fl\u00e4chen hinzugekommen. Der Erfolg spricht f\u00fcr sich. Auch wenn noch lange nicht alle\u00a0wertvollen Biotope in Pflege sind, zeigt sich, dass der Weg richtig ist.<\/p>\n<p>So konnten 2014 die Esel auf dem Zechower Berg genau das freilegen, was in den Vorjahren als fast verschollen galt: Auf einem gro\u00dfen Teil der Pflegefl\u00e4che hat sich wieder Federgras etablieren k\u00f6nnen.<\/p>\n<p>Kleinere Entbuschungen des jeweiligen Vorjahres flie\u00dfen in die j\u00e4hrliche Weidefl\u00e4che unserer geh\u00f6rnten Landschaftspfleger ein, die eine Geh\u00f6lzzugabe in ihrem Nahrungsspektum dankend annehmen.<\/p>\n<p>Eine spezielle Pflege erh\u00e4lt seit einigen Jahren eines der letzten Vorkommen der K\u00fcchenschelle im Naturpark durch den NABU-Regionalverband Gransee. Die steigende Zahl bl\u00fchender\u00a0Pflanzen (2015 &#8211;\u00a026 St\u00fcck!) zeigt die Notwendigkeit solcher Ma\u00dfnahmen deutlich.<\/p>\n<p>Auch wieder unter Pflege sind die Orchideenfl\u00e4chen im Naturpark. Die Bandbreite der Akteure reicht dabei von privaten Fl\u00e4cheneigent\u00fcmern, \u00fcber Forstlehrlinge, Ehrenamtliche beim NABU bis hin zu den Besch\u00e4ftigten eines Landschaftspflegevereins.<\/p>\n<p>Weitere Ideen sind bereits vorhanden bzw. ergeben sich aus den Managementpl\u00e4nen der NATURA 2000 Gebiete und dem Pflege- und Entwicklungsplan des Naturparks.<\/p>\n<div id=\"attachment_2330\" style=\"width: 210px\" class=\"wp-caption alignleft\"><a href=\"https:\/\/www.naturparkmagazin.de\/stechlin\/wp-content\/uploads\/sites\/38\/k-P6108231-e1434447458200.jpg\"><img aria-describedby=\"caption-attachment-2330\" decoding=\"async\" loading=\"lazy\" class=\"wp-image-2330 size-full\" src=\"https:\/\/www.naturparkmagazin.de\/stechlin\/wp-content\/uploads\/sites\/38\/k-P6108231-e1434447458200.jpg\" alt=\"NP SRL\/Heiko Strobel\" width=\"200\" height=\"200\" \/><\/a><p id=\"caption-attachment-2330\" class=\"wp-caption-text\">Ohne regelm\u00e4\u00dfige Mahd sind Orchideen nicht konkurrenzf\u00e4hig<\/p><\/div>\n","protected":false},"excerpt":{"rendered":"<p>Dank unserer Managementpl\u00e4ne sind im vergangenen Jahr neue Partner und Fl\u00e4chen hinzugekommen. Der Erfolg spricht f\u00fcr sich. Auch wenn noch lange nicht alle wertvollen Biotope in Pflege sind, zeigt sich, dass der Weg richtig ist.<\/p>\n","protected":false},"author":39,"featured_media":2328,"comment_status":"open","ping_status":"open","sticky":false,"template":"","format":"standard","meta":[],"categories":[7],"tags":[],"yoast_head":"<!-- This site is optimized with the Yoast SEO plugin v19.10 - https:\/\/yoast.com\/wordpress\/plugins\/seo\/ -->\n<title>Vertragsnaturschutz ist eine tolle Sache! - Naturpark Stechlin-Ruppiner Land<\/title>\n<meta name=\"robots\" content=\"index, follow, max-snippet:-1, max-image-preview:large, max-video-preview:-1\" \/>\n<link rel=\"canonical\" href=\"https:\/\/www.naturparkmagazin.de\/stechlin\/schafe-ziegen-esel-zweibeiner-und-maschinen\/\" \/>\n<meta property=\"og:locale\" content=\"de_DE\" \/>\n<meta property=\"og:type\" content=\"article\" \/>\n<meta property=\"og:title\" content=\"Vertragsnaturschutz ist eine tolle Sache! - Naturpark Stechlin-Ruppiner Land\" \/>\n<meta property=\"og:description\" content=\"Dank unserer Managementpl\u00e4ne sind im vergangenen Jahr neue Partner und Fl\u00e4chen hinzugekommen. Der Erfolg spricht f\u00fcr sich. Auch wenn noch lange nicht alle wertvollen Biotope in Pflege sind, zeigt sich, dass der Weg richtig ist.\" \/>\n<meta property=\"og:url\" content=\"https:\/\/www.naturparkmagazin.de\/stechlin\/schafe-ziegen-esel-zweibeiner-und-maschinen\/\" \/>\n<meta property=\"og:site_name\" content=\"Naturpark Stechlin-Ruppiner Land\" \/>\n<meta property=\"article:published_time\" content=\"2015-06-16T09:38:04+00:00\" \/>\n<meta property=\"article:modified_time\" content=\"2015-07-15T08:19:13+00:00\" \/>\n<meta property=\"og:image\" content=\"https:\/\/www.naturparkmagazin.de\/stechlin\/wp-content\/uploads\/sites\/38\/k-federgras.jpg\" \/>\n\t<meta property=\"og:image:width\" content=\"200\" \/>\n\t<meta property=\"og:image:height\" content=\"200\" \/>\n\t<meta property=\"og:image:type\" content=\"image\/jpeg\" \/>\n<meta name=\"author\" content=\"marioschrumpf\" \/>\n<meta name=\"twitter:label1\" content=\"Verfasst von\" \/>\n\t<meta name=\"twitter:data1\" content=\"marioschrumpf\" \/>\n\t<meta name=\"twitter:label2\" content=\"Gesch\u00e4tzte Lesezeit\" \/>\n\t<meta name=\"twitter:data2\" content=\"1\u00a0Minute\" \/>\n<script type=\"application\/ld+json\" class=\"yoast-schema-graph\">{\"@context\":\"https:\/\/schema.org\",\"@graph\":[{\"@type\":\"WebPage\",\"@id\":\"https:\/\/www.naturparkmagazin.de\/stechlin\/schafe-ziegen-esel-zweibeiner-und-maschinen\/\",\"url\":\"https:\/\/www.naturparkmagazin.de\/stechlin\/schafe-ziegen-esel-zweibeiner-und-maschinen\/\",\"name\":\"Vertragsnaturschutz ist eine tolle Sache! - Naturpark Stechlin-Ruppiner Land\",\"isPartOf\":{\"@id\":\"https:\/\/www.naturparkmagazin.de\/stechlin\/#website\"},\"datePublished\":\"2015-06-16T09:38:04+00:00\",\"dateModified\":\"2015-07-15T08:19:13+00:00\",\"author\":{\"@id\":\"https:\/\/www.naturparkmagazin.de\/stechlin\/#\/schema\/person\/3f0d93203df21c806dd63c76d9bb28bc\"},\"breadcrumb\":{\"@id\":\"https:\/\/www.naturparkmagazin.de\/stechlin\/schafe-ziegen-esel-zweibeiner-und-maschinen\/#breadcrumb\"},\"inLanguage\":\"de\",\"potentialAction\":[{\"@type\":\"ReadAction\",\"target\":[\"https:\/\/www.naturparkmagazin.de\/stechlin\/schafe-ziegen-esel-zweibeiner-und-maschinen\/\"]}]},{\"@type\":\"BreadcrumbList\",\"@id\":\"https:\/\/www.naturparkmagazin.de\/stechlin\/schafe-ziegen-esel-zweibeiner-und-maschinen\/#breadcrumb\",\"itemListElement\":[{\"@type\":\"ListItem\",\"position\":1,\"name\":\"Home\",\"item\":\"https:\/\/www.naturparkmagazin.de\/stechlin\/\"},{\"@type\":\"ListItem\",\"position\":2,\"name\":\"Vertragsnaturschutz ist eine tolle Sache!\"}]},{\"@type\":\"WebSite\",\"@id\":\"https:\/\/www.naturparkmagazin.de\/stechlin\/#website\",\"url\":\"https:\/\/www.naturparkmagazin.de\/stechlin\/\",\"name\":\"Naturpark Stechlin-Ruppiner Land\",\"description\":\"\",\"potentialAction\":[{\"@type\":\"SearchAction\",\"target\":{\"@type\":\"EntryPoint\",\"urlTemplate\":\"https:\/\/www.naturparkmagazin.de\/stechlin\/?s={search_term_string}\"},\"query-input\":\"required name=search_term_string\"}],\"inLanguage\":\"de\"},{\"@type\":\"Person\",\"@id\":\"https:\/\/www.naturparkmagazin.de\/stechlin\/#\/schema\/person\/3f0d93203df21c806dd63c76d9bb28bc\",\"name\":\"marioschrumpf\",\"url\":\"https:\/\/www.naturparkmagazin.de\/stechlin\/author\/marioschrumpf\/\"}]}<\/script>\n<!-- \/ Yoast SEO plugin. -->","yoast_head_json":{"title":"Vertragsnaturschutz ist eine tolle Sache! - Naturpark Stechlin-Ruppiner Land","robots":{"index":"index","follow":"follow","max-snippet":"max-snippet:-1","max-image-preview":"max-image-preview:large","max-video-preview":"max-video-preview:-1"},"canonical":"https:\/\/www.naturparkmagazin.de\/stechlin\/schafe-ziegen-esel-zweibeiner-und-maschinen\/","og_locale":"de_DE","og_type":"article","og_title":"Vertragsnaturschutz ist eine tolle Sache! - Naturpark Stechlin-Ruppiner Land","og_description":"Dank unserer Managementpl\u00e4ne sind im vergangenen Jahr neue Partner und Fl\u00e4chen hinzugekommen. Der Erfolg spricht f\u00fcr sich. Auch wenn noch lange nicht alle wertvollen Biotope in Pflege sind, zeigt sich, dass der Weg richtig ist.","og_url":"https:\/\/www.naturparkmagazin.de\/stechlin\/schafe-ziegen-esel-zweibeiner-und-maschinen\/","og_site_name":"Naturpark Stechlin-Ruppiner Land","article_published_time":"2015-06-16T09:38:04+00:00","article_modified_time":"2015-07-15T08:19:13+00:00","og_image":[{"width":200,"height":200,"url":"https:\/\/www.naturparkmagazin.de\/stechlin\/wp-content\/uploads\/sites\/38\/k-federgras.jpg","type":"image\/jpeg"}],"author":"marioschrumpf","twitter_misc":{"Verfasst von":"marioschrumpf","Gesch\u00e4tzte Lesezeit":"1\u00a0Minute"},"schema":{"@context":"https:\/\/schema.org","@graph":[{"@type":"WebPage","@id":"https:\/\/www.naturparkmagazin.de\/stechlin\/schafe-ziegen-esel-zweibeiner-und-maschinen\/","url":"https:\/\/www.naturparkmagazin.de\/stechlin\/schafe-ziegen-esel-zweibeiner-und-maschinen\/","name":"Vertragsnaturschutz ist eine tolle Sache! - Naturpark Stechlin-Ruppiner Land","isPartOf":{"@id":"https:\/\/www.naturparkmagazin.de\/stechlin\/#website"},"datePublished":"2015-06-16T09:38:04+00:00","dateModified":"2015-07-15T08:19:13+00:00","author":{"@id":"https:\/\/www.naturparkmagazin.de\/stechlin\/#\/schema\/person\/3f0d93203df21c806dd63c76d9bb28bc"},"breadcrumb":{"@id":"https:\/\/www.naturparkmagazin.de\/stechlin\/schafe-ziegen-esel-zweibeiner-und-maschinen\/#breadcrumb"},"inLanguage":"de","potentialAction":[{"@type":"ReadAction","target":["https:\/\/www.naturparkmagazin.de\/stechlin\/schafe-ziegen-esel-zweibeiner-und-maschinen\/"]}]},{"@type":"BreadcrumbList","@id":"https:\/\/www.naturparkmagazin.de\/stechlin\/schafe-ziegen-esel-zweibeiner-und-maschinen\/#breadcrumb","itemListElement":[{"@type":"ListItem","position":1,"name":"Home","item":"https:\/\/www.naturparkmagazin.de\/stechlin\/"},{"@type":"ListItem","position":2,"name":"Vertragsnaturschutz ist eine tolle Sache!"}]},{"@type":"WebSite","@id":"https:\/\/www.naturparkmagazin.de\/stechlin\/#website","url":"https:\/\/www.naturparkmagazin.de\/stechlin\/","name":"Naturpark Stechlin-Ruppiner Land","description":"","potentialAction":[{"@type":"SearchAction","target":{"@type":"EntryPoint","urlTemplate":"https:\/\/www.naturparkmagazin.de\/stechlin\/?s={search_term_string}"},"query-input":"required name=search_term_string"}],"inLanguage":"de"},{"@type":"Person","@id":"https:\/\/www.naturparkmagazin.de\/stechlin\/#\/schema\/person\/3f0d93203df21c806dd63c76d9bb28bc","name":"marioschrumpf","url":"https:\/\/www.naturparkmagazin.de\/stechlin\/author\/marioschrumpf\/"}]}},"_links":{"self":[{"href":"https:\/\/www.naturparkmagazin.de\/stechlin\/wp-json\/wp\/v2\/posts\/2327"}],"collection":[{"href":"https:\/\/www.naturparkmagazin.de\/stechlin\/wp-json\/wp\/v2\/posts"}],"about":[{"href":"https:\/\/www.naturparkmagazin.de\/stechlin\/wp-json\/wp\/v2\/types\/post"}],"author":[{"embeddable":true,"href":"https:\/\/www.naturparkmagazin.de\/stechlin\/wp-json\/wp\/v2\/users\/39"}],"replies":[{"embeddable":true,"href":"https:\/\/www.naturparkmagazin.de\/stechlin\/wp-json\/wp\/v2\/comments?post=2327"}],"version-history":[{"count":6,"href":"https:\/\/www.naturparkmagazin.de\/stechlin\/wp-json\/wp\/v2\/posts\/2327\/revisions"}],"predecessor-version":[{"id":2520,"href":"https:\/\/www.naturparkmagazin.de\/stechlin\/wp-json\/wp\/v2\/posts\/2327\/revisions\/2520"}],"wp:featuredmedia":[{"embeddable":true,"href":"https:\/\/www.naturparkmagazin.de\/stechlin\/wp-json\/wp\/v2\/media\/2328"}],"wp:attachment":[{"href":"https:\/\/www.naturparkmagazin.de\/stechlin\/wp-json\/wp\/v2\/media?parent=2327"}],"wp:term":[{"taxonomy":"category","embeddable":true,"href":"https:\/\/www.naturparkmagazin.de\/stechlin\/wp-json\/wp\/v2\/categories?post=2327"},{"taxonomy":"post_tag","embeddable":true,"href":"https:\/\/www.naturparkmagazin.de\/stechlin\/wp-json\/wp\/v2\/tags?post=2327"}],"curies":[{"name":"wp","href":"https:\/\/api.w.org\/{rel}","templated":true}]}}