{"id":2333,"date":"2015-06-16T11:54:53","date_gmt":"2015-06-16T09:54:53","guid":{"rendered":"http:\/\/www.naturparkmagazin.de\/stechlin\/?p=2333"},"modified":"2015-06-23T12:57:56","modified_gmt":"2015-06-23T10:57:56","slug":"einfach-maerchenhaft-12-brandenburgisches-junior-ranger-camp-2015","status":"publish","type":"post","link":"https:\/\/www.naturparkmagazin.de\/stechlin\/einfach-maerchenhaft-12-brandenburgisches-junior-ranger-camp-2015\/","title":{"rendered":"Einfach m\u00e4rchenhaft\u2026., 12. Brandenburgisches Junior Ranger-Camp 2015"},"content":{"rendered":"<p><a href=\"https:\/\/www.naturparkmagazin.de\/stechlin\/wp-content\/uploads\/sites\/38\/Juniorrangercamp.jpg\"><img decoding=\"async\" loading=\"lazy\" class=\"alignleft size-thumbnail wp-image-2425\" src=\"https:\/\/www.naturparkmagazin.de\/stechlin\/wp-content\/uploads\/sites\/38\/Juniorrangercamp-300x447.jpg\" alt=\"NP SRL\/Archiv\" width=\"300\" height=\"447\" srcset=\"https:\/\/www.naturparkmagazin.de\/stechlin\/wp-content\/uploads\/sites\/38\/Juniorrangercamp-300x447.jpg 300w, https:\/\/www.naturparkmagazin.de\/stechlin\/wp-content\/uploads\/sites\/38\/Juniorrangercamp-200x298.jpg 200w, https:\/\/www.naturparkmagazin.de\/stechlin\/wp-content\/uploads\/sites\/38\/Juniorrangercamp.jpg 486w\" sizes=\"(max-width: 300px) 100vw, 300px\" \/><\/a><\/p>\n<p>&nbsp;<\/p>\n<p>&nbsp;<\/p>\n<p>&nbsp;<\/p>\n<p>&nbsp;<\/p>\n<p>&nbsp;<\/p>\n<p>&nbsp;<\/p>\n<p>&nbsp;<\/p>\n<p>&nbsp;<\/p>\n<p>&nbsp;<\/p>\n<p>&nbsp;<\/p>\n<p>&nbsp;<\/p>\n<p>Eine, einfach m\u00e4rchenhafte Zeit, wollen die Juniorranger der Naturwacht Brandenburg vom 17.-19. Juli 2015 im Naturpark Stechlin-Ruppiner Land verbringen. 107 Kinder und Jugendliche zwischen 6 und 16 Jahren und 33 Betreuer (zwischen 30 und 65 Jahren) haben sich angemeldet, um mit uns die M\u00e4rchenwelt durcheinander zu bringen. Eine polnische Kindergruppe saust auch auf Ihrem Besen heran.<\/p>\n<p>Gastgeber f\u00fcr diesen \u201eEinflug\u201c ist die Waldarbeitsschule in Kunsterspring. Die Mitarbeiter sorgen daf\u00fcr, das alle schlafen, wie die Prinzessin ohne Erbse und sie stemmen auch die gewaltige Aufgabe, das es f\u00fcr alle immer ein fertiges \u201eTischlein deck dich\u201c gibt.<\/p>\n<p>Schon am ersten Abend wandern wir durch den Heimattierpark Kunsterspring, um zu sehen, wo die \u201eKunsterspringer Stadtmusikanten&#8220; leben und schlafen.<\/p>\n<p>Nat\u00fcrlich soll neben m\u00e4rchenhaften Erscheinungen auch die Vermittlung von Wissen nicht zu kurz kommen. Am zweiten Tag durchstreifen wir noch einmal den Tierpark um die Fragen der Tierparkrallye zu beantworten. Den Nachmittag haben wir dem Wasser gewidmet. Zuerst besuchen wir mit dem Ausflugsdampfer den Fischer mit seiner Frau und dann erkunden wir die wahre Geschichte um den \u201eFroschk\u00f6nig\u201c.<\/p>\n<p>Anschlie\u00dfend wollen wir probieren wie eigentlich das Rumpelstilzchen sein Feuer anz\u00fcnden konnte ohne Streichh\u00f6lzer oder Feuerzeug.<\/p>\n<p>Am Sonntag stellt sich dann die Waldarbeitsschule vor, dass hei\u00dft, im Stationsbetrieb werden wir erfahren, welche T\u00e4tigkeiten zum Beruf des Waldarbeiters geh\u00f6ren und wie die Ausbildung aufgebaut ist.<\/p>\n<p>Bei Tag und Nacht k\u00f6nnen wir die tolle Natur der \u201eRuppiner Schweiz\u201c erkunden und am abendlichen Feuer dar\u00fcber singen oder reden.<\/p>\n<p>Also, hereinspaziert ins M\u00e4rchenland\u2026<\/p>\n<p>&nbsp;<\/p>\n<p>&nbsp;<\/p>\n<p>&nbsp;<\/p>\n<p><a href=\"https:\/\/www.naturparkmagazin.de\/stechlin\/wp-content\/uploads\/sites\/38\/k-P1016947.jpg\"><img decoding=\"async\" loading=\"lazy\" class=\"alignleft size-full wp-image-2334\" src=\"https:\/\/www.naturparkmagazin.de\/stechlin\/wp-content\/uploads\/sites\/38\/k-P1016947.jpg\" alt=\"NP SRL\/Archiv\" width=\"200\" height=\"200\" \/><\/a><\/p>\n","protected":false},"excerpt":{"rendered":"<p>Eine, einfach m\u00e4rchenhafte Zeit, wollen die Juniorranger der Naturwacht Brandenburg vom 17.-19. Juli 2015 im Naturpark Stechlin-Ruppiner Land verbringen.<\/p>\n","protected":false},"author":39,"featured_media":2423,"comment_status":"open","ping_status":"open","sticky":false,"template":"","format":"standard","meta":[],"categories":[7],"tags":[],"yoast_head":"<!-- This site is optimized with the Yoast SEO plugin v19.10 - https:\/\/yoast.com\/wordpress\/plugins\/seo\/ -->\n<title>Einfach m\u00e4rchenhaft\u2026., 12. Brandenburgisches Junior Ranger-Camp 2015 - Naturpark Stechlin-Ruppiner Land<\/title>\n<meta name=\"robots\" content=\"index, follow, max-snippet:-1, max-image-preview:large, max-video-preview:-1\" \/>\n<link rel=\"canonical\" href=\"https:\/\/www.naturparkmagazin.de\/stechlin\/einfach-maerchenhaft-12-brandenburgisches-junior-ranger-camp-2015\/\" \/>\n<meta property=\"og:locale\" content=\"de_DE\" \/>\n<meta property=\"og:type\" content=\"article\" \/>\n<meta property=\"og:title\" content=\"Einfach m\u00e4rchenhaft\u2026., 12. Brandenburgisches Junior Ranger-Camp 2015 - Naturpark Stechlin-Ruppiner Land\" \/>\n<meta property=\"og:description\" content=\"Eine, einfach m\u00e4rchenhafte Zeit, wollen die Juniorranger der Naturwacht Brandenburg vom 17.-19. Juli 2015 im Naturpark Stechlin-Ruppiner Land verbringen.\" \/>\n<meta property=\"og:url\" content=\"https:\/\/www.naturparkmagazin.de\/stechlin\/einfach-maerchenhaft-12-brandenburgisches-junior-ranger-camp-2015\/\" \/>\n<meta property=\"og:site_name\" content=\"Naturpark Stechlin-Ruppiner Land\" \/>\n<meta property=\"article:published_time\" content=\"2015-06-16T09:54:53+00:00\" \/>\n<meta property=\"article:modified_time\" content=\"2015-06-23T10:57:56+00:00\" \/>\n<meta property=\"og:image\" content=\"https:\/\/www.naturparkmagazin.de\/stechlin\/wp-content\/uploads\/sites\/38\/Juniorranger2.jpg\" \/>\n\t<meta property=\"og:image:width\" content=\"912\" \/>\n\t<meta property=\"og:image:height\" content=\"684\" \/>\n\t<meta property=\"og:image:type\" content=\"image\/jpeg\" \/>\n<meta name=\"author\" content=\"marioschrumpf\" \/>\n<meta name=\"twitter:label1\" content=\"Verfasst von\" \/>\n\t<meta name=\"twitter:data1\" content=\"marioschrumpf\" \/>\n\t<meta name=\"twitter:label2\" content=\"Gesch\u00e4tzte Lesezeit\" \/>\n\t<meta name=\"twitter:data2\" content=\"1\u00a0Minute\" \/>\n<script type=\"application\/ld+json\" class=\"yoast-schema-graph\">{\"@context\":\"https:\/\/schema.org\",\"@graph\":[{\"@type\":\"WebPage\",\"@id\":\"https:\/\/www.naturparkmagazin.de\/stechlin\/einfach-maerchenhaft-12-brandenburgisches-junior-ranger-camp-2015\/\",\"url\":\"https:\/\/www.naturparkmagazin.de\/stechlin\/einfach-maerchenhaft-12-brandenburgisches-junior-ranger-camp-2015\/\",\"name\":\"Einfach m\u00e4rchenhaft\u2026., 12. Brandenburgisches Junior Ranger-Camp 2015 - Naturpark Stechlin-Ruppiner Land\",\"isPartOf\":{\"@id\":\"https:\/\/www.naturparkmagazin.de\/stechlin\/#website\"},\"datePublished\":\"2015-06-16T09:54:53+00:00\",\"dateModified\":\"2015-06-23T10:57:56+00:00\",\"author\":{\"@id\":\"https:\/\/www.naturparkmagazin.de\/stechlin\/#\/schema\/person\/3f0d93203df21c806dd63c76d9bb28bc\"},\"breadcrumb\":{\"@id\":\"https:\/\/www.naturparkmagazin.de\/stechlin\/einfach-maerchenhaft-12-brandenburgisches-junior-ranger-camp-2015\/#breadcrumb\"},\"inLanguage\":\"de\",\"potentialAction\":[{\"@type\":\"ReadAction\",\"target\":[\"https:\/\/www.naturparkmagazin.de\/stechlin\/einfach-maerchenhaft-12-brandenburgisches-junior-ranger-camp-2015\/\"]}]},{\"@type\":\"BreadcrumbList\",\"@id\":\"https:\/\/www.naturparkmagazin.de\/stechlin\/einfach-maerchenhaft-12-brandenburgisches-junior-ranger-camp-2015\/#breadcrumb\",\"itemListElement\":[{\"@type\":\"ListItem\",\"position\":1,\"name\":\"Home\",\"item\":\"https:\/\/www.naturparkmagazin.de\/stechlin\/\"},{\"@type\":\"ListItem\",\"position\":2,\"name\":\"Einfach m\u00e4rchenhaft\u2026., 12. Brandenburgisches Junior Ranger-Camp 2015\"}]},{\"@type\":\"WebSite\",\"@id\":\"https:\/\/www.naturparkmagazin.de\/stechlin\/#website\",\"url\":\"https:\/\/www.naturparkmagazin.de\/stechlin\/\",\"name\":\"Naturpark Stechlin-Ruppiner Land\",\"description\":\"\",\"potentialAction\":[{\"@type\":\"SearchAction\",\"target\":{\"@type\":\"EntryPoint\",\"urlTemplate\":\"https:\/\/www.naturparkmagazin.de\/stechlin\/?s={search_term_string}\"},\"query-input\":\"required name=search_term_string\"}],\"inLanguage\":\"de\"},{\"@type\":\"Person\",\"@id\":\"https:\/\/www.naturparkmagazin.de\/stechlin\/#\/schema\/person\/3f0d93203df21c806dd63c76d9bb28bc\",\"name\":\"marioschrumpf\",\"url\":\"https:\/\/www.naturparkmagazin.de\/stechlin\/author\/marioschrumpf\/\"}]}<\/script>\n<!-- \/ Yoast SEO plugin. -->","yoast_head_json":{"title":"Einfach m\u00e4rchenhaft\u2026., 12. Brandenburgisches Junior Ranger-Camp 2015 - Naturpark Stechlin-Ruppiner Land","robots":{"index":"index","follow":"follow","max-snippet":"max-snippet:-1","max-image-preview":"max-image-preview:large","max-video-preview":"max-video-preview:-1"},"canonical":"https:\/\/www.naturparkmagazin.de\/stechlin\/einfach-maerchenhaft-12-brandenburgisches-junior-ranger-camp-2015\/","og_locale":"de_DE","og_type":"article","og_title":"Einfach m\u00e4rchenhaft\u2026., 12. Brandenburgisches Junior Ranger-Camp 2015 - Naturpark Stechlin-Ruppiner Land","og_description":"Eine, einfach m\u00e4rchenhafte Zeit, wollen die Juniorranger der Naturwacht Brandenburg vom 17.-19. Juli 2015 im Naturpark Stechlin-Ruppiner Land verbringen.","og_url":"https:\/\/www.naturparkmagazin.de\/stechlin\/einfach-maerchenhaft-12-brandenburgisches-junior-ranger-camp-2015\/","og_site_name":"Naturpark Stechlin-Ruppiner Land","article_published_time":"2015-06-16T09:54:53+00:00","article_modified_time":"2015-06-23T10:57:56+00:00","og_image":[{"width":912,"height":684,"url":"https:\/\/www.naturparkmagazin.de\/stechlin\/wp-content\/uploads\/sites\/38\/Juniorranger2.jpg","type":"image\/jpeg"}],"author":"marioschrumpf","twitter_misc":{"Verfasst von":"marioschrumpf","Gesch\u00e4tzte Lesezeit":"1\u00a0Minute"},"schema":{"@context":"https:\/\/schema.org","@graph":[{"@type":"WebPage","@id":"https:\/\/www.naturparkmagazin.de\/stechlin\/einfach-maerchenhaft-12-brandenburgisches-junior-ranger-camp-2015\/","url":"https:\/\/www.naturparkmagazin.de\/stechlin\/einfach-maerchenhaft-12-brandenburgisches-junior-ranger-camp-2015\/","name":"Einfach m\u00e4rchenhaft\u2026., 12. Brandenburgisches Junior Ranger-Camp 2015 - Naturpark Stechlin-Ruppiner Land","isPartOf":{"@id":"https:\/\/www.naturparkmagazin.de\/stechlin\/#website"},"datePublished":"2015-06-16T09:54:53+00:00","dateModified":"2015-06-23T10:57:56+00:00","author":{"@id":"https:\/\/www.naturparkmagazin.de\/stechlin\/#\/schema\/person\/3f0d93203df21c806dd63c76d9bb28bc"},"breadcrumb":{"@id":"https:\/\/www.naturparkmagazin.de\/stechlin\/einfach-maerchenhaft-12-brandenburgisches-junior-ranger-camp-2015\/#breadcrumb"},"inLanguage":"de","potentialAction":[{"@type":"ReadAction","target":["https:\/\/www.naturparkmagazin.de\/stechlin\/einfach-maerchenhaft-12-brandenburgisches-junior-ranger-camp-2015\/"]}]},{"@type":"BreadcrumbList","@id":"https:\/\/www.naturparkmagazin.de\/stechlin\/einfach-maerchenhaft-12-brandenburgisches-junior-ranger-camp-2015\/#breadcrumb","itemListElement":[{"@type":"ListItem","position":1,"name":"Home","item":"https:\/\/www.naturparkmagazin.de\/stechlin\/"},{"@type":"ListItem","position":2,"name":"Einfach m\u00e4rchenhaft\u2026., 12. Brandenburgisches Junior Ranger-Camp 2015"}]},{"@type":"WebSite","@id":"https:\/\/www.naturparkmagazin.de\/stechlin\/#website","url":"https:\/\/www.naturparkmagazin.de\/stechlin\/","name":"Naturpark Stechlin-Ruppiner Land","description":"","potentialAction":[{"@type":"SearchAction","target":{"@type":"EntryPoint","urlTemplate":"https:\/\/www.naturparkmagazin.de\/stechlin\/?s={search_term_string}"},"query-input":"required name=search_term_string"}],"inLanguage":"de"},{"@type":"Person","@id":"https:\/\/www.naturparkmagazin.de\/stechlin\/#\/schema\/person\/3f0d93203df21c806dd63c76d9bb28bc","name":"marioschrumpf","url":"https:\/\/www.naturparkmagazin.de\/stechlin\/author\/marioschrumpf\/"}]}},"_links":{"self":[{"href":"https:\/\/www.naturparkmagazin.de\/stechlin\/wp-json\/wp\/v2\/posts\/2333"}],"collection":[{"href":"https:\/\/www.naturparkmagazin.de\/stechlin\/wp-json\/wp\/v2\/posts"}],"about":[{"href":"https:\/\/www.naturparkmagazin.de\/stechlin\/wp-json\/wp\/v2\/types\/post"}],"author":[{"embeddable":true,"href":"https:\/\/www.naturparkmagazin.de\/stechlin\/wp-json\/wp\/v2\/users\/39"}],"replies":[{"embeddable":true,"href":"https:\/\/www.naturparkmagazin.de\/stechlin\/wp-json\/wp\/v2\/comments?post=2333"}],"version-history":[{"count":9,"href":"https:\/\/www.naturparkmagazin.de\/stechlin\/wp-json\/wp\/v2\/posts\/2333\/revisions"}],"predecessor-version":[{"id":2437,"href":"https:\/\/www.naturparkmagazin.de\/stechlin\/wp-json\/wp\/v2\/posts\/2333\/revisions\/2437"}],"wp:featuredmedia":[{"embeddable":true,"href":"https:\/\/www.naturparkmagazin.de\/stechlin\/wp-json\/wp\/v2\/media\/2423"}],"wp:attachment":[{"href":"https:\/\/www.naturparkmagazin.de\/stechlin\/wp-json\/wp\/v2\/media?parent=2333"}],"wp:term":[{"taxonomy":"category","embeddable":true,"href":"https:\/\/www.naturparkmagazin.de\/stechlin\/wp-json\/wp\/v2\/categories?post=2333"},{"taxonomy":"post_tag","embeddable":true,"href":"https:\/\/www.naturparkmagazin.de\/stechlin\/wp-json\/wp\/v2\/tags?post=2333"}],"curies":[{"name":"wp","href":"https:\/\/api.w.org\/{rel}","templated":true}]}}