{"id":2339,"date":"2015-06-17T12:34:55","date_gmt":"2015-06-17T10:34:55","guid":{"rendered":"http:\/\/www.naturparkmagazin.de\/stechlin\/?p=2339"},"modified":"2015-07-15T10:25:00","modified_gmt":"2015-07-15T08:25:00","slug":"naturparkplan-im-internet-einsehbar","status":"publish","type":"post","link":"https:\/\/www.naturparkmagazin.de\/stechlin\/naturparkplan-im-internet-einsehbar\/","title":{"rendered":"Naturparkplan im Internet einsehbar"},"content":{"rendered":"<p>&nbsp;<\/p>\n<div id=\"attachment_2430\" style=\"width: 310px\" class=\"wp-caption alignleft\"><a href=\"https:\/\/www.naturparkmagazin.de\/stechlin\/wp-content\/uploads\/sites\/38\/Test.jpg\"><img aria-describedby=\"caption-attachment-2430\" decoding=\"async\" loading=\"lazy\" class=\"size-thumbnail wp-image-2430\" src=\"https:\/\/www.naturparkmagazin.de\/stechlin\/wp-content\/uploads\/sites\/38\/Test-300x201.jpg\" alt=\"Felix Glaser (Luftbild Brandenburg) stellt den Naturparkplan auf der Kuratoriumssitzung vor.\" width=\"300\" height=\"201\" srcset=\"https:\/\/www.naturparkmagazin.de\/stechlin\/wp-content\/uploads\/sites\/38\/Test-300x201.jpg 300w, https:\/\/www.naturparkmagazin.de\/stechlin\/wp-content\/uploads\/sites\/38\/Test-620x415.jpg 620w, https:\/\/www.naturparkmagazin.de\/stechlin\/wp-content\/uploads\/sites\/38\/Test-940x629.jpg 940w, https:\/\/www.naturparkmagazin.de\/stechlin\/wp-content\/uploads\/sites\/38\/Test-670x449.jpg 670w, https:\/\/www.naturparkmagazin.de\/stechlin\/wp-content\/uploads\/sites\/38\/Test-200x134.jpg 200w, https:\/\/www.naturparkmagazin.de\/stechlin\/wp-content\/uploads\/sites\/38\/Test.jpg 968w\" sizes=\"(max-width: 300px) 100vw, 300px\" \/><\/a><p id=\"caption-attachment-2430\" class=\"wp-caption-text\">Felix Glaser (Luftbild Brandenburg) stellt den Naturparkplan auf der Kuratoriumssitzung vor.<\/p><\/div>\n<p>&nbsp;<\/p>\n<p>&nbsp;<\/p>\n<p>&nbsp;<\/p>\n<p>&nbsp;<\/p>\n<p>&nbsp;<\/p>\n<p>&nbsp;<\/p>\n<p>&nbsp;<\/p>\n<p>Ab sofort ist der Pflege- und Entwicklungsplan (PEP) des Naturparks mit integrierter NATURA 2000-Managementplanung im Internet einsehbar. Die einzelnen Kapitel sind \u00fcber folgende links zu finden:<\/p>\n<p><a href=\"http:\/\/www.lugv.brandenburg.de\/cms\/detail.php\/bb1.c.398111.de\" target=\"_blank\">www.lugv.brandenburg.de\/cms\/detail.php\/bb1.c.398111.de<\/a><\/p>\n<p>Der PEP wurde auf der Kuratoriumssitzung Ende Mai offiziell vom bearbeitenden B\u00fcro an die Naturparkverwaltung \u00fcbergeben. Der Gesch\u00e4ftsf\u00fchrer der beauftragten B\u00fcrogemeinschaft Luftlild Brandenburg, Felix Glaser, stellte den Kuratoriumsmitgliedern den Plan vor. Neben der digitalen Version im Internet ist je ein analoges Exemplar bei den Unteren Naturschutzbeh\u00f6rden der Landkreise Oberhavel und Ostprignitz-Ruppin sowie in der Naturparkverwaltung einsehbar.<\/p>\n<p>Die Naturparkverwaltung ruft alle Fl\u00e4cheneigent\u00fcmer, Landnutzer, Kommunen, Planer etc. auf, sich den Plan zu eigen zu machen und gemeinsam mit dem Naturpark umzusetzen. Ansprechpartnerin ist Silke Oldorff (Tel.: 033082\/407-17).<\/p>\n<p>&nbsp;<\/p>\n<p>&nbsp;<\/p>\n","protected":false},"excerpt":{"rendered":"<p>Ab sofort ist der Pflege- und Entwicklungsplan (PEP) des Naturparks mit integrierter NATURA 2000-Managementplanung im Internet einsehbar.<\/p>\n","protected":false},"author":39,"featured_media":2431,"comment_status":"open","ping_status":"open","sticky":false,"template":"","format":"standard","meta":[],"categories":[7],"tags":[],"yoast_head":"<!-- This site is optimized with the Yoast SEO plugin v19.10 - https:\/\/yoast.com\/wordpress\/plugins\/seo\/ -->\n<title>Naturparkplan im Internet einsehbar - Naturpark Stechlin-Ruppiner Land<\/title>\n<meta name=\"robots\" content=\"index, follow, max-snippet:-1, max-image-preview:large, max-video-preview:-1\" \/>\n<link rel=\"canonical\" href=\"https:\/\/www.naturparkmagazin.de\/stechlin\/naturparkplan-im-internet-einsehbar\/\" \/>\n<meta property=\"og:locale\" content=\"de_DE\" \/>\n<meta property=\"og:type\" content=\"article\" \/>\n<meta property=\"og:title\" content=\"Naturparkplan im Internet einsehbar - Naturpark Stechlin-Ruppiner Land\" \/>\n<meta property=\"og:description\" content=\"Ab sofort ist der Pflege- und Entwicklungsplan (PEP) des Naturparks mit integrierter NATURA 2000-Managementplanung im Internet einsehbar.\" \/>\n<meta property=\"og:url\" content=\"https:\/\/www.naturparkmagazin.de\/stechlin\/naturparkplan-im-internet-einsehbar\/\" \/>\n<meta property=\"og:site_name\" content=\"Naturpark Stechlin-Ruppiner Land\" \/>\n<meta property=\"article:published_time\" content=\"2015-06-17T10:34:55+00:00\" \/>\n<meta property=\"article:modified_time\" content=\"2015-07-15T08:25:00+00:00\" \/>\n<meta property=\"og:image\" content=\"https:\/\/www.naturparkmagazin.de\/stechlin\/wp-content\/uploads\/sites\/38\/Test2.jpg\" \/>\n\t<meta property=\"og:image:width\" content=\"968\" \/>\n\t<meta property=\"og:image:height\" content=\"648\" \/>\n\t<meta property=\"og:image:type\" content=\"image\/jpeg\" \/>\n<meta name=\"author\" content=\"marioschrumpf\" \/>\n<meta name=\"twitter:label1\" content=\"Verfasst von\" \/>\n\t<meta name=\"twitter:data1\" content=\"marioschrumpf\" \/>\n\t<meta name=\"twitter:label2\" content=\"Gesch\u00e4tzte Lesezeit\" \/>\n\t<meta name=\"twitter:data2\" content=\"1\u00a0Minute\" \/>\n<script type=\"application\/ld+json\" class=\"yoast-schema-graph\">{\"@context\":\"https:\/\/schema.org\",\"@graph\":[{\"@type\":\"WebPage\",\"@id\":\"https:\/\/www.naturparkmagazin.de\/stechlin\/naturparkplan-im-internet-einsehbar\/\",\"url\":\"https:\/\/www.naturparkmagazin.de\/stechlin\/naturparkplan-im-internet-einsehbar\/\",\"name\":\"Naturparkplan im Internet einsehbar - Naturpark Stechlin-Ruppiner Land\",\"isPartOf\":{\"@id\":\"https:\/\/www.naturparkmagazin.de\/stechlin\/#website\"},\"datePublished\":\"2015-06-17T10:34:55+00:00\",\"dateModified\":\"2015-07-15T08:25:00+00:00\",\"author\":{\"@id\":\"https:\/\/www.naturparkmagazin.de\/stechlin\/#\/schema\/person\/3f0d93203df21c806dd63c76d9bb28bc\"},\"breadcrumb\":{\"@id\":\"https:\/\/www.naturparkmagazin.de\/stechlin\/naturparkplan-im-internet-einsehbar\/#breadcrumb\"},\"inLanguage\":\"de\",\"potentialAction\":[{\"@type\":\"ReadAction\",\"target\":[\"https:\/\/www.naturparkmagazin.de\/stechlin\/naturparkplan-im-internet-einsehbar\/\"]}]},{\"@type\":\"BreadcrumbList\",\"@id\":\"https:\/\/www.naturparkmagazin.de\/stechlin\/naturparkplan-im-internet-einsehbar\/#breadcrumb\",\"itemListElement\":[{\"@type\":\"ListItem\",\"position\":1,\"name\":\"Home\",\"item\":\"https:\/\/www.naturparkmagazin.de\/stechlin\/\"},{\"@type\":\"ListItem\",\"position\":2,\"name\":\"Naturparkplan im Internet einsehbar\"}]},{\"@type\":\"WebSite\",\"@id\":\"https:\/\/www.naturparkmagazin.de\/stechlin\/#website\",\"url\":\"https:\/\/www.naturparkmagazin.de\/stechlin\/\",\"name\":\"Naturpark Stechlin-Ruppiner Land\",\"description\":\"\",\"potentialAction\":[{\"@type\":\"SearchAction\",\"target\":{\"@type\":\"EntryPoint\",\"urlTemplate\":\"https:\/\/www.naturparkmagazin.de\/stechlin\/?s={search_term_string}\"},\"query-input\":\"required name=search_term_string\"}],\"inLanguage\":\"de\"},{\"@type\":\"Person\",\"@id\":\"https:\/\/www.naturparkmagazin.de\/stechlin\/#\/schema\/person\/3f0d93203df21c806dd63c76d9bb28bc\",\"name\":\"marioschrumpf\",\"url\":\"https:\/\/www.naturparkmagazin.de\/stechlin\/author\/marioschrumpf\/\"}]}<\/script>\n<!-- \/ Yoast SEO plugin. -->","yoast_head_json":{"title":"Naturparkplan im Internet einsehbar - Naturpark Stechlin-Ruppiner Land","robots":{"index":"index","follow":"follow","max-snippet":"max-snippet:-1","max-image-preview":"max-image-preview:large","max-video-preview":"max-video-preview:-1"},"canonical":"https:\/\/www.naturparkmagazin.de\/stechlin\/naturparkplan-im-internet-einsehbar\/","og_locale":"de_DE","og_type":"article","og_title":"Naturparkplan im Internet einsehbar - Naturpark Stechlin-Ruppiner Land","og_description":"Ab sofort ist der Pflege- und Entwicklungsplan (PEP) des Naturparks mit integrierter NATURA 2000-Managementplanung im Internet einsehbar.","og_url":"https:\/\/www.naturparkmagazin.de\/stechlin\/naturparkplan-im-internet-einsehbar\/","og_site_name":"Naturpark Stechlin-Ruppiner Land","article_published_time":"2015-06-17T10:34:55+00:00","article_modified_time":"2015-07-15T08:25:00+00:00","og_image":[{"width":968,"height":648,"url":"https:\/\/www.naturparkmagazin.de\/stechlin\/wp-content\/uploads\/sites\/38\/Test2.jpg","type":"image\/jpeg"}],"author":"marioschrumpf","twitter_misc":{"Verfasst von":"marioschrumpf","Gesch\u00e4tzte Lesezeit":"1\u00a0Minute"},"schema":{"@context":"https:\/\/schema.org","@graph":[{"@type":"WebPage","@id":"https:\/\/www.naturparkmagazin.de\/stechlin\/naturparkplan-im-internet-einsehbar\/","url":"https:\/\/www.naturparkmagazin.de\/stechlin\/naturparkplan-im-internet-einsehbar\/","name":"Naturparkplan im Internet einsehbar - Naturpark Stechlin-Ruppiner Land","isPartOf":{"@id":"https:\/\/www.naturparkmagazin.de\/stechlin\/#website"},"datePublished":"2015-06-17T10:34:55+00:00","dateModified":"2015-07-15T08:25:00+00:00","author":{"@id":"https:\/\/www.naturparkmagazin.de\/stechlin\/#\/schema\/person\/3f0d93203df21c806dd63c76d9bb28bc"},"breadcrumb":{"@id":"https:\/\/www.naturparkmagazin.de\/stechlin\/naturparkplan-im-internet-einsehbar\/#breadcrumb"},"inLanguage":"de","potentialAction":[{"@type":"ReadAction","target":["https:\/\/www.naturparkmagazin.de\/stechlin\/naturparkplan-im-internet-einsehbar\/"]}]},{"@type":"BreadcrumbList","@id":"https:\/\/www.naturparkmagazin.de\/stechlin\/naturparkplan-im-internet-einsehbar\/#breadcrumb","itemListElement":[{"@type":"ListItem","position":1,"name":"Home","item":"https:\/\/www.naturparkmagazin.de\/stechlin\/"},{"@type":"ListItem","position":2,"name":"Naturparkplan im Internet einsehbar"}]},{"@type":"WebSite","@id":"https:\/\/www.naturparkmagazin.de\/stechlin\/#website","url":"https:\/\/www.naturparkmagazin.de\/stechlin\/","name":"Naturpark Stechlin-Ruppiner Land","description":"","potentialAction":[{"@type":"SearchAction","target":{"@type":"EntryPoint","urlTemplate":"https:\/\/www.naturparkmagazin.de\/stechlin\/?s={search_term_string}"},"query-input":"required name=search_term_string"}],"inLanguage":"de"},{"@type":"Person","@id":"https:\/\/www.naturparkmagazin.de\/stechlin\/#\/schema\/person\/3f0d93203df21c806dd63c76d9bb28bc","name":"marioschrumpf","url":"https:\/\/www.naturparkmagazin.de\/stechlin\/author\/marioschrumpf\/"}]}},"_links":{"self":[{"href":"https:\/\/www.naturparkmagazin.de\/stechlin\/wp-json\/wp\/v2\/posts\/2339"}],"collection":[{"href":"https:\/\/www.naturparkmagazin.de\/stechlin\/wp-json\/wp\/v2\/posts"}],"about":[{"href":"https:\/\/www.naturparkmagazin.de\/stechlin\/wp-json\/wp\/v2\/types\/post"}],"author":[{"embeddable":true,"href":"https:\/\/www.naturparkmagazin.de\/stechlin\/wp-json\/wp\/v2\/users\/39"}],"replies":[{"embeddable":true,"href":"https:\/\/www.naturparkmagazin.de\/stechlin\/wp-json\/wp\/v2\/comments?post=2339"}],"version-history":[{"count":9,"href":"https:\/\/www.naturparkmagazin.de\/stechlin\/wp-json\/wp\/v2\/posts\/2339\/revisions"}],"predecessor-version":[{"id":2522,"href":"https:\/\/www.naturparkmagazin.de\/stechlin\/wp-json\/wp\/v2\/posts\/2339\/revisions\/2522"}],"wp:featuredmedia":[{"embeddable":true,"href":"https:\/\/www.naturparkmagazin.de\/stechlin\/wp-json\/wp\/v2\/media\/2431"}],"wp:attachment":[{"href":"https:\/\/www.naturparkmagazin.de\/stechlin\/wp-json\/wp\/v2\/media?parent=2339"}],"wp:term":[{"taxonomy":"category","embeddable":true,"href":"https:\/\/www.naturparkmagazin.de\/stechlin\/wp-json\/wp\/v2\/categories?post=2339"},{"taxonomy":"post_tag","embeddable":true,"href":"https:\/\/www.naturparkmagazin.de\/stechlin\/wp-json\/wp\/v2\/tags?post=2339"}],"curies":[{"name":"wp","href":"https:\/\/api.w.org\/{rel}","templated":true}]}}