{"id":2364,"date":"2015-06-17T13:27:14","date_gmt":"2015-06-17T11:27:14","guid":{"rendered":"http:\/\/www.naturparkmagazin.de\/stechlin\/?p=2364"},"modified":"2015-06-19T14:37:41","modified_gmt":"2015-06-19T12:37:41","slug":"projekt-tauchen-fuer-den-naturschutz-fuer-european-natura-2000-award-nominiert","status":"publish","type":"post","link":"https:\/\/www.naturparkmagazin.de\/stechlin\/projekt-tauchen-fuer-den-naturschutz-fuer-european-natura-2000-award-nominiert\/","title":{"rendered":"\u201eProjekt Tauchen f\u00fcr den Naturschutz\u201c \u2013 f\u00fcr EUROPEAN NATURA 2000 Award nominiert"},"content":{"rendered":"<div id=\"attachment_2366\" style=\"width: 310px\" class=\"wp-caption alignleft\"><a href=\"https:\/\/www.naturparkmagazin.de\/stechlin\/wp-content\/uploads\/sites\/38\/Juli_Br\u00fcssel-1.jpg\"><img aria-describedby=\"caption-attachment-2366\" decoding=\"async\" loading=\"lazy\" class=\"wp-image-2366 size-thumbnail\" src=\"https:\/\/www.naturparkmagazin.de\/stechlin\/wp-content\/uploads\/sites\/38\/Juli_Br\u00fcssel-1-300x200.jpg\" alt=\"NP SRL\/Archiv\" width=\"300\" height=\"200\" srcset=\"https:\/\/www.naturparkmagazin.de\/stechlin\/wp-content\/uploads\/sites\/38\/Juli_Br\u00fcssel-1-300x200.jpg 300w, https:\/\/www.naturparkmagazin.de\/stechlin\/wp-content\/uploads\/sites\/38\/Juli_Br\u00fcssel-1-620x413.jpg 620w, https:\/\/www.naturparkmagazin.de\/stechlin\/wp-content\/uploads\/sites\/38\/Juli_Br\u00fcssel-1-940x627.jpg 940w, https:\/\/www.naturparkmagazin.de\/stechlin\/wp-content\/uploads\/sites\/38\/Juli_Br\u00fcssel-1-670x447.jpg 670w, https:\/\/www.naturparkmagazin.de\/stechlin\/wp-content\/uploads\/sites\/38\/Juli_Br\u00fcssel-1-200x133.jpg 200w, https:\/\/www.naturparkmagazin.de\/stechlin\/wp-content\/uploads\/sites\/38\/Juli_Br\u00fcssel-1.jpg 960w\" sizes=\"(max-width: 300px) 100vw, 300px\" \/><\/a><p id=\"caption-attachment-2366\" class=\"wp-caption-text\">Pr\u00e4sentation des Projektes zur Preisverleihung in Br\u00fcssel<\/p><\/div>\n<p>&nbsp;<\/p>\n<p>&nbsp;<\/p>\n<p>&nbsp;<\/p>\n<p>&nbsp;<\/p>\n<p>&nbsp;<\/p>\n<p>&nbsp;<\/p>\n<p>&nbsp;<\/p>\n<p>&nbsp;<\/p>\n<p>\u201e<em>Miteinander statt gegeneinander<\/em>\u201c \u2013 dieses Motto setzt der NABU-Regionalverband Gransee e.V. in Kooperation mit dem Naturpark Stechlin-Ruppiner Land sowie dem Landestauchsportverband Brandenburg\u00a0 seit Jahren erfolgreich um. Das gemeinsame Projekt &#8222;<em>Tauchen f\u00fcr den Naturschutz<\/em>&#8220; wurde f\u00fcr den <strong>EUROPEAN NATURA 2000 Award<\/strong> nominiert. Europaweit haben es 23 Finalisten in 5 Kategorien in die Endrunde geschafft. Das Projekt \u201e<em>Tauchen f\u00fcr den Naturschutz<\/em>\u201c\u00a0wurde gemeinsam mit drei Projekten aus Spanien, Polen und Belgien nominiert in der Kategorie \u201e<em>Reconciling interests \/ perceptions<\/em>&#8222;. Auch wenn das Projekt nicht aufs Siegerpodest gekommen ist, allein die Nominierung ist ein riesiger Erfolg!<\/p>\n<p>Das Projekt hat es geschafft, bestehende Vorurteile zwischen Sporttauchern und Natursch\u00fctzern abzubauen. Inzwischen profitieren sie sogar voneinander: Die Sporttaucher werden von Natursch\u00fctzern bef\u00e4higt, Unterwasserpflanzen zu kartieren und anhand der Daten den Zustand ihrer Gew\u00e4sser zu beurteilen. So entsteht ein viel umfassenderes Bild als es allein durch die Kartierungen der Natursch\u00fctzer m\u00f6glich w\u00e4re. Diese Zusammenarbeit hat eine langj\u00e4hrige Tradition: Seit 2007 setzen sich Sporttaucher und Natursch\u00fctzer im Naturpark Stechlin-Ruppiner Land gemeinsam ehrenamtlich f\u00fcr den Schutz ihrer Tauchgew\u00e4sser ein. Die Idee der Zusammenarbeit wurde im EU-Life-Projekt Stechlin geboren. Nachdem die Bem\u00fchungen 2013 mit dem <strong>Deutschen Naturschutzpreis<\/strong> geehrt wurden, war es im Fr\u00fchjahr 2014 m\u00f6glich, das Projekt bundesweit auf professioneller Ebene umzusetzen. Im Rahmen des Spezialkurses \u201e<em>Naturschutztauchen<\/em>\u201c des Verbandes der Deutschen Sporttaucher werden inzwischen Tauschsportvereine aus ganz Deutschland bef\u00e4higt, ihre Gew\u00e4sser naturkundlich zu betauchen.<\/p>\n<p><a href=\"https:\/\/www.naturparkmagazin.de\/stechlin\/wp-content\/uploads\/sites\/38\/Juli_Veranstaltung.jpg\"><img decoding=\"async\" loading=\"lazy\" class=\"alignleft size-thumbnail wp-image-2367\" src=\"https:\/\/www.naturparkmagazin.de\/stechlin\/wp-content\/uploads\/sites\/38\/Juli_Veranstaltung-300x200.jpg\" alt=\"NP SRL\/Archiv\" width=\"300\" height=\"200\" srcset=\"https:\/\/www.naturparkmagazin.de\/stechlin\/wp-content\/uploads\/sites\/38\/Juli_Veranstaltung-300x200.jpg 300w, https:\/\/www.naturparkmagazin.de\/stechlin\/wp-content\/uploads\/sites\/38\/Juli_Veranstaltung-620x413.jpg 620w, https:\/\/www.naturparkmagazin.de\/stechlin\/wp-content\/uploads\/sites\/38\/Juli_Veranstaltung-940x627.jpg 940w, https:\/\/www.naturparkmagazin.de\/stechlin\/wp-content\/uploads\/sites\/38\/Juli_Veranstaltung-670x447.jpg 670w, https:\/\/www.naturparkmagazin.de\/stechlin\/wp-content\/uploads\/sites\/38\/Juli_Veranstaltung-200x133.jpg 200w, https:\/\/www.naturparkmagazin.de\/stechlin\/wp-content\/uploads\/sites\/38\/Juli_Veranstaltung.jpg 960w\" sizes=\"(max-width: 300px) 100vw, 300px\" \/><\/a><\/p>\n","protected":false},"excerpt":{"rendered":"<p>\u201eMiteinander statt gegeneinander\u201c \u2013 dieses Motto setzt der NABU-Regionalverband Gransee e.V. in Kooperation mit dem Naturpark Stechlin-Ruppiner Land sowie dem Landestauchsportverband Brandenburg  seit Jahren erfolgreich um. <\/p>\n","protected":false},"author":39,"featured_media":2365,"comment_status":"open","ping_status":"open","sticky":false,"template":"","format":"standard","meta":[],"categories":[7],"tags":[],"yoast_head":"<!-- This site is optimized with the Yoast SEO plugin v19.10 - https:\/\/yoast.com\/wordpress\/plugins\/seo\/ -->\n<title>\u201eProjekt Tauchen f\u00fcr den Naturschutz\u201c \u2013 f\u00fcr EUROPEAN NATURA 2000 Award nominiert - Naturpark Stechlin-Ruppiner Land<\/title>\n<meta name=\"robots\" content=\"index, follow, max-snippet:-1, max-image-preview:large, max-video-preview:-1\" \/>\n<link rel=\"canonical\" href=\"https:\/\/www.naturparkmagazin.de\/stechlin\/projekt-tauchen-fuer-den-naturschutz-fuer-european-natura-2000-award-nominiert\/\" \/>\n<meta property=\"og:locale\" content=\"de_DE\" \/>\n<meta property=\"og:type\" content=\"article\" \/>\n<meta property=\"og:title\" content=\"\u201eProjekt Tauchen f\u00fcr den Naturschutz\u201c \u2013 f\u00fcr EUROPEAN NATURA 2000 Award nominiert - Naturpark Stechlin-Ruppiner Land\" \/>\n<meta property=\"og:description\" content=\"\u201eMiteinander statt gegeneinander\u201c \u2013 dieses Motto setzt der NABU-Regionalverband Gransee e.V. in Kooperation mit dem Naturpark Stechlin-Ruppiner Land sowie dem Landestauchsportverband Brandenburg seit Jahren erfolgreich um.\" \/>\n<meta property=\"og:url\" content=\"https:\/\/www.naturparkmagazin.de\/stechlin\/projekt-tauchen-fuer-den-naturschutz-fuer-european-natura-2000-award-nominiert\/\" \/>\n<meta property=\"og:site_name\" content=\"Naturpark Stechlin-Ruppiner Land\" \/>\n<meta property=\"article:published_time\" content=\"2015-06-17T11:27:14+00:00\" \/>\n<meta property=\"article:modified_time\" content=\"2015-06-19T12:37:41+00:00\" \/>\n<meta property=\"og:image\" content=\"https:\/\/www.naturparkmagazin.de\/stechlin\/wp-content\/uploads\/sites\/38\/Juli_Finalist.jpg\" \/>\n\t<meta property=\"og:image:width\" content=\"960\" \/>\n\t<meta property=\"og:image:height\" content=\"640\" \/>\n\t<meta property=\"og:image:type\" content=\"image\/jpeg\" \/>\n<meta name=\"author\" content=\"marioschrumpf\" \/>\n<meta name=\"twitter:label1\" content=\"Verfasst von\" \/>\n\t<meta name=\"twitter:data1\" content=\"marioschrumpf\" \/>\n\t<meta name=\"twitter:label2\" content=\"Gesch\u00e4tzte Lesezeit\" \/>\n\t<meta name=\"twitter:data2\" content=\"1\u00a0Minute\" \/>\n<script type=\"application\/ld+json\" class=\"yoast-schema-graph\">{\"@context\":\"https:\/\/schema.org\",\"@graph\":[{\"@type\":\"WebPage\",\"@id\":\"https:\/\/www.naturparkmagazin.de\/stechlin\/projekt-tauchen-fuer-den-naturschutz-fuer-european-natura-2000-award-nominiert\/\",\"url\":\"https:\/\/www.naturparkmagazin.de\/stechlin\/projekt-tauchen-fuer-den-naturschutz-fuer-european-natura-2000-award-nominiert\/\",\"name\":\"\u201eProjekt Tauchen f\u00fcr den Naturschutz\u201c \u2013 f\u00fcr EUROPEAN NATURA 2000 Award nominiert - Naturpark Stechlin-Ruppiner Land\",\"isPartOf\":{\"@id\":\"https:\/\/www.naturparkmagazin.de\/stechlin\/#website\"},\"datePublished\":\"2015-06-17T11:27:14+00:00\",\"dateModified\":\"2015-06-19T12:37:41+00:00\",\"author\":{\"@id\":\"https:\/\/www.naturparkmagazin.de\/stechlin\/#\/schema\/person\/3f0d93203df21c806dd63c76d9bb28bc\"},\"breadcrumb\":{\"@id\":\"https:\/\/www.naturparkmagazin.de\/stechlin\/projekt-tauchen-fuer-den-naturschutz-fuer-european-natura-2000-award-nominiert\/#breadcrumb\"},\"inLanguage\":\"de\",\"potentialAction\":[{\"@type\":\"ReadAction\",\"target\":[\"https:\/\/www.naturparkmagazin.de\/stechlin\/projekt-tauchen-fuer-den-naturschutz-fuer-european-natura-2000-award-nominiert\/\"]}]},{\"@type\":\"BreadcrumbList\",\"@id\":\"https:\/\/www.naturparkmagazin.de\/stechlin\/projekt-tauchen-fuer-den-naturschutz-fuer-european-natura-2000-award-nominiert\/#breadcrumb\",\"itemListElement\":[{\"@type\":\"ListItem\",\"position\":1,\"name\":\"Home\",\"item\":\"https:\/\/www.naturparkmagazin.de\/stechlin\/\"},{\"@type\":\"ListItem\",\"position\":2,\"name\":\"\u201eProjekt Tauchen f\u00fcr den Naturschutz\u201c \u2013 f\u00fcr EUROPEAN NATURA 2000 Award nominiert\"}]},{\"@type\":\"WebSite\",\"@id\":\"https:\/\/www.naturparkmagazin.de\/stechlin\/#website\",\"url\":\"https:\/\/www.naturparkmagazin.de\/stechlin\/\",\"name\":\"Naturpark Stechlin-Ruppiner Land\",\"description\":\"\",\"potentialAction\":[{\"@type\":\"SearchAction\",\"target\":{\"@type\":\"EntryPoint\",\"urlTemplate\":\"https:\/\/www.naturparkmagazin.de\/stechlin\/?s={search_term_string}\"},\"query-input\":\"required name=search_term_string\"}],\"inLanguage\":\"de\"},{\"@type\":\"Person\",\"@id\":\"https:\/\/www.naturparkmagazin.de\/stechlin\/#\/schema\/person\/3f0d93203df21c806dd63c76d9bb28bc\",\"name\":\"marioschrumpf\",\"url\":\"https:\/\/www.naturparkmagazin.de\/stechlin\/author\/marioschrumpf\/\"}]}<\/script>\n<!-- \/ Yoast SEO plugin. -->","yoast_head_json":{"title":"\u201eProjekt Tauchen f\u00fcr den Naturschutz\u201c \u2013 f\u00fcr EUROPEAN NATURA 2000 Award nominiert - Naturpark Stechlin-Ruppiner Land","robots":{"index":"index","follow":"follow","max-snippet":"max-snippet:-1","max-image-preview":"max-image-preview:large","max-video-preview":"max-video-preview:-1"},"canonical":"https:\/\/www.naturparkmagazin.de\/stechlin\/projekt-tauchen-fuer-den-naturschutz-fuer-european-natura-2000-award-nominiert\/","og_locale":"de_DE","og_type":"article","og_title":"\u201eProjekt Tauchen f\u00fcr den Naturschutz\u201c \u2013 f\u00fcr EUROPEAN NATURA 2000 Award nominiert - Naturpark Stechlin-Ruppiner Land","og_description":"\u201eMiteinander statt gegeneinander\u201c \u2013 dieses Motto setzt der NABU-Regionalverband Gransee e.V. in Kooperation mit dem Naturpark Stechlin-Ruppiner Land sowie dem Landestauchsportverband Brandenburg seit Jahren erfolgreich um.","og_url":"https:\/\/www.naturparkmagazin.de\/stechlin\/projekt-tauchen-fuer-den-naturschutz-fuer-european-natura-2000-award-nominiert\/","og_site_name":"Naturpark Stechlin-Ruppiner Land","article_published_time":"2015-06-17T11:27:14+00:00","article_modified_time":"2015-06-19T12:37:41+00:00","og_image":[{"width":960,"height":640,"url":"https:\/\/www.naturparkmagazin.de\/stechlin\/wp-content\/uploads\/sites\/38\/Juli_Finalist.jpg","type":"image\/jpeg"}],"author":"marioschrumpf","twitter_misc":{"Verfasst von":"marioschrumpf","Gesch\u00e4tzte Lesezeit":"1\u00a0Minute"},"schema":{"@context":"https:\/\/schema.org","@graph":[{"@type":"WebPage","@id":"https:\/\/www.naturparkmagazin.de\/stechlin\/projekt-tauchen-fuer-den-naturschutz-fuer-european-natura-2000-award-nominiert\/","url":"https:\/\/www.naturparkmagazin.de\/stechlin\/projekt-tauchen-fuer-den-naturschutz-fuer-european-natura-2000-award-nominiert\/","name":"\u201eProjekt Tauchen f\u00fcr den Naturschutz\u201c \u2013 f\u00fcr EUROPEAN NATURA 2000 Award nominiert - Naturpark Stechlin-Ruppiner Land","isPartOf":{"@id":"https:\/\/www.naturparkmagazin.de\/stechlin\/#website"},"datePublished":"2015-06-17T11:27:14+00:00","dateModified":"2015-06-19T12:37:41+00:00","author":{"@id":"https:\/\/www.naturparkmagazin.de\/stechlin\/#\/schema\/person\/3f0d93203df21c806dd63c76d9bb28bc"},"breadcrumb":{"@id":"https:\/\/www.naturparkmagazin.de\/stechlin\/projekt-tauchen-fuer-den-naturschutz-fuer-european-natura-2000-award-nominiert\/#breadcrumb"},"inLanguage":"de","potentialAction":[{"@type":"ReadAction","target":["https:\/\/www.naturparkmagazin.de\/stechlin\/projekt-tauchen-fuer-den-naturschutz-fuer-european-natura-2000-award-nominiert\/"]}]},{"@type":"BreadcrumbList","@id":"https:\/\/www.naturparkmagazin.de\/stechlin\/projekt-tauchen-fuer-den-naturschutz-fuer-european-natura-2000-award-nominiert\/#breadcrumb","itemListElement":[{"@type":"ListItem","position":1,"name":"Home","item":"https:\/\/www.naturparkmagazin.de\/stechlin\/"},{"@type":"ListItem","position":2,"name":"\u201eProjekt Tauchen f\u00fcr den Naturschutz\u201c \u2013 f\u00fcr EUROPEAN NATURA 2000 Award nominiert"}]},{"@type":"WebSite","@id":"https:\/\/www.naturparkmagazin.de\/stechlin\/#website","url":"https:\/\/www.naturparkmagazin.de\/stechlin\/","name":"Naturpark Stechlin-Ruppiner Land","description":"","potentialAction":[{"@type":"SearchAction","target":{"@type":"EntryPoint","urlTemplate":"https:\/\/www.naturparkmagazin.de\/stechlin\/?s={search_term_string}"},"query-input":"required name=search_term_string"}],"inLanguage":"de"},{"@type":"Person","@id":"https:\/\/www.naturparkmagazin.de\/stechlin\/#\/schema\/person\/3f0d93203df21c806dd63c76d9bb28bc","name":"marioschrumpf","url":"https:\/\/www.naturparkmagazin.de\/stechlin\/author\/marioschrumpf\/"}]}},"_links":{"self":[{"href":"https:\/\/www.naturparkmagazin.de\/stechlin\/wp-json\/wp\/v2\/posts\/2364"}],"collection":[{"href":"https:\/\/www.naturparkmagazin.de\/stechlin\/wp-json\/wp\/v2\/posts"}],"about":[{"href":"https:\/\/www.naturparkmagazin.de\/stechlin\/wp-json\/wp\/v2\/types\/post"}],"author":[{"embeddable":true,"href":"https:\/\/www.naturparkmagazin.de\/stechlin\/wp-json\/wp\/v2\/users\/39"}],"replies":[{"embeddable":true,"href":"https:\/\/www.naturparkmagazin.de\/stechlin\/wp-json\/wp\/v2\/comments?post=2364"}],"version-history":[{"count":5,"href":"https:\/\/www.naturparkmagazin.de\/stechlin\/wp-json\/wp\/v2\/posts\/2364\/revisions"}],"predecessor-version":[{"id":2405,"href":"https:\/\/www.naturparkmagazin.de\/stechlin\/wp-json\/wp\/v2\/posts\/2364\/revisions\/2405"}],"wp:featuredmedia":[{"embeddable":true,"href":"https:\/\/www.naturparkmagazin.de\/stechlin\/wp-json\/wp\/v2\/media\/2365"}],"wp:attachment":[{"href":"https:\/\/www.naturparkmagazin.de\/stechlin\/wp-json\/wp\/v2\/media?parent=2364"}],"wp:term":[{"taxonomy":"category","embeddable":true,"href":"https:\/\/www.naturparkmagazin.de\/stechlin\/wp-json\/wp\/v2\/categories?post=2364"},{"taxonomy":"post_tag","embeddable":true,"href":"https:\/\/www.naturparkmagazin.de\/stechlin\/wp-json\/wp\/v2\/tags?post=2364"}],"curies":[{"name":"wp","href":"https:\/\/api.w.org\/{rel}","templated":true}]}}