{"id":2374,"date":"2015-06-17T14:19:44","date_gmt":"2015-06-17T12:19:44","guid":{"rendered":"http:\/\/www.naturparkmagazin.de\/stechlin\/?p=2374"},"modified":"2015-06-19T14:46:38","modified_gmt":"2015-06-19T12:46:38","slug":"ausstellung-zur-historie-menz-ein-gelungenes-dorfprojekt","status":"publish","type":"post","link":"https:\/\/www.naturparkmagazin.de\/stechlin\/ausstellung-zur-historie-menz-ein-gelungenes-dorfprojekt\/","title":{"rendered":"Ausstellung zur Historie von Menz &#8211; ein gelungenes Dorfprojekt!"},"content":{"rendered":"<div id=\"attachment_2385\" style=\"width: 310px\" class=\"wp-caption alignleft\"><a href=\"https:\/\/www.naturparkmagazin.de\/stechlin\/wp-content\/uploads\/sites\/38\/Reta1.jpg\"><img aria-describedby=\"caption-attachment-2385\" decoding=\"async\" loading=\"lazy\" class=\"size-thumbnail wp-image-2385\" src=\"https:\/\/www.naturparkmagazin.de\/stechlin\/wp-content\/uploads\/sites\/38\/Reta1-300x201.jpg\" alt=\"Ausstellungser\u00f6ffnung historischer Fotos in der Kirch zu Menz\" width=\"300\" height=\"201\" srcset=\"https:\/\/www.naturparkmagazin.de\/stechlin\/wp-content\/uploads\/sites\/38\/Reta1-300x201.jpg 300w, https:\/\/www.naturparkmagazin.de\/stechlin\/wp-content\/uploads\/sites\/38\/Reta1-620x415.jpg 620w, https:\/\/www.naturparkmagazin.de\/stechlin\/wp-content\/uploads\/sites\/38\/Reta1-940x629.jpg 940w, https:\/\/www.naturparkmagazin.de\/stechlin\/wp-content\/uploads\/sites\/38\/Reta1-670x449.jpg 670w, https:\/\/www.naturparkmagazin.de\/stechlin\/wp-content\/uploads\/sites\/38\/Reta1-200x134.jpg 200w, https:\/\/www.naturparkmagazin.de\/stechlin\/wp-content\/uploads\/sites\/38\/Reta1.jpg 968w\" sizes=\"(max-width: 300px) 100vw, 300px\" \/><\/a><p id=\"caption-attachment-2385\" class=\"wp-caption-text\">Ausstellungser\u00f6ffnung\u00a0in der Kirche zu Menz<\/p><\/div>\n<p>&nbsp;<\/p>\n<p>&nbsp;<\/p>\n<p>&nbsp;<\/p>\n<p>&nbsp;<\/p>\n<p>&nbsp;<\/p>\n<p>&nbsp;<\/p>\n<p>&nbsp;<\/p>\n<p>&nbsp;<\/p>\n<p>Mehr als 100 G\u00e4ste kamen zur feierlichen Er\u00f6ffnung der historischen Ausstellung am 14. Juni in die Menzer Kirche. Anl\u00e4\u00dflich des 725 j\u00e4hrigen Dorfjubil\u00e4ums hatte das Organisationsteam aufgerufen, historische Fotos, Postkarten und Landkarten f\u00fcr eine Ausstellung zur Verf\u00fcgung zu stellen. Die Resonanz war riesig! Mehr als 700 Fotos kamen zusammen. Davon wurden 250 f\u00fcr die Ausstellung ausgew\u00e4hlt. Als Dankesch\u00f6n wurden alle Spender vom Orga-Team zu einem Sektempfang vor der offiziellen Ausstellungser\u00f6ffnung eingeladen. Ein besonderes Dankesch\u00f6n an Reta Fl\u00fctsch, die die Fotos erfa\u00dft, bearbeitet und die\u00a0Ausstellung erstellt hat. Die Ausstellung ist noch bis Oktober, t\u00e4glich von 9-18 Uhr zu sehen.<\/p>\n","protected":false},"excerpt":{"rendered":"<p>Mehr als 100 G\u00e4ste kamen zur feierlichen Er\u00f6ffnung der historischen Ausstellung am 14. Juni in die Menzer Kirche. <\/p>\n","protected":false},"author":39,"featured_media":2239,"comment_status":"open","ping_status":"open","sticky":false,"template":"","format":"standard","meta":[],"categories":[7],"tags":[],"yoast_head":"<!-- This site is optimized with the Yoast SEO plugin v19.10 - https:\/\/yoast.com\/wordpress\/plugins\/seo\/ -->\n<title>Ausstellung zur Historie von Menz - ein gelungenes Dorfprojekt! - Naturpark Stechlin-Ruppiner Land<\/title>\n<meta name=\"robots\" content=\"index, follow, max-snippet:-1, max-image-preview:large, max-video-preview:-1\" \/>\n<link rel=\"canonical\" href=\"https:\/\/www.naturparkmagazin.de\/stechlin\/ausstellung-zur-historie-menz-ein-gelungenes-dorfprojekt\/\" \/>\n<meta property=\"og:locale\" content=\"de_DE\" \/>\n<meta property=\"og:type\" content=\"article\" \/>\n<meta property=\"og:title\" content=\"Ausstellung zur Historie von Menz - ein gelungenes Dorfprojekt! - Naturpark Stechlin-Ruppiner Land\" \/>\n<meta property=\"og:description\" content=\"Mehr als 100 G\u00e4ste kamen zur feierlichen Er\u00f6ffnung der historischen Ausstellung am 14. Juni in die Menzer Kirche.\" \/>\n<meta property=\"og:url\" content=\"https:\/\/www.naturparkmagazin.de\/stechlin\/ausstellung-zur-historie-menz-ein-gelungenes-dorfprojekt\/\" \/>\n<meta property=\"og:site_name\" content=\"Naturpark Stechlin-Ruppiner Land\" \/>\n<meta property=\"article:published_time\" content=\"2015-06-17T12:19:44+00:00\" \/>\n<meta property=\"article:modified_time\" content=\"2015-06-19T12:46:38+00:00\" \/>\n<meta property=\"og:image\" content=\"https:\/\/www.naturparkmagazin.de\/stechlin\/wp-content\/uploads\/sites\/38\/725_Menz_J\u00fcrgen-Braun008.jpg\" \/>\n\t<meta property=\"og:image:width\" content=\"1182\" \/>\n\t<meta property=\"og:image:height\" content=\"758\" \/>\n\t<meta property=\"og:image:type\" content=\"image\/jpeg\" \/>\n<meta name=\"author\" content=\"marioschrumpf\" \/>\n<meta name=\"twitter:label1\" content=\"Verfasst von\" \/>\n\t<meta name=\"twitter:data1\" content=\"marioschrumpf\" \/>\n\t<meta name=\"twitter:label2\" content=\"Gesch\u00e4tzte Lesezeit\" \/>\n\t<meta name=\"twitter:data2\" content=\"1\u00a0Minute\" \/>\n<script type=\"application\/ld+json\" class=\"yoast-schema-graph\">{\"@context\":\"https:\/\/schema.org\",\"@graph\":[{\"@type\":\"WebPage\",\"@id\":\"https:\/\/www.naturparkmagazin.de\/stechlin\/ausstellung-zur-historie-menz-ein-gelungenes-dorfprojekt\/\",\"url\":\"https:\/\/www.naturparkmagazin.de\/stechlin\/ausstellung-zur-historie-menz-ein-gelungenes-dorfprojekt\/\",\"name\":\"Ausstellung zur Historie von Menz - ein gelungenes Dorfprojekt! - Naturpark Stechlin-Ruppiner Land\",\"isPartOf\":{\"@id\":\"https:\/\/www.naturparkmagazin.de\/stechlin\/#website\"},\"datePublished\":\"2015-06-17T12:19:44+00:00\",\"dateModified\":\"2015-06-19T12:46:38+00:00\",\"author\":{\"@id\":\"https:\/\/www.naturparkmagazin.de\/stechlin\/#\/schema\/person\/3f0d93203df21c806dd63c76d9bb28bc\"},\"breadcrumb\":{\"@id\":\"https:\/\/www.naturparkmagazin.de\/stechlin\/ausstellung-zur-historie-menz-ein-gelungenes-dorfprojekt\/#breadcrumb\"},\"inLanguage\":\"de\",\"potentialAction\":[{\"@type\":\"ReadAction\",\"target\":[\"https:\/\/www.naturparkmagazin.de\/stechlin\/ausstellung-zur-historie-menz-ein-gelungenes-dorfprojekt\/\"]}]},{\"@type\":\"BreadcrumbList\",\"@id\":\"https:\/\/www.naturparkmagazin.de\/stechlin\/ausstellung-zur-historie-menz-ein-gelungenes-dorfprojekt\/#breadcrumb\",\"itemListElement\":[{\"@type\":\"ListItem\",\"position\":1,\"name\":\"Home\",\"item\":\"https:\/\/www.naturparkmagazin.de\/stechlin\/\"},{\"@type\":\"ListItem\",\"position\":2,\"name\":\"Ausstellung zur Historie von Menz &#8211; ein gelungenes Dorfprojekt!\"}]},{\"@type\":\"WebSite\",\"@id\":\"https:\/\/www.naturparkmagazin.de\/stechlin\/#website\",\"url\":\"https:\/\/www.naturparkmagazin.de\/stechlin\/\",\"name\":\"Naturpark Stechlin-Ruppiner Land\",\"description\":\"\",\"potentialAction\":[{\"@type\":\"SearchAction\",\"target\":{\"@type\":\"EntryPoint\",\"urlTemplate\":\"https:\/\/www.naturparkmagazin.de\/stechlin\/?s={search_term_string}\"},\"query-input\":\"required name=search_term_string\"}],\"inLanguage\":\"de\"},{\"@type\":\"Person\",\"@id\":\"https:\/\/www.naturparkmagazin.de\/stechlin\/#\/schema\/person\/3f0d93203df21c806dd63c76d9bb28bc\",\"name\":\"marioschrumpf\",\"url\":\"https:\/\/www.naturparkmagazin.de\/stechlin\/author\/marioschrumpf\/\"}]}<\/script>\n<!-- \/ Yoast SEO plugin. -->","yoast_head_json":{"title":"Ausstellung zur Historie von Menz - ein gelungenes Dorfprojekt! - Naturpark Stechlin-Ruppiner Land","robots":{"index":"index","follow":"follow","max-snippet":"max-snippet:-1","max-image-preview":"max-image-preview:large","max-video-preview":"max-video-preview:-1"},"canonical":"https:\/\/www.naturparkmagazin.de\/stechlin\/ausstellung-zur-historie-menz-ein-gelungenes-dorfprojekt\/","og_locale":"de_DE","og_type":"article","og_title":"Ausstellung zur Historie von Menz - ein gelungenes Dorfprojekt! - Naturpark Stechlin-Ruppiner Land","og_description":"Mehr als 100 G\u00e4ste kamen zur feierlichen Er\u00f6ffnung der historischen Ausstellung am 14. Juni in die Menzer Kirche.","og_url":"https:\/\/www.naturparkmagazin.de\/stechlin\/ausstellung-zur-historie-menz-ein-gelungenes-dorfprojekt\/","og_site_name":"Naturpark Stechlin-Ruppiner Land","article_published_time":"2015-06-17T12:19:44+00:00","article_modified_time":"2015-06-19T12:46:38+00:00","og_image":[{"width":1182,"height":758,"url":"https:\/\/www.naturparkmagazin.de\/stechlin\/wp-content\/uploads\/sites\/38\/725_Menz_J\u00fcrgen-Braun008.jpg","type":"image\/jpeg"}],"author":"marioschrumpf","twitter_misc":{"Verfasst von":"marioschrumpf","Gesch\u00e4tzte Lesezeit":"1\u00a0Minute"},"schema":{"@context":"https:\/\/schema.org","@graph":[{"@type":"WebPage","@id":"https:\/\/www.naturparkmagazin.de\/stechlin\/ausstellung-zur-historie-menz-ein-gelungenes-dorfprojekt\/","url":"https:\/\/www.naturparkmagazin.de\/stechlin\/ausstellung-zur-historie-menz-ein-gelungenes-dorfprojekt\/","name":"Ausstellung zur Historie von Menz - ein gelungenes Dorfprojekt! - Naturpark Stechlin-Ruppiner Land","isPartOf":{"@id":"https:\/\/www.naturparkmagazin.de\/stechlin\/#website"},"datePublished":"2015-06-17T12:19:44+00:00","dateModified":"2015-06-19T12:46:38+00:00","author":{"@id":"https:\/\/www.naturparkmagazin.de\/stechlin\/#\/schema\/person\/3f0d93203df21c806dd63c76d9bb28bc"},"breadcrumb":{"@id":"https:\/\/www.naturparkmagazin.de\/stechlin\/ausstellung-zur-historie-menz-ein-gelungenes-dorfprojekt\/#breadcrumb"},"inLanguage":"de","potentialAction":[{"@type":"ReadAction","target":["https:\/\/www.naturparkmagazin.de\/stechlin\/ausstellung-zur-historie-menz-ein-gelungenes-dorfprojekt\/"]}]},{"@type":"BreadcrumbList","@id":"https:\/\/www.naturparkmagazin.de\/stechlin\/ausstellung-zur-historie-menz-ein-gelungenes-dorfprojekt\/#breadcrumb","itemListElement":[{"@type":"ListItem","position":1,"name":"Home","item":"https:\/\/www.naturparkmagazin.de\/stechlin\/"},{"@type":"ListItem","position":2,"name":"Ausstellung zur Historie von Menz &#8211; ein gelungenes Dorfprojekt!"}]},{"@type":"WebSite","@id":"https:\/\/www.naturparkmagazin.de\/stechlin\/#website","url":"https:\/\/www.naturparkmagazin.de\/stechlin\/","name":"Naturpark Stechlin-Ruppiner Land","description":"","potentialAction":[{"@type":"SearchAction","target":{"@type":"EntryPoint","urlTemplate":"https:\/\/www.naturparkmagazin.de\/stechlin\/?s={search_term_string}"},"query-input":"required name=search_term_string"}],"inLanguage":"de"},{"@type":"Person","@id":"https:\/\/www.naturparkmagazin.de\/stechlin\/#\/schema\/person\/3f0d93203df21c806dd63c76d9bb28bc","name":"marioschrumpf","url":"https:\/\/www.naturparkmagazin.de\/stechlin\/author\/marioschrumpf\/"}]}},"_links":{"self":[{"href":"https:\/\/www.naturparkmagazin.de\/stechlin\/wp-json\/wp\/v2\/posts\/2374"}],"collection":[{"href":"https:\/\/www.naturparkmagazin.de\/stechlin\/wp-json\/wp\/v2\/posts"}],"about":[{"href":"https:\/\/www.naturparkmagazin.de\/stechlin\/wp-json\/wp\/v2\/types\/post"}],"author":[{"embeddable":true,"href":"https:\/\/www.naturparkmagazin.de\/stechlin\/wp-json\/wp\/v2\/users\/39"}],"replies":[{"embeddable":true,"href":"https:\/\/www.naturparkmagazin.de\/stechlin\/wp-json\/wp\/v2\/comments?post=2374"}],"version-history":[{"count":6,"href":"https:\/\/www.naturparkmagazin.de\/stechlin\/wp-json\/wp\/v2\/posts\/2374\/revisions"}],"predecessor-version":[{"id":2395,"href":"https:\/\/www.naturparkmagazin.de\/stechlin\/wp-json\/wp\/v2\/posts\/2374\/revisions\/2395"}],"wp:featuredmedia":[{"embeddable":true,"href":"https:\/\/www.naturparkmagazin.de\/stechlin\/wp-json\/wp\/v2\/media\/2239"}],"wp:attachment":[{"href":"https:\/\/www.naturparkmagazin.de\/stechlin\/wp-json\/wp\/v2\/media?parent=2374"}],"wp:term":[{"taxonomy":"category","embeddable":true,"href":"https:\/\/www.naturparkmagazin.de\/stechlin\/wp-json\/wp\/v2\/categories?post=2374"},{"taxonomy":"post_tag","embeddable":true,"href":"https:\/\/www.naturparkmagazin.de\/stechlin\/wp-json\/wp\/v2\/tags?post=2374"}],"curies":[{"name":"wp","href":"https:\/\/api.w.org\/{rel}","templated":true}]}}