{"id":2376,"date":"2015-06-17T14:06:31","date_gmt":"2015-06-17T12:06:31","guid":{"rendered":"http:\/\/www.naturparkmagazin.de\/stechlin\/?p=2376"},"modified":"2015-06-19T14:39:35","modified_gmt":"2015-06-19T12:39:35","slug":"linke-politiker-auf-exkursion-im-naturpark","status":"publish","type":"post","link":"https:\/\/www.naturparkmagazin.de\/stechlin\/linke-politiker-auf-exkursion-im-naturpark\/","title":{"rendered":"LINKE Politiker auf Exkursion im Naturpark"},"content":{"rendered":"<div id=\"attachment_2378\" style=\"width: 310px\" class=\"wp-caption alignnone\"><a href=\"https:\/\/www.naturparkmagazin.de\/stechlin\/wp-content\/uploads\/sites\/38\/k-WP_20150613_010.jpg\"><img aria-describedby=\"caption-attachment-2378\" decoding=\"async\" loading=\"lazy\" class=\"size-thumbnail wp-image-2378\" src=\"https:\/\/www.naturparkmagazin.de\/stechlin\/wp-content\/uploads\/sites\/38\/k-WP_20150613_010-300x169.jpg\" alt=\"Michael Sch\u00f6nherr, Leiter des ehemaligen KKW Rheinsberg, f\u00fchrt die G\u00e4ste durch die Blockwarte\" width=\"300\" height=\"169\" srcset=\"https:\/\/www.naturparkmagazin.de\/stechlin\/wp-content\/uploads\/sites\/38\/k-WP_20150613_010-300x169.jpg 300w, https:\/\/www.naturparkmagazin.de\/stechlin\/wp-content\/uploads\/sites\/38\/k-WP_20150613_010-620x348.jpg 620w, https:\/\/www.naturparkmagazin.de\/stechlin\/wp-content\/uploads\/sites\/38\/k-WP_20150613_010-940x528.jpg 940w, https:\/\/www.naturparkmagazin.de\/stechlin\/wp-content\/uploads\/sites\/38\/k-WP_20150613_010-670x376.jpg 670w, https:\/\/www.naturparkmagazin.de\/stechlin\/wp-content\/uploads\/sites\/38\/k-WP_20150613_010-200x112.jpg 200w, https:\/\/www.naturparkmagazin.de\/stechlin\/wp-content\/uploads\/sites\/38\/k-WP_20150613_010.jpg 1296w\" sizes=\"(max-width: 300px) 100vw, 300px\" \/><\/a><p id=\"caption-attachment-2378\" class=\"wp-caption-text\">Michael Sch\u00f6nherr, Leiter des ehemaligen KKW Rheinsberg, f\u00fchrt die G\u00e4ste durch die Blockwarte<\/p><\/div>\n<p>&nbsp;<\/p>\n<div id=\"attachment_2377\" style=\"width: 310px\" class=\"wp-caption alignleft\"><a href=\"https:\/\/www.naturparkmagazin.de\/stechlin\/wp-content\/uploads\/sites\/38\/k-WP_20150613_024.jpg\"><img aria-describedby=\"caption-attachment-2377\" decoding=\"async\" loading=\"lazy\" class=\"size-thumbnail wp-image-2377\" src=\"https:\/\/www.naturparkmagazin.de\/stechlin\/wp-content\/uploads\/sites\/38\/k-WP_20150613_024-300x169.jpg\" alt=\"Revierf\u00f6rster J\u00f6rg Spr\u00f6\u00dfig erkl\u00e4rt die naturnahe Waldwirtschaft im NSG Stechlin\" width=\"300\" height=\"169\" srcset=\"https:\/\/www.naturparkmagazin.de\/stechlin\/wp-content\/uploads\/sites\/38\/k-WP_20150613_024-300x169.jpg 300w, https:\/\/www.naturparkmagazin.de\/stechlin\/wp-content\/uploads\/sites\/38\/k-WP_20150613_024-620x348.jpg 620w, https:\/\/www.naturparkmagazin.de\/stechlin\/wp-content\/uploads\/sites\/38\/k-WP_20150613_024-940x528.jpg 940w, https:\/\/www.naturparkmagazin.de\/stechlin\/wp-content\/uploads\/sites\/38\/k-WP_20150613_024-670x376.jpg 670w, https:\/\/www.naturparkmagazin.de\/stechlin\/wp-content\/uploads\/sites\/38\/k-WP_20150613_024-200x112.jpg 200w, https:\/\/www.naturparkmagazin.de\/stechlin\/wp-content\/uploads\/sites\/38\/k-WP_20150613_024.jpg 1296w\" sizes=\"(max-width: 300px) 100vw, 300px\" \/><\/a><p id=\"caption-attachment-2377\" class=\"wp-caption-text\">Revierf\u00f6rster J\u00f6rg Spr\u00f6\u00dfig erkl\u00e4rt die naturnahe Waldwirtschaft im NSG Stechlin<\/p><\/div>\n<p>&nbsp;<\/p>\n<p>&nbsp;<\/p>\n<p>&nbsp;<\/p>\n<p>&nbsp;<\/p>\n<p>&nbsp;<\/p>\n<p>&nbsp;<\/p>\n<p>&nbsp;<\/p>\n<p>Anita Tack &#8211; Umweltministerin a.D. (MdL) und Roland Claus (MdB) informierten sich am 13. Juni \u00fcber die Arbeit des Naturparks Stechlin-Ruppiner Land. Im ehemaligen Kernkraftwerk Rheinsberg stand der R\u00fcckbau durch den Betreiber Energiewerke Nord im Vordergrund. Naturparkleiter Dr. Mario Schrumpf referierte im Anschlu\u00df \u00fcber die Arbeit der Naturparkverwaltung als &#8222;Anker im l\u00e4ndlichen Raum&#8220; f\u00fcr eine nachhaltige Regionalentwicklung. Nach dem Besuch der Ausstellung im Besucherzentrum NaturParkHaus Stechlin in Menz ging es &#8222;vor Ort&#8220;. Die 20 k\u00f6pfige Gruppe erkundete zu Fuss mit Revierf\u00f6rster J\u00f6rg Spr\u00f6\u00dfig den Naturerlebnispfad &#8222;Von Moor zu Moor&#8220;.<\/p>\n<p>Tack und Claus zeigten sich beeindruckt von der ausgezeichneten Vernetzung des Naturparks\u00a0in der Region.<\/p>\n<div id=\"attachment_2379\" style=\"width: 310px\" class=\"wp-caption alignleft\"><a href=\"https:\/\/www.naturparkmagazin.de\/stechlin\/wp-content\/uploads\/sites\/38\/k-WP_20150613_017.jpg\"><img aria-describedby=\"caption-attachment-2379\" decoding=\"async\" loading=\"lazy\" class=\"size-thumbnail wp-image-2379\" src=\"https:\/\/www.naturparkmagazin.de\/stechlin\/wp-content\/uploads\/sites\/38\/k-WP_20150613_017-300x169.jpg\" alt=\"Die Blockwarte des KKW wurde als Abbildung auf der R\u00fcckseite des 10-Mark-Scheines der DDR verewigt.\" width=\"300\" height=\"169\" srcset=\"https:\/\/www.naturparkmagazin.de\/stechlin\/wp-content\/uploads\/sites\/38\/k-WP_20150613_017-300x169.jpg 300w, https:\/\/www.naturparkmagazin.de\/stechlin\/wp-content\/uploads\/sites\/38\/k-WP_20150613_017-620x348.jpg 620w, https:\/\/www.naturparkmagazin.de\/stechlin\/wp-content\/uploads\/sites\/38\/k-WP_20150613_017-940x528.jpg 940w, https:\/\/www.naturparkmagazin.de\/stechlin\/wp-content\/uploads\/sites\/38\/k-WP_20150613_017-670x376.jpg 670w, https:\/\/www.naturparkmagazin.de\/stechlin\/wp-content\/uploads\/sites\/38\/k-WP_20150613_017-200x112.jpg 200w, https:\/\/www.naturparkmagazin.de\/stechlin\/wp-content\/uploads\/sites\/38\/k-WP_20150613_017.jpg 1296w\" sizes=\"(max-width: 300px) 100vw, 300px\" \/><\/a><p id=\"caption-attachment-2379\" class=\"wp-caption-text\">Die Blockwarte des KKW wurde als Abbildung auf der R\u00fcckseite des 10-Mark-Scheines der DDR verewigt.<\/p><\/div>\n","protected":false},"excerpt":{"rendered":"<p>Anita Tack &#8211; Umweltministerin a.D. (MdL) und Roland Claus (MdB) informierten sich am 13. Juni \u00fcber die Arbeit des Naturparks Stechlin-Ruppiner Land.<\/p>\n","protected":false},"author":39,"featured_media":2377,"comment_status":"open","ping_status":"open","sticky":false,"template":"","format":"standard","meta":[],"categories":[7],"tags":[],"yoast_head":"<!-- This site is optimized with the Yoast SEO plugin v19.10 - https:\/\/yoast.com\/wordpress\/plugins\/seo\/ -->\n<title>LINKE Politiker auf Exkursion im Naturpark - Naturpark Stechlin-Ruppiner Land<\/title>\n<meta name=\"robots\" content=\"index, follow, max-snippet:-1, max-image-preview:large, max-video-preview:-1\" \/>\n<link rel=\"canonical\" href=\"https:\/\/www.naturparkmagazin.de\/stechlin\/linke-politiker-auf-exkursion-im-naturpark\/\" \/>\n<meta property=\"og:locale\" content=\"de_DE\" \/>\n<meta property=\"og:type\" content=\"article\" \/>\n<meta property=\"og:title\" content=\"LINKE Politiker auf Exkursion im Naturpark - Naturpark Stechlin-Ruppiner Land\" \/>\n<meta property=\"og:description\" content=\"Anita Tack - Umweltministerin a.D. (MdL) und Roland Claus (MdB) informierten sich am 13. Juni \u00fcber die Arbeit des Naturparks Stechlin-Ruppiner Land.\" \/>\n<meta property=\"og:url\" content=\"https:\/\/www.naturparkmagazin.de\/stechlin\/linke-politiker-auf-exkursion-im-naturpark\/\" \/>\n<meta property=\"og:site_name\" content=\"Naturpark Stechlin-Ruppiner Land\" \/>\n<meta property=\"article:published_time\" content=\"2015-06-17T12:06:31+00:00\" \/>\n<meta property=\"article:modified_time\" content=\"2015-06-19T12:39:35+00:00\" \/>\n<meta property=\"og:image\" content=\"https:\/\/www.naturparkmagazin.de\/stechlin\/wp-content\/uploads\/sites\/38\/k-WP_20150613_024.jpg\" \/>\n\t<meta property=\"og:image:width\" content=\"1296\" \/>\n\t<meta property=\"og:image:height\" content=\"728\" \/>\n\t<meta property=\"og:image:type\" content=\"image\/jpeg\" \/>\n<meta name=\"author\" content=\"marioschrumpf\" \/>\n<meta name=\"twitter:label1\" content=\"Verfasst von\" \/>\n\t<meta name=\"twitter:data1\" content=\"marioschrumpf\" \/>\n\t<meta name=\"twitter:label2\" content=\"Gesch\u00e4tzte Lesezeit\" \/>\n\t<meta name=\"twitter:data2\" content=\"1\u00a0Minute\" \/>\n<script type=\"application\/ld+json\" class=\"yoast-schema-graph\">{\"@context\":\"https:\/\/schema.org\",\"@graph\":[{\"@type\":\"WebPage\",\"@id\":\"https:\/\/www.naturparkmagazin.de\/stechlin\/linke-politiker-auf-exkursion-im-naturpark\/\",\"url\":\"https:\/\/www.naturparkmagazin.de\/stechlin\/linke-politiker-auf-exkursion-im-naturpark\/\",\"name\":\"LINKE Politiker auf Exkursion im Naturpark - Naturpark Stechlin-Ruppiner Land\",\"isPartOf\":{\"@id\":\"https:\/\/www.naturparkmagazin.de\/stechlin\/#website\"},\"datePublished\":\"2015-06-17T12:06:31+00:00\",\"dateModified\":\"2015-06-19T12:39:35+00:00\",\"author\":{\"@id\":\"https:\/\/www.naturparkmagazin.de\/stechlin\/#\/schema\/person\/3f0d93203df21c806dd63c76d9bb28bc\"},\"breadcrumb\":{\"@id\":\"https:\/\/www.naturparkmagazin.de\/stechlin\/linke-politiker-auf-exkursion-im-naturpark\/#breadcrumb\"},\"inLanguage\":\"de\",\"potentialAction\":[{\"@type\":\"ReadAction\",\"target\":[\"https:\/\/www.naturparkmagazin.de\/stechlin\/linke-politiker-auf-exkursion-im-naturpark\/\"]}]},{\"@type\":\"BreadcrumbList\",\"@id\":\"https:\/\/www.naturparkmagazin.de\/stechlin\/linke-politiker-auf-exkursion-im-naturpark\/#breadcrumb\",\"itemListElement\":[{\"@type\":\"ListItem\",\"position\":1,\"name\":\"Home\",\"item\":\"https:\/\/www.naturparkmagazin.de\/stechlin\/\"},{\"@type\":\"ListItem\",\"position\":2,\"name\":\"LINKE Politiker auf Exkursion im Naturpark\"}]},{\"@type\":\"WebSite\",\"@id\":\"https:\/\/www.naturparkmagazin.de\/stechlin\/#website\",\"url\":\"https:\/\/www.naturparkmagazin.de\/stechlin\/\",\"name\":\"Naturpark Stechlin-Ruppiner Land\",\"description\":\"\",\"potentialAction\":[{\"@type\":\"SearchAction\",\"target\":{\"@type\":\"EntryPoint\",\"urlTemplate\":\"https:\/\/www.naturparkmagazin.de\/stechlin\/?s={search_term_string}\"},\"query-input\":\"required name=search_term_string\"}],\"inLanguage\":\"de\"},{\"@type\":\"Person\",\"@id\":\"https:\/\/www.naturparkmagazin.de\/stechlin\/#\/schema\/person\/3f0d93203df21c806dd63c76d9bb28bc\",\"name\":\"marioschrumpf\",\"url\":\"https:\/\/www.naturparkmagazin.de\/stechlin\/author\/marioschrumpf\/\"}]}<\/script>\n<!-- \/ Yoast SEO plugin. -->","yoast_head_json":{"title":"LINKE Politiker auf Exkursion im Naturpark - Naturpark Stechlin-Ruppiner Land","robots":{"index":"index","follow":"follow","max-snippet":"max-snippet:-1","max-image-preview":"max-image-preview:large","max-video-preview":"max-video-preview:-1"},"canonical":"https:\/\/www.naturparkmagazin.de\/stechlin\/linke-politiker-auf-exkursion-im-naturpark\/","og_locale":"de_DE","og_type":"article","og_title":"LINKE Politiker auf Exkursion im Naturpark - Naturpark Stechlin-Ruppiner Land","og_description":"Anita Tack - Umweltministerin a.D. (MdL) und Roland Claus (MdB) informierten sich am 13. Juni \u00fcber die Arbeit des Naturparks Stechlin-Ruppiner Land.","og_url":"https:\/\/www.naturparkmagazin.de\/stechlin\/linke-politiker-auf-exkursion-im-naturpark\/","og_site_name":"Naturpark Stechlin-Ruppiner Land","article_published_time":"2015-06-17T12:06:31+00:00","article_modified_time":"2015-06-19T12:39:35+00:00","og_image":[{"width":1296,"height":728,"url":"https:\/\/www.naturparkmagazin.de\/stechlin\/wp-content\/uploads\/sites\/38\/k-WP_20150613_024.jpg","type":"image\/jpeg"}],"author":"marioschrumpf","twitter_misc":{"Verfasst von":"marioschrumpf","Gesch\u00e4tzte Lesezeit":"1\u00a0Minute"},"schema":{"@context":"https:\/\/schema.org","@graph":[{"@type":"WebPage","@id":"https:\/\/www.naturparkmagazin.de\/stechlin\/linke-politiker-auf-exkursion-im-naturpark\/","url":"https:\/\/www.naturparkmagazin.de\/stechlin\/linke-politiker-auf-exkursion-im-naturpark\/","name":"LINKE Politiker auf Exkursion im Naturpark - Naturpark Stechlin-Ruppiner Land","isPartOf":{"@id":"https:\/\/www.naturparkmagazin.de\/stechlin\/#website"},"datePublished":"2015-06-17T12:06:31+00:00","dateModified":"2015-06-19T12:39:35+00:00","author":{"@id":"https:\/\/www.naturparkmagazin.de\/stechlin\/#\/schema\/person\/3f0d93203df21c806dd63c76d9bb28bc"},"breadcrumb":{"@id":"https:\/\/www.naturparkmagazin.de\/stechlin\/linke-politiker-auf-exkursion-im-naturpark\/#breadcrumb"},"inLanguage":"de","potentialAction":[{"@type":"ReadAction","target":["https:\/\/www.naturparkmagazin.de\/stechlin\/linke-politiker-auf-exkursion-im-naturpark\/"]}]},{"@type":"BreadcrumbList","@id":"https:\/\/www.naturparkmagazin.de\/stechlin\/linke-politiker-auf-exkursion-im-naturpark\/#breadcrumb","itemListElement":[{"@type":"ListItem","position":1,"name":"Home","item":"https:\/\/www.naturparkmagazin.de\/stechlin\/"},{"@type":"ListItem","position":2,"name":"LINKE Politiker auf Exkursion im Naturpark"}]},{"@type":"WebSite","@id":"https:\/\/www.naturparkmagazin.de\/stechlin\/#website","url":"https:\/\/www.naturparkmagazin.de\/stechlin\/","name":"Naturpark Stechlin-Ruppiner Land","description":"","potentialAction":[{"@type":"SearchAction","target":{"@type":"EntryPoint","urlTemplate":"https:\/\/www.naturparkmagazin.de\/stechlin\/?s={search_term_string}"},"query-input":"required name=search_term_string"}],"inLanguage":"de"},{"@type":"Person","@id":"https:\/\/www.naturparkmagazin.de\/stechlin\/#\/schema\/person\/3f0d93203df21c806dd63c76d9bb28bc","name":"marioschrumpf","url":"https:\/\/www.naturparkmagazin.de\/stechlin\/author\/marioschrumpf\/"}]}},"_links":{"self":[{"href":"https:\/\/www.naturparkmagazin.de\/stechlin\/wp-json\/wp\/v2\/posts\/2376"}],"collection":[{"href":"https:\/\/www.naturparkmagazin.de\/stechlin\/wp-json\/wp\/v2\/posts"}],"about":[{"href":"https:\/\/www.naturparkmagazin.de\/stechlin\/wp-json\/wp\/v2\/types\/post"}],"author":[{"embeddable":true,"href":"https:\/\/www.naturparkmagazin.de\/stechlin\/wp-json\/wp\/v2\/users\/39"}],"replies":[{"embeddable":true,"href":"https:\/\/www.naturparkmagazin.de\/stechlin\/wp-json\/wp\/v2\/comments?post=2376"}],"version-history":[{"count":9,"href":"https:\/\/www.naturparkmagazin.de\/stechlin\/wp-json\/wp\/v2\/posts\/2376\/revisions"}],"predecessor-version":[{"id":2404,"href":"https:\/\/www.naturparkmagazin.de\/stechlin\/wp-json\/wp\/v2\/posts\/2376\/revisions\/2404"}],"wp:featuredmedia":[{"embeddable":true,"href":"https:\/\/www.naturparkmagazin.de\/stechlin\/wp-json\/wp\/v2\/media\/2377"}],"wp:attachment":[{"href":"https:\/\/www.naturparkmagazin.de\/stechlin\/wp-json\/wp\/v2\/media?parent=2376"}],"wp:term":[{"taxonomy":"category","embeddable":true,"href":"https:\/\/www.naturparkmagazin.de\/stechlin\/wp-json\/wp\/v2\/categories?post=2376"},{"taxonomy":"post_tag","embeddable":true,"href":"https:\/\/www.naturparkmagazin.de\/stechlin\/wp-json\/wp\/v2\/tags?post=2376"}],"curies":[{"name":"wp","href":"https:\/\/api.w.org\/{rel}","templated":true}]}}