{"id":241,"date":"2013-09-26T10:52:56","date_gmt":"2013-09-26T08:52:56","guid":{"rendered":"http:\/\/www.naturparkmagazin.de\/stechlin\/?p=241"},"modified":"2013-10-01T15:21:16","modified_gmt":"2013-10-01T13:21:16","slug":"daenische-natur-und-umweltschutzexperten-auf-fachexkursion-im-naturpark","status":"publish","type":"post","link":"https:\/\/www.naturparkmagazin.de\/stechlin\/daenische-natur-und-umweltschutzexperten-auf-fachexkursion-im-naturpark\/","title":{"rendered":"D\u00e4nische Natur- und Umweltschutzexperten auf Fachexkursion im Naturpark"},"content":{"rendered":"<p>&nbsp;<\/p>\n<div id=\"attachment_242\" style=\"width: 630px\" class=\"wp-caption aligncenter\"><a href=\"https:\/\/www.naturparkmagazin.de\/stechlin\/wp-content\/uploads\/sites\/38\/k-Exkursion-D\u00e4nische-G\u00e4ste.jpg\"><img aria-describedby=\"caption-attachment-242\" decoding=\"async\" loading=\"lazy\" class=\"size-medium wp-image-242  \" title=\"Exkursion D\u00e4nische Natur- und Umweltschutzexperten \" alt=\"Exkursion D\u00e4nische Natur- und Umweltschutzexperten\" src=\"https:\/\/www.naturparkmagazin.de\/stechlin\/wp-content\/uploads\/sites\/38\/k-Exkursion-D\u00e4nische-G\u00e4ste-620x415.jpg\" width=\"620\" height=\"415\" srcset=\"https:\/\/www.naturparkmagazin.de\/stechlin\/wp-content\/uploads\/sites\/38\/k-Exkursion-D\u00e4nische-G\u00e4ste-620x415.jpg 620w, https:\/\/www.naturparkmagazin.de\/stechlin\/wp-content\/uploads\/sites\/38\/k-Exkursion-D\u00e4nische-G\u00e4ste-300x201.jpg 300w, https:\/\/www.naturparkmagazin.de\/stechlin\/wp-content\/uploads\/sites\/38\/k-Exkursion-D\u00e4nische-G\u00e4ste-940x629.jpg 940w, https:\/\/www.naturparkmagazin.de\/stechlin\/wp-content\/uploads\/sites\/38\/k-Exkursion-D\u00e4nische-G\u00e4ste-670x449.jpg 670w, https:\/\/www.naturparkmagazin.de\/stechlin\/wp-content\/uploads\/sites\/38\/k-Exkursion-D\u00e4nische-G\u00e4ste-200x134.jpg 200w, https:\/\/www.naturparkmagazin.de\/stechlin\/wp-content\/uploads\/sites\/38\/k-Exkursion-D\u00e4nische-G\u00e4ste.jpg 1936w\" sizes=\"(max-width: 620px) 100vw, 620px\" \/><\/a><p id=\"caption-attachment-242\" class=\"wp-caption-text\">Michael Zauft, der Leiter des EU-Life-Projektes Kalkmoor, informiert \u00fcber Wiedervern\u00e4ssungsma\u00dfnahmen<\/p><\/div>\n<p>11 f\u00fcr Natur- und Umweltschutz zust\u00e4ndige Mitarbeiter aus der d\u00e4nischen Kommune Sonderborg informierten sich am 18. September im Naturpark \u00fcber die Umsetzung der EU-Wasserrahmen-Richtlinie in Deutschland. Im Rahmen einer dreit\u00e4gigen Fachexkursion waren sie u.a. im Nationalpark Unteres Odertal, im Biosph\u00e4renreservat Schorfheide-Chorin und im Naturpark Stechlin-Ruppiner Land unterwegs. Michael Zauft, Leiter des EU-Life-Projektes Kalkmoore und Naturparkleiter Mario Schrumpf f\u00fchrten die G\u00e4ste. Nach einer kurzen Einf\u00fchrung in der Naturparkverwaltung waren der Gro\u00dfe Stechlinsee und das FFH-Gebiet Gramzowseen die Exkursionsziele. Trotz str\u00f6menden Regens wurde vor Ort intensiv \u00fcber die Wiedervern\u00e4ssung von Mooren, die Herstellung der \u00f6kologischen Durchg\u00e4ngigkeit von Flie\u00dfgew\u00e4ssern und die effiziente Bewirtschaftung von Feuchtwiesen diskutiert. Insgesamt ein f\u00fcr beide Seiten fruchbarer Erfahrungsaustausch!<\/p>\n","protected":false},"excerpt":{"rendered":"<p>11 f\u00fcr Natur- und Umweltschutz zust\u00e4ndige Mitarbeiter aus der Kommune Sonderborg informierten sich am 18. September im Naturpark \u00fcber die Umsetzung der EU-Wasserrahmen-Richtlinie in Deutschland.<\/p>\n","protected":false},"author":39,"featured_media":242,"comment_status":"open","ping_status":"open","sticky":false,"template":"","format":"standard","meta":[],"categories":[7],"tags":[],"yoast_head":"<!-- This site is optimized with the Yoast SEO plugin v19.10 - https:\/\/yoast.com\/wordpress\/plugins\/seo\/ -->\n<title>D\u00e4nische Natur- und Umweltschutzexperten auf Fachexkursion im Naturpark - Naturpark Stechlin-Ruppiner Land<\/title>\n<meta name=\"robots\" content=\"index, follow, max-snippet:-1, max-image-preview:large, max-video-preview:-1\" \/>\n<link rel=\"canonical\" href=\"https:\/\/www.naturparkmagazin.de\/stechlin\/daenische-natur-und-umweltschutzexperten-auf-fachexkursion-im-naturpark\/\" \/>\n<meta property=\"og:locale\" content=\"de_DE\" \/>\n<meta property=\"og:type\" content=\"article\" \/>\n<meta property=\"og:title\" content=\"D\u00e4nische Natur- und Umweltschutzexperten auf Fachexkursion im Naturpark - Naturpark Stechlin-Ruppiner Land\" \/>\n<meta property=\"og:description\" content=\"11 f\u00fcr Natur- und Umweltschutz zust\u00e4ndige Mitarbeiter aus der Kommune Sonderborg informierten sich am 18. September im Naturpark \u00fcber die Umsetzung der EU-Wasserrahmen-Richtlinie in Deutschland.\" \/>\n<meta property=\"og:url\" content=\"https:\/\/www.naturparkmagazin.de\/stechlin\/daenische-natur-und-umweltschutzexperten-auf-fachexkursion-im-naturpark\/\" \/>\n<meta property=\"og:site_name\" content=\"Naturpark Stechlin-Ruppiner Land\" \/>\n<meta property=\"article:published_time\" content=\"2013-09-26T08:52:56+00:00\" \/>\n<meta property=\"article:modified_time\" content=\"2013-10-01T13:21:16+00:00\" \/>\n<meta property=\"og:image\" content=\"https:\/\/www.naturparkmagazin.de\/stechlin\/wp-content\/uploads\/sites\/38\/k-Exkursion-D\u00e4nische-G\u00e4ste.jpg\" \/>\n\t<meta property=\"og:image:width\" content=\"1936\" \/>\n\t<meta property=\"og:image:height\" content=\"1296\" \/>\n\t<meta property=\"og:image:type\" content=\"image\/jpeg\" \/>\n<meta name=\"author\" content=\"marioschrumpf\" \/>\n<meta name=\"twitter:label1\" content=\"Verfasst von\" \/>\n\t<meta name=\"twitter:data1\" content=\"marioschrumpf\" \/>\n\t<meta name=\"twitter:label2\" content=\"Gesch\u00e4tzte Lesezeit\" \/>\n\t<meta name=\"twitter:data2\" content=\"1\u00a0Minute\" \/>\n<script type=\"application\/ld+json\" class=\"yoast-schema-graph\">{\"@context\":\"https:\/\/schema.org\",\"@graph\":[{\"@type\":\"WebPage\",\"@id\":\"https:\/\/www.naturparkmagazin.de\/stechlin\/daenische-natur-und-umweltschutzexperten-auf-fachexkursion-im-naturpark\/\",\"url\":\"https:\/\/www.naturparkmagazin.de\/stechlin\/daenische-natur-und-umweltschutzexperten-auf-fachexkursion-im-naturpark\/\",\"name\":\"D\u00e4nische Natur- und Umweltschutzexperten auf Fachexkursion im Naturpark - Naturpark Stechlin-Ruppiner Land\",\"isPartOf\":{\"@id\":\"https:\/\/www.naturparkmagazin.de\/stechlin\/#website\"},\"datePublished\":\"2013-09-26T08:52:56+00:00\",\"dateModified\":\"2013-10-01T13:21:16+00:00\",\"author\":{\"@id\":\"https:\/\/www.naturparkmagazin.de\/stechlin\/#\/schema\/person\/3f0d93203df21c806dd63c76d9bb28bc\"},\"breadcrumb\":{\"@id\":\"https:\/\/www.naturparkmagazin.de\/stechlin\/daenische-natur-und-umweltschutzexperten-auf-fachexkursion-im-naturpark\/#breadcrumb\"},\"inLanguage\":\"de\",\"potentialAction\":[{\"@type\":\"ReadAction\",\"target\":[\"https:\/\/www.naturparkmagazin.de\/stechlin\/daenische-natur-und-umweltschutzexperten-auf-fachexkursion-im-naturpark\/\"]}]},{\"@type\":\"BreadcrumbList\",\"@id\":\"https:\/\/www.naturparkmagazin.de\/stechlin\/daenische-natur-und-umweltschutzexperten-auf-fachexkursion-im-naturpark\/#breadcrumb\",\"itemListElement\":[{\"@type\":\"ListItem\",\"position\":1,\"name\":\"Home\",\"item\":\"https:\/\/www.naturparkmagazin.de\/stechlin\/\"},{\"@type\":\"ListItem\",\"position\":2,\"name\":\"D\u00e4nische Natur- und Umweltschutzexperten auf Fachexkursion im Naturpark\"}]},{\"@type\":\"WebSite\",\"@id\":\"https:\/\/www.naturparkmagazin.de\/stechlin\/#website\",\"url\":\"https:\/\/www.naturparkmagazin.de\/stechlin\/\",\"name\":\"Naturpark Stechlin-Ruppiner Land\",\"description\":\"\",\"potentialAction\":[{\"@type\":\"SearchAction\",\"target\":{\"@type\":\"EntryPoint\",\"urlTemplate\":\"https:\/\/www.naturparkmagazin.de\/stechlin\/?s={search_term_string}\"},\"query-input\":\"required name=search_term_string\"}],\"inLanguage\":\"de\"},{\"@type\":\"Person\",\"@id\":\"https:\/\/www.naturparkmagazin.de\/stechlin\/#\/schema\/person\/3f0d93203df21c806dd63c76d9bb28bc\",\"name\":\"marioschrumpf\",\"url\":\"https:\/\/www.naturparkmagazin.de\/stechlin\/author\/marioschrumpf\/\"}]}<\/script>\n<!-- \/ Yoast SEO plugin. -->","yoast_head_json":{"title":"D\u00e4nische Natur- und Umweltschutzexperten auf Fachexkursion im Naturpark - Naturpark Stechlin-Ruppiner Land","robots":{"index":"index","follow":"follow","max-snippet":"max-snippet:-1","max-image-preview":"max-image-preview:large","max-video-preview":"max-video-preview:-1"},"canonical":"https:\/\/www.naturparkmagazin.de\/stechlin\/daenische-natur-und-umweltschutzexperten-auf-fachexkursion-im-naturpark\/","og_locale":"de_DE","og_type":"article","og_title":"D\u00e4nische Natur- und Umweltschutzexperten auf Fachexkursion im Naturpark - Naturpark Stechlin-Ruppiner Land","og_description":"11 f\u00fcr Natur- und Umweltschutz zust\u00e4ndige Mitarbeiter aus der Kommune Sonderborg informierten sich am 18. September im Naturpark \u00fcber die Umsetzung der EU-Wasserrahmen-Richtlinie in Deutschland.","og_url":"https:\/\/www.naturparkmagazin.de\/stechlin\/daenische-natur-und-umweltschutzexperten-auf-fachexkursion-im-naturpark\/","og_site_name":"Naturpark Stechlin-Ruppiner Land","article_published_time":"2013-09-26T08:52:56+00:00","article_modified_time":"2013-10-01T13:21:16+00:00","og_image":[{"width":1936,"height":1296,"url":"https:\/\/www.naturparkmagazin.de\/stechlin\/wp-content\/uploads\/sites\/38\/k-Exkursion-D\u00e4nische-G\u00e4ste.jpg","type":"image\/jpeg"}],"author":"marioschrumpf","twitter_misc":{"Verfasst von":"marioschrumpf","Gesch\u00e4tzte Lesezeit":"1\u00a0Minute"},"schema":{"@context":"https:\/\/schema.org","@graph":[{"@type":"WebPage","@id":"https:\/\/www.naturparkmagazin.de\/stechlin\/daenische-natur-und-umweltschutzexperten-auf-fachexkursion-im-naturpark\/","url":"https:\/\/www.naturparkmagazin.de\/stechlin\/daenische-natur-und-umweltschutzexperten-auf-fachexkursion-im-naturpark\/","name":"D\u00e4nische Natur- und Umweltschutzexperten auf Fachexkursion im Naturpark - Naturpark Stechlin-Ruppiner Land","isPartOf":{"@id":"https:\/\/www.naturparkmagazin.de\/stechlin\/#website"},"datePublished":"2013-09-26T08:52:56+00:00","dateModified":"2013-10-01T13:21:16+00:00","author":{"@id":"https:\/\/www.naturparkmagazin.de\/stechlin\/#\/schema\/person\/3f0d93203df21c806dd63c76d9bb28bc"},"breadcrumb":{"@id":"https:\/\/www.naturparkmagazin.de\/stechlin\/daenische-natur-und-umweltschutzexperten-auf-fachexkursion-im-naturpark\/#breadcrumb"},"inLanguage":"de","potentialAction":[{"@type":"ReadAction","target":["https:\/\/www.naturparkmagazin.de\/stechlin\/daenische-natur-und-umweltschutzexperten-auf-fachexkursion-im-naturpark\/"]}]},{"@type":"BreadcrumbList","@id":"https:\/\/www.naturparkmagazin.de\/stechlin\/daenische-natur-und-umweltschutzexperten-auf-fachexkursion-im-naturpark\/#breadcrumb","itemListElement":[{"@type":"ListItem","position":1,"name":"Home","item":"https:\/\/www.naturparkmagazin.de\/stechlin\/"},{"@type":"ListItem","position":2,"name":"D\u00e4nische Natur- und Umweltschutzexperten auf Fachexkursion im Naturpark"}]},{"@type":"WebSite","@id":"https:\/\/www.naturparkmagazin.de\/stechlin\/#website","url":"https:\/\/www.naturparkmagazin.de\/stechlin\/","name":"Naturpark Stechlin-Ruppiner Land","description":"","potentialAction":[{"@type":"SearchAction","target":{"@type":"EntryPoint","urlTemplate":"https:\/\/www.naturparkmagazin.de\/stechlin\/?s={search_term_string}"},"query-input":"required name=search_term_string"}],"inLanguage":"de"},{"@type":"Person","@id":"https:\/\/www.naturparkmagazin.de\/stechlin\/#\/schema\/person\/3f0d93203df21c806dd63c76d9bb28bc","name":"marioschrumpf","url":"https:\/\/www.naturparkmagazin.de\/stechlin\/author\/marioschrumpf\/"}]}},"_links":{"self":[{"href":"https:\/\/www.naturparkmagazin.de\/stechlin\/wp-json\/wp\/v2\/posts\/241"}],"collection":[{"href":"https:\/\/www.naturparkmagazin.de\/stechlin\/wp-json\/wp\/v2\/posts"}],"about":[{"href":"https:\/\/www.naturparkmagazin.de\/stechlin\/wp-json\/wp\/v2\/types\/post"}],"author":[{"embeddable":true,"href":"https:\/\/www.naturparkmagazin.de\/stechlin\/wp-json\/wp\/v2\/users\/39"}],"replies":[{"embeddable":true,"href":"https:\/\/www.naturparkmagazin.de\/stechlin\/wp-json\/wp\/v2\/comments?post=241"}],"version-history":[{"count":9,"href":"https:\/\/www.naturparkmagazin.de\/stechlin\/wp-json\/wp\/v2\/posts\/241\/revisions"}],"predecessor-version":[{"id":331,"href":"https:\/\/www.naturparkmagazin.de\/stechlin\/wp-json\/wp\/v2\/posts\/241\/revisions\/331"}],"wp:featuredmedia":[{"embeddable":true,"href":"https:\/\/www.naturparkmagazin.de\/stechlin\/wp-json\/wp\/v2\/media\/242"}],"wp:attachment":[{"href":"https:\/\/www.naturparkmagazin.de\/stechlin\/wp-json\/wp\/v2\/media?parent=241"}],"wp:term":[{"taxonomy":"category","embeddable":true,"href":"https:\/\/www.naturparkmagazin.de\/stechlin\/wp-json\/wp\/v2\/categories?post=241"},{"taxonomy":"post_tag","embeddable":true,"href":"https:\/\/www.naturparkmagazin.de\/stechlin\/wp-json\/wp\/v2\/tags?post=241"}],"curies":[{"name":"wp","href":"https:\/\/api.w.org\/{rel}","templated":true}]}}