{"id":2455,"date":"2015-07-22T09:30:28","date_gmt":"2015-07-22T07:30:28","guid":{"rendered":"http:\/\/www.naturparkmagazin.de\/stechlin\/?p=2455"},"modified":"2025-01-24T10:08:20","modified_gmt":"2025-01-24T09:08:20","slug":"wasserscheu-war-keiner","status":"publish","type":"post","link":"https:\/\/www.naturparkmagazin.de\/stechlin\/wasserscheu-war-keiner\/","title":{"rendered":"Wasserscheu war keiner! Impressionen vom Menzer Waldfest 2015"},"content":{"rendered":"<div id=\"attachment_2456\" style=\"width: 210px\" class=\"wp-caption alignleft\"><a href=\"https:\/\/www.naturparkmagazin.de\/stechlin\/wp-content\/uploads\/sites\/38\/Drechsler.jpg\"><img aria-describedby=\"caption-attachment-2456\" decoding=\"async\" loading=\"lazy\" class=\"size-full wp-image-2456\" src=\"https:\/\/www.naturparkmagazin.de\/stechlin\/wp-content\/uploads\/sites\/38\/Drechsler.jpg\" alt=\"Mitmachaktion beim Drechsler\" width=\"200\" height=\"150\" srcset=\"https:\/\/www.naturparkmagazin.de\/stechlin\/wp-content\/uploads\/sites\/38\/Drechsler.jpg 200w, https:\/\/www.naturparkmagazin.de\/stechlin\/wp-content\/uploads\/sites\/38\/Drechsler-180x135.jpg 180w, https:\/\/www.naturparkmagazin.de\/stechlin\/wp-content\/uploads\/sites\/38\/Drechsler-95x71.jpg 95w\" sizes=\"(max-width: 200px) 100vw, 200px\" \/><\/a><p id=\"caption-attachment-2456\" class=\"wp-caption-text\">Mitmachaktion beim Drechsler<\/p><\/div>\n<p>&nbsp;<\/p>\n<p>&nbsp;<\/p>\n<p>&nbsp;<\/p>\n<p>&nbsp;<\/p>\n<p>&nbsp;<\/p>\n<p>Weder die G\u00e4ste noch die &#8222;<em>eisernen Menzer<\/em>&#8220; st\u00f6rten sich am Markttag des 21. Waldfestes in Menz an dem nachmitt\u00e4glichen Gewitterguss. Der Eine oder Andere hatte ohnehin schon beim IronMenz Roofenseewasser gekostet.<\/p>\n<p>Trotz angek\u00fcndigten und in Erf\u00fcllung gegangenen Regens war der Friedensplatz wieder gut besucht und konnte mit der gewohnten Vielfalt an Handwerksst\u00e4nden, leckeren Speisen und Bespa\u00dfungen f\u00fcr die ganze Familie (fast) jeden Wunsch erf\u00fcllen.<\/p>\n<p>Ein hei\u00dfes Schmiedefeuer loderte direkt neben der fu\u00dfbetriebenen Wippdrehbank des Drechslers und dem Kletterbaum, dessen herabh\u00e4ngende Seile st\u00e4ndig mit Kindern best\u00fcckt waren. Die Raubv\u00f6gel des Falkners und dicke Holzkl\u00f6tze vom Wettbewerb der Stammweitwerfer flogen durch die Luft. Die gut besuchte B\u00fchne wurde betanzt, beblasen und bespielt.<\/p>\n<p>Eine Besucherin bemerkte allerdings w\u00e4hrend der Wanderung der Naturwacht am 3. Tag, \u201e<em>leider immer noch keine komplett veganen Speisen<\/em>\u201c angeboten bekommen zu haben. \u201e<em>Vielleicht im n\u00e4chsten Jahr?<\/em>\u201c\u2026vertr\u00f6stete uns die Organisatorin des <em>Veganz-Trucks<\/em> aus Berlin. Schlie\u00dflich wollen wir auch immer was Neues auf dem Platz haben!<\/p>\n<p>So war dieses 21. Waldfest wieder einmal mit gut 1<em>.<\/em>600 Besuchern \u201e<em>ein Riesending<\/em>\u201c (O-Ton B\u00fcrgermeister Wolfgang Kielblock zu Er\u00f6ffnung)!<\/p>\n<div id=\"attachment_2458\" style=\"width: 210px\" class=\"wp-caption alignleft\"><a href=\"https:\/\/www.naturparkmagazin.de\/stechlin\/wp-content\/uploads\/sites\/38\/Falkner.jpg\"><img aria-describedby=\"caption-attachment-2458\" decoding=\"async\" loading=\"lazy\" class=\"size-full wp-image-2458\" src=\"https:\/\/www.naturparkmagazin.de\/stechlin\/wp-content\/uploads\/sites\/38\/Falkner.jpg\" alt=\"Falkner Marko Loerke\" width=\"200\" height=\"266\" srcset=\"https:\/\/www.naturparkmagazin.de\/stechlin\/wp-content\/uploads\/sites\/38\/Falkner.jpg 200w, https:\/\/www.naturparkmagazin.de\/stechlin\/wp-content\/uploads\/sites\/38\/Falkner-135x180.jpg 135w, https:\/\/www.naturparkmagazin.de\/stechlin\/wp-content\/uploads\/sites\/38\/Falkner-53x71.jpg 53w\" sizes=\"(max-width: 200px) 100vw, 200px\" \/><\/a><p id=\"caption-attachment-2458\" class=\"wp-caption-text\">Falkner Marko Loerke<\/p><\/div>\n","protected":false},"excerpt":{"rendered":"<p>Am letzten Juniwochenende feierten die Menzer und ihre G\u00e4ste gemeinsam das 21. Waldfest.<\/p>\n","protected":false},"author":39,"featured_media":2457,"comment_status":"open","ping_status":"open","sticky":false,"template":"","format":"standard","meta":[],"categories":[7],"tags":[],"yoast_head":"<!-- This site is optimized with the Yoast SEO plugin v19.10 - https:\/\/yoast.com\/wordpress\/plugins\/seo\/ -->\n<title>Wasserscheu war keiner! Impressionen vom Menzer Waldfest 2015 - Naturpark Stechlin-Ruppiner Land<\/title>\n<meta name=\"robots\" content=\"index, follow, max-snippet:-1, max-image-preview:large, max-video-preview:-1\" \/>\n<link rel=\"canonical\" href=\"https:\/\/www.naturparkmagazin.de\/stechlin\/wasserscheu-war-keiner\/\" \/>\n<meta property=\"og:locale\" content=\"de_DE\" \/>\n<meta property=\"og:type\" content=\"article\" \/>\n<meta property=\"og:title\" content=\"Wasserscheu war keiner! Impressionen vom Menzer Waldfest 2015 - Naturpark Stechlin-Ruppiner Land\" \/>\n<meta property=\"og:description\" content=\"Am letzten Juniwochenende feierten die Menzer und ihre G\u00e4ste gemeinsam das 21. Waldfest.\" \/>\n<meta property=\"og:url\" content=\"https:\/\/www.naturparkmagazin.de\/stechlin\/wasserscheu-war-keiner\/\" \/>\n<meta property=\"og:site_name\" content=\"Naturpark Stechlin-Ruppiner Land\" \/>\n<meta property=\"article:published_time\" content=\"2015-07-22T07:30:28+00:00\" \/>\n<meta property=\"article:modified_time\" content=\"2025-01-24T09:08:20+00:00\" \/>\n<meta property=\"og:image\" content=\"https:\/\/www.naturparkmagazin.de\/stechlin\/wp-content\/uploads\/sites\/38\/Schmied.jpg\" \/>\n\t<meta property=\"og:image:width\" content=\"200\" \/>\n\t<meta property=\"og:image:height\" content=\"150\" \/>\n\t<meta property=\"og:image:type\" content=\"image\/jpeg\" \/>\n<meta name=\"author\" content=\"marioschrumpf\" \/>\n<meta name=\"twitter:label1\" content=\"Verfasst von\" \/>\n\t<meta name=\"twitter:data1\" content=\"marioschrumpf\" \/>\n\t<meta name=\"twitter:label2\" content=\"Gesch\u00e4tzte Lesezeit\" \/>\n\t<meta name=\"twitter:data2\" content=\"2\u00a0Minuten\" \/>\n<script type=\"application\/ld+json\" class=\"yoast-schema-graph\">{\"@context\":\"https:\/\/schema.org\",\"@graph\":[{\"@type\":\"WebPage\",\"@id\":\"https:\/\/www.naturparkmagazin.de\/stechlin\/wasserscheu-war-keiner\/\",\"url\":\"https:\/\/www.naturparkmagazin.de\/stechlin\/wasserscheu-war-keiner\/\",\"name\":\"Wasserscheu war keiner! Impressionen vom Menzer Waldfest 2015 - Naturpark Stechlin-Ruppiner Land\",\"isPartOf\":{\"@id\":\"https:\/\/www.naturparkmagazin.de\/stechlin\/#website\"},\"datePublished\":\"2015-07-22T07:30:28+00:00\",\"dateModified\":\"2025-01-24T09:08:20+00:00\",\"author\":{\"@id\":\"https:\/\/www.naturparkmagazin.de\/stechlin\/#\/schema\/person\/3f0d93203df21c806dd63c76d9bb28bc\"},\"breadcrumb\":{\"@id\":\"https:\/\/www.naturparkmagazin.de\/stechlin\/wasserscheu-war-keiner\/#breadcrumb\"},\"inLanguage\":\"de\",\"potentialAction\":[{\"@type\":\"ReadAction\",\"target\":[\"https:\/\/www.naturparkmagazin.de\/stechlin\/wasserscheu-war-keiner\/\"]}]},{\"@type\":\"BreadcrumbList\",\"@id\":\"https:\/\/www.naturparkmagazin.de\/stechlin\/wasserscheu-war-keiner\/#breadcrumb\",\"itemListElement\":[{\"@type\":\"ListItem\",\"position\":1,\"name\":\"Home\",\"item\":\"https:\/\/www.naturparkmagazin.de\/stechlin\/\"},{\"@type\":\"ListItem\",\"position\":2,\"name\":\"Wasserscheu war keiner! Impressionen vom Menzer Waldfest 2015\"}]},{\"@type\":\"WebSite\",\"@id\":\"https:\/\/www.naturparkmagazin.de\/stechlin\/#website\",\"url\":\"https:\/\/www.naturparkmagazin.de\/stechlin\/\",\"name\":\"Naturpark Stechlin-Ruppiner Land\",\"description\":\"\",\"potentialAction\":[{\"@type\":\"SearchAction\",\"target\":{\"@type\":\"EntryPoint\",\"urlTemplate\":\"https:\/\/www.naturparkmagazin.de\/stechlin\/?s={search_term_string}\"},\"query-input\":\"required name=search_term_string\"}],\"inLanguage\":\"de\"},{\"@type\":\"Person\",\"@id\":\"https:\/\/www.naturparkmagazin.de\/stechlin\/#\/schema\/person\/3f0d93203df21c806dd63c76d9bb28bc\",\"name\":\"marioschrumpf\",\"url\":\"https:\/\/www.naturparkmagazin.de\/stechlin\/author\/marioschrumpf\/\"}]}<\/script>\n<!-- \/ Yoast SEO plugin. -->","yoast_head_json":{"title":"Wasserscheu war keiner! Impressionen vom Menzer Waldfest 2015 - Naturpark Stechlin-Ruppiner Land","robots":{"index":"index","follow":"follow","max-snippet":"max-snippet:-1","max-image-preview":"max-image-preview:large","max-video-preview":"max-video-preview:-1"},"canonical":"https:\/\/www.naturparkmagazin.de\/stechlin\/wasserscheu-war-keiner\/","og_locale":"de_DE","og_type":"article","og_title":"Wasserscheu war keiner! Impressionen vom Menzer Waldfest 2015 - Naturpark Stechlin-Ruppiner Land","og_description":"Am letzten Juniwochenende feierten die Menzer und ihre G\u00e4ste gemeinsam das 21. Waldfest.","og_url":"https:\/\/www.naturparkmagazin.de\/stechlin\/wasserscheu-war-keiner\/","og_site_name":"Naturpark Stechlin-Ruppiner Land","article_published_time":"2015-07-22T07:30:28+00:00","article_modified_time":"2025-01-24T09:08:20+00:00","og_image":[{"width":200,"height":150,"url":"https:\/\/www.naturparkmagazin.de\/stechlin\/wp-content\/uploads\/sites\/38\/Schmied.jpg","type":"image\/jpeg"}],"author":"marioschrumpf","twitter_misc":{"Verfasst von":"marioschrumpf","Gesch\u00e4tzte Lesezeit":"2\u00a0Minuten"},"schema":{"@context":"https:\/\/schema.org","@graph":[{"@type":"WebPage","@id":"https:\/\/www.naturparkmagazin.de\/stechlin\/wasserscheu-war-keiner\/","url":"https:\/\/www.naturparkmagazin.de\/stechlin\/wasserscheu-war-keiner\/","name":"Wasserscheu war keiner! Impressionen vom Menzer Waldfest 2015 - Naturpark Stechlin-Ruppiner Land","isPartOf":{"@id":"https:\/\/www.naturparkmagazin.de\/stechlin\/#website"},"datePublished":"2015-07-22T07:30:28+00:00","dateModified":"2025-01-24T09:08:20+00:00","author":{"@id":"https:\/\/www.naturparkmagazin.de\/stechlin\/#\/schema\/person\/3f0d93203df21c806dd63c76d9bb28bc"},"breadcrumb":{"@id":"https:\/\/www.naturparkmagazin.de\/stechlin\/wasserscheu-war-keiner\/#breadcrumb"},"inLanguage":"de","potentialAction":[{"@type":"ReadAction","target":["https:\/\/www.naturparkmagazin.de\/stechlin\/wasserscheu-war-keiner\/"]}]},{"@type":"BreadcrumbList","@id":"https:\/\/www.naturparkmagazin.de\/stechlin\/wasserscheu-war-keiner\/#breadcrumb","itemListElement":[{"@type":"ListItem","position":1,"name":"Home","item":"https:\/\/www.naturparkmagazin.de\/stechlin\/"},{"@type":"ListItem","position":2,"name":"Wasserscheu war keiner! Impressionen vom Menzer Waldfest 2015"}]},{"@type":"WebSite","@id":"https:\/\/www.naturparkmagazin.de\/stechlin\/#website","url":"https:\/\/www.naturparkmagazin.de\/stechlin\/","name":"Naturpark Stechlin-Ruppiner Land","description":"","potentialAction":[{"@type":"SearchAction","target":{"@type":"EntryPoint","urlTemplate":"https:\/\/www.naturparkmagazin.de\/stechlin\/?s={search_term_string}"},"query-input":"required name=search_term_string"}],"inLanguage":"de"},{"@type":"Person","@id":"https:\/\/www.naturparkmagazin.de\/stechlin\/#\/schema\/person\/3f0d93203df21c806dd63c76d9bb28bc","name":"marioschrumpf","url":"https:\/\/www.naturparkmagazin.de\/stechlin\/author\/marioschrumpf\/"}]}},"_links":{"self":[{"href":"https:\/\/www.naturparkmagazin.de\/stechlin\/wp-json\/wp\/v2\/posts\/2455"}],"collection":[{"href":"https:\/\/www.naturparkmagazin.de\/stechlin\/wp-json\/wp\/v2\/posts"}],"about":[{"href":"https:\/\/www.naturparkmagazin.de\/stechlin\/wp-json\/wp\/v2\/types\/post"}],"author":[{"embeddable":true,"href":"https:\/\/www.naturparkmagazin.de\/stechlin\/wp-json\/wp\/v2\/users\/39"}],"replies":[{"embeddable":true,"href":"https:\/\/www.naturparkmagazin.de\/stechlin\/wp-json\/wp\/v2\/comments?post=2455"}],"version-history":[{"count":6,"href":"https:\/\/www.naturparkmagazin.de\/stechlin\/wp-json\/wp\/v2\/posts\/2455\/revisions"}],"predecessor-version":[{"id":16589,"href":"https:\/\/www.naturparkmagazin.de\/stechlin\/wp-json\/wp\/v2\/posts\/2455\/revisions\/16589"}],"wp:featuredmedia":[{"embeddable":true,"href":"https:\/\/www.naturparkmagazin.de\/stechlin\/wp-json\/wp\/v2\/media\/2457"}],"wp:attachment":[{"href":"https:\/\/www.naturparkmagazin.de\/stechlin\/wp-json\/wp\/v2\/media?parent=2455"}],"wp:term":[{"taxonomy":"category","embeddable":true,"href":"https:\/\/www.naturparkmagazin.de\/stechlin\/wp-json\/wp\/v2\/categories?post=2455"},{"taxonomy":"post_tag","embeddable":true,"href":"https:\/\/www.naturparkmagazin.de\/stechlin\/wp-json\/wp\/v2\/tags?post=2455"}],"curies":[{"name":"wp","href":"https:\/\/api.w.org\/{rel}","templated":true}]}}