{"id":2473,"date":"2016-07-18T20:00:34","date_gmt":"2016-07-18T18:00:34","guid":{"rendered":"http:\/\/www.naturparkmagazin.de\/stechlin\/?p=2473"},"modified":"2016-07-26T13:22:31","modified_gmt":"2016-07-26T11:22:31","slug":"mit-allen-sinnen-geniessen-oel-und-essig-selbstgemacht","status":"publish","type":"post","link":"https:\/\/www.naturparkmagazin.de\/stechlin\/mit-allen-sinnen-geniessen-oel-und-essig-selbstgemacht\/","title":{"rendered":"Mit allen Sinnen genie\u00dfen &#8211; \u00d6l und Essig selbstgemacht"},"content":{"rendered":"<div id=\"attachment_60\" style=\"width: 310px\" class=\"wp-caption alignleft\"><a href=\"https:\/\/www.naturparkmagazin.de\/stechlin\/wp-content\/uploads\/sites\/38\/k-Kr\u00e4uterf\u00fchrung-e1436786616188.jpg\"><img aria-describedby=\"caption-attachment-60\" decoding=\"async\" loading=\"lazy\" class=\"wp-image-60 size-thumbnail\" src=\"https:\/\/www.naturparkmagazin.de\/stechlin\/wp-content\/uploads\/sites\/38\/k-Kr\u00e4uterf\u00fchrung-e1436786616188-300x168.jpg\" alt=\"Kr\u00e4uterf\u00fchrung\" width=\"300\" height=\"168\" srcset=\"https:\/\/www.naturparkmagazin.de\/stechlin\/wp-content\/uploads\/sites\/38\/k-Kr\u00e4uterf\u00fchrung-e1436786616188-300x168.jpg 300w, https:\/\/www.naturparkmagazin.de\/stechlin\/wp-content\/uploads\/sites\/38\/k-Kr\u00e4uterf\u00fchrung-e1436786616188-620x347.jpg 620w, https:\/\/www.naturparkmagazin.de\/stechlin\/wp-content\/uploads\/sites\/38\/k-Kr\u00e4uterf\u00fchrung-e1436786616188-670x375.jpg 670w, https:\/\/www.naturparkmagazin.de\/stechlin\/wp-content\/uploads\/sites\/38\/k-Kr\u00e4uterf\u00fchrung-e1436786616188-200x112.jpg 200w, https:\/\/www.naturparkmagazin.de\/stechlin\/wp-content\/uploads\/sites\/38\/k-Kr\u00e4uterf\u00fchrung-e1436786616188.jpg 803w\" sizes=\"(max-width: 300px) 100vw, 300px\" \/><\/a><p id=\"caption-attachment-60\" class=\"wp-caption-text\">Frisch geerntete Kr\u00e4uter aus dem Sinnesgarten werden gemeinsam verarbeitet.<\/p><\/div>\n<p>&nbsp;<\/p>\n<p>&nbsp;<\/p>\n<p>&nbsp;<\/p>\n<p>&nbsp;<\/p>\n<p>&nbsp;<\/p>\n<p>&nbsp;<\/p>\n<p>Gemeinsam wollen wir\u00a0Kr\u00e4uter\u00f6l und -essig mit frischen Kr\u00e4utern aus dem Sinnesgarten am NaturParkHaus Stechlin in Menz herstellen. Eine Einf\u00fchrung in die Kr\u00e4uterkunde bekommen wir vorab bei der F\u00fchrung durch den Sinnesgarten.<\/p>\n<p>&nbsp;<\/p>\n<p><strong>Treff:<\/strong> 3. August, 11 Uhr, NaturParkHaus Stechlin in Menz<\/p>\n<p><strong>Dauer:<\/strong> ca. 3 Stunden<\/p>\n<p><strong>Kosten:<\/strong> Materialkosten \u00d6l und Essig, Kr\u00e4uterf\u00fchrung 1 \u20ac pro Person<\/p>\n<p><strong>Leitung:<\/strong> NaturParkHaus Stechlin, Tel.: 033082\/51210<\/p>\n<p>Eine analoge Veranstaltung findet am 17. August, 11 Uhr\u00a0statt.<\/p>\n","protected":false},"excerpt":{"rendered":"<p>Am 3. August wollen wir gemeinsam Kr\u00e4uter\u00f6l und -essig mit frischen Kr\u00e4utern aus dem Sinnesgarten am NaturParkHaus Stechlin in Menz herstellen. <\/p>\n","protected":false},"author":39,"featured_media":1410,"comment_status":"open","ping_status":"open","sticky":false,"template":"","format":"standard","meta":[],"categories":[11],"tags":[],"yoast_head":"<!-- This site is optimized with the Yoast SEO plugin v19.10 - https:\/\/yoast.com\/wordpress\/plugins\/seo\/ -->\n<title>Mit allen Sinnen genie\u00dfen - \u00d6l und Essig selbstgemacht - Naturpark Stechlin-Ruppiner Land<\/title>\n<meta name=\"robots\" content=\"index, follow, max-snippet:-1, max-image-preview:large, max-video-preview:-1\" \/>\n<link rel=\"canonical\" href=\"https:\/\/www.naturparkmagazin.de\/stechlin\/mit-allen-sinnen-geniessen-oel-und-essig-selbstgemacht\/\" \/>\n<meta property=\"og:locale\" content=\"de_DE\" \/>\n<meta property=\"og:type\" content=\"article\" \/>\n<meta property=\"og:title\" content=\"Mit allen Sinnen genie\u00dfen - \u00d6l und Essig selbstgemacht - Naturpark Stechlin-Ruppiner Land\" \/>\n<meta property=\"og:description\" content=\"Am 3. August wollen wir gemeinsam Kr\u00e4uter\u00f6l und -essig mit frischen Kr\u00e4utern aus dem Sinnesgarten am NaturParkHaus Stechlin in Menz herstellen.\" \/>\n<meta property=\"og:url\" content=\"https:\/\/www.naturparkmagazin.de\/stechlin\/mit-allen-sinnen-geniessen-oel-und-essig-selbstgemacht\/\" \/>\n<meta property=\"og:site_name\" content=\"Naturpark Stechlin-Ruppiner Land\" \/>\n<meta property=\"article:published_time\" content=\"2016-07-18T18:00:34+00:00\" \/>\n<meta property=\"article:modified_time\" content=\"2016-07-26T11:22:31+00:00\" \/>\n<meta property=\"og:image\" content=\"https:\/\/www.naturparkmagazin.de\/stechlin\/wp-content\/uploads\/sites\/38\/Rollstuhl-im-Sinnesgarten.jpg\" \/>\n\t<meta property=\"og:image:width\" content=\"1616\" \/>\n\t<meta property=\"og:image:height\" content=\"1072\" \/>\n\t<meta property=\"og:image:type\" content=\"image\/jpeg\" \/>\n<meta name=\"author\" content=\"marioschrumpf\" \/>\n<meta name=\"twitter:label1\" content=\"Verfasst von\" \/>\n\t<meta name=\"twitter:data1\" content=\"marioschrumpf\" \/>\n<script type=\"application\/ld+json\" class=\"yoast-schema-graph\">{\"@context\":\"https:\/\/schema.org\",\"@graph\":[{\"@type\":\"WebPage\",\"@id\":\"https:\/\/www.naturparkmagazin.de\/stechlin\/mit-allen-sinnen-geniessen-oel-und-essig-selbstgemacht\/\",\"url\":\"https:\/\/www.naturparkmagazin.de\/stechlin\/mit-allen-sinnen-geniessen-oel-und-essig-selbstgemacht\/\",\"name\":\"Mit allen Sinnen genie\u00dfen - \u00d6l und Essig selbstgemacht - Naturpark Stechlin-Ruppiner Land\",\"isPartOf\":{\"@id\":\"https:\/\/www.naturparkmagazin.de\/stechlin\/#website\"},\"datePublished\":\"2016-07-18T18:00:34+00:00\",\"dateModified\":\"2016-07-26T11:22:31+00:00\",\"author\":{\"@id\":\"https:\/\/www.naturparkmagazin.de\/stechlin\/#\/schema\/person\/3f0d93203df21c806dd63c76d9bb28bc\"},\"breadcrumb\":{\"@id\":\"https:\/\/www.naturparkmagazin.de\/stechlin\/mit-allen-sinnen-geniessen-oel-und-essig-selbstgemacht\/#breadcrumb\"},\"inLanguage\":\"de\",\"potentialAction\":[{\"@type\":\"ReadAction\",\"target\":[\"https:\/\/www.naturparkmagazin.de\/stechlin\/mit-allen-sinnen-geniessen-oel-und-essig-selbstgemacht\/\"]}]},{\"@type\":\"BreadcrumbList\",\"@id\":\"https:\/\/www.naturparkmagazin.de\/stechlin\/mit-allen-sinnen-geniessen-oel-und-essig-selbstgemacht\/#breadcrumb\",\"itemListElement\":[{\"@type\":\"ListItem\",\"position\":1,\"name\":\"Home\",\"item\":\"https:\/\/www.naturparkmagazin.de\/stechlin\/\"},{\"@type\":\"ListItem\",\"position\":2,\"name\":\"Mit allen Sinnen genie\u00dfen &#8211; \u00d6l und Essig selbstgemacht\"}]},{\"@type\":\"WebSite\",\"@id\":\"https:\/\/www.naturparkmagazin.de\/stechlin\/#website\",\"url\":\"https:\/\/www.naturparkmagazin.de\/stechlin\/\",\"name\":\"Naturpark Stechlin-Ruppiner Land\",\"description\":\"\",\"potentialAction\":[{\"@type\":\"SearchAction\",\"target\":{\"@type\":\"EntryPoint\",\"urlTemplate\":\"https:\/\/www.naturparkmagazin.de\/stechlin\/?s={search_term_string}\"},\"query-input\":\"required name=search_term_string\"}],\"inLanguage\":\"de\"},{\"@type\":\"Person\",\"@id\":\"https:\/\/www.naturparkmagazin.de\/stechlin\/#\/schema\/person\/3f0d93203df21c806dd63c76d9bb28bc\",\"name\":\"marioschrumpf\",\"url\":\"https:\/\/www.naturparkmagazin.de\/stechlin\/author\/marioschrumpf\/\"}]}<\/script>\n<!-- \/ Yoast SEO plugin. -->","yoast_head_json":{"title":"Mit allen Sinnen genie\u00dfen - \u00d6l und Essig selbstgemacht - Naturpark Stechlin-Ruppiner Land","robots":{"index":"index","follow":"follow","max-snippet":"max-snippet:-1","max-image-preview":"max-image-preview:large","max-video-preview":"max-video-preview:-1"},"canonical":"https:\/\/www.naturparkmagazin.de\/stechlin\/mit-allen-sinnen-geniessen-oel-und-essig-selbstgemacht\/","og_locale":"de_DE","og_type":"article","og_title":"Mit allen Sinnen genie\u00dfen - \u00d6l und Essig selbstgemacht - Naturpark Stechlin-Ruppiner Land","og_description":"Am 3. August wollen wir gemeinsam Kr\u00e4uter\u00f6l und -essig mit frischen Kr\u00e4utern aus dem Sinnesgarten am NaturParkHaus Stechlin in Menz herstellen.","og_url":"https:\/\/www.naturparkmagazin.de\/stechlin\/mit-allen-sinnen-geniessen-oel-und-essig-selbstgemacht\/","og_site_name":"Naturpark Stechlin-Ruppiner Land","article_published_time":"2016-07-18T18:00:34+00:00","article_modified_time":"2016-07-26T11:22:31+00:00","og_image":[{"width":1616,"height":1072,"url":"https:\/\/www.naturparkmagazin.de\/stechlin\/wp-content\/uploads\/sites\/38\/Rollstuhl-im-Sinnesgarten.jpg","type":"image\/jpeg"}],"author":"marioschrumpf","twitter_misc":{"Verfasst von":"marioschrumpf"},"schema":{"@context":"https:\/\/schema.org","@graph":[{"@type":"WebPage","@id":"https:\/\/www.naturparkmagazin.de\/stechlin\/mit-allen-sinnen-geniessen-oel-und-essig-selbstgemacht\/","url":"https:\/\/www.naturparkmagazin.de\/stechlin\/mit-allen-sinnen-geniessen-oel-und-essig-selbstgemacht\/","name":"Mit allen Sinnen genie\u00dfen - \u00d6l und Essig selbstgemacht - Naturpark Stechlin-Ruppiner Land","isPartOf":{"@id":"https:\/\/www.naturparkmagazin.de\/stechlin\/#website"},"datePublished":"2016-07-18T18:00:34+00:00","dateModified":"2016-07-26T11:22:31+00:00","author":{"@id":"https:\/\/www.naturparkmagazin.de\/stechlin\/#\/schema\/person\/3f0d93203df21c806dd63c76d9bb28bc"},"breadcrumb":{"@id":"https:\/\/www.naturparkmagazin.de\/stechlin\/mit-allen-sinnen-geniessen-oel-und-essig-selbstgemacht\/#breadcrumb"},"inLanguage":"de","potentialAction":[{"@type":"ReadAction","target":["https:\/\/www.naturparkmagazin.de\/stechlin\/mit-allen-sinnen-geniessen-oel-und-essig-selbstgemacht\/"]}]},{"@type":"BreadcrumbList","@id":"https:\/\/www.naturparkmagazin.de\/stechlin\/mit-allen-sinnen-geniessen-oel-und-essig-selbstgemacht\/#breadcrumb","itemListElement":[{"@type":"ListItem","position":1,"name":"Home","item":"https:\/\/www.naturparkmagazin.de\/stechlin\/"},{"@type":"ListItem","position":2,"name":"Mit allen Sinnen genie\u00dfen &#8211; \u00d6l und Essig selbstgemacht"}]},{"@type":"WebSite","@id":"https:\/\/www.naturparkmagazin.de\/stechlin\/#website","url":"https:\/\/www.naturparkmagazin.de\/stechlin\/","name":"Naturpark Stechlin-Ruppiner Land","description":"","potentialAction":[{"@type":"SearchAction","target":{"@type":"EntryPoint","urlTemplate":"https:\/\/www.naturparkmagazin.de\/stechlin\/?s={search_term_string}"},"query-input":"required name=search_term_string"}],"inLanguage":"de"},{"@type":"Person","@id":"https:\/\/www.naturparkmagazin.de\/stechlin\/#\/schema\/person\/3f0d93203df21c806dd63c76d9bb28bc","name":"marioschrumpf","url":"https:\/\/www.naturparkmagazin.de\/stechlin\/author\/marioschrumpf\/"}]}},"_links":{"self":[{"href":"https:\/\/www.naturparkmagazin.de\/stechlin\/wp-json\/wp\/v2\/posts\/2473"}],"collection":[{"href":"https:\/\/www.naturparkmagazin.de\/stechlin\/wp-json\/wp\/v2\/posts"}],"about":[{"href":"https:\/\/www.naturparkmagazin.de\/stechlin\/wp-json\/wp\/v2\/types\/post"}],"author":[{"embeddable":true,"href":"https:\/\/www.naturparkmagazin.de\/stechlin\/wp-json\/wp\/v2\/users\/39"}],"replies":[{"embeddable":true,"href":"https:\/\/www.naturparkmagazin.de\/stechlin\/wp-json\/wp\/v2\/comments?post=2473"}],"version-history":[{"count":11,"href":"https:\/\/www.naturparkmagazin.de\/stechlin\/wp-json\/wp\/v2\/posts\/2473\/revisions"}],"predecessor-version":[{"id":4359,"href":"https:\/\/www.naturparkmagazin.de\/stechlin\/wp-json\/wp\/v2\/posts\/2473\/revisions\/4359"}],"wp:featuredmedia":[{"embeddable":true,"href":"https:\/\/www.naturparkmagazin.de\/stechlin\/wp-json\/wp\/v2\/media\/1410"}],"wp:attachment":[{"href":"https:\/\/www.naturparkmagazin.de\/stechlin\/wp-json\/wp\/v2\/media?parent=2473"}],"wp:term":[{"taxonomy":"category","embeddable":true,"href":"https:\/\/www.naturparkmagazin.de\/stechlin\/wp-json\/wp\/v2\/categories?post=2473"},{"taxonomy":"post_tag","embeddable":true,"href":"https:\/\/www.naturparkmagazin.de\/stechlin\/wp-json\/wp\/v2\/tags?post=2473"}],"curies":[{"name":"wp","href":"https:\/\/api.w.org\/{rel}","templated":true}]}}