{"id":2476,"date":"2016-07-18T12:20:42","date_gmt":"2016-07-18T10:20:42","guid":{"rendered":"http:\/\/www.naturparkmagazin.de\/stechlin\/?p=2476"},"modified":"2016-07-26T13:23:57","modified_gmt":"2016-07-26T11:23:57","slug":"lange-nacht-der-naturwacht-zu-besuch-im-maerchenland","status":"publish","type":"post","link":"https:\/\/www.naturparkmagazin.de\/stechlin\/lange-nacht-der-naturwacht-zu-besuch-im-maerchenland\/","title":{"rendered":"Lange Nacht der Naturwacht &#8211; Zu Besuch im M\u00e4rchenland"},"content":{"rendered":"<p><a href=\"https:\/\/www.naturparkmagazin.de\/stechlin\/wp-content\/uploads\/sites\/38\/Lange-NW-Nacht-20161.jpg\"><img decoding=\"async\" loading=\"lazy\" class=\"alignleft size-thumbnail wp-image-4187\" src=\"https:\/\/www.naturparkmagazin.de\/stechlin\/wp-content\/uploads\/sites\/38\/Lange-NW-Nacht-20161-300x180.jpg\" alt=\"NP SRL\/Naturwacht\" width=\"300\" height=\"180\" srcset=\"https:\/\/www.naturparkmagazin.de\/stechlin\/wp-content\/uploads\/sites\/38\/Lange-NW-Nacht-20161-300x180.jpg 300w, https:\/\/www.naturparkmagazin.de\/stechlin\/wp-content\/uploads\/sites\/38\/Lange-NW-Nacht-20161.jpg 500w, https:\/\/www.naturparkmagazin.de\/stechlin\/wp-content\/uploads\/sites\/38\/Lange-NW-Nacht-20161-200x120.jpg 200w\" sizes=\"(max-width: 300px) 100vw, 300px\" \/><\/a><\/p>\n<p>&nbsp;<\/p>\n<p>&nbsp;<\/p>\n<p>&nbsp;<\/p>\n<p>&nbsp;<\/p>\n<p>&#8222;<em>Kreuzspinne und Kreuzschnabel&#8230;<\/em>&#8220; wer kennt ihn nicht, den erbosten Ausruf von Herrn Fuchs, wenn er sich mal wieder \u00fcber Frau Elster ge\u00e4rgert hat? Zu einer &#8222;<em>zauberhaften<\/em>&#8220; Reise an Pl\u00e4tze, an denen sich einige unserer M\u00e4rchen zugetragen haben k\u00f6nnten, laden wir Sie ein. Welche Rolle spielt die Natur in unseren M\u00e4rchen? Wie w\u00fcrde sich ein modernes &#8222;<em>Naturm\u00e4rchen<\/em>&#8220; wohl anh\u00f6ren?<\/p>\n<p><strong>Treff: <\/strong>Gr. Barschsee an der Stra\u00dfe zwischen Menz und Rheinsberg, Abfahrt am Schild &#8222;<em>Von Moor zu Moor<\/em>&#8220; aus Richtung Rheinsberg ca. 1,5 km vor Menz rechts, aus Richtung Menz kommend ca. 1,5 km hinter Menz links am &#8222;<em>Krummen Damm<\/em>&#8220;<\/p>\n<p><strong>Termin:<\/strong> 19. August 2016<\/p>\n<p><strong>Dauer:<\/strong> 19 &#8211;\u00a022 Uhr<\/p>\n<p><strong>Anmeldung:<\/strong> bis 18.8.<\/p>\n<p><strong>Mindestteilnehmerzahl:<\/strong>\u00a07 Personen<\/p>\n<p><strong>Leitung:<\/strong> Naturwacht Stechlin-Ruppiner Land, Tel.: 033082\/50214, 0170\/7926947<\/p>\n<p><strong>Da es \u00fcber Stock und Stein geht, bitte an festes Schuhwerk denken!<\/strong><\/p>\n<p><a href=\"https:\/\/www.naturparkmagazin.de\/stechlin\/wp-content\/uploads\/sites\/38\/Licht3.jpg\">\u00a0<\/a><\/p>\n","protected":false},"excerpt":{"rendered":"<p>&#8222;Kreuzspinne und Kreuzschnabel&#8220; &#8230;wer kennt ihn nicht, den erbosten Ausruf von Herrn Fuchs, wenn er sich mal wieder \u00fcber Frau Elster ge\u00e4rgert hat? Zu einer &#8222;zauberhaften&#8220; Reise an Pl\u00e4tze, an denen sich einige unserer M\u00e4rchen zugetragen haben k\u00f6nnten, laden wir Sie am 19. August ein.<\/p>\n","protected":false},"author":39,"featured_media":4186,"comment_status":"open","ping_status":"open","sticky":false,"template":"","format":"standard","meta":[],"categories":[11],"tags":[],"yoast_head":"<!-- This site is optimized with the Yoast SEO plugin v19.10 - https:\/\/yoast.com\/wordpress\/plugins\/seo\/ -->\n<title>Lange Nacht der Naturwacht - Zu Besuch im M\u00e4rchenland - Naturpark Stechlin-Ruppiner Land<\/title>\n<meta name=\"robots\" content=\"index, follow, max-snippet:-1, max-image-preview:large, max-video-preview:-1\" \/>\n<link rel=\"canonical\" href=\"https:\/\/www.naturparkmagazin.de\/stechlin\/lange-nacht-der-naturwacht-zu-besuch-im-maerchenland\/\" \/>\n<meta property=\"og:locale\" content=\"de_DE\" \/>\n<meta property=\"og:type\" content=\"article\" \/>\n<meta property=\"og:title\" content=\"Lange Nacht der Naturwacht - Zu Besuch im M\u00e4rchenland - Naturpark Stechlin-Ruppiner Land\" \/>\n<meta property=\"og:description\" content=\"&quot;Kreuzspinne und Kreuzschnabel&quot; ...wer kennt ihn nicht, den erbosten Ausruf von Herrn Fuchs, wenn er sich mal wieder \u00fcber Frau Elster ge\u00e4rgert hat? Zu einer &quot;zauberhaften&quot; Reise an Pl\u00e4tze, an denen sich einige unserer M\u00e4rchen zugetragen haben k\u00f6nnten, laden wir Sie am 19. August ein.\" \/>\n<meta property=\"og:url\" content=\"https:\/\/www.naturparkmagazin.de\/stechlin\/lange-nacht-der-naturwacht-zu-besuch-im-maerchenland\/\" \/>\n<meta property=\"og:site_name\" content=\"Naturpark Stechlin-Ruppiner Land\" \/>\n<meta property=\"article:published_time\" content=\"2016-07-18T10:20:42+00:00\" \/>\n<meta property=\"article:modified_time\" content=\"2016-07-26T11:23:57+00:00\" \/>\n<meta property=\"og:image\" content=\"https:\/\/www.naturparkmagazin.de\/stechlin\/wp-content\/uploads\/sites\/38\/Lange-NW-Nacht-2016.jpg\" \/>\n\t<meta property=\"og:image:width\" content=\"200\" \/>\n\t<meta property=\"og:image:height\" content=\"200\" \/>\n\t<meta property=\"og:image:type\" content=\"image\/jpeg\" \/>\n<meta name=\"author\" content=\"marioschrumpf\" \/>\n<meta name=\"twitter:label1\" content=\"Verfasst von\" \/>\n\t<meta name=\"twitter:data1\" content=\"marioschrumpf\" \/>\n\t<meta name=\"twitter:label2\" content=\"Gesch\u00e4tzte Lesezeit\" \/>\n\t<meta name=\"twitter:data2\" content=\"1\u00a0Minute\" \/>\n<script type=\"application\/ld+json\" class=\"yoast-schema-graph\">{\"@context\":\"https:\/\/schema.org\",\"@graph\":[{\"@type\":\"WebPage\",\"@id\":\"https:\/\/www.naturparkmagazin.de\/stechlin\/lange-nacht-der-naturwacht-zu-besuch-im-maerchenland\/\",\"url\":\"https:\/\/www.naturparkmagazin.de\/stechlin\/lange-nacht-der-naturwacht-zu-besuch-im-maerchenland\/\",\"name\":\"Lange Nacht der Naturwacht - Zu Besuch im M\u00e4rchenland - Naturpark Stechlin-Ruppiner Land\",\"isPartOf\":{\"@id\":\"https:\/\/www.naturparkmagazin.de\/stechlin\/#website\"},\"datePublished\":\"2016-07-18T10:20:42+00:00\",\"dateModified\":\"2016-07-26T11:23:57+00:00\",\"author\":{\"@id\":\"https:\/\/www.naturparkmagazin.de\/stechlin\/#\/schema\/person\/3f0d93203df21c806dd63c76d9bb28bc\"},\"breadcrumb\":{\"@id\":\"https:\/\/www.naturparkmagazin.de\/stechlin\/lange-nacht-der-naturwacht-zu-besuch-im-maerchenland\/#breadcrumb\"},\"inLanguage\":\"de\",\"potentialAction\":[{\"@type\":\"ReadAction\",\"target\":[\"https:\/\/www.naturparkmagazin.de\/stechlin\/lange-nacht-der-naturwacht-zu-besuch-im-maerchenland\/\"]}]},{\"@type\":\"BreadcrumbList\",\"@id\":\"https:\/\/www.naturparkmagazin.de\/stechlin\/lange-nacht-der-naturwacht-zu-besuch-im-maerchenland\/#breadcrumb\",\"itemListElement\":[{\"@type\":\"ListItem\",\"position\":1,\"name\":\"Home\",\"item\":\"https:\/\/www.naturparkmagazin.de\/stechlin\/\"},{\"@type\":\"ListItem\",\"position\":2,\"name\":\"Lange Nacht der Naturwacht &#8211; Zu Besuch im M\u00e4rchenland\"}]},{\"@type\":\"WebSite\",\"@id\":\"https:\/\/www.naturparkmagazin.de\/stechlin\/#website\",\"url\":\"https:\/\/www.naturparkmagazin.de\/stechlin\/\",\"name\":\"Naturpark Stechlin-Ruppiner Land\",\"description\":\"\",\"potentialAction\":[{\"@type\":\"SearchAction\",\"target\":{\"@type\":\"EntryPoint\",\"urlTemplate\":\"https:\/\/www.naturparkmagazin.de\/stechlin\/?s={search_term_string}\"},\"query-input\":\"required name=search_term_string\"}],\"inLanguage\":\"de\"},{\"@type\":\"Person\",\"@id\":\"https:\/\/www.naturparkmagazin.de\/stechlin\/#\/schema\/person\/3f0d93203df21c806dd63c76d9bb28bc\",\"name\":\"marioschrumpf\",\"url\":\"https:\/\/www.naturparkmagazin.de\/stechlin\/author\/marioschrumpf\/\"}]}<\/script>\n<!-- \/ Yoast SEO plugin. -->","yoast_head_json":{"title":"Lange Nacht der Naturwacht - Zu Besuch im M\u00e4rchenland - Naturpark Stechlin-Ruppiner Land","robots":{"index":"index","follow":"follow","max-snippet":"max-snippet:-1","max-image-preview":"max-image-preview:large","max-video-preview":"max-video-preview:-1"},"canonical":"https:\/\/www.naturparkmagazin.de\/stechlin\/lange-nacht-der-naturwacht-zu-besuch-im-maerchenland\/","og_locale":"de_DE","og_type":"article","og_title":"Lange Nacht der Naturwacht - Zu Besuch im M\u00e4rchenland - Naturpark Stechlin-Ruppiner Land","og_description":"\"Kreuzspinne und Kreuzschnabel\" ...wer kennt ihn nicht, den erbosten Ausruf von Herrn Fuchs, wenn er sich mal wieder \u00fcber Frau Elster ge\u00e4rgert hat? Zu einer \"zauberhaften\" Reise an Pl\u00e4tze, an denen sich einige unserer M\u00e4rchen zugetragen haben k\u00f6nnten, laden wir Sie am 19. August ein.","og_url":"https:\/\/www.naturparkmagazin.de\/stechlin\/lange-nacht-der-naturwacht-zu-besuch-im-maerchenland\/","og_site_name":"Naturpark Stechlin-Ruppiner Land","article_published_time":"2016-07-18T10:20:42+00:00","article_modified_time":"2016-07-26T11:23:57+00:00","og_image":[{"width":200,"height":200,"url":"https:\/\/www.naturparkmagazin.de\/stechlin\/wp-content\/uploads\/sites\/38\/Lange-NW-Nacht-2016.jpg","type":"image\/jpeg"}],"author":"marioschrumpf","twitter_misc":{"Verfasst von":"marioschrumpf","Gesch\u00e4tzte Lesezeit":"1\u00a0Minute"},"schema":{"@context":"https:\/\/schema.org","@graph":[{"@type":"WebPage","@id":"https:\/\/www.naturparkmagazin.de\/stechlin\/lange-nacht-der-naturwacht-zu-besuch-im-maerchenland\/","url":"https:\/\/www.naturparkmagazin.de\/stechlin\/lange-nacht-der-naturwacht-zu-besuch-im-maerchenland\/","name":"Lange Nacht der Naturwacht - Zu Besuch im M\u00e4rchenland - Naturpark Stechlin-Ruppiner Land","isPartOf":{"@id":"https:\/\/www.naturparkmagazin.de\/stechlin\/#website"},"datePublished":"2016-07-18T10:20:42+00:00","dateModified":"2016-07-26T11:23:57+00:00","author":{"@id":"https:\/\/www.naturparkmagazin.de\/stechlin\/#\/schema\/person\/3f0d93203df21c806dd63c76d9bb28bc"},"breadcrumb":{"@id":"https:\/\/www.naturparkmagazin.de\/stechlin\/lange-nacht-der-naturwacht-zu-besuch-im-maerchenland\/#breadcrumb"},"inLanguage":"de","potentialAction":[{"@type":"ReadAction","target":["https:\/\/www.naturparkmagazin.de\/stechlin\/lange-nacht-der-naturwacht-zu-besuch-im-maerchenland\/"]}]},{"@type":"BreadcrumbList","@id":"https:\/\/www.naturparkmagazin.de\/stechlin\/lange-nacht-der-naturwacht-zu-besuch-im-maerchenland\/#breadcrumb","itemListElement":[{"@type":"ListItem","position":1,"name":"Home","item":"https:\/\/www.naturparkmagazin.de\/stechlin\/"},{"@type":"ListItem","position":2,"name":"Lange Nacht der Naturwacht &#8211; Zu Besuch im M\u00e4rchenland"}]},{"@type":"WebSite","@id":"https:\/\/www.naturparkmagazin.de\/stechlin\/#website","url":"https:\/\/www.naturparkmagazin.de\/stechlin\/","name":"Naturpark Stechlin-Ruppiner Land","description":"","potentialAction":[{"@type":"SearchAction","target":{"@type":"EntryPoint","urlTemplate":"https:\/\/www.naturparkmagazin.de\/stechlin\/?s={search_term_string}"},"query-input":"required name=search_term_string"}],"inLanguage":"de"},{"@type":"Person","@id":"https:\/\/www.naturparkmagazin.de\/stechlin\/#\/schema\/person\/3f0d93203df21c806dd63c76d9bb28bc","name":"marioschrumpf","url":"https:\/\/www.naturparkmagazin.de\/stechlin\/author\/marioschrumpf\/"}]}},"_links":{"self":[{"href":"https:\/\/www.naturparkmagazin.de\/stechlin\/wp-json\/wp\/v2\/posts\/2476"}],"collection":[{"href":"https:\/\/www.naturparkmagazin.de\/stechlin\/wp-json\/wp\/v2\/posts"}],"about":[{"href":"https:\/\/www.naturparkmagazin.de\/stechlin\/wp-json\/wp\/v2\/types\/post"}],"author":[{"embeddable":true,"href":"https:\/\/www.naturparkmagazin.de\/stechlin\/wp-json\/wp\/v2\/users\/39"}],"replies":[{"embeddable":true,"href":"https:\/\/www.naturparkmagazin.de\/stechlin\/wp-json\/wp\/v2\/comments?post=2476"}],"version-history":[{"count":12,"href":"https:\/\/www.naturparkmagazin.de\/stechlin\/wp-json\/wp\/v2\/posts\/2476\/revisions"}],"predecessor-version":[{"id":4356,"href":"https:\/\/www.naturparkmagazin.de\/stechlin\/wp-json\/wp\/v2\/posts\/2476\/revisions\/4356"}],"wp:featuredmedia":[{"embeddable":true,"href":"https:\/\/www.naturparkmagazin.de\/stechlin\/wp-json\/wp\/v2\/media\/4186"}],"wp:attachment":[{"href":"https:\/\/www.naturparkmagazin.de\/stechlin\/wp-json\/wp\/v2\/media?parent=2476"}],"wp:term":[{"taxonomy":"category","embeddable":true,"href":"https:\/\/www.naturparkmagazin.de\/stechlin\/wp-json\/wp\/v2\/categories?post=2476"},{"taxonomy":"post_tag","embeddable":true,"href":"https:\/\/www.naturparkmagazin.de\/stechlin\/wp-json\/wp\/v2\/tags?post=2476"}],"curies":[{"name":"wp","href":"https:\/\/api.w.org\/{rel}","templated":true}]}}