{"id":2492,"date":"2015-07-22T13:03:08","date_gmt":"2015-07-22T11:03:08","guid":{"rendered":"http:\/\/www.naturparkmagazin.de\/stechlin\/?p=2492"},"modified":"2015-07-28T19:48:21","modified_gmt":"2015-07-28T17:48:21","slug":"azubi-projekttage-im-naturpark-praktischer-einsatz-fuer-die-biologische-vielfalt","status":"publish","type":"post","link":"https:\/\/www.naturparkmagazin.de\/stechlin\/azubi-projekttage-im-naturpark-praktischer-einsatz-fuer-die-biologische-vielfalt\/","title":{"rendered":"&#8222;Azubi-Projekttage&#8220; im Naturpark: praktischer Einsatz f\u00fcr die biologische Vielfalt"},"content":{"rendered":"<div id=\"attachment_2567\" style=\"width: 310px\" class=\"wp-caption alignnone\"><a href=\"https:\/\/www.naturparkmagazin.de\/stechlin\/wp-content\/uploads\/sites\/38\/k-DSC_0030.jpg\"><img aria-describedby=\"caption-attachment-2567\" decoding=\"async\" loading=\"lazy\" class=\"size-thumbnail wp-image-2567\" src=\"https:\/\/www.naturparkmagazin.de\/stechlin\/wp-content\/uploads\/sites\/38\/k-DSC_0030-300x180.jpg\" alt=\"Am 1. Juli wurden die Piepenbrock Azubi-Projekt-Tage im Naturpark Stechlin-Ruppiner Land erneut als Projekt der UN-Dekade Biologische Vielfalt ausgezeichnet.\" width=\"300\" height=\"180\" srcset=\"https:\/\/www.naturparkmagazin.de\/stechlin\/wp-content\/uploads\/sites\/38\/k-DSC_0030-300x180.jpg 300w, https:\/\/www.naturparkmagazin.de\/stechlin\/wp-content\/uploads\/sites\/38\/k-DSC_0030.jpg 500w, https:\/\/www.naturparkmagazin.de\/stechlin\/wp-content\/uploads\/sites\/38\/k-DSC_0030-200x120.jpg 200w\" sizes=\"(max-width: 300px) 100vw, 300px\" \/><\/a><p id=\"caption-attachment-2567\" class=\"wp-caption-text\">Am 1. Juli wurden die Piepenbrock Azubi-Projekt-Tage im Naturpark Stechlin-Ruppiner Land erneut als Projekt der UN-Dekade Biologische Vielfalt ausgezeichnet.<\/p><\/div>\n<p>&nbsp;<\/p>\n<p>Bereits zum vierten Mal in Folge empfing der Naturpark Stechlin-Ruppiner Land im Rahmen der &#8222;Azubi-Projekttage&#8220; zehn Auszubildende der Piepenbrock Unternehmensgruppe. Dieser Austausch ist inzwischen zu einer guten Tradition geworden und erhielt bereits mehrfach (2013 und 2015) die Auszeichnung als &#8222;Projekt der UN-Dekade Biologische Vielfalt&#8220;. W\u00e4hrend der Projekttage wurden die Azubis in das Thema &#8222;Naturpark und Nachhaltigkeit&#8220; eingef\u00fchrt. Au\u00dferdem legten sie unter Anleitung der Naturwacht selbst praktisch Hand an: Auf der Heidefl\u00e4che am Zechower Berg, einem europaweit gesch\u00fctzten Lebensraum, wurden der Geh\u00f6lzanflug beseitigt und Nistk\u00e4sten f\u00fcr den Wiedehopf angebracht. Die Heidefl\u00e4che ist ein geeigneter Lebensraum f\u00fcr den im benachbarten Schwanow bereits nachgewiesenen H\u00f6hlenbr\u00fcter. Abgerundet wurden die Projekttage durch eine Kanutour auf dem Rheinsberger Rhin und einen Besuch im NaturParkHaus Stechlin in Menz, dem Besucherzentrum des Naturparks Stechlin-Ruppiner Land.<\/p>\n<div id=\"attachment_2568\" style=\"width: 310px\" class=\"wp-caption alignleft\"><a href=\"https:\/\/www.naturparkmagazin.de\/stechlin\/wp-content\/uploads\/sites\/38\/k-DSC_00153.jpg\"><img aria-describedby=\"caption-attachment-2568\" decoding=\"async\" loading=\"lazy\" class=\"size-thumbnail wp-image-2568\" src=\"https:\/\/www.naturparkmagazin.de\/stechlin\/wp-content\/uploads\/sites\/38\/k-DSC_00153-300x180.jpg\" alt=\"Naturw\u00e4chter R\u00fcdiger Meyer h\u00e4ngt zusammen mit einem Azubi eine k\u00fcnstliche Bruth\u00f6hle f\u00fcr den Wiedehopf auf.\" width=\"300\" height=\"180\" srcset=\"https:\/\/www.naturparkmagazin.de\/stechlin\/wp-content\/uploads\/sites\/38\/k-DSC_00153-300x180.jpg 300w, https:\/\/www.naturparkmagazin.de\/stechlin\/wp-content\/uploads\/sites\/38\/k-DSC_00153.jpg 500w, https:\/\/www.naturparkmagazin.de\/stechlin\/wp-content\/uploads\/sites\/38\/k-DSC_00153-200x120.jpg 200w\" sizes=\"(max-width: 300px) 100vw, 300px\" \/><\/a><p id=\"caption-attachment-2568\" class=\"wp-caption-text\">Naturw\u00e4chter R\u00fcdiger Meyer h\u00e4ngt zusammen mit einem Azubi eine k\u00fcnstliche Bruth\u00f6hle f\u00fcr den Wiedehopf auf.<\/p><\/div>\n<p>&nbsp;<\/p>\n<p>&nbsp;<\/p>\n<p>&nbsp;<\/p>\n<p>&nbsp;<\/p>\n<p>&nbsp;<\/p>\n<p>&nbsp;<\/p>\n<div id=\"attachment_2569\" style=\"width: 310px\" class=\"wp-caption alignleft\"><a href=\"https:\/\/www.naturparkmagazin.de\/stechlin\/wp-content\/uploads\/sites\/38\/k-DSC_00093.jpg\"><img aria-describedby=\"caption-attachment-2569\" decoding=\"async\" loading=\"lazy\" class=\"size-thumbnail wp-image-2569\" src=\"https:\/\/www.naturparkmagazin.de\/stechlin\/wp-content\/uploads\/sites\/38\/k-DSC_00093-300x180.jpg\" alt=\"Die aufwachsenden Kiefern wurde abgeschnitten oder herausgezogen.\" width=\"300\" height=\"180\" srcset=\"https:\/\/www.naturparkmagazin.de\/stechlin\/wp-content\/uploads\/sites\/38\/k-DSC_00093-300x180.jpg 300w, https:\/\/www.naturparkmagazin.de\/stechlin\/wp-content\/uploads\/sites\/38\/k-DSC_00093.jpg 500w, https:\/\/www.naturparkmagazin.de\/stechlin\/wp-content\/uploads\/sites\/38\/k-DSC_00093-200x120.jpg 200w\" sizes=\"(max-width: 300px) 100vw, 300px\" \/><\/a><p id=\"caption-attachment-2569\" class=\"wp-caption-text\">Die aufwachsenden Kiefern wurde abgeschnitten oder herausgezogen.<\/p><\/div>\n","protected":false},"excerpt":{"rendered":"<p>Bereits zum vierten Mal in Folge empfing der Naturpark Stechlin-Ruppiner Land im Rahmen der &#8222;Azubi-Projekttage&#8220; zehn Auszubildende der Piepenbrock Unternehmensgruppe. <\/p>\n","protected":false},"author":39,"featured_media":2567,"comment_status":"open","ping_status":"open","sticky":false,"template":"","format":"standard","meta":[],"categories":[7],"tags":[],"yoast_head":"<!-- This site is optimized with the Yoast SEO plugin v19.10 - https:\/\/yoast.com\/wordpress\/plugins\/seo\/ -->\n<title>&quot;Azubi-Projekttage&quot; im Naturpark: praktischer Einsatz f\u00fcr die biologische Vielfalt - Naturpark Stechlin-Ruppiner Land<\/title>\n<meta name=\"robots\" content=\"index, follow, max-snippet:-1, max-image-preview:large, max-video-preview:-1\" \/>\n<link rel=\"canonical\" href=\"https:\/\/www.naturparkmagazin.de\/stechlin\/azubi-projekttage-im-naturpark-praktischer-einsatz-fuer-die-biologische-vielfalt\/\" \/>\n<meta property=\"og:locale\" content=\"de_DE\" \/>\n<meta property=\"og:type\" content=\"article\" \/>\n<meta property=\"og:title\" content=\"&quot;Azubi-Projekttage&quot; im Naturpark: praktischer Einsatz f\u00fcr die biologische Vielfalt - Naturpark Stechlin-Ruppiner Land\" \/>\n<meta property=\"og:description\" content=\"Bereits zum vierten Mal in Folge empfing der Naturpark Stechlin-Ruppiner Land im Rahmen der &quot;Azubi-Projekttage&quot; zehn Auszubildende der Piepenbrock Unternehmensgruppe.\" \/>\n<meta property=\"og:url\" content=\"https:\/\/www.naturparkmagazin.de\/stechlin\/azubi-projekttage-im-naturpark-praktischer-einsatz-fuer-die-biologische-vielfalt\/\" \/>\n<meta property=\"og:site_name\" content=\"Naturpark Stechlin-Ruppiner Land\" \/>\n<meta property=\"article:published_time\" content=\"2015-07-22T11:03:08+00:00\" \/>\n<meta property=\"article:modified_time\" content=\"2015-07-28T17:48:21+00:00\" \/>\n<meta property=\"og:image\" content=\"https:\/\/www.naturparkmagazin.de\/stechlin\/wp-content\/uploads\/sites\/38\/k-DSC_0030.jpg\" \/>\n\t<meta property=\"og:image:width\" content=\"500\" \/>\n\t<meta property=\"og:image:height\" content=\"300\" \/>\n\t<meta property=\"og:image:type\" content=\"image\/jpeg\" \/>\n<meta name=\"author\" content=\"marioschrumpf\" \/>\n<meta name=\"twitter:label1\" content=\"Verfasst von\" \/>\n\t<meta name=\"twitter:data1\" content=\"marioschrumpf\" \/>\n\t<meta name=\"twitter:label2\" content=\"Gesch\u00e4tzte Lesezeit\" \/>\n\t<meta name=\"twitter:data2\" content=\"1\u00a0Minute\" \/>\n<script type=\"application\/ld+json\" class=\"yoast-schema-graph\">{\"@context\":\"https:\/\/schema.org\",\"@graph\":[{\"@type\":\"WebPage\",\"@id\":\"https:\/\/www.naturparkmagazin.de\/stechlin\/azubi-projekttage-im-naturpark-praktischer-einsatz-fuer-die-biologische-vielfalt\/\",\"url\":\"https:\/\/www.naturparkmagazin.de\/stechlin\/azubi-projekttage-im-naturpark-praktischer-einsatz-fuer-die-biologische-vielfalt\/\",\"name\":\"\\\"Azubi-Projekttage\\\" im Naturpark: praktischer Einsatz f\u00fcr die biologische Vielfalt - Naturpark Stechlin-Ruppiner Land\",\"isPartOf\":{\"@id\":\"https:\/\/www.naturparkmagazin.de\/stechlin\/#website\"},\"datePublished\":\"2015-07-22T11:03:08+00:00\",\"dateModified\":\"2015-07-28T17:48:21+00:00\",\"author\":{\"@id\":\"https:\/\/www.naturparkmagazin.de\/stechlin\/#\/schema\/person\/3f0d93203df21c806dd63c76d9bb28bc\"},\"breadcrumb\":{\"@id\":\"https:\/\/www.naturparkmagazin.de\/stechlin\/azubi-projekttage-im-naturpark-praktischer-einsatz-fuer-die-biologische-vielfalt\/#breadcrumb\"},\"inLanguage\":\"de\",\"potentialAction\":[{\"@type\":\"ReadAction\",\"target\":[\"https:\/\/www.naturparkmagazin.de\/stechlin\/azubi-projekttage-im-naturpark-praktischer-einsatz-fuer-die-biologische-vielfalt\/\"]}]},{\"@type\":\"BreadcrumbList\",\"@id\":\"https:\/\/www.naturparkmagazin.de\/stechlin\/azubi-projekttage-im-naturpark-praktischer-einsatz-fuer-die-biologische-vielfalt\/#breadcrumb\",\"itemListElement\":[{\"@type\":\"ListItem\",\"position\":1,\"name\":\"Home\",\"item\":\"https:\/\/www.naturparkmagazin.de\/stechlin\/\"},{\"@type\":\"ListItem\",\"position\":2,\"name\":\"&#8222;Azubi-Projekttage&#8220; im Naturpark: praktischer Einsatz f\u00fcr die biologische Vielfalt\"}]},{\"@type\":\"WebSite\",\"@id\":\"https:\/\/www.naturparkmagazin.de\/stechlin\/#website\",\"url\":\"https:\/\/www.naturparkmagazin.de\/stechlin\/\",\"name\":\"Naturpark Stechlin-Ruppiner Land\",\"description\":\"\",\"potentialAction\":[{\"@type\":\"SearchAction\",\"target\":{\"@type\":\"EntryPoint\",\"urlTemplate\":\"https:\/\/www.naturparkmagazin.de\/stechlin\/?s={search_term_string}\"},\"query-input\":\"required name=search_term_string\"}],\"inLanguage\":\"de\"},{\"@type\":\"Person\",\"@id\":\"https:\/\/www.naturparkmagazin.de\/stechlin\/#\/schema\/person\/3f0d93203df21c806dd63c76d9bb28bc\",\"name\":\"marioschrumpf\",\"url\":\"https:\/\/www.naturparkmagazin.de\/stechlin\/author\/marioschrumpf\/\"}]}<\/script>\n<!-- \/ Yoast SEO plugin. -->","yoast_head_json":{"title":"\"Azubi-Projekttage\" im Naturpark: praktischer Einsatz f\u00fcr die biologische Vielfalt - Naturpark Stechlin-Ruppiner Land","robots":{"index":"index","follow":"follow","max-snippet":"max-snippet:-1","max-image-preview":"max-image-preview:large","max-video-preview":"max-video-preview:-1"},"canonical":"https:\/\/www.naturparkmagazin.de\/stechlin\/azubi-projekttage-im-naturpark-praktischer-einsatz-fuer-die-biologische-vielfalt\/","og_locale":"de_DE","og_type":"article","og_title":"\"Azubi-Projekttage\" im Naturpark: praktischer Einsatz f\u00fcr die biologische Vielfalt - Naturpark Stechlin-Ruppiner Land","og_description":"Bereits zum vierten Mal in Folge empfing der Naturpark Stechlin-Ruppiner Land im Rahmen der \"Azubi-Projekttage\" zehn Auszubildende der Piepenbrock Unternehmensgruppe.","og_url":"https:\/\/www.naturparkmagazin.de\/stechlin\/azubi-projekttage-im-naturpark-praktischer-einsatz-fuer-die-biologische-vielfalt\/","og_site_name":"Naturpark Stechlin-Ruppiner Land","article_published_time":"2015-07-22T11:03:08+00:00","article_modified_time":"2015-07-28T17:48:21+00:00","og_image":[{"width":500,"height":300,"url":"https:\/\/www.naturparkmagazin.de\/stechlin\/wp-content\/uploads\/sites\/38\/k-DSC_0030.jpg","type":"image\/jpeg"}],"author":"marioschrumpf","twitter_misc":{"Verfasst von":"marioschrumpf","Gesch\u00e4tzte Lesezeit":"1\u00a0Minute"},"schema":{"@context":"https:\/\/schema.org","@graph":[{"@type":"WebPage","@id":"https:\/\/www.naturparkmagazin.de\/stechlin\/azubi-projekttage-im-naturpark-praktischer-einsatz-fuer-die-biologische-vielfalt\/","url":"https:\/\/www.naturparkmagazin.de\/stechlin\/azubi-projekttage-im-naturpark-praktischer-einsatz-fuer-die-biologische-vielfalt\/","name":"\"Azubi-Projekttage\" im Naturpark: praktischer Einsatz f\u00fcr die biologische Vielfalt - Naturpark Stechlin-Ruppiner Land","isPartOf":{"@id":"https:\/\/www.naturparkmagazin.de\/stechlin\/#website"},"datePublished":"2015-07-22T11:03:08+00:00","dateModified":"2015-07-28T17:48:21+00:00","author":{"@id":"https:\/\/www.naturparkmagazin.de\/stechlin\/#\/schema\/person\/3f0d93203df21c806dd63c76d9bb28bc"},"breadcrumb":{"@id":"https:\/\/www.naturparkmagazin.de\/stechlin\/azubi-projekttage-im-naturpark-praktischer-einsatz-fuer-die-biologische-vielfalt\/#breadcrumb"},"inLanguage":"de","potentialAction":[{"@type":"ReadAction","target":["https:\/\/www.naturparkmagazin.de\/stechlin\/azubi-projekttage-im-naturpark-praktischer-einsatz-fuer-die-biologische-vielfalt\/"]}]},{"@type":"BreadcrumbList","@id":"https:\/\/www.naturparkmagazin.de\/stechlin\/azubi-projekttage-im-naturpark-praktischer-einsatz-fuer-die-biologische-vielfalt\/#breadcrumb","itemListElement":[{"@type":"ListItem","position":1,"name":"Home","item":"https:\/\/www.naturparkmagazin.de\/stechlin\/"},{"@type":"ListItem","position":2,"name":"&#8222;Azubi-Projekttage&#8220; im Naturpark: praktischer Einsatz f\u00fcr die biologische Vielfalt"}]},{"@type":"WebSite","@id":"https:\/\/www.naturparkmagazin.de\/stechlin\/#website","url":"https:\/\/www.naturparkmagazin.de\/stechlin\/","name":"Naturpark Stechlin-Ruppiner Land","description":"","potentialAction":[{"@type":"SearchAction","target":{"@type":"EntryPoint","urlTemplate":"https:\/\/www.naturparkmagazin.de\/stechlin\/?s={search_term_string}"},"query-input":"required name=search_term_string"}],"inLanguage":"de"},{"@type":"Person","@id":"https:\/\/www.naturparkmagazin.de\/stechlin\/#\/schema\/person\/3f0d93203df21c806dd63c76d9bb28bc","name":"marioschrumpf","url":"https:\/\/www.naturparkmagazin.de\/stechlin\/author\/marioschrumpf\/"}]}},"_links":{"self":[{"href":"https:\/\/www.naturparkmagazin.de\/stechlin\/wp-json\/wp\/v2\/posts\/2492"}],"collection":[{"href":"https:\/\/www.naturparkmagazin.de\/stechlin\/wp-json\/wp\/v2\/posts"}],"about":[{"href":"https:\/\/www.naturparkmagazin.de\/stechlin\/wp-json\/wp\/v2\/types\/post"}],"author":[{"embeddable":true,"href":"https:\/\/www.naturparkmagazin.de\/stechlin\/wp-json\/wp\/v2\/users\/39"}],"replies":[{"embeddable":true,"href":"https:\/\/www.naturparkmagazin.de\/stechlin\/wp-json\/wp\/v2\/comments?post=2492"}],"version-history":[{"count":8,"href":"https:\/\/www.naturparkmagazin.de\/stechlin\/wp-json\/wp\/v2\/posts\/2492\/revisions"}],"predecessor-version":[{"id":2649,"href":"https:\/\/www.naturparkmagazin.de\/stechlin\/wp-json\/wp\/v2\/posts\/2492\/revisions\/2649"}],"wp:featuredmedia":[{"embeddable":true,"href":"https:\/\/www.naturparkmagazin.de\/stechlin\/wp-json\/wp\/v2\/media\/2567"}],"wp:attachment":[{"href":"https:\/\/www.naturparkmagazin.de\/stechlin\/wp-json\/wp\/v2\/media?parent=2492"}],"wp:term":[{"taxonomy":"category","embeddable":true,"href":"https:\/\/www.naturparkmagazin.de\/stechlin\/wp-json\/wp\/v2\/categories?post=2492"},{"taxonomy":"post_tag","embeddable":true,"href":"https:\/\/www.naturparkmagazin.de\/stechlin\/wp-json\/wp\/v2\/tags?post=2492"}],"curies":[{"name":"wp","href":"https:\/\/api.w.org\/{rel}","templated":true}]}}