{"id":2501,"date":"2015-07-22T17:09:30","date_gmt":"2015-07-22T15:09:30","guid":{"rendered":"http:\/\/www.naturparkmagazin.de\/stechlin\/?p=2501"},"modified":"2015-07-28T14:42:02","modified_gmt":"2015-07-28T12:42:02","slug":"auszeichnung-eler-projekt-des-monats-juli","status":"publish","type":"post","link":"https:\/\/www.naturparkmagazin.de\/stechlin\/auszeichnung-eler-projekt-des-monats-juli\/","title":{"rendered":"Auszeichnung &#8211; ELER-Projekt des Monats Juli"},"content":{"rendered":"<div id=\"attachment_2504\" style=\"width: 310px\" class=\"wp-caption alignleft\"><a href=\"https:\/\/www.naturparkmagazin.de\/stechlin\/wp-content\/uploads\/sites\/38\/Schlo\u00df-Rhbg-wasserseitig.jpg\"><img aria-describedby=\"caption-attachment-2504\" decoding=\"async\" loading=\"lazy\" class=\"size-thumbnail wp-image-2504\" src=\"https:\/\/www.naturparkmagazin.de\/stechlin\/wp-content\/uploads\/sites\/38\/Schlo\u00df-Rhbg-wasserseitig-300x202.jpg\" alt=\"Schlo\u00df Rheinsberg vom Kanu aus.\" width=\"300\" height=\"202\" srcset=\"https:\/\/www.naturparkmagazin.de\/stechlin\/wp-content\/uploads\/sites\/38\/Schlo\u00df-Rhbg-wasserseitig-300x202.jpg 300w, https:\/\/www.naturparkmagazin.de\/stechlin\/wp-content\/uploads\/sites\/38\/Schlo\u00df-Rhbg-wasserseitig.jpg 500w, https:\/\/www.naturparkmagazin.de\/stechlin\/wp-content\/uploads\/sites\/38\/Schlo\u00df-Rhbg-wasserseitig-200x134.jpg 200w\" sizes=\"(max-width: 300px) 100vw, 300px\" \/><\/a><p id=\"caption-attachment-2504\" class=\"wp-caption-text\">Schlo\u00df Rheinsberg vom Kanu aus.<\/p><\/div>\n<p>&nbsp;<\/p>\n<p>&nbsp;<\/p>\n<p>&nbsp;<\/p>\n<p>&nbsp;<\/p>\n<p>&nbsp;<\/p>\n<p>&nbsp;<\/p>\n<p>&nbsp;<\/p>\n<p>&nbsp;<\/p>\n<p>&nbsp;<\/p>\n<p>Am 23. Juli zeichnete <strong>Brandenburgs Umweltminister J\u00f6rg Vogels\u00e4nger<\/strong> das <strong>LEADER-Projekt Wassertourismus<\/strong> als ELER-Projekt des Monats aus. Im Rahmen des Verbundprojektes der Lokalen Aktionsgruppe Obere Havel e. V. und Regionalentwicklung Ostprignitz-Ruppin e. V. wurde ein Leitsystem f\u00fcr Wasserwanderungen von Berlin bis zur mecklenburgischen Landesgrenze geschaffen. <strong>Das Projekt wurde vom Naturpark Stechlin-Ruppiner Land initiiert und federf\u00fchrend koordiniert.<\/strong> Mehr als 225.00 \u20ac aus ELER-, kommunalen und Landesmitteln sowie aus Eigenanteilen der Lokalen Aktionsgruppe wurden eingesetzt.<\/p>\n<p>128 Informationstafeln geben Auskunft \u00fcber kanutouristisch wichtige Infrastrukturen wie Schleusen, Umtragem\u00f6glichkeiten, Ein- und Ausstiegsstellen, Biwak- und Campingpl\u00e4tze sowie speziell zertifizierte Bett&amp;Kanu-Beherbergungsbetriebe, aber auch \u00fcber Sehensw\u00fcrdigkeiten im Hinterland der Wasserwanderwege, Einkaufsm\u00f6glichkeiten und gastronomische Einrichtungen. Gleichzeitig informieren sie \u00fcber Befahrungsregeln, damit die einmalige Natur- und Landschaftsausstattung erhalten bleibt.<\/p>\n<p>Das Leitsystem l\u00e4dt durch gezielte Informationen nicht ortskundiger G\u00e4ste zum Landgang ein, verl\u00e4ngert die Verweildauer vor Ort und tr\u00e4gt damit zur Erh\u00f6hung der regionalen Wertsch\u00f6pfung bei. Tourentipps runden die Empfehlungen f\u00fcr Wasserwanderer ab. \u00dcber QR-Codes k\u00f6nnen sich die Besucher weitere Informationen zur Reiseregion Ruppiner Seenland oder zur \u00f6rtlichen Kommune auf ihr Smartphone laden.<\/p>\n<div id=\"attachment_2505\" style=\"width: 310px\" class=\"wp-caption alignleft\"><a href=\"https:\/\/www.naturparkmagazin.de\/stechlin\/wp-content\/uploads\/sites\/38\/Exkursion-StS.jpg\"><img aria-describedby=\"caption-attachment-2505\" decoding=\"async\" loading=\"lazy\" class=\"wp-image-2505 size-thumbnail\" src=\"https:\/\/www.naturparkmagazin.de\/stechlin\/wp-content\/uploads\/sites\/38\/Exkursion-StS-300x201.jpg\" alt=\"\u00dcber 2.000 km Wasserwege - erschlossen \u00fcber Infotafeln an der Schnittstelle Wasser-Land.\" width=\"300\" height=\"201\" srcset=\"https:\/\/www.naturparkmagazin.de\/stechlin\/wp-content\/uploads\/sites\/38\/Exkursion-StS-300x201.jpg 300w, https:\/\/www.naturparkmagazin.de\/stechlin\/wp-content\/uploads\/sites\/38\/Exkursion-StS.jpg 500w, https:\/\/www.naturparkmagazin.de\/stechlin\/wp-content\/uploads\/sites\/38\/Exkursion-StS-200x134.jpg 200w\" sizes=\"(max-width: 300px) 100vw, 300px\" \/><\/a><p id=\"caption-attachment-2505\" class=\"wp-caption-text\">\u00dcber 2.000 km Wasserwege &#8211; erschlossen \u00fcber Infotafeln an der Schnittstelle Wasser-Land.<\/p><\/div>\n","protected":false},"excerpt":{"rendered":"<p>Am 23. Juli zeichnete Brandenburgs Umweltminister J\u00f6rg Vogels\u00e4nger das LEADER-Projekt Wassertourismus als ELER-Projekt des Monats aus.<\/p>\n","protected":false},"author":39,"featured_media":2503,"comment_status":"open","ping_status":"open","sticky":false,"template":"","format":"standard","meta":[],"categories":[7],"tags":[],"yoast_head":"<!-- This site is optimized with the Yoast SEO plugin v19.10 - https:\/\/yoast.com\/wordpress\/plugins\/seo\/ -->\n<title>Auszeichnung - ELER-Projekt des Monats Juli - Naturpark Stechlin-Ruppiner Land<\/title>\n<meta name=\"robots\" content=\"index, follow, max-snippet:-1, max-image-preview:large, max-video-preview:-1\" \/>\n<link rel=\"canonical\" href=\"https:\/\/www.naturparkmagazin.de\/stechlin\/auszeichnung-eler-projekt-des-monats-juli\/\" \/>\n<meta property=\"og:locale\" content=\"de_DE\" \/>\n<meta property=\"og:type\" content=\"article\" \/>\n<meta property=\"og:title\" content=\"Auszeichnung - ELER-Projekt des Monats Juli - Naturpark Stechlin-Ruppiner Land\" \/>\n<meta property=\"og:description\" content=\"Am 23. Juli zeichnete Brandenburgs Umweltminister J\u00f6rg Vogels\u00e4nger das LEADER-Projekt Wassertourismus als ELER-Projekt des Monats aus.\" \/>\n<meta property=\"og:url\" content=\"https:\/\/www.naturparkmagazin.de\/stechlin\/auszeichnung-eler-projekt-des-monats-juli\/\" \/>\n<meta property=\"og:site_name\" content=\"Naturpark Stechlin-Ruppiner Land\" \/>\n<meta property=\"article:published_time\" content=\"2015-07-22T15:09:30+00:00\" \/>\n<meta property=\"article:modified_time\" content=\"2015-07-28T12:42:02+00:00\" \/>\n<meta property=\"og:image\" content=\"https:\/\/www.naturparkmagazin.de\/stechlin\/wp-content\/uploads\/sites\/38\/Paddeln.jpg\" \/>\n\t<meta property=\"og:image:width\" content=\"500\" \/>\n\t<meta property=\"og:image:height\" content=\"375\" \/>\n\t<meta property=\"og:image:type\" content=\"image\/jpeg\" \/>\n<meta name=\"author\" content=\"marioschrumpf\" \/>\n<meta name=\"twitter:label1\" content=\"Verfasst von\" \/>\n\t<meta name=\"twitter:data1\" content=\"marioschrumpf\" \/>\n\t<meta name=\"twitter:label2\" content=\"Gesch\u00e4tzte Lesezeit\" \/>\n\t<meta name=\"twitter:data2\" content=\"1\u00a0Minute\" \/>\n<script type=\"application\/ld+json\" class=\"yoast-schema-graph\">{\"@context\":\"https:\/\/schema.org\",\"@graph\":[{\"@type\":\"WebPage\",\"@id\":\"https:\/\/www.naturparkmagazin.de\/stechlin\/auszeichnung-eler-projekt-des-monats-juli\/\",\"url\":\"https:\/\/www.naturparkmagazin.de\/stechlin\/auszeichnung-eler-projekt-des-monats-juli\/\",\"name\":\"Auszeichnung - ELER-Projekt des Monats Juli - Naturpark Stechlin-Ruppiner Land\",\"isPartOf\":{\"@id\":\"https:\/\/www.naturparkmagazin.de\/stechlin\/#website\"},\"datePublished\":\"2015-07-22T15:09:30+00:00\",\"dateModified\":\"2015-07-28T12:42:02+00:00\",\"author\":{\"@id\":\"https:\/\/www.naturparkmagazin.de\/stechlin\/#\/schema\/person\/3f0d93203df21c806dd63c76d9bb28bc\"},\"breadcrumb\":{\"@id\":\"https:\/\/www.naturparkmagazin.de\/stechlin\/auszeichnung-eler-projekt-des-monats-juli\/#breadcrumb\"},\"inLanguage\":\"de\",\"potentialAction\":[{\"@type\":\"ReadAction\",\"target\":[\"https:\/\/www.naturparkmagazin.de\/stechlin\/auszeichnung-eler-projekt-des-monats-juli\/\"]}]},{\"@type\":\"BreadcrumbList\",\"@id\":\"https:\/\/www.naturparkmagazin.de\/stechlin\/auszeichnung-eler-projekt-des-monats-juli\/#breadcrumb\",\"itemListElement\":[{\"@type\":\"ListItem\",\"position\":1,\"name\":\"Home\",\"item\":\"https:\/\/www.naturparkmagazin.de\/stechlin\/\"},{\"@type\":\"ListItem\",\"position\":2,\"name\":\"Auszeichnung &#8211; ELER-Projekt des Monats Juli\"}]},{\"@type\":\"WebSite\",\"@id\":\"https:\/\/www.naturparkmagazin.de\/stechlin\/#website\",\"url\":\"https:\/\/www.naturparkmagazin.de\/stechlin\/\",\"name\":\"Naturpark Stechlin-Ruppiner Land\",\"description\":\"\",\"potentialAction\":[{\"@type\":\"SearchAction\",\"target\":{\"@type\":\"EntryPoint\",\"urlTemplate\":\"https:\/\/www.naturparkmagazin.de\/stechlin\/?s={search_term_string}\"},\"query-input\":\"required name=search_term_string\"}],\"inLanguage\":\"de\"},{\"@type\":\"Person\",\"@id\":\"https:\/\/www.naturparkmagazin.de\/stechlin\/#\/schema\/person\/3f0d93203df21c806dd63c76d9bb28bc\",\"name\":\"marioschrumpf\",\"url\":\"https:\/\/www.naturparkmagazin.de\/stechlin\/author\/marioschrumpf\/\"}]}<\/script>\n<!-- \/ Yoast SEO plugin. -->","yoast_head_json":{"title":"Auszeichnung - ELER-Projekt des Monats Juli - Naturpark Stechlin-Ruppiner Land","robots":{"index":"index","follow":"follow","max-snippet":"max-snippet:-1","max-image-preview":"max-image-preview:large","max-video-preview":"max-video-preview:-1"},"canonical":"https:\/\/www.naturparkmagazin.de\/stechlin\/auszeichnung-eler-projekt-des-monats-juli\/","og_locale":"de_DE","og_type":"article","og_title":"Auszeichnung - ELER-Projekt des Monats Juli - Naturpark Stechlin-Ruppiner Land","og_description":"Am 23. Juli zeichnete Brandenburgs Umweltminister J\u00f6rg Vogels\u00e4nger das LEADER-Projekt Wassertourismus als ELER-Projekt des Monats aus.","og_url":"https:\/\/www.naturparkmagazin.de\/stechlin\/auszeichnung-eler-projekt-des-monats-juli\/","og_site_name":"Naturpark Stechlin-Ruppiner Land","article_published_time":"2015-07-22T15:09:30+00:00","article_modified_time":"2015-07-28T12:42:02+00:00","og_image":[{"width":500,"height":375,"url":"https:\/\/www.naturparkmagazin.de\/stechlin\/wp-content\/uploads\/sites\/38\/Paddeln.jpg","type":"image\/jpeg"}],"author":"marioschrumpf","twitter_misc":{"Verfasst von":"marioschrumpf","Gesch\u00e4tzte Lesezeit":"1\u00a0Minute"},"schema":{"@context":"https:\/\/schema.org","@graph":[{"@type":"WebPage","@id":"https:\/\/www.naturparkmagazin.de\/stechlin\/auszeichnung-eler-projekt-des-monats-juli\/","url":"https:\/\/www.naturparkmagazin.de\/stechlin\/auszeichnung-eler-projekt-des-monats-juli\/","name":"Auszeichnung - ELER-Projekt des Monats Juli - Naturpark Stechlin-Ruppiner Land","isPartOf":{"@id":"https:\/\/www.naturparkmagazin.de\/stechlin\/#website"},"datePublished":"2015-07-22T15:09:30+00:00","dateModified":"2015-07-28T12:42:02+00:00","author":{"@id":"https:\/\/www.naturparkmagazin.de\/stechlin\/#\/schema\/person\/3f0d93203df21c806dd63c76d9bb28bc"},"breadcrumb":{"@id":"https:\/\/www.naturparkmagazin.de\/stechlin\/auszeichnung-eler-projekt-des-monats-juli\/#breadcrumb"},"inLanguage":"de","potentialAction":[{"@type":"ReadAction","target":["https:\/\/www.naturparkmagazin.de\/stechlin\/auszeichnung-eler-projekt-des-monats-juli\/"]}]},{"@type":"BreadcrumbList","@id":"https:\/\/www.naturparkmagazin.de\/stechlin\/auszeichnung-eler-projekt-des-monats-juli\/#breadcrumb","itemListElement":[{"@type":"ListItem","position":1,"name":"Home","item":"https:\/\/www.naturparkmagazin.de\/stechlin\/"},{"@type":"ListItem","position":2,"name":"Auszeichnung &#8211; ELER-Projekt des Monats Juli"}]},{"@type":"WebSite","@id":"https:\/\/www.naturparkmagazin.de\/stechlin\/#website","url":"https:\/\/www.naturparkmagazin.de\/stechlin\/","name":"Naturpark Stechlin-Ruppiner Land","description":"","potentialAction":[{"@type":"SearchAction","target":{"@type":"EntryPoint","urlTemplate":"https:\/\/www.naturparkmagazin.de\/stechlin\/?s={search_term_string}"},"query-input":"required name=search_term_string"}],"inLanguage":"de"},{"@type":"Person","@id":"https:\/\/www.naturparkmagazin.de\/stechlin\/#\/schema\/person\/3f0d93203df21c806dd63c76d9bb28bc","name":"marioschrumpf","url":"https:\/\/www.naturparkmagazin.de\/stechlin\/author\/marioschrumpf\/"}]}},"_links":{"self":[{"href":"https:\/\/www.naturparkmagazin.de\/stechlin\/wp-json\/wp\/v2\/posts\/2501"}],"collection":[{"href":"https:\/\/www.naturparkmagazin.de\/stechlin\/wp-json\/wp\/v2\/posts"}],"about":[{"href":"https:\/\/www.naturparkmagazin.de\/stechlin\/wp-json\/wp\/v2\/types\/post"}],"author":[{"embeddable":true,"href":"https:\/\/www.naturparkmagazin.de\/stechlin\/wp-json\/wp\/v2\/users\/39"}],"replies":[{"embeddable":true,"href":"https:\/\/www.naturparkmagazin.de\/stechlin\/wp-json\/wp\/v2\/comments?post=2501"}],"version-history":[{"count":5,"href":"https:\/\/www.naturparkmagazin.de\/stechlin\/wp-json\/wp\/v2\/posts\/2501\/revisions"}],"predecessor-version":[{"id":2653,"href":"https:\/\/www.naturparkmagazin.de\/stechlin\/wp-json\/wp\/v2\/posts\/2501\/revisions\/2653"}],"wp:featuredmedia":[{"embeddable":true,"href":"https:\/\/www.naturparkmagazin.de\/stechlin\/wp-json\/wp\/v2\/media\/2503"}],"wp:attachment":[{"href":"https:\/\/www.naturparkmagazin.de\/stechlin\/wp-json\/wp\/v2\/media?parent=2501"}],"wp:term":[{"taxonomy":"category","embeddable":true,"href":"https:\/\/www.naturparkmagazin.de\/stechlin\/wp-json\/wp\/v2\/categories?post=2501"},{"taxonomy":"post_tag","embeddable":true,"href":"https:\/\/www.naturparkmagazin.de\/stechlin\/wp-json\/wp\/v2\/tags?post=2501"}],"curies":[{"name":"wp","href":"https:\/\/api.w.org\/{rel}","templated":true}]}}