{"id":2507,"date":"2015-07-22T09:49:16","date_gmt":"2015-07-22T07:49:16","guid":{"rendered":"http:\/\/www.naturparkmagazin.de\/stechlin\/?p=2507"},"modified":"2015-07-28T19:49:06","modified_gmt":"2015-07-28T17:49:06","slug":"12-treffen-der-arbeitsgruppe-characeen-deutschlands","status":"publish","type":"post","link":"https:\/\/www.naturparkmagazin.de\/stechlin\/12-treffen-der-arbeitsgruppe-characeen-deutschlands\/","title":{"rendered":"12. Treffen der Arbeitsgruppe Characeen Deutschlands"},"content":{"rendered":"<div id=\"attachment_2509\" style=\"width: 310px\" class=\"wp-caption alignleft\"><a href=\"https:\/\/www.naturparkmagazin.de\/stechlin\/wp-content\/uploads\/sites\/38\/August_2.jpg\"><img aria-describedby=\"caption-attachment-2509\" decoding=\"async\" loading=\"lazy\" class=\"wp-image-2509 size-thumbnail\" src=\"https:\/\/www.naturparkmagazin.de\/stechlin\/wp-content\/uploads\/sites\/38\/August_2-300x199.jpg\" alt=\"NP SRL\/Sabine P\u00e4tzold\" width=\"300\" height=\"199\" srcset=\"https:\/\/www.naturparkmagazin.de\/stechlin\/wp-content\/uploads\/sites\/38\/August_2-300x199.jpg 300w, https:\/\/www.naturparkmagazin.de\/stechlin\/wp-content\/uploads\/sites\/38\/August_2.jpg 500w, https:\/\/www.naturparkmagazin.de\/stechlin\/wp-content\/uploads\/sites\/38\/August_2-200x133.jpg 200w\" sizes=\"(max-width: 300px) 100vw, 300px\" \/><\/a><p id=\"caption-attachment-2509\" class=\"wp-caption-text\">Auch Kleingew\u00e4sser in der Agrarlandschaft wurden untersucht<\/p><\/div>\n<p>&nbsp;<\/p>\n<p>&nbsp;<\/p>\n<p>&nbsp;<\/p>\n<p>&nbsp;<\/p>\n<p>&nbsp;<\/p>\n<p>&nbsp;<\/p>\n<p>&nbsp;<\/p>\n<p>&nbsp;<\/p>\n<p>&nbsp;<\/p>\n<p>&nbsp;<\/p>\n<p>Das 12. Treffen der <strong>Arbeitsgruppe Characeen Deutschlands<\/strong> fand erstmalig vom 3. \u2013 5. Juli 2015 im Bundesland Brandenburg im Biosph\u00e4renreservat Schorfheide-Chorin und in den Naturparken Uckerm\u00e4rkische Seen und Stechlin-Ruppiner Land statt. 42 Wissenschaftler aus ganz Deutschland und den Niederlanden waren dabei und haben die Vorkommen der seltenen <strong>Characeen, auch Armleuchteralgen genannt<\/strong>, in den Seen Nordbrandenburgs untersucht und ihre Ergebnisse diskutiert.<\/p>\n<p>Armleuchteralgen sind die lebensraumtypische Vegetation unserer Klarwasserseen und besonders sensible Indikatoren der Wasserqualit\u00e4t. Anders als die zumeist einzelligen Planktonalgen \u00e4hneln sie im Wuchs h\u00f6heren Pflanzen und wachsen am Grund klarer Seen. Dort bilden sie dichte Rasen \u2013 ein Charakteristikum f\u00fcr gute Gew\u00e4sserqualit\u00e4t. Sind sie in gro\u00dfen Tiefen und hoher Deckung in den Seen vorhanden, dann ist der See glasklar.<\/p>\n<p>Deutschlandweit sind Armleuchteralgen jedoch vom R\u00fcckgang betroffen. Mit Ausnahme einer einzigen Art sind sie im Bestand gef\u00e4hrdet und in der Roten Liste verzeichnet. Auch der einst dominante <strong>Seentyp Klarwassersee<\/strong> der Mecklenburgischen Seenplatte, f\u00fcr den Brandenburg nach der FFH-Richtlinie der Europ\u00e4ischen Union hohe Verantwortung besitzt, ist selten geworden. Im Rahmen der Tagung wurden daher unter anderem die Ursachen f\u00fcr den bundesweiten R\u00fcckgang der einst weit verbreiteten Characeenrasen diskutiert.<\/p>\n<div id=\"attachment_2510\" style=\"width: 310px\" class=\"wp-caption alignleft\"><a href=\"https:\/\/www.naturparkmagazin.de\/stechlin\/wp-content\/uploads\/sites\/38\/August4.jpg\"><img aria-describedby=\"caption-attachment-2510\" decoding=\"async\" loading=\"lazy\" class=\"wp-image-2510 size-thumbnail\" src=\"https:\/\/www.naturparkmagazin.de\/stechlin\/wp-content\/uploads\/sites\/38\/August4-300x199.jpg\" alt=\"NP SRL\/Sabine P\u00e4tzold\" width=\"300\" height=\"199\" srcset=\"https:\/\/www.naturparkmagazin.de\/stechlin\/wp-content\/uploads\/sites\/38\/August4-300x199.jpg 300w, https:\/\/www.naturparkmagazin.de\/stechlin\/wp-content\/uploads\/sites\/38\/August4.jpg 500w, https:\/\/www.naturparkmagazin.de\/stechlin\/wp-content\/uploads\/sites\/38\/August4-200x133.jpg 200w\" sizes=\"(max-width: 300px) 100vw, 300px\" \/><\/a><p id=\"caption-attachment-2510\" class=\"wp-caption-text\">Gemeinsam erfolgte die Bestimmung der gefundenen Arten<\/p><\/div>\n<p>&nbsp;<\/p>\n<p>&nbsp;<\/p>\n","protected":false},"excerpt":{"rendered":"<p>Armleuchteralgenexperten Deutschlands trafen sich erstmalig vom 3. \u2013 5. Juli 2015 im Bundesland Brandenburg.<\/p>\n","protected":false},"author":39,"featured_media":2508,"comment_status":"open","ping_status":"open","sticky":false,"template":"","format":"standard","meta":[],"categories":[7],"tags":[],"yoast_head":"<!-- This site is optimized with the Yoast SEO plugin v19.10 - https:\/\/yoast.com\/wordpress\/plugins\/seo\/ -->\n<title>12. Treffen der Arbeitsgruppe Characeen Deutschlands - Naturpark Stechlin-Ruppiner Land<\/title>\n<meta name=\"robots\" content=\"index, follow, max-snippet:-1, max-image-preview:large, max-video-preview:-1\" \/>\n<link rel=\"canonical\" href=\"https:\/\/www.naturparkmagazin.de\/stechlin\/12-treffen-der-arbeitsgruppe-characeen-deutschlands\/\" \/>\n<meta property=\"og:locale\" content=\"de_DE\" \/>\n<meta property=\"og:type\" content=\"article\" \/>\n<meta property=\"og:title\" content=\"12. Treffen der Arbeitsgruppe Characeen Deutschlands - Naturpark Stechlin-Ruppiner Land\" \/>\n<meta property=\"og:description\" content=\"Armleuchteralgenexperten Deutschlands trafen sich erstmalig vom 3. \u2013 5. Juli 2015 im Bundesland Brandenburg.\" \/>\n<meta property=\"og:url\" content=\"https:\/\/www.naturparkmagazin.de\/stechlin\/12-treffen-der-arbeitsgruppe-characeen-deutschlands\/\" \/>\n<meta property=\"og:site_name\" content=\"Naturpark Stechlin-Ruppiner Land\" \/>\n<meta property=\"article:published_time\" content=\"2015-07-22T07:49:16+00:00\" \/>\n<meta property=\"article:modified_time\" content=\"2015-07-28T17:49:06+00:00\" \/>\n<meta property=\"og:image\" content=\"https:\/\/www.naturparkmagazin.de\/stechlin\/wp-content\/uploads\/sites\/38\/August_1.jpg\" \/>\n\t<meta property=\"og:image:width\" content=\"500\" \/>\n\t<meta property=\"og:image:height\" content=\"332\" \/>\n\t<meta property=\"og:image:type\" content=\"image\/jpeg\" \/>\n<meta name=\"author\" content=\"marioschrumpf\" \/>\n<meta name=\"twitter:label1\" content=\"Verfasst von\" \/>\n\t<meta name=\"twitter:data1\" content=\"marioschrumpf\" \/>\n\t<meta name=\"twitter:label2\" content=\"Gesch\u00e4tzte Lesezeit\" \/>\n\t<meta name=\"twitter:data2\" content=\"1\u00a0Minute\" \/>\n<script type=\"application\/ld+json\" class=\"yoast-schema-graph\">{\"@context\":\"https:\/\/schema.org\",\"@graph\":[{\"@type\":\"WebPage\",\"@id\":\"https:\/\/www.naturparkmagazin.de\/stechlin\/12-treffen-der-arbeitsgruppe-characeen-deutschlands\/\",\"url\":\"https:\/\/www.naturparkmagazin.de\/stechlin\/12-treffen-der-arbeitsgruppe-characeen-deutschlands\/\",\"name\":\"12. Treffen der Arbeitsgruppe Characeen Deutschlands - Naturpark Stechlin-Ruppiner Land\",\"isPartOf\":{\"@id\":\"https:\/\/www.naturparkmagazin.de\/stechlin\/#website\"},\"datePublished\":\"2015-07-22T07:49:16+00:00\",\"dateModified\":\"2015-07-28T17:49:06+00:00\",\"author\":{\"@id\":\"https:\/\/www.naturparkmagazin.de\/stechlin\/#\/schema\/person\/3f0d93203df21c806dd63c76d9bb28bc\"},\"breadcrumb\":{\"@id\":\"https:\/\/www.naturparkmagazin.de\/stechlin\/12-treffen-der-arbeitsgruppe-characeen-deutschlands\/#breadcrumb\"},\"inLanguage\":\"de\",\"potentialAction\":[{\"@type\":\"ReadAction\",\"target\":[\"https:\/\/www.naturparkmagazin.de\/stechlin\/12-treffen-der-arbeitsgruppe-characeen-deutschlands\/\"]}]},{\"@type\":\"BreadcrumbList\",\"@id\":\"https:\/\/www.naturparkmagazin.de\/stechlin\/12-treffen-der-arbeitsgruppe-characeen-deutschlands\/#breadcrumb\",\"itemListElement\":[{\"@type\":\"ListItem\",\"position\":1,\"name\":\"Home\",\"item\":\"https:\/\/www.naturparkmagazin.de\/stechlin\/\"},{\"@type\":\"ListItem\",\"position\":2,\"name\":\"12. Treffen der Arbeitsgruppe Characeen Deutschlands\"}]},{\"@type\":\"WebSite\",\"@id\":\"https:\/\/www.naturparkmagazin.de\/stechlin\/#website\",\"url\":\"https:\/\/www.naturparkmagazin.de\/stechlin\/\",\"name\":\"Naturpark Stechlin-Ruppiner Land\",\"description\":\"\",\"potentialAction\":[{\"@type\":\"SearchAction\",\"target\":{\"@type\":\"EntryPoint\",\"urlTemplate\":\"https:\/\/www.naturparkmagazin.de\/stechlin\/?s={search_term_string}\"},\"query-input\":\"required name=search_term_string\"}],\"inLanguage\":\"de\"},{\"@type\":\"Person\",\"@id\":\"https:\/\/www.naturparkmagazin.de\/stechlin\/#\/schema\/person\/3f0d93203df21c806dd63c76d9bb28bc\",\"name\":\"marioschrumpf\",\"url\":\"https:\/\/www.naturparkmagazin.de\/stechlin\/author\/marioschrumpf\/\"}]}<\/script>\n<!-- \/ Yoast SEO plugin. -->","yoast_head_json":{"title":"12. Treffen der Arbeitsgruppe Characeen Deutschlands - Naturpark Stechlin-Ruppiner Land","robots":{"index":"index","follow":"follow","max-snippet":"max-snippet:-1","max-image-preview":"max-image-preview:large","max-video-preview":"max-video-preview:-1"},"canonical":"https:\/\/www.naturparkmagazin.de\/stechlin\/12-treffen-der-arbeitsgruppe-characeen-deutschlands\/","og_locale":"de_DE","og_type":"article","og_title":"12. Treffen der Arbeitsgruppe Characeen Deutschlands - Naturpark Stechlin-Ruppiner Land","og_description":"Armleuchteralgenexperten Deutschlands trafen sich erstmalig vom 3. \u2013 5. Juli 2015 im Bundesland Brandenburg.","og_url":"https:\/\/www.naturparkmagazin.de\/stechlin\/12-treffen-der-arbeitsgruppe-characeen-deutschlands\/","og_site_name":"Naturpark Stechlin-Ruppiner Land","article_published_time":"2015-07-22T07:49:16+00:00","article_modified_time":"2015-07-28T17:49:06+00:00","og_image":[{"width":500,"height":332,"url":"https:\/\/www.naturparkmagazin.de\/stechlin\/wp-content\/uploads\/sites\/38\/August_1.jpg","type":"image\/jpeg"}],"author":"marioschrumpf","twitter_misc":{"Verfasst von":"marioschrumpf","Gesch\u00e4tzte Lesezeit":"1\u00a0Minute"},"schema":{"@context":"https:\/\/schema.org","@graph":[{"@type":"WebPage","@id":"https:\/\/www.naturparkmagazin.de\/stechlin\/12-treffen-der-arbeitsgruppe-characeen-deutschlands\/","url":"https:\/\/www.naturparkmagazin.de\/stechlin\/12-treffen-der-arbeitsgruppe-characeen-deutschlands\/","name":"12. Treffen der Arbeitsgruppe Characeen Deutschlands - Naturpark Stechlin-Ruppiner Land","isPartOf":{"@id":"https:\/\/www.naturparkmagazin.de\/stechlin\/#website"},"datePublished":"2015-07-22T07:49:16+00:00","dateModified":"2015-07-28T17:49:06+00:00","author":{"@id":"https:\/\/www.naturparkmagazin.de\/stechlin\/#\/schema\/person\/3f0d93203df21c806dd63c76d9bb28bc"},"breadcrumb":{"@id":"https:\/\/www.naturparkmagazin.de\/stechlin\/12-treffen-der-arbeitsgruppe-characeen-deutschlands\/#breadcrumb"},"inLanguage":"de","potentialAction":[{"@type":"ReadAction","target":["https:\/\/www.naturparkmagazin.de\/stechlin\/12-treffen-der-arbeitsgruppe-characeen-deutschlands\/"]}]},{"@type":"BreadcrumbList","@id":"https:\/\/www.naturparkmagazin.de\/stechlin\/12-treffen-der-arbeitsgruppe-characeen-deutschlands\/#breadcrumb","itemListElement":[{"@type":"ListItem","position":1,"name":"Home","item":"https:\/\/www.naturparkmagazin.de\/stechlin\/"},{"@type":"ListItem","position":2,"name":"12. Treffen der Arbeitsgruppe Characeen Deutschlands"}]},{"@type":"WebSite","@id":"https:\/\/www.naturparkmagazin.de\/stechlin\/#website","url":"https:\/\/www.naturparkmagazin.de\/stechlin\/","name":"Naturpark Stechlin-Ruppiner Land","description":"","potentialAction":[{"@type":"SearchAction","target":{"@type":"EntryPoint","urlTemplate":"https:\/\/www.naturparkmagazin.de\/stechlin\/?s={search_term_string}"},"query-input":"required name=search_term_string"}],"inLanguage":"de"},{"@type":"Person","@id":"https:\/\/www.naturparkmagazin.de\/stechlin\/#\/schema\/person\/3f0d93203df21c806dd63c76d9bb28bc","name":"marioschrumpf","url":"https:\/\/www.naturparkmagazin.de\/stechlin\/author\/marioschrumpf\/"}]}},"_links":{"self":[{"href":"https:\/\/www.naturparkmagazin.de\/stechlin\/wp-json\/wp\/v2\/posts\/2507"}],"collection":[{"href":"https:\/\/www.naturparkmagazin.de\/stechlin\/wp-json\/wp\/v2\/posts"}],"about":[{"href":"https:\/\/www.naturparkmagazin.de\/stechlin\/wp-json\/wp\/v2\/types\/post"}],"author":[{"embeddable":true,"href":"https:\/\/www.naturparkmagazin.de\/stechlin\/wp-json\/wp\/v2\/users\/39"}],"replies":[{"embeddable":true,"href":"https:\/\/www.naturparkmagazin.de\/stechlin\/wp-json\/wp\/v2\/comments?post=2507"}],"version-history":[{"count":5,"href":"https:\/\/www.naturparkmagazin.de\/stechlin\/wp-json\/wp\/v2\/posts\/2507\/revisions"}],"predecessor-version":[{"id":2655,"href":"https:\/\/www.naturparkmagazin.de\/stechlin\/wp-json\/wp\/v2\/posts\/2507\/revisions\/2655"}],"wp:featuredmedia":[{"embeddable":true,"href":"https:\/\/www.naturparkmagazin.de\/stechlin\/wp-json\/wp\/v2\/media\/2508"}],"wp:attachment":[{"href":"https:\/\/www.naturparkmagazin.de\/stechlin\/wp-json\/wp\/v2\/media?parent=2507"}],"wp:term":[{"taxonomy":"category","embeddable":true,"href":"https:\/\/www.naturparkmagazin.de\/stechlin\/wp-json\/wp\/v2\/categories?post=2507"},{"taxonomy":"post_tag","embeddable":true,"href":"https:\/\/www.naturparkmagazin.de\/stechlin\/wp-json\/wp\/v2\/tags?post=2507"}],"curies":[{"name":"wp","href":"https:\/\/api.w.org\/{rel}","templated":true}]}}