{"id":2525,"date":"2015-07-22T07:47:05","date_gmt":"2015-07-22T05:47:05","guid":{"rendered":"http:\/\/www.naturparkmagazin.de\/stechlin\/?p=2525"},"modified":"2015-07-28T19:48:38","modified_gmt":"2015-07-28T17:48:38","slug":"die-theodor-fontane-schule-menz-ist-jetzt","status":"publish","type":"post","link":"https:\/\/www.naturparkmagazin.de\/stechlin\/die-theodor-fontane-schule-menz-ist-jetzt\/","title":{"rendered":"Die Theodor-Fontane-Schule Menz ist jetzt &#8222;Naturpark-Schule&#8220;!"},"content":{"rendered":"<div id=\"attachment_2527\" style=\"width: 310px\" class=\"wp-caption alignleft\"><a href=\"https:\/\/www.naturparkmagazin.de\/stechlin\/wp-content\/uploads\/sites\/38\/IMG_6887.jpg\"><img aria-describedby=\"caption-attachment-2527\" decoding=\"async\" loading=\"lazy\" class=\"size-thumbnail wp-image-2527\" src=\"https:\/\/www.naturparkmagazin.de\/stechlin\/wp-content\/uploads\/sites\/38\/IMG_6887-300x200.jpg\" alt=\"Der stellvertretende Amtsdirektor Wolfgang Schwericke enth\u00fcllt zusammen mit ... die Plakette\" width=\"300\" height=\"200\" srcset=\"https:\/\/www.naturparkmagazin.de\/stechlin\/wp-content\/uploads\/sites\/38\/IMG_6887-300x200.jpg 300w, https:\/\/www.naturparkmagazin.de\/stechlin\/wp-content\/uploads\/sites\/38\/IMG_6887-620x413.jpg 620w, https:\/\/www.naturparkmagazin.de\/stechlin\/wp-content\/uploads\/sites\/38\/IMG_6887-670x446.jpg 670w, https:\/\/www.naturparkmagazin.de\/stechlin\/wp-content\/uploads\/sites\/38\/IMG_6887-200x133.jpg 200w, https:\/\/www.naturparkmagazin.de\/stechlin\/wp-content\/uploads\/sites\/38\/IMG_6887.jpg 800w\" sizes=\"(max-width: 300px) 100vw, 300px\" \/><\/a><p id=\"caption-attachment-2527\" class=\"wp-caption-text\">Der stellvertretende Amtsdirektor Wolfgang Schwericke enth\u00fcllt zusammen mit\u00a0Sch\u00fclervertreter Aaron Knaak\u00a0die Plakette.<\/p><\/div>\n<p>&nbsp;<\/p>\n<p>&nbsp;<\/p>\n<p>&nbsp;<\/p>\n<p>&nbsp;<\/p>\n<p>&nbsp;<\/p>\n<div id=\"attachment_2526\" style=\"width: 310px\" class=\"wp-caption alignleft\"><a href=\"https:\/\/www.naturparkmagazin.de\/stechlin\/wp-content\/uploads\/sites\/38\/IMG_6878.jpg\"><img aria-describedby=\"caption-attachment-2526\" decoding=\"async\" loading=\"lazy\" class=\"size-thumbnail wp-image-2526\" src=\"https:\/\/www.naturparkmagazin.de\/stechlin\/wp-content\/uploads\/sites\/38\/IMG_6878-300x200.jpg\" alt=\"Naturw\u00e4chter Thomas Hahn und Naturparkleiter Dr. Mario Schrumpf \u00fcberreichen Schuldirektorin Angela Stegemann die Urkunde (v.r.n.l.)\" width=\"300\" height=\"200\" srcset=\"https:\/\/www.naturparkmagazin.de\/stechlin\/wp-content\/uploads\/sites\/38\/IMG_6878-300x200.jpg 300w, https:\/\/www.naturparkmagazin.de\/stechlin\/wp-content\/uploads\/sites\/38\/IMG_6878-620x413.jpg 620w, https:\/\/www.naturparkmagazin.de\/stechlin\/wp-content\/uploads\/sites\/38\/IMG_6878-670x446.jpg 670w, https:\/\/www.naturparkmagazin.de\/stechlin\/wp-content\/uploads\/sites\/38\/IMG_6878-200x133.jpg 200w, https:\/\/www.naturparkmagazin.de\/stechlin\/wp-content\/uploads\/sites\/38\/IMG_6878.jpg 800w\" sizes=\"(max-width: 300px) 100vw, 300px\" \/><\/a><p id=\"caption-attachment-2526\" class=\"wp-caption-text\">Naturw\u00e4chter Thomas Hahn und Naturparkleiter Dr. Mario Schrumpf \u00fcberreichen Schuldirektorin Angela Stegemann die Urkunde (v.r.n.l.)<\/p><\/div>\n<p>&nbsp;<\/p>\n<p>&nbsp;<\/p>\n<p>&nbsp;<\/p>\n<p>&nbsp;<\/p>\n<p>&nbsp;<\/p>\n<p>&nbsp;<\/p>\n<p>&nbsp;<\/p>\n<p>&nbsp;<\/p>\n<p>&nbsp;<\/p>\n<p>&nbsp;<\/p>\n<p>&nbsp;<\/p>\n<p>&nbsp;<\/p>\n<p>&nbsp;<\/p>\n<p>Eine neue Plakette schm\u00fcckt\u00a0ab sofort den Eingangsbereich der Grundschule Menz, denn die Theodor-Fontane-Schule darf sich ab jetzt \u201eNaturpark-Schule\u201c nennen. Sie ist die erste Naturpark-Schule im Naturpark Stechlin-Ruppiner Land, die dieses bundesweite Zertifikat vom Verband Deutscher Naturparke (VDN) erhielt. Die Urkunde und die Plakette wurden\u00a0am 10. Juli\u00a0im Rahmen einer Feierstunde von Naturparkleiter Dr. Mario Schrumpf im Beisein\u00a0des stellvertretenden Amtsdirektors Wolfgang Schwericke\u00a0und Thomas Hahn von der Naturwacht an die Schulleiterin der Theodor-Fontane-Schule Menz, Angela Stegemann, \u00fcberreicht.<\/p>\n<p>Ziel des Projektes ist der Aufbau einer festen, dauerhaften Zusammenarbeit zwischen Naturparken und Schulen, deren Rahmenbedingungen in einer Kooperationsvereinbarung festgelegt sind. Die Schulen gew\u00e4hrleisten, Naturpark- und Umweltthemen unter Ber\u00fccksichtigung des Aspekts \u201e<em>Bildung f\u00fcr nachhaltige Entwicklung<\/em>\u201c regelm\u00e4\u00dfig im Unterricht zu verankern.<\/p>\n<p>\u201e<em>Die Zusammenarbeit mit Schulen ist eine wichtige Aufgabe der Naturparke und ein wichtiger Beitrag f\u00fcr eine nachhaltige Entwicklung in Deutschland<\/em>\u201c so VDN-Pr\u00e4sident Dr. Michael Arndt. \u201e<em>Wir w\u00fcnschen uns<\/em>\u201c, betonte der Leiter des Naturparks Stechlin-Ruppiner Land Dr. Mario Schrumpf, \u201e<em>dass weitere Schulen in unserem Naturpark erkennen, wie wertvoll das neue Netzwerk der Naturpark-Schulen f\u00fcr alle Beteiligten ist und dass sie dem Beispiel der Fontane-Schule folgen<\/em>.\u201c<\/p>\n<p>Das Konzept und die Kriterien f\u00fcr eine \u201eNaturpark-Schule\u201c sind im Projekt \u201eNetzwerk Naturpark-Schulen\u201c des VDN entstanden, in dem sich 14 Modell-Naturparke aus dem Bundesgebiet zusammengefunden haben. Gef\u00f6rdert wurde das Projekt von der Deutschen Bundesstiftung Umwelt (DBU) mit Sitz in Osnabr\u00fcck. \u201eDurch Erlebnisse in heimischen Feldern und W\u00e4ldern\u201c so DBU-Generalsekret\u00e4r Dr. Heinrich Bottermann, \u201ek\u00f6nnen junge Menschen Kontakt zur Natur herstellen, heimische Tier- und Pflanzenarten kennen lernen, sich Wissen \u00fcber \u00f6kologische und naturr\u00e4umliche Zusammenh\u00e4nge aneignen und motiviert werden, sich f\u00fcr den Schutz der Natur einzusetzen.\u201c<\/p>\n<p>Das Zertifikat \u201eNaturpark-Schule\u201c ist f\u00fcr f\u00fcnf Jahre g\u00fcltig und kann dann nach dem f\u00e4lligen Qualit\u00e4tscheck entsprechend der VDN-Kriterien erneut vergeben werden.<\/p>\n<div id=\"attachment_2528\" style=\"width: 310px\" class=\"wp-caption alignleft\"><a href=\"https:\/\/www.naturparkmagazin.de\/stechlin\/wp-content\/uploads\/sites\/38\/IMG_6907.jpg\"><img aria-describedby=\"caption-attachment-2528\" decoding=\"async\" loading=\"lazy\" class=\"size-thumbnail wp-image-2528\" src=\"https:\/\/www.naturparkmagazin.de\/stechlin\/wp-content\/uploads\/sites\/38\/IMG_6907-300x200.jpg\" alt=\"Stolz tragen die Mitglieder der Arbeitsgemeinschaft Menzer Naturforscher ihr T-Shirt mit Maskottchen &quot;Lasse Laubfrosch&quot;\" width=\"300\" height=\"200\" srcset=\"https:\/\/www.naturparkmagazin.de\/stechlin\/wp-content\/uploads\/sites\/38\/IMG_6907-300x200.jpg 300w, https:\/\/www.naturparkmagazin.de\/stechlin\/wp-content\/uploads\/sites\/38\/IMG_6907-620x413.jpg 620w, https:\/\/www.naturparkmagazin.de\/stechlin\/wp-content\/uploads\/sites\/38\/IMG_6907-670x446.jpg 670w, https:\/\/www.naturparkmagazin.de\/stechlin\/wp-content\/uploads\/sites\/38\/IMG_6907-200x133.jpg 200w, https:\/\/www.naturparkmagazin.de\/stechlin\/wp-content\/uploads\/sites\/38\/IMG_6907.jpg 800w\" sizes=\"(max-width: 300px) 100vw, 300px\" \/><\/a><p id=\"caption-attachment-2528\" class=\"wp-caption-text\">Stolz tragen die Mitglieder der Arbeitsgemeinschaft Menzer Naturforscher ihr T-Shirt mit Maskottchen &#8222;Lasse Laubfrosch&#8220;<\/p><\/div>\n<p>&nbsp;<\/p>\n<p>&nbsp;<\/p>\n<p>&nbsp;<\/p>\n<p>&nbsp;<\/p>\n<p>&nbsp;<\/p>\n<p>&nbsp;<\/p>\n<p>&nbsp;<\/p>\n<div id=\"attachment_2529\" style=\"width: 310px\" class=\"wp-caption alignleft\"><a href=\"https:\/\/www.naturparkmagazin.de\/stechlin\/wp-content\/uploads\/sites\/38\/IMG_6915.jpg\"><img aria-describedby=\"caption-attachment-2529\" decoding=\"async\" loading=\"lazy\" class=\"size-thumbnail wp-image-2529\" src=\"https:\/\/www.naturparkmagazin.de\/stechlin\/wp-content\/uploads\/sites\/38\/IMG_6915-300x200.jpg\" alt=\"Die jungen Jagdhornbl\u00e4ser geben das Signal f\u00fcr den Start als Naturparkschule.\" width=\"300\" height=\"200\" srcset=\"https:\/\/www.naturparkmagazin.de\/stechlin\/wp-content\/uploads\/sites\/38\/IMG_6915-300x200.jpg 300w, https:\/\/www.naturparkmagazin.de\/stechlin\/wp-content\/uploads\/sites\/38\/IMG_6915-620x413.jpg 620w, https:\/\/www.naturparkmagazin.de\/stechlin\/wp-content\/uploads\/sites\/38\/IMG_6915-670x446.jpg 670w, https:\/\/www.naturparkmagazin.de\/stechlin\/wp-content\/uploads\/sites\/38\/IMG_6915-200x133.jpg 200w, https:\/\/www.naturparkmagazin.de\/stechlin\/wp-content\/uploads\/sites\/38\/IMG_6915.jpg 800w\" sizes=\"(max-width: 300px) 100vw, 300px\" \/><\/a><p id=\"caption-attachment-2529\" class=\"wp-caption-text\">Die jungen Jagdhornbl\u00e4ser geben das Signal f\u00fcr den Start als Naturparkschule.<\/p><\/div>\n","protected":false},"excerpt":{"rendered":"<p>Am 10. Juli wurde die Theodor-Fontane-Schule Menz als erste \u201eNaturpark-Schule\u201c  des Naturparks Stechlin-Ruppiner Land ausgezeichnet. <\/p>\n","protected":false},"author":39,"featured_media":2526,"comment_status":"open","ping_status":"open","sticky":false,"template":"","format":"standard","meta":[],"categories":[7],"tags":[],"yoast_head":"<!-- This site is optimized with the Yoast SEO plugin v19.10 - https:\/\/yoast.com\/wordpress\/plugins\/seo\/ -->\n<title>Die Theodor-Fontane-Schule Menz ist jetzt &quot;Naturpark-Schule&quot;! - Naturpark Stechlin-Ruppiner Land<\/title>\n<meta name=\"robots\" content=\"index, follow, max-snippet:-1, max-image-preview:large, max-video-preview:-1\" \/>\n<link rel=\"canonical\" href=\"https:\/\/www.naturparkmagazin.de\/stechlin\/die-theodor-fontane-schule-menz-ist-jetzt\/\" \/>\n<meta property=\"og:locale\" content=\"de_DE\" \/>\n<meta property=\"og:type\" content=\"article\" \/>\n<meta property=\"og:title\" content=\"Die Theodor-Fontane-Schule Menz ist jetzt &quot;Naturpark-Schule&quot;! - Naturpark Stechlin-Ruppiner Land\" \/>\n<meta property=\"og:description\" content=\"Am 10. Juli wurde die Theodor-Fontane-Schule Menz als erste \u201eNaturpark-Schule\u201c des Naturparks Stechlin-Ruppiner Land ausgezeichnet.\" \/>\n<meta property=\"og:url\" content=\"https:\/\/www.naturparkmagazin.de\/stechlin\/die-theodor-fontane-schule-menz-ist-jetzt\/\" \/>\n<meta property=\"og:site_name\" content=\"Naturpark Stechlin-Ruppiner Land\" \/>\n<meta property=\"article:published_time\" content=\"2015-07-22T05:47:05+00:00\" \/>\n<meta property=\"article:modified_time\" content=\"2015-07-28T17:48:38+00:00\" \/>\n<meta property=\"og:image\" content=\"https:\/\/www.naturparkmagazin.de\/stechlin\/wp-content\/uploads\/sites\/38\/IMG_6878.jpg\" \/>\n\t<meta property=\"og:image:width\" content=\"800\" \/>\n\t<meta property=\"og:image:height\" content=\"533\" \/>\n\t<meta property=\"og:image:type\" content=\"image\/jpeg\" \/>\n<meta name=\"author\" content=\"marioschrumpf\" \/>\n<meta name=\"twitter:label1\" content=\"Verfasst von\" \/>\n\t<meta name=\"twitter:data1\" content=\"marioschrumpf\" \/>\n\t<meta name=\"twitter:label2\" content=\"Gesch\u00e4tzte Lesezeit\" \/>\n\t<meta name=\"twitter:data2\" content=\"2\u00a0Minuten\" \/>\n<script type=\"application\/ld+json\" class=\"yoast-schema-graph\">{\"@context\":\"https:\/\/schema.org\",\"@graph\":[{\"@type\":\"WebPage\",\"@id\":\"https:\/\/www.naturparkmagazin.de\/stechlin\/die-theodor-fontane-schule-menz-ist-jetzt\/\",\"url\":\"https:\/\/www.naturparkmagazin.de\/stechlin\/die-theodor-fontane-schule-menz-ist-jetzt\/\",\"name\":\"Die Theodor-Fontane-Schule Menz ist jetzt \\\"Naturpark-Schule\\\"! - Naturpark Stechlin-Ruppiner Land\",\"isPartOf\":{\"@id\":\"https:\/\/www.naturparkmagazin.de\/stechlin\/#website\"},\"datePublished\":\"2015-07-22T05:47:05+00:00\",\"dateModified\":\"2015-07-28T17:48:38+00:00\",\"author\":{\"@id\":\"https:\/\/www.naturparkmagazin.de\/stechlin\/#\/schema\/person\/3f0d93203df21c806dd63c76d9bb28bc\"},\"breadcrumb\":{\"@id\":\"https:\/\/www.naturparkmagazin.de\/stechlin\/die-theodor-fontane-schule-menz-ist-jetzt\/#breadcrumb\"},\"inLanguage\":\"de\",\"potentialAction\":[{\"@type\":\"ReadAction\",\"target\":[\"https:\/\/www.naturparkmagazin.de\/stechlin\/die-theodor-fontane-schule-menz-ist-jetzt\/\"]}]},{\"@type\":\"BreadcrumbList\",\"@id\":\"https:\/\/www.naturparkmagazin.de\/stechlin\/die-theodor-fontane-schule-menz-ist-jetzt\/#breadcrumb\",\"itemListElement\":[{\"@type\":\"ListItem\",\"position\":1,\"name\":\"Home\",\"item\":\"https:\/\/www.naturparkmagazin.de\/stechlin\/\"},{\"@type\":\"ListItem\",\"position\":2,\"name\":\"Die Theodor-Fontane-Schule Menz ist jetzt &#8222;Naturpark-Schule&#8220;!\"}]},{\"@type\":\"WebSite\",\"@id\":\"https:\/\/www.naturparkmagazin.de\/stechlin\/#website\",\"url\":\"https:\/\/www.naturparkmagazin.de\/stechlin\/\",\"name\":\"Naturpark Stechlin-Ruppiner Land\",\"description\":\"\",\"potentialAction\":[{\"@type\":\"SearchAction\",\"target\":{\"@type\":\"EntryPoint\",\"urlTemplate\":\"https:\/\/www.naturparkmagazin.de\/stechlin\/?s={search_term_string}\"},\"query-input\":\"required name=search_term_string\"}],\"inLanguage\":\"de\"},{\"@type\":\"Person\",\"@id\":\"https:\/\/www.naturparkmagazin.de\/stechlin\/#\/schema\/person\/3f0d93203df21c806dd63c76d9bb28bc\",\"name\":\"marioschrumpf\",\"url\":\"https:\/\/www.naturparkmagazin.de\/stechlin\/author\/marioschrumpf\/\"}]}<\/script>\n<!-- \/ Yoast SEO plugin. -->","yoast_head_json":{"title":"Die Theodor-Fontane-Schule Menz ist jetzt \"Naturpark-Schule\"! - Naturpark Stechlin-Ruppiner Land","robots":{"index":"index","follow":"follow","max-snippet":"max-snippet:-1","max-image-preview":"max-image-preview:large","max-video-preview":"max-video-preview:-1"},"canonical":"https:\/\/www.naturparkmagazin.de\/stechlin\/die-theodor-fontane-schule-menz-ist-jetzt\/","og_locale":"de_DE","og_type":"article","og_title":"Die Theodor-Fontane-Schule Menz ist jetzt \"Naturpark-Schule\"! - Naturpark Stechlin-Ruppiner Land","og_description":"Am 10. Juli wurde die Theodor-Fontane-Schule Menz als erste \u201eNaturpark-Schule\u201c des Naturparks Stechlin-Ruppiner Land ausgezeichnet.","og_url":"https:\/\/www.naturparkmagazin.de\/stechlin\/die-theodor-fontane-schule-menz-ist-jetzt\/","og_site_name":"Naturpark Stechlin-Ruppiner Land","article_published_time":"2015-07-22T05:47:05+00:00","article_modified_time":"2015-07-28T17:48:38+00:00","og_image":[{"width":800,"height":533,"url":"https:\/\/www.naturparkmagazin.de\/stechlin\/wp-content\/uploads\/sites\/38\/IMG_6878.jpg","type":"image\/jpeg"}],"author":"marioschrumpf","twitter_misc":{"Verfasst von":"marioschrumpf","Gesch\u00e4tzte Lesezeit":"2\u00a0Minuten"},"schema":{"@context":"https:\/\/schema.org","@graph":[{"@type":"WebPage","@id":"https:\/\/www.naturparkmagazin.de\/stechlin\/die-theodor-fontane-schule-menz-ist-jetzt\/","url":"https:\/\/www.naturparkmagazin.de\/stechlin\/die-theodor-fontane-schule-menz-ist-jetzt\/","name":"Die Theodor-Fontane-Schule Menz ist jetzt \"Naturpark-Schule\"! - Naturpark Stechlin-Ruppiner Land","isPartOf":{"@id":"https:\/\/www.naturparkmagazin.de\/stechlin\/#website"},"datePublished":"2015-07-22T05:47:05+00:00","dateModified":"2015-07-28T17:48:38+00:00","author":{"@id":"https:\/\/www.naturparkmagazin.de\/stechlin\/#\/schema\/person\/3f0d93203df21c806dd63c76d9bb28bc"},"breadcrumb":{"@id":"https:\/\/www.naturparkmagazin.de\/stechlin\/die-theodor-fontane-schule-menz-ist-jetzt\/#breadcrumb"},"inLanguage":"de","potentialAction":[{"@type":"ReadAction","target":["https:\/\/www.naturparkmagazin.de\/stechlin\/die-theodor-fontane-schule-menz-ist-jetzt\/"]}]},{"@type":"BreadcrumbList","@id":"https:\/\/www.naturparkmagazin.de\/stechlin\/die-theodor-fontane-schule-menz-ist-jetzt\/#breadcrumb","itemListElement":[{"@type":"ListItem","position":1,"name":"Home","item":"https:\/\/www.naturparkmagazin.de\/stechlin\/"},{"@type":"ListItem","position":2,"name":"Die Theodor-Fontane-Schule Menz ist jetzt &#8222;Naturpark-Schule&#8220;!"}]},{"@type":"WebSite","@id":"https:\/\/www.naturparkmagazin.de\/stechlin\/#website","url":"https:\/\/www.naturparkmagazin.de\/stechlin\/","name":"Naturpark Stechlin-Ruppiner Land","description":"","potentialAction":[{"@type":"SearchAction","target":{"@type":"EntryPoint","urlTemplate":"https:\/\/www.naturparkmagazin.de\/stechlin\/?s={search_term_string}"},"query-input":"required name=search_term_string"}],"inLanguage":"de"},{"@type":"Person","@id":"https:\/\/www.naturparkmagazin.de\/stechlin\/#\/schema\/person\/3f0d93203df21c806dd63c76d9bb28bc","name":"marioschrumpf","url":"https:\/\/www.naturparkmagazin.de\/stechlin\/author\/marioschrumpf\/"}]}},"_links":{"self":[{"href":"https:\/\/www.naturparkmagazin.de\/stechlin\/wp-json\/wp\/v2\/posts\/2525"}],"collection":[{"href":"https:\/\/www.naturparkmagazin.de\/stechlin\/wp-json\/wp\/v2\/posts"}],"about":[{"href":"https:\/\/www.naturparkmagazin.de\/stechlin\/wp-json\/wp\/v2\/types\/post"}],"author":[{"embeddable":true,"href":"https:\/\/www.naturparkmagazin.de\/stechlin\/wp-json\/wp\/v2\/users\/39"}],"replies":[{"embeddable":true,"href":"https:\/\/www.naturparkmagazin.de\/stechlin\/wp-json\/wp\/v2\/comments?post=2525"}],"version-history":[{"count":11,"href":"https:\/\/www.naturparkmagazin.de\/stechlin\/wp-json\/wp\/v2\/posts\/2525\/revisions"}],"predecessor-version":[{"id":2549,"href":"https:\/\/www.naturparkmagazin.de\/stechlin\/wp-json\/wp\/v2\/posts\/2525\/revisions\/2549"}],"wp:featuredmedia":[{"embeddable":true,"href":"https:\/\/www.naturparkmagazin.de\/stechlin\/wp-json\/wp\/v2\/media\/2526"}],"wp:attachment":[{"href":"https:\/\/www.naturparkmagazin.de\/stechlin\/wp-json\/wp\/v2\/media?parent=2525"}],"wp:term":[{"taxonomy":"category","embeddable":true,"href":"https:\/\/www.naturparkmagazin.de\/stechlin\/wp-json\/wp\/v2\/categories?post=2525"},{"taxonomy":"post_tag","embeddable":true,"href":"https:\/\/www.naturparkmagazin.de\/stechlin\/wp-json\/wp\/v2\/tags?post=2525"}],"curies":[{"name":"wp","href":"https:\/\/api.w.org\/{rel}","templated":true}]}}