{"id":2533,"date":"2015-07-22T18:00:51","date_gmt":"2015-07-22T16:00:51","guid":{"rendered":"http:\/\/www.naturparkmagazin.de\/stechlin\/?p=2533"},"modified":"2015-07-28T19:48:10","modified_gmt":"2015-07-28T17:48:10","slug":"kammeroper-rheinsberg-laedt-ein-zur-open-air-saison","status":"publish","type":"post","link":"https:\/\/www.naturparkmagazin.de\/stechlin\/kammeroper-rheinsberg-laedt-ein-zur-open-air-saison\/","title":{"rendered":"Kammeroper Rheinsberg l\u00e4dt ein zur Open-Air-Saison"},"content":{"rendered":"<div id=\"attachment_2534\" style=\"width: 310px\" class=\"wp-caption alignleft\"><a href=\"https:\/\/www.naturparkmagazin.de\/stechlin\/wp-content\/uploads\/sites\/38\/Kammeroper.jpg\"><img aria-describedby=\"caption-attachment-2534\" decoding=\"async\" loading=\"lazy\" class=\"size-thumbnail wp-image-2534\" src=\"https:\/\/www.naturparkmagazin.de\/stechlin\/wp-content\/uploads\/sites\/38\/Kammeroper-300x169.jpg\" alt=\"Der Innenhof des Schlo\u00df Rheinsberg mit Blick auf den Grienericksee ist ein traumhafter Ort f\u00fcr Open-Air-Inszenierungen\" width=\"300\" height=\"169\" srcset=\"https:\/\/www.naturparkmagazin.de\/stechlin\/wp-content\/uploads\/sites\/38\/Kammeroper-300x169.jpg 300w, https:\/\/www.naturparkmagazin.de\/stechlin\/wp-content\/uploads\/sites\/38\/Kammeroper.jpg 500w, https:\/\/www.naturparkmagazin.de\/stechlin\/wp-content\/uploads\/sites\/38\/Kammeroper-200x112.jpg 200w\" sizes=\"(max-width: 300px) 100vw, 300px\" \/><\/a><p id=\"caption-attachment-2534\" class=\"wp-caption-text\">Der Innenhof des Schloss Rheinsberg mit Blick auf den Grienericksee ist ein traumhafter Ort f\u00fcr Open-Air-Inszenierungen<\/p><\/div>\n<p>&nbsp;<\/p>\n<p>&nbsp;<\/p>\n<p>&nbsp;<\/p>\n<p>&nbsp;<\/p>\n<p>&nbsp;<\/p>\n<p>&nbsp;<\/p>\n<p>&nbsp;<\/p>\n<p>&nbsp;<\/p>\n<p>Am 2. Juli startete mit einer Operngala im Schlosshof das diesj\u00e4hrige internationale Opernfestival in Rheinsberg. Die Kammeroper Schloss Rheinsberg ist ein vom Komponisten Siegfried Matthus initiiertes Opernfestival, in dem jungen K\u00fcnstlern im Ergebnis eines Vorsingewettbewerbes die M\u00f6glichkeit er\u00f6ffnet wird, unter Anleitung von Mentoren Opernpartien einzustudieren und diese aufzuf\u00fchren. Open-Air-Auff\u00fchrungsorte sind das Heckentheater im Schlosspark und der Schlosshof. Bei schlechtem Wetter wird in der Matthus-Arena im Hafendorf gespielt. Die Sommersaison 2015 ist die erste Saison f\u00fcr <em>Frank Matthus<\/em> als k\u00fcnstlerischer Leiter, der am 1. September 2014 diese Funktion von seinem Vater <em>Siegfried Matthus<\/em> \u00fcbernommen hat.<\/p>\n<p>Details zu Programm und Tickets des noch bis zum 22. August laufenden Festivals unter <a href=\"http:\/\/www.kammeroper-schloss-rheinsberg.de\">www.kammeroper-schloss-rheinsberg.de<\/a><\/p>\n","protected":false},"excerpt":{"rendered":"<p>Am 2. Juli startete mit einer Operngala im Schlosshof das diesj\u00e4hrige internationale Opernfestival in Rheinsberg.<\/p>\n","protected":false},"author":39,"featured_media":2534,"comment_status":"open","ping_status":"open","sticky":false,"template":"","format":"standard","meta":[],"categories":[11],"tags":[],"yoast_head":"<!-- This site is optimized with the Yoast SEO plugin v19.10 - https:\/\/yoast.com\/wordpress\/plugins\/seo\/ -->\n<title>Kammeroper Rheinsberg l\u00e4dt ein zur Open-Air-Saison - Naturpark Stechlin-Ruppiner Land<\/title>\n<meta name=\"robots\" content=\"index, follow, max-snippet:-1, max-image-preview:large, max-video-preview:-1\" \/>\n<link rel=\"canonical\" href=\"https:\/\/www.naturparkmagazin.de\/stechlin\/kammeroper-rheinsberg-laedt-ein-zur-open-air-saison\/\" \/>\n<meta property=\"og:locale\" content=\"de_DE\" \/>\n<meta property=\"og:type\" content=\"article\" \/>\n<meta property=\"og:title\" content=\"Kammeroper Rheinsberg l\u00e4dt ein zur Open-Air-Saison - Naturpark Stechlin-Ruppiner Land\" \/>\n<meta property=\"og:description\" content=\"Am 2. Juli startete mit einer Operngala im Schlosshof das diesj\u00e4hrige internationale Opernfestival in Rheinsberg.\" \/>\n<meta property=\"og:url\" content=\"https:\/\/www.naturparkmagazin.de\/stechlin\/kammeroper-rheinsberg-laedt-ein-zur-open-air-saison\/\" \/>\n<meta property=\"og:site_name\" content=\"Naturpark Stechlin-Ruppiner Land\" \/>\n<meta property=\"article:published_time\" content=\"2015-07-22T16:00:51+00:00\" \/>\n<meta property=\"article:modified_time\" content=\"2015-07-28T17:48:10+00:00\" \/>\n<meta property=\"og:image\" content=\"https:\/\/www.naturparkmagazin.de\/stechlin\/wp-content\/uploads\/sites\/38\/Kammeroper.jpg\" \/>\n\t<meta property=\"og:image:width\" content=\"500\" \/>\n\t<meta property=\"og:image:height\" content=\"281\" \/>\n\t<meta property=\"og:image:type\" content=\"image\/jpeg\" \/>\n<meta name=\"author\" content=\"marioschrumpf\" \/>\n<meta name=\"twitter:label1\" content=\"Verfasst von\" \/>\n\t<meta name=\"twitter:data1\" content=\"marioschrumpf\" \/>\n\t<meta name=\"twitter:label2\" content=\"Gesch\u00e4tzte Lesezeit\" \/>\n\t<meta name=\"twitter:data2\" content=\"1\u00a0Minute\" \/>\n<script type=\"application\/ld+json\" class=\"yoast-schema-graph\">{\"@context\":\"https:\/\/schema.org\",\"@graph\":[{\"@type\":\"WebPage\",\"@id\":\"https:\/\/www.naturparkmagazin.de\/stechlin\/kammeroper-rheinsberg-laedt-ein-zur-open-air-saison\/\",\"url\":\"https:\/\/www.naturparkmagazin.de\/stechlin\/kammeroper-rheinsberg-laedt-ein-zur-open-air-saison\/\",\"name\":\"Kammeroper Rheinsberg l\u00e4dt ein zur Open-Air-Saison - Naturpark Stechlin-Ruppiner Land\",\"isPartOf\":{\"@id\":\"https:\/\/www.naturparkmagazin.de\/stechlin\/#website\"},\"datePublished\":\"2015-07-22T16:00:51+00:00\",\"dateModified\":\"2015-07-28T17:48:10+00:00\",\"author\":{\"@id\":\"https:\/\/www.naturparkmagazin.de\/stechlin\/#\/schema\/person\/3f0d93203df21c806dd63c76d9bb28bc\"},\"breadcrumb\":{\"@id\":\"https:\/\/www.naturparkmagazin.de\/stechlin\/kammeroper-rheinsberg-laedt-ein-zur-open-air-saison\/#breadcrumb\"},\"inLanguage\":\"de\",\"potentialAction\":[{\"@type\":\"ReadAction\",\"target\":[\"https:\/\/www.naturparkmagazin.de\/stechlin\/kammeroper-rheinsberg-laedt-ein-zur-open-air-saison\/\"]}]},{\"@type\":\"BreadcrumbList\",\"@id\":\"https:\/\/www.naturparkmagazin.de\/stechlin\/kammeroper-rheinsberg-laedt-ein-zur-open-air-saison\/#breadcrumb\",\"itemListElement\":[{\"@type\":\"ListItem\",\"position\":1,\"name\":\"Home\",\"item\":\"https:\/\/www.naturparkmagazin.de\/stechlin\/\"},{\"@type\":\"ListItem\",\"position\":2,\"name\":\"Kammeroper Rheinsberg l\u00e4dt ein zur Open-Air-Saison\"}]},{\"@type\":\"WebSite\",\"@id\":\"https:\/\/www.naturparkmagazin.de\/stechlin\/#website\",\"url\":\"https:\/\/www.naturparkmagazin.de\/stechlin\/\",\"name\":\"Naturpark Stechlin-Ruppiner Land\",\"description\":\"\",\"potentialAction\":[{\"@type\":\"SearchAction\",\"target\":{\"@type\":\"EntryPoint\",\"urlTemplate\":\"https:\/\/www.naturparkmagazin.de\/stechlin\/?s={search_term_string}\"},\"query-input\":\"required name=search_term_string\"}],\"inLanguage\":\"de\"},{\"@type\":\"Person\",\"@id\":\"https:\/\/www.naturparkmagazin.de\/stechlin\/#\/schema\/person\/3f0d93203df21c806dd63c76d9bb28bc\",\"name\":\"marioschrumpf\",\"url\":\"https:\/\/www.naturparkmagazin.de\/stechlin\/author\/marioschrumpf\/\"}]}<\/script>\n<!-- \/ Yoast SEO plugin. -->","yoast_head_json":{"title":"Kammeroper Rheinsberg l\u00e4dt ein zur Open-Air-Saison - Naturpark Stechlin-Ruppiner Land","robots":{"index":"index","follow":"follow","max-snippet":"max-snippet:-1","max-image-preview":"max-image-preview:large","max-video-preview":"max-video-preview:-1"},"canonical":"https:\/\/www.naturparkmagazin.de\/stechlin\/kammeroper-rheinsberg-laedt-ein-zur-open-air-saison\/","og_locale":"de_DE","og_type":"article","og_title":"Kammeroper Rheinsberg l\u00e4dt ein zur Open-Air-Saison - Naturpark Stechlin-Ruppiner Land","og_description":"Am 2. Juli startete mit einer Operngala im Schlosshof das diesj\u00e4hrige internationale Opernfestival in Rheinsberg.","og_url":"https:\/\/www.naturparkmagazin.de\/stechlin\/kammeroper-rheinsberg-laedt-ein-zur-open-air-saison\/","og_site_name":"Naturpark Stechlin-Ruppiner Land","article_published_time":"2015-07-22T16:00:51+00:00","article_modified_time":"2015-07-28T17:48:10+00:00","og_image":[{"width":500,"height":281,"url":"https:\/\/www.naturparkmagazin.de\/stechlin\/wp-content\/uploads\/sites\/38\/Kammeroper.jpg","type":"image\/jpeg"}],"author":"marioschrumpf","twitter_misc":{"Verfasst von":"marioschrumpf","Gesch\u00e4tzte Lesezeit":"1\u00a0Minute"},"schema":{"@context":"https:\/\/schema.org","@graph":[{"@type":"WebPage","@id":"https:\/\/www.naturparkmagazin.de\/stechlin\/kammeroper-rheinsberg-laedt-ein-zur-open-air-saison\/","url":"https:\/\/www.naturparkmagazin.de\/stechlin\/kammeroper-rheinsberg-laedt-ein-zur-open-air-saison\/","name":"Kammeroper Rheinsberg l\u00e4dt ein zur Open-Air-Saison - Naturpark Stechlin-Ruppiner Land","isPartOf":{"@id":"https:\/\/www.naturparkmagazin.de\/stechlin\/#website"},"datePublished":"2015-07-22T16:00:51+00:00","dateModified":"2015-07-28T17:48:10+00:00","author":{"@id":"https:\/\/www.naturparkmagazin.de\/stechlin\/#\/schema\/person\/3f0d93203df21c806dd63c76d9bb28bc"},"breadcrumb":{"@id":"https:\/\/www.naturparkmagazin.de\/stechlin\/kammeroper-rheinsberg-laedt-ein-zur-open-air-saison\/#breadcrumb"},"inLanguage":"de","potentialAction":[{"@type":"ReadAction","target":["https:\/\/www.naturparkmagazin.de\/stechlin\/kammeroper-rheinsberg-laedt-ein-zur-open-air-saison\/"]}]},{"@type":"BreadcrumbList","@id":"https:\/\/www.naturparkmagazin.de\/stechlin\/kammeroper-rheinsberg-laedt-ein-zur-open-air-saison\/#breadcrumb","itemListElement":[{"@type":"ListItem","position":1,"name":"Home","item":"https:\/\/www.naturparkmagazin.de\/stechlin\/"},{"@type":"ListItem","position":2,"name":"Kammeroper Rheinsberg l\u00e4dt ein zur Open-Air-Saison"}]},{"@type":"WebSite","@id":"https:\/\/www.naturparkmagazin.de\/stechlin\/#website","url":"https:\/\/www.naturparkmagazin.de\/stechlin\/","name":"Naturpark Stechlin-Ruppiner Land","description":"","potentialAction":[{"@type":"SearchAction","target":{"@type":"EntryPoint","urlTemplate":"https:\/\/www.naturparkmagazin.de\/stechlin\/?s={search_term_string}"},"query-input":"required name=search_term_string"}],"inLanguage":"de"},{"@type":"Person","@id":"https:\/\/www.naturparkmagazin.de\/stechlin\/#\/schema\/person\/3f0d93203df21c806dd63c76d9bb28bc","name":"marioschrumpf","url":"https:\/\/www.naturparkmagazin.de\/stechlin\/author\/marioschrumpf\/"}]}},"_links":{"self":[{"href":"https:\/\/www.naturparkmagazin.de\/stechlin\/wp-json\/wp\/v2\/posts\/2533"}],"collection":[{"href":"https:\/\/www.naturparkmagazin.de\/stechlin\/wp-json\/wp\/v2\/posts"}],"about":[{"href":"https:\/\/www.naturparkmagazin.de\/stechlin\/wp-json\/wp\/v2\/types\/post"}],"author":[{"embeddable":true,"href":"https:\/\/www.naturparkmagazin.de\/stechlin\/wp-json\/wp\/v2\/users\/39"}],"replies":[{"embeddable":true,"href":"https:\/\/www.naturparkmagazin.de\/stechlin\/wp-json\/wp\/v2\/comments?post=2533"}],"version-history":[{"count":5,"href":"https:\/\/www.naturparkmagazin.de\/stechlin\/wp-json\/wp\/v2\/posts\/2533\/revisions"}],"predecessor-version":[{"id":2540,"href":"https:\/\/www.naturparkmagazin.de\/stechlin\/wp-json\/wp\/v2\/posts\/2533\/revisions\/2540"}],"wp:featuredmedia":[{"embeddable":true,"href":"https:\/\/www.naturparkmagazin.de\/stechlin\/wp-json\/wp\/v2\/media\/2534"}],"wp:attachment":[{"href":"https:\/\/www.naturparkmagazin.de\/stechlin\/wp-json\/wp\/v2\/media?parent=2533"}],"wp:term":[{"taxonomy":"category","embeddable":true,"href":"https:\/\/www.naturparkmagazin.de\/stechlin\/wp-json\/wp\/v2\/categories?post=2533"},{"taxonomy":"post_tag","embeddable":true,"href":"https:\/\/www.naturparkmagazin.de\/stechlin\/wp-json\/wp\/v2\/tags?post=2533"}],"curies":[{"name":"wp","href":"https:\/\/api.w.org\/{rel}","templated":true}]}}