{"id":2610,"date":"2015-07-22T14:56:02","date_gmt":"2015-07-22T12:56:02","guid":{"rendered":"http:\/\/www.naturparkmagazin.de\/stechlin\/?p=2610"},"modified":"2015-07-27T17:06:59","modified_gmt":"2015-07-27T15:06:59","slug":"einfach-maerchenhaft-so-war-der-plan","status":"publish","type":"post","link":"https:\/\/www.naturparkmagazin.de\/stechlin\/einfach-maerchenhaft-so-war-der-plan\/","title":{"rendered":"Einfach m\u00e4rchenhaft, so war der Plan \u2026"},"content":{"rendered":"<div id=\"attachment_2612\" style=\"width: 310px\" class=\"wp-caption alignleft\"><a href=\"https:\/\/www.naturparkmagazin.de\/stechlin\/wp-content\/uploads\/sites\/38\/k-DSC_0074.jpg\"><img aria-describedby=\"caption-attachment-2612\" decoding=\"async\" loading=\"lazy\" class=\"size-thumbnail wp-image-2612\" src=\"https:\/\/www.naturparkmagazin.de\/stechlin\/wp-content\/uploads\/sites\/38\/k-DSC_0074-300x500.jpg\" alt=\"Die M\u00e4rchenhexe alias Anke Rudnik (Naturwachtleiterin Stechlin-Ruppiner Land) sagte an, wo es lang geht!\" width=\"300\" height=\"500\" srcset=\"https:\/\/www.naturparkmagazin.de\/stechlin\/wp-content\/uploads\/sites\/38\/k-DSC_0074.jpg 300w, https:\/\/www.naturparkmagazin.de\/stechlin\/wp-content\/uploads\/sites\/38\/k-DSC_0074-200x333.jpg 200w\" sizes=\"(max-width: 300px) 100vw, 300px\" \/><\/a><p id=\"caption-attachment-2612\" class=\"wp-caption-text\">Die M\u00e4rchenhexe alias Anke Rudnik (Naturwachtleiterin Stechlin-Ruppiner Land) sagte an, wo es lang geht!<\/p><\/div>\n<p>&nbsp;<\/p>\n<p>&nbsp;<\/p>\n<p>&nbsp;<\/p>\n<p>&nbsp;<\/p>\n<p>&nbsp;<\/p>\n<p>&nbsp;<\/p>\n<p>&nbsp;<\/p>\n<p>&nbsp;<\/p>\n<p>&nbsp;<\/p>\n<div id=\"attachment_2613\" style=\"width: 310px\" class=\"wp-caption alignleft\"><a href=\"https:\/\/www.naturparkmagazin.de\/stechlin\/wp-content\/uploads\/sites\/38\/k-DSC_0087.jpg\"><img aria-describedby=\"caption-attachment-2613\" decoding=\"async\" loading=\"lazy\" class=\"size-thumbnail wp-image-2613\" src=\"https:\/\/www.naturparkmagazin.de\/stechlin\/wp-content\/uploads\/sites\/38\/k-DSC_0087-300x180.jpg\" alt=\"Gruppenfoto aller Teilnehmer und Betreuer\" width=\"300\" height=\"180\" srcset=\"https:\/\/www.naturparkmagazin.de\/stechlin\/wp-content\/uploads\/sites\/38\/k-DSC_0087-300x180.jpg 300w, https:\/\/www.naturparkmagazin.de\/stechlin\/wp-content\/uploads\/sites\/38\/k-DSC_0087.jpg 500w, https:\/\/www.naturparkmagazin.de\/stechlin\/wp-content\/uploads\/sites\/38\/k-DSC_0087-200x120.jpg 200w\" sizes=\"(max-width: 300px) 100vw, 300px\" \/><\/a><p id=\"caption-attachment-2613\" class=\"wp-caption-text\">Gruppenfoto aller Teilnehmer und Betreuer<\/p><\/div>\n<p>&nbsp;<\/p>\n<p>&nbsp;<\/p>\n<p>&nbsp;<\/p>\n<p>&nbsp;<\/p>\n<p>&nbsp;<\/p>\n<p>&nbsp;<\/p>\n<p>&nbsp;<\/p>\n<p>&nbsp;<\/p>\n<p>&nbsp;<\/p>\n<p>&nbsp;<\/p>\n<p>&nbsp;<\/p>\n<p>&nbsp;<\/p>\n<p>&nbsp;<\/p>\n<p>&nbsp;<\/p>\n<p>&nbsp;<\/p>\n<p>&nbsp;<\/p>\n<p>&nbsp;<\/p>\n<p>&#8230; und es endete mit dem Tag als der Regen kam.<\/p>\n<p>98 Juniorranger und 38 &#8222;Mittel- und Seniorranger&#8220; (Mitarbeiter der Naturwacht Brandenburg) trafen sich vom 17.7. \u2013 19.7.2015 in der Waldarbeitsschule in Kunsterspring. Dort fand das 12. Juniorrangercamp der Naturwacht Brandenburg statt. Veranstalter war die Naturwacht Brandenburg und Gastgeber war, mit allem was dazu geh\u00f6rt (Essen, Trinken, Schlafen) die Waldarbeitsschule Kunsterspring, bei deren Mitarbeitern ich mich hier noch einmal ganz herzlich bedanken m\u00f6chte. Das Juniorrangercamp macht in jedem Jahr in einer anderen Nationalen Naturlandschaft des Landes Brandenburg Station. In diesem Jahr war die Naturwacht im Naturpark Stechlin- Ruppiner Land Organisator der Veranstaltung. Da sich ja in der wunderbaren Natur der Ruppiner Schweiz viele M\u00e4rchen zugetragen haben k\u00f6nnten, lautete das Motto: \u201eEinfach m\u00e4rchenhaft\u2026\u201c.<\/p>\n<p>Ein abwechslungsreiches Programm, passend zur M\u00e4rchenthematik war geplant. Jedoch die Hitze und die lange Nacht im Tierpark Kunsterspring forderten ihren Tribut. Nachdem wir in Rheinsberg per Boot den Fischer und seine Frau besucht hatten, wollten die Meisten nur noch Essen und Ausruhen. So trug es sich zu, das wir den Froschk\u00f6nig nicht mehr besucht haben und trotzdem alle sehr zu Frieden waren. Am Sonnabendabend jedoch gab es noch einen H\u00f6hepunkt im Programm:<\/p>\n<p>10 M\u00e4dchen und Jungen wurden zu Juniorrangern ernannt. Nach einer harten Pr\u00fcfung vor jubelndem Publikum erhielten sie Basecap und T-Shirt, was sie auch nach au\u00dfen als Juniorranger erkennbar macht.<\/p>\n<p>Am Sonntag stand das Kennenlernen des Berufes Waldarbeiter auf dem Programm. Mit schwerer Technik, Motors\u00e4gen und kleinen Pflanzen r\u00fcckten die Mitarbeiter der Schule an. Jedoch mittendrin begann es wie aus Eimern zu regnen. Nicht alle Gruppen konnten die Stationen absolvieren. Die Kinder waren ruckzuck patschnass.<\/p>\n<p>So mu\u00dften wir die Sache abbrechen, jedoch im Nachgang haben wir erfahren, dass alle sehr zufrieden waren und gut wieder zu Hause gelandet sind. Hauptsache &#8211; es hat niemand einen Schnupfen bekommen, denn \u201eZwerg Nase\u201c zeigt uns ja was beim Niesen alles passieren kann\u2026<\/p>\n<p>Anke Rudnik<\/p>\n<p>Gebietsleiterin der Naturwacht Stechlin\u2013Ruppiner Land<\/p>\n<p>&nbsp;<\/p>\n<div id=\"attachment_2614\" style=\"width: 310px\" class=\"wp-caption alignleft\"><a href=\"https:\/\/www.naturparkmagazin.de\/stechlin\/wp-content\/uploads\/sites\/38\/k-DSC_0095.jpg\"><img aria-describedby=\"caption-attachment-2614\" decoding=\"async\" loading=\"lazy\" class=\"size-thumbnail wp-image-2614\" src=\"https:\/\/www.naturparkmagazin.de\/stechlin\/wp-content\/uploads\/sites\/38\/k-DSC_0095-300x180.jpg\" alt=\"Auszug zur Tierparkralley - immer der goldenen Gans hinterher.\" width=\"300\" height=\"180\" srcset=\"https:\/\/www.naturparkmagazin.de\/stechlin\/wp-content\/uploads\/sites\/38\/k-DSC_0095-300x180.jpg 300w, https:\/\/www.naturparkmagazin.de\/stechlin\/wp-content\/uploads\/sites\/38\/k-DSC_0095.jpg 500w, https:\/\/www.naturparkmagazin.de\/stechlin\/wp-content\/uploads\/sites\/38\/k-DSC_0095-200x120.jpg 200w\" sizes=\"(max-width: 300px) 100vw, 300px\" \/><\/a><p id=\"caption-attachment-2614\" class=\"wp-caption-text\">Auszug zur Tierparkralley &#8211; immer der goldenen Gans hinterher.<\/p><\/div>\n<p>&nbsp;<\/p>\n<p>&nbsp;<\/p>\n<p>&nbsp;<\/p>\n<p>&nbsp;<\/p>\n<div id=\"attachment_2615\" style=\"width: 310px\" class=\"wp-caption alignleft\"><a href=\"https:\/\/www.naturparkmagazin.de\/stechlin\/wp-content\/uploads\/sites\/38\/k-DSC_00213.jpg\"><img aria-describedby=\"caption-attachment-2615\" decoding=\"async\" loading=\"lazy\" class=\"size-thumbnail wp-image-2615\" src=\"https:\/\/www.naturparkmagazin.de\/stechlin\/wp-content\/uploads\/sites\/38\/k-DSC_00213-300x180.jpg\" alt=\"Die Juniorranger des Banzendorfer Naturwacht-St\u00fctzpunktes \u00fcbernachteten standesgem\u00e4\u00df im Tipi.\" width=\"300\" height=\"180\" srcset=\"https:\/\/www.naturparkmagazin.de\/stechlin\/wp-content\/uploads\/sites\/38\/k-DSC_00213-300x180.jpg 300w, https:\/\/www.naturparkmagazin.de\/stechlin\/wp-content\/uploads\/sites\/38\/k-DSC_00213.jpg 500w, https:\/\/www.naturparkmagazin.de\/stechlin\/wp-content\/uploads\/sites\/38\/k-DSC_00213-200x120.jpg 200w\" sizes=\"(max-width: 300px) 100vw, 300px\" \/><\/a><p id=\"caption-attachment-2615\" class=\"wp-caption-text\">Die Juniorranger des Banzendorfer Naturwacht-St\u00fctzpunktes \u00fcbernachteten standesgem\u00e4\u00df im Tipi.<\/p><\/div>\n<p>&nbsp;<\/p>\n<p>&nbsp;<\/p>\n<p>&nbsp;<\/p>\n","protected":false},"excerpt":{"rendered":"<p>&#8230; und es endete mit dem Tag als der Regen kam.<\/p>\n<p>98 Juniorranger und 38 &#8222;Mittel- und Seniorranger&#8220; kamen zum Juniorrangercamp nach Kunsterspring. <\/p>\n","protected":false},"author":39,"featured_media":2611,"comment_status":"open","ping_status":"open","sticky":false,"template":"","format":"standard","meta":[],"categories":[7],"tags":[],"yoast_head":"<!-- This site is optimized with the Yoast SEO plugin v19.10 - https:\/\/yoast.com\/wordpress\/plugins\/seo\/ -->\n<title>Einfach m\u00e4rchenhaft, so war der Plan \u2026 - Naturpark Stechlin-Ruppiner Land<\/title>\n<meta name=\"robots\" content=\"index, follow, max-snippet:-1, max-image-preview:large, max-video-preview:-1\" \/>\n<link rel=\"canonical\" href=\"https:\/\/www.naturparkmagazin.de\/stechlin\/einfach-maerchenhaft-so-war-der-plan\/\" \/>\n<meta property=\"og:locale\" content=\"de_DE\" \/>\n<meta property=\"og:type\" content=\"article\" \/>\n<meta property=\"og:title\" content=\"Einfach m\u00e4rchenhaft, so war der Plan \u2026 - Naturpark Stechlin-Ruppiner Land\" \/>\n<meta property=\"og:description\" content=\"... und es endete mit dem Tag als der Regen kam.  98 Juniorranger und 38 &quot;Mittel- und Seniorranger&quot; kamen zum Juniorrangercamp nach Kunsterspring.\" \/>\n<meta property=\"og:url\" content=\"https:\/\/www.naturparkmagazin.de\/stechlin\/einfach-maerchenhaft-so-war-der-plan\/\" \/>\n<meta property=\"og:site_name\" content=\"Naturpark Stechlin-Ruppiner Land\" \/>\n<meta property=\"article:published_time\" content=\"2015-07-22T12:56:02+00:00\" \/>\n<meta property=\"article:modified_time\" content=\"2015-07-27T15:06:59+00:00\" \/>\n<meta property=\"og:image\" content=\"https:\/\/www.naturparkmagazin.de\/stechlin\/wp-content\/uploads\/sites\/38\/k-DSC_00072.jpg\" \/>\n\t<meta property=\"og:image:width\" content=\"500\" \/>\n\t<meta property=\"og:image:height\" content=\"300\" \/>\n\t<meta property=\"og:image:type\" content=\"image\/jpeg\" \/>\n<meta name=\"author\" content=\"marioschrumpf\" \/>\n<meta name=\"twitter:label1\" content=\"Verfasst von\" \/>\n\t<meta name=\"twitter:data1\" content=\"marioschrumpf\" \/>\n\t<meta name=\"twitter:label2\" content=\"Gesch\u00e4tzte Lesezeit\" \/>\n\t<meta name=\"twitter:data2\" content=\"2\u00a0Minuten\" \/>\n<script type=\"application\/ld+json\" class=\"yoast-schema-graph\">{\"@context\":\"https:\/\/schema.org\",\"@graph\":[{\"@type\":\"WebPage\",\"@id\":\"https:\/\/www.naturparkmagazin.de\/stechlin\/einfach-maerchenhaft-so-war-der-plan\/\",\"url\":\"https:\/\/www.naturparkmagazin.de\/stechlin\/einfach-maerchenhaft-so-war-der-plan\/\",\"name\":\"Einfach m\u00e4rchenhaft, so war der Plan \u2026 - Naturpark Stechlin-Ruppiner Land\",\"isPartOf\":{\"@id\":\"https:\/\/www.naturparkmagazin.de\/stechlin\/#website\"},\"datePublished\":\"2015-07-22T12:56:02+00:00\",\"dateModified\":\"2015-07-27T15:06:59+00:00\",\"author\":{\"@id\":\"https:\/\/www.naturparkmagazin.de\/stechlin\/#\/schema\/person\/3f0d93203df21c806dd63c76d9bb28bc\"},\"breadcrumb\":{\"@id\":\"https:\/\/www.naturparkmagazin.de\/stechlin\/einfach-maerchenhaft-so-war-der-plan\/#breadcrumb\"},\"inLanguage\":\"de\",\"potentialAction\":[{\"@type\":\"ReadAction\",\"target\":[\"https:\/\/www.naturparkmagazin.de\/stechlin\/einfach-maerchenhaft-so-war-der-plan\/\"]}]},{\"@type\":\"BreadcrumbList\",\"@id\":\"https:\/\/www.naturparkmagazin.de\/stechlin\/einfach-maerchenhaft-so-war-der-plan\/#breadcrumb\",\"itemListElement\":[{\"@type\":\"ListItem\",\"position\":1,\"name\":\"Home\",\"item\":\"https:\/\/www.naturparkmagazin.de\/stechlin\/\"},{\"@type\":\"ListItem\",\"position\":2,\"name\":\"Einfach m\u00e4rchenhaft, so war der Plan \u2026\"}]},{\"@type\":\"WebSite\",\"@id\":\"https:\/\/www.naturparkmagazin.de\/stechlin\/#website\",\"url\":\"https:\/\/www.naturparkmagazin.de\/stechlin\/\",\"name\":\"Naturpark Stechlin-Ruppiner Land\",\"description\":\"\",\"potentialAction\":[{\"@type\":\"SearchAction\",\"target\":{\"@type\":\"EntryPoint\",\"urlTemplate\":\"https:\/\/www.naturparkmagazin.de\/stechlin\/?s={search_term_string}\"},\"query-input\":\"required name=search_term_string\"}],\"inLanguage\":\"de\"},{\"@type\":\"Person\",\"@id\":\"https:\/\/www.naturparkmagazin.de\/stechlin\/#\/schema\/person\/3f0d93203df21c806dd63c76d9bb28bc\",\"name\":\"marioschrumpf\",\"url\":\"https:\/\/www.naturparkmagazin.de\/stechlin\/author\/marioschrumpf\/\"}]}<\/script>\n<!-- \/ Yoast SEO plugin. -->","yoast_head_json":{"title":"Einfach m\u00e4rchenhaft, so war der Plan \u2026 - Naturpark Stechlin-Ruppiner Land","robots":{"index":"index","follow":"follow","max-snippet":"max-snippet:-1","max-image-preview":"max-image-preview:large","max-video-preview":"max-video-preview:-1"},"canonical":"https:\/\/www.naturparkmagazin.de\/stechlin\/einfach-maerchenhaft-so-war-der-plan\/","og_locale":"de_DE","og_type":"article","og_title":"Einfach m\u00e4rchenhaft, so war der Plan \u2026 - Naturpark Stechlin-Ruppiner Land","og_description":"... und es endete mit dem Tag als der Regen kam.  98 Juniorranger und 38 \"Mittel- und Seniorranger\" kamen zum Juniorrangercamp nach Kunsterspring.","og_url":"https:\/\/www.naturparkmagazin.de\/stechlin\/einfach-maerchenhaft-so-war-der-plan\/","og_site_name":"Naturpark Stechlin-Ruppiner Land","article_published_time":"2015-07-22T12:56:02+00:00","article_modified_time":"2015-07-27T15:06:59+00:00","og_image":[{"width":500,"height":300,"url":"https:\/\/www.naturparkmagazin.de\/stechlin\/wp-content\/uploads\/sites\/38\/k-DSC_00072.jpg","type":"image\/jpeg"}],"author":"marioschrumpf","twitter_misc":{"Verfasst von":"marioschrumpf","Gesch\u00e4tzte Lesezeit":"2\u00a0Minuten"},"schema":{"@context":"https:\/\/schema.org","@graph":[{"@type":"WebPage","@id":"https:\/\/www.naturparkmagazin.de\/stechlin\/einfach-maerchenhaft-so-war-der-plan\/","url":"https:\/\/www.naturparkmagazin.de\/stechlin\/einfach-maerchenhaft-so-war-der-plan\/","name":"Einfach m\u00e4rchenhaft, so war der Plan \u2026 - Naturpark Stechlin-Ruppiner Land","isPartOf":{"@id":"https:\/\/www.naturparkmagazin.de\/stechlin\/#website"},"datePublished":"2015-07-22T12:56:02+00:00","dateModified":"2015-07-27T15:06:59+00:00","author":{"@id":"https:\/\/www.naturparkmagazin.de\/stechlin\/#\/schema\/person\/3f0d93203df21c806dd63c76d9bb28bc"},"breadcrumb":{"@id":"https:\/\/www.naturparkmagazin.de\/stechlin\/einfach-maerchenhaft-so-war-der-plan\/#breadcrumb"},"inLanguage":"de","potentialAction":[{"@type":"ReadAction","target":["https:\/\/www.naturparkmagazin.de\/stechlin\/einfach-maerchenhaft-so-war-der-plan\/"]}]},{"@type":"BreadcrumbList","@id":"https:\/\/www.naturparkmagazin.de\/stechlin\/einfach-maerchenhaft-so-war-der-plan\/#breadcrumb","itemListElement":[{"@type":"ListItem","position":1,"name":"Home","item":"https:\/\/www.naturparkmagazin.de\/stechlin\/"},{"@type":"ListItem","position":2,"name":"Einfach m\u00e4rchenhaft, so war der Plan \u2026"}]},{"@type":"WebSite","@id":"https:\/\/www.naturparkmagazin.de\/stechlin\/#website","url":"https:\/\/www.naturparkmagazin.de\/stechlin\/","name":"Naturpark Stechlin-Ruppiner Land","description":"","potentialAction":[{"@type":"SearchAction","target":{"@type":"EntryPoint","urlTemplate":"https:\/\/www.naturparkmagazin.de\/stechlin\/?s={search_term_string}"},"query-input":"required name=search_term_string"}],"inLanguage":"de"},{"@type":"Person","@id":"https:\/\/www.naturparkmagazin.de\/stechlin\/#\/schema\/person\/3f0d93203df21c806dd63c76d9bb28bc","name":"marioschrumpf","url":"https:\/\/www.naturparkmagazin.de\/stechlin\/author\/marioschrumpf\/"}]}},"_links":{"self":[{"href":"https:\/\/www.naturparkmagazin.de\/stechlin\/wp-json\/wp\/v2\/posts\/2610"}],"collection":[{"href":"https:\/\/www.naturparkmagazin.de\/stechlin\/wp-json\/wp\/v2\/posts"}],"about":[{"href":"https:\/\/www.naturparkmagazin.de\/stechlin\/wp-json\/wp\/v2\/types\/post"}],"author":[{"embeddable":true,"href":"https:\/\/www.naturparkmagazin.de\/stechlin\/wp-json\/wp\/v2\/users\/39"}],"replies":[{"embeddable":true,"href":"https:\/\/www.naturparkmagazin.de\/stechlin\/wp-json\/wp\/v2\/comments?post=2610"}],"version-history":[{"count":11,"href":"https:\/\/www.naturparkmagazin.de\/stechlin\/wp-json\/wp\/v2\/posts\/2610\/revisions"}],"predecessor-version":[{"id":2652,"href":"https:\/\/www.naturparkmagazin.de\/stechlin\/wp-json\/wp\/v2\/posts\/2610\/revisions\/2652"}],"wp:featuredmedia":[{"embeddable":true,"href":"https:\/\/www.naturparkmagazin.de\/stechlin\/wp-json\/wp\/v2\/media\/2611"}],"wp:attachment":[{"href":"https:\/\/www.naturparkmagazin.de\/stechlin\/wp-json\/wp\/v2\/media?parent=2610"}],"wp:term":[{"taxonomy":"category","embeddable":true,"href":"https:\/\/www.naturparkmagazin.de\/stechlin\/wp-json\/wp\/v2\/categories?post=2610"},{"taxonomy":"post_tag","embeddable":true,"href":"https:\/\/www.naturparkmagazin.de\/stechlin\/wp-json\/wp\/v2\/tags?post=2610"}],"curies":[{"name":"wp","href":"https:\/\/api.w.org\/{rel}","templated":true}]}}