{"id":2620,"date":"2015-07-22T17:00:52","date_gmt":"2015-07-22T15:00:52","guid":{"rendered":"http:\/\/www.naturparkmagazin.de\/stechlin\/?p=2620"},"modified":"2015-07-28T19:57:38","modified_gmt":"2015-07-28T17:57:38","slug":"15-internationales-kunstsymposium-in-buchholz","status":"publish","type":"post","link":"https:\/\/www.naturparkmagazin.de\/stechlin\/15-internationales-kunstsymposium-in-buchholz\/","title":{"rendered":"15. Internationales Kunstsymposium in Buchholz"},"content":{"rendered":"<p><a href=\"https:\/\/www.naturparkmagazin.de\/stechlin\/wp-content\/uploads\/sites\/38\/Kunstsymposium2015.jpg\"><img decoding=\"async\" loading=\"lazy\" class=\"alignleft size-full wp-image-2623\" src=\"https:\/\/www.naturparkmagazin.de\/stechlin\/wp-content\/uploads\/sites\/38\/Kunstsymposium2015.jpg\" alt=\"NP SRL\/Archiv\" width=\"135\" height=\"180\" srcset=\"https:\/\/www.naturparkmagazin.de\/stechlin\/wp-content\/uploads\/sites\/38\/Kunstsymposium2015.jpg 135w, https:\/\/www.naturparkmagazin.de\/stechlin\/wp-content\/uploads\/sites\/38\/Kunstsymposium2015-53x71.jpg 53w\" sizes=\"(max-width: 135px) 100vw, 135px\" \/><\/a><\/p>\n<p>&nbsp;<\/p>\n<p>&nbsp;<\/p>\n<p>&nbsp;<\/p>\n<p>&nbsp;<\/p>\n<p>&nbsp;<\/p>\n<p>&nbsp;<\/p>\n<p>&nbsp;<\/p>\n<p>Vom <strong>3.-13. August<\/strong> findet das <strong>15. Internationale Kunstsymposium im Naturpark Stechlin-Ruppiner Land<\/strong> in der Atelierkirche Buchholz statt. &#8222;<em>Der gedeckte Tisch. Essen und Trinken in Brandenburg-Tradition und Moderne<\/em>&#8220; ist das Thema des diesj\u00e4hrigen Symposiums.<\/p>\n<p>Teilnehmer sind in diesem Jahr Susanne Husemann, Pakistan\/Deutschland; Gregor Kalus, Polen\/Deutschland; Manfred Butzmann, Frank Diersch, Javis Lauva, Michael Rott sowie Gudrun und Kuno Lomas, Deutschland. Das vom Kunstverein Zehdenick e.V. organisierte Kunstsymposium steht unter der k\u00fcnstlerischen Leitung von Gudrun Lomas.<\/p>\n<p>Die <strong>Finissage<\/strong> findet am <strong>13. August, 16 Uhr<\/strong> im <strong>Franziskanerkloster Gransee<\/strong> statt. F\u00fcr die kulturelle Umrahmung sorgt Kammers\u00e4nger Wilfried Staufenbiel mit Minnesang mit Fidel und Drehleiter.<\/p>\n<p>Das Symposium wird finanziell unterst\u00fctzt durch die Regio Nord GmbH, durch den Naturpark Stechlin-Ruppiner Land und mit Lottomitteln des Ministeriums f\u00fcr Justiz und Verbraucherschutz. Ein herzliches Dankesch\u00f6n den Gastronomen im Naturpark, die die\u00a0K\u00fcnstler zu je einem Abendessen einladen.<\/p>\n","protected":false},"excerpt":{"rendered":"<p>Vom 3.-13. August findet das 15. Internationale Kunstsympsium im Naturpark Stechlin-Ruppiner Land in der Atelierkirche Buchholz statt. <\/p>\n","protected":false},"author":39,"featured_media":2623,"comment_status":"open","ping_status":"open","sticky":false,"template":"","format":"standard","meta":[],"categories":[11],"tags":[],"yoast_head":"<!-- This site is optimized with the Yoast SEO plugin v19.10 - https:\/\/yoast.com\/wordpress\/plugins\/seo\/ -->\n<title>15. Internationales Kunstsymposium in Buchholz - Naturpark Stechlin-Ruppiner Land<\/title>\n<meta name=\"robots\" content=\"index, follow, max-snippet:-1, max-image-preview:large, max-video-preview:-1\" \/>\n<link rel=\"canonical\" href=\"https:\/\/www.naturparkmagazin.de\/stechlin\/15-internationales-kunstsymposium-in-buchholz\/\" \/>\n<meta property=\"og:locale\" content=\"de_DE\" \/>\n<meta property=\"og:type\" content=\"article\" \/>\n<meta property=\"og:title\" content=\"15. Internationales Kunstsymposium in Buchholz - Naturpark Stechlin-Ruppiner Land\" \/>\n<meta property=\"og:description\" content=\"Vom 3.-13. August findet das 15. Internationale Kunstsympsium im Naturpark Stechlin-Ruppiner Land in der Atelierkirche Buchholz statt.\" \/>\n<meta property=\"og:url\" content=\"https:\/\/www.naturparkmagazin.de\/stechlin\/15-internationales-kunstsymposium-in-buchholz\/\" \/>\n<meta property=\"og:site_name\" content=\"Naturpark Stechlin-Ruppiner Land\" \/>\n<meta property=\"article:published_time\" content=\"2015-07-22T15:00:52+00:00\" \/>\n<meta property=\"article:modified_time\" content=\"2015-07-28T17:57:38+00:00\" \/>\n<meta property=\"og:image\" content=\"https:\/\/www.naturparkmagazin.de\/stechlin\/wp-content\/uploads\/sites\/38\/Kunstsymposium2015.jpg\" \/>\n\t<meta property=\"og:image:width\" content=\"135\" \/>\n\t<meta property=\"og:image:height\" content=\"180\" \/>\n\t<meta property=\"og:image:type\" content=\"image\/jpeg\" \/>\n<meta name=\"author\" content=\"marioschrumpf\" \/>\n<meta name=\"twitter:label1\" content=\"Verfasst von\" \/>\n\t<meta name=\"twitter:data1\" content=\"marioschrumpf\" \/>\n\t<meta name=\"twitter:label2\" content=\"Gesch\u00e4tzte Lesezeit\" \/>\n\t<meta name=\"twitter:data2\" content=\"1\u00a0Minute\" \/>\n<script type=\"application\/ld+json\" class=\"yoast-schema-graph\">{\"@context\":\"https:\/\/schema.org\",\"@graph\":[{\"@type\":\"WebPage\",\"@id\":\"https:\/\/www.naturparkmagazin.de\/stechlin\/15-internationales-kunstsymposium-in-buchholz\/\",\"url\":\"https:\/\/www.naturparkmagazin.de\/stechlin\/15-internationales-kunstsymposium-in-buchholz\/\",\"name\":\"15. Internationales Kunstsymposium in Buchholz - Naturpark Stechlin-Ruppiner Land\",\"isPartOf\":{\"@id\":\"https:\/\/www.naturparkmagazin.de\/stechlin\/#website\"},\"datePublished\":\"2015-07-22T15:00:52+00:00\",\"dateModified\":\"2015-07-28T17:57:38+00:00\",\"author\":{\"@id\":\"https:\/\/www.naturparkmagazin.de\/stechlin\/#\/schema\/person\/3f0d93203df21c806dd63c76d9bb28bc\"},\"breadcrumb\":{\"@id\":\"https:\/\/www.naturparkmagazin.de\/stechlin\/15-internationales-kunstsymposium-in-buchholz\/#breadcrumb\"},\"inLanguage\":\"de\",\"potentialAction\":[{\"@type\":\"ReadAction\",\"target\":[\"https:\/\/www.naturparkmagazin.de\/stechlin\/15-internationales-kunstsymposium-in-buchholz\/\"]}]},{\"@type\":\"BreadcrumbList\",\"@id\":\"https:\/\/www.naturparkmagazin.de\/stechlin\/15-internationales-kunstsymposium-in-buchholz\/#breadcrumb\",\"itemListElement\":[{\"@type\":\"ListItem\",\"position\":1,\"name\":\"Home\",\"item\":\"https:\/\/www.naturparkmagazin.de\/stechlin\/\"},{\"@type\":\"ListItem\",\"position\":2,\"name\":\"15. Internationales Kunstsymposium in Buchholz\"}]},{\"@type\":\"WebSite\",\"@id\":\"https:\/\/www.naturparkmagazin.de\/stechlin\/#website\",\"url\":\"https:\/\/www.naturparkmagazin.de\/stechlin\/\",\"name\":\"Naturpark Stechlin-Ruppiner Land\",\"description\":\"\",\"potentialAction\":[{\"@type\":\"SearchAction\",\"target\":{\"@type\":\"EntryPoint\",\"urlTemplate\":\"https:\/\/www.naturparkmagazin.de\/stechlin\/?s={search_term_string}\"},\"query-input\":\"required name=search_term_string\"}],\"inLanguage\":\"de\"},{\"@type\":\"Person\",\"@id\":\"https:\/\/www.naturparkmagazin.de\/stechlin\/#\/schema\/person\/3f0d93203df21c806dd63c76d9bb28bc\",\"name\":\"marioschrumpf\",\"url\":\"https:\/\/www.naturparkmagazin.de\/stechlin\/author\/marioschrumpf\/\"}]}<\/script>\n<!-- \/ Yoast SEO plugin. -->","yoast_head_json":{"title":"15. Internationales Kunstsymposium in Buchholz - Naturpark Stechlin-Ruppiner Land","robots":{"index":"index","follow":"follow","max-snippet":"max-snippet:-1","max-image-preview":"max-image-preview:large","max-video-preview":"max-video-preview:-1"},"canonical":"https:\/\/www.naturparkmagazin.de\/stechlin\/15-internationales-kunstsymposium-in-buchholz\/","og_locale":"de_DE","og_type":"article","og_title":"15. Internationales Kunstsymposium in Buchholz - Naturpark Stechlin-Ruppiner Land","og_description":"Vom 3.-13. August findet das 15. Internationale Kunstsympsium im Naturpark Stechlin-Ruppiner Land in der Atelierkirche Buchholz statt.","og_url":"https:\/\/www.naturparkmagazin.de\/stechlin\/15-internationales-kunstsymposium-in-buchholz\/","og_site_name":"Naturpark Stechlin-Ruppiner Land","article_published_time":"2015-07-22T15:00:52+00:00","article_modified_time":"2015-07-28T17:57:38+00:00","og_image":[{"width":135,"height":180,"url":"https:\/\/www.naturparkmagazin.de\/stechlin\/wp-content\/uploads\/sites\/38\/Kunstsymposium2015.jpg","type":"image\/jpeg"}],"author":"marioschrumpf","twitter_misc":{"Verfasst von":"marioschrumpf","Gesch\u00e4tzte Lesezeit":"1\u00a0Minute"},"schema":{"@context":"https:\/\/schema.org","@graph":[{"@type":"WebPage","@id":"https:\/\/www.naturparkmagazin.de\/stechlin\/15-internationales-kunstsymposium-in-buchholz\/","url":"https:\/\/www.naturparkmagazin.de\/stechlin\/15-internationales-kunstsymposium-in-buchholz\/","name":"15. Internationales Kunstsymposium in Buchholz - Naturpark Stechlin-Ruppiner Land","isPartOf":{"@id":"https:\/\/www.naturparkmagazin.de\/stechlin\/#website"},"datePublished":"2015-07-22T15:00:52+00:00","dateModified":"2015-07-28T17:57:38+00:00","author":{"@id":"https:\/\/www.naturparkmagazin.de\/stechlin\/#\/schema\/person\/3f0d93203df21c806dd63c76d9bb28bc"},"breadcrumb":{"@id":"https:\/\/www.naturparkmagazin.de\/stechlin\/15-internationales-kunstsymposium-in-buchholz\/#breadcrumb"},"inLanguage":"de","potentialAction":[{"@type":"ReadAction","target":["https:\/\/www.naturparkmagazin.de\/stechlin\/15-internationales-kunstsymposium-in-buchholz\/"]}]},{"@type":"BreadcrumbList","@id":"https:\/\/www.naturparkmagazin.de\/stechlin\/15-internationales-kunstsymposium-in-buchholz\/#breadcrumb","itemListElement":[{"@type":"ListItem","position":1,"name":"Home","item":"https:\/\/www.naturparkmagazin.de\/stechlin\/"},{"@type":"ListItem","position":2,"name":"15. Internationales Kunstsymposium in Buchholz"}]},{"@type":"WebSite","@id":"https:\/\/www.naturparkmagazin.de\/stechlin\/#website","url":"https:\/\/www.naturparkmagazin.de\/stechlin\/","name":"Naturpark Stechlin-Ruppiner Land","description":"","potentialAction":[{"@type":"SearchAction","target":{"@type":"EntryPoint","urlTemplate":"https:\/\/www.naturparkmagazin.de\/stechlin\/?s={search_term_string}"},"query-input":"required name=search_term_string"}],"inLanguage":"de"},{"@type":"Person","@id":"https:\/\/www.naturparkmagazin.de\/stechlin\/#\/schema\/person\/3f0d93203df21c806dd63c76d9bb28bc","name":"marioschrumpf","url":"https:\/\/www.naturparkmagazin.de\/stechlin\/author\/marioschrumpf\/"}]}},"_links":{"self":[{"href":"https:\/\/www.naturparkmagazin.de\/stechlin\/wp-json\/wp\/v2\/posts\/2620"}],"collection":[{"href":"https:\/\/www.naturparkmagazin.de\/stechlin\/wp-json\/wp\/v2\/posts"}],"about":[{"href":"https:\/\/www.naturparkmagazin.de\/stechlin\/wp-json\/wp\/v2\/types\/post"}],"author":[{"embeddable":true,"href":"https:\/\/www.naturparkmagazin.de\/stechlin\/wp-json\/wp\/v2\/users\/39"}],"replies":[{"embeddable":true,"href":"https:\/\/www.naturparkmagazin.de\/stechlin\/wp-json\/wp\/v2\/comments?post=2620"}],"version-history":[{"count":6,"href":"https:\/\/www.naturparkmagazin.de\/stechlin\/wp-json\/wp\/v2\/posts\/2620\/revisions"}],"predecessor-version":[{"id":2630,"href":"https:\/\/www.naturparkmagazin.de\/stechlin\/wp-json\/wp\/v2\/posts\/2620\/revisions\/2630"}],"wp:featuredmedia":[{"embeddable":true,"href":"https:\/\/www.naturparkmagazin.de\/stechlin\/wp-json\/wp\/v2\/media\/2623"}],"wp:attachment":[{"href":"https:\/\/www.naturparkmagazin.de\/stechlin\/wp-json\/wp\/v2\/media?parent=2620"}],"wp:term":[{"taxonomy":"category","embeddable":true,"href":"https:\/\/www.naturparkmagazin.de\/stechlin\/wp-json\/wp\/v2\/categories?post=2620"},{"taxonomy":"post_tag","embeddable":true,"href":"https:\/\/www.naturparkmagazin.de\/stechlin\/wp-json\/wp\/v2\/tags?post=2620"}],"curies":[{"name":"wp","href":"https:\/\/api.w.org\/{rel}","templated":true}]}}