{"id":263,"date":"2013-09-26T09:58:16","date_gmt":"2013-09-26T07:58:16","guid":{"rendered":"http:\/\/www.naturparkmagazin.de\/stechlin\/?p=263"},"modified":"2013-10-01T15:24:50","modified_gmt":"2013-10-01T13:24:50","slug":"19-rheinsberger-toepfermarkt","status":"publish","type":"post","link":"https:\/\/www.naturparkmagazin.de\/stechlin\/19-rheinsberger-toepfermarkt\/","title":{"rendered":"19. Rheinsberger T\u00f6pfermarkt"},"content":{"rendered":"<p style=\"text-align: center\"><a href=\"https:\/\/www.naturparkmagazin.de\/stechlin\/wp-content\/uploads\/sites\/38\/k-T\u00f6pfermarkt1.jpg\"><img decoding=\"async\" loading=\"lazy\" class=\"size-medium wp-image-264 aligncenter\" title=\"T\u00f6pfermarkt in Rheinsberg - Copyright: Dr. Mario Schrumpf\" alt=\"T\u00f6pfermarkt in Rheinsberg - Copyright: Dr. Mario Schrumpf\" src=\"https:\/\/www.naturparkmagazin.de\/stechlin\/wp-content\/uploads\/sites\/38\/k-T\u00f6pfermarkt1-620x465.jpg\" width=\"620\" height=\"465\" srcset=\"https:\/\/www.naturparkmagazin.de\/stechlin\/wp-content\/uploads\/sites\/38\/k-T\u00f6pfermarkt1-620x465.jpg 620w, https:\/\/www.naturparkmagazin.de\/stechlin\/wp-content\/uploads\/sites\/38\/k-T\u00f6pfermarkt1-300x225.jpg 300w, https:\/\/www.naturparkmagazin.de\/stechlin\/wp-content\/uploads\/sites\/38\/k-T\u00f6pfermarkt1-940x705.jpg 940w, https:\/\/www.naturparkmagazin.de\/stechlin\/wp-content\/uploads\/sites\/38\/k-T\u00f6pfermarkt1-580x435.jpg 580w, https:\/\/www.naturparkmagazin.de\/stechlin\/wp-content\/uploads\/sites\/38\/k-T\u00f6pfermarkt1-420x315.jpg 420w, https:\/\/www.naturparkmagazin.de\/stechlin\/wp-content\/uploads\/sites\/38\/k-T\u00f6pfermarkt1-180x135.jpg 180w, https:\/\/www.naturparkmagazin.de\/stechlin\/wp-content\/uploads\/sites\/38\/k-T\u00f6pfermarkt1-95x71.jpg 95w, https:\/\/www.naturparkmagazin.de\/stechlin\/wp-content\/uploads\/sites\/38\/k-T\u00f6pfermarkt1-670x503.jpg 670w, https:\/\/www.naturparkmagazin.de\/stechlin\/wp-content\/uploads\/sites\/38\/k-T\u00f6pfermarkt1-200x150.jpg 200w, https:\/\/www.naturparkmagazin.de\/stechlin\/wp-content\/uploads\/sites\/38\/k-T\u00f6pfermarkt1.jpg 1824w\" sizes=\"(max-width: 620px) 100vw, 620px\" \/><\/a><\/p>\n<p>Neben Schloss, Kammeroper und Tucholsky-Museum ist die m\u00e4rkische Kleinstadt bekannt f\u00fcr ihren T\u00f6pfermarkt. Allj\u00e4hrlich am zweiten Oktoberwochenende trefen sich mehr als 90 Kunstkeramiker und T\u00f6pfermeister aus fast allen deutschen Bundesl\u00e4nder und dem Ausland, die die gesamte Palette der Keramik in ihren verschiedensten Spielarten der Arbeits- und Brenntechnik pr\u00e4sentieren. K\u00fcnstlerische Einzelst\u00fccke, Kleinserien, Schmuck aus Ton, Skulpturen und Plastiken, aber auch Gebrauchsgeschirr, wird\u00a0im Angebot\u00a0sein.<\/p>\n<p><strong>Termin:<\/strong> 12.\/13. Okrober 2013<\/p>\n<p><strong>Ort:<\/strong> Stadtzentrum Rheinsberg<\/p>\n<p>&nbsp;<\/p>\n","protected":false},"excerpt":{"rendered":"<p>Allj\u00e4hrlich am zweiten Oktoberwochenende trefen sich mehr als 90 Kunstkeramiker und T\u00f6pfermeister aus fast allen deutschen Bundesl\u00e4nder und dem Ausland auf dem Rheinsberger T\u00f6pfermarkt.<\/p>\n","protected":false},"author":39,"featured_media":260,"comment_status":"open","ping_status":"open","sticky":false,"template":"","format":"standard","meta":[],"categories":[11],"tags":[],"yoast_head":"<!-- This site is optimized with the Yoast SEO plugin v19.10 - https:\/\/yoast.com\/wordpress\/plugins\/seo\/ -->\n<title>19. Rheinsberger T\u00f6pfermarkt - Naturpark Stechlin-Ruppiner Land<\/title>\n<meta name=\"robots\" content=\"index, follow, max-snippet:-1, max-image-preview:large, max-video-preview:-1\" \/>\n<link rel=\"canonical\" href=\"https:\/\/www.naturparkmagazin.de\/stechlin\/19-rheinsberger-toepfermarkt\/\" \/>\n<meta property=\"og:locale\" content=\"de_DE\" \/>\n<meta property=\"og:type\" content=\"article\" \/>\n<meta property=\"og:title\" content=\"19. Rheinsberger T\u00f6pfermarkt - Naturpark Stechlin-Ruppiner Land\" \/>\n<meta property=\"og:description\" content=\"Allj\u00e4hrlich am zweiten Oktoberwochenende trefen sich mehr als 90 Kunstkeramiker und T\u00f6pfermeister aus fast allen deutschen Bundesl\u00e4nder und dem Ausland auf dem Rheinsberger T\u00f6pfermarkt.\" \/>\n<meta property=\"og:url\" content=\"https:\/\/www.naturparkmagazin.de\/stechlin\/19-rheinsberger-toepfermarkt\/\" \/>\n<meta property=\"og:site_name\" content=\"Naturpark Stechlin-Ruppiner Land\" \/>\n<meta property=\"article:published_time\" content=\"2013-09-26T07:58:16+00:00\" \/>\n<meta property=\"article:modified_time\" content=\"2013-10-01T13:24:50+00:00\" \/>\n<meta property=\"og:image\" content=\"https:\/\/www.naturparkmagazin.de\/stechlin\/wp-content\/uploads\/sites\/38\/k-T\u00f6pfermarkt.jpg\" \/>\n\t<meta property=\"og:image:width\" content=\"1824\" \/>\n\t<meta property=\"og:image:height\" content=\"1368\" \/>\n\t<meta property=\"og:image:type\" content=\"image\/jpeg\" \/>\n<meta name=\"author\" content=\"marioschrumpf\" \/>\n<meta name=\"twitter:label1\" content=\"Verfasst von\" \/>\n\t<meta name=\"twitter:data1\" content=\"marioschrumpf\" \/>\n<script type=\"application\/ld+json\" class=\"yoast-schema-graph\">{\"@context\":\"https:\/\/schema.org\",\"@graph\":[{\"@type\":\"WebPage\",\"@id\":\"https:\/\/www.naturparkmagazin.de\/stechlin\/19-rheinsberger-toepfermarkt\/\",\"url\":\"https:\/\/www.naturparkmagazin.de\/stechlin\/19-rheinsberger-toepfermarkt\/\",\"name\":\"19. Rheinsberger T\u00f6pfermarkt - Naturpark Stechlin-Ruppiner Land\",\"isPartOf\":{\"@id\":\"https:\/\/www.naturparkmagazin.de\/stechlin\/#website\"},\"datePublished\":\"2013-09-26T07:58:16+00:00\",\"dateModified\":\"2013-10-01T13:24:50+00:00\",\"author\":{\"@id\":\"https:\/\/www.naturparkmagazin.de\/stechlin\/#\/schema\/person\/3f0d93203df21c806dd63c76d9bb28bc\"},\"breadcrumb\":{\"@id\":\"https:\/\/www.naturparkmagazin.de\/stechlin\/19-rheinsberger-toepfermarkt\/#breadcrumb\"},\"inLanguage\":\"de\",\"potentialAction\":[{\"@type\":\"ReadAction\",\"target\":[\"https:\/\/www.naturparkmagazin.de\/stechlin\/19-rheinsberger-toepfermarkt\/\"]}]},{\"@type\":\"BreadcrumbList\",\"@id\":\"https:\/\/www.naturparkmagazin.de\/stechlin\/19-rheinsberger-toepfermarkt\/#breadcrumb\",\"itemListElement\":[{\"@type\":\"ListItem\",\"position\":1,\"name\":\"Home\",\"item\":\"https:\/\/www.naturparkmagazin.de\/stechlin\/\"},{\"@type\":\"ListItem\",\"position\":2,\"name\":\"19. Rheinsberger T\u00f6pfermarkt\"}]},{\"@type\":\"WebSite\",\"@id\":\"https:\/\/www.naturparkmagazin.de\/stechlin\/#website\",\"url\":\"https:\/\/www.naturparkmagazin.de\/stechlin\/\",\"name\":\"Naturpark Stechlin-Ruppiner Land\",\"description\":\"\",\"potentialAction\":[{\"@type\":\"SearchAction\",\"target\":{\"@type\":\"EntryPoint\",\"urlTemplate\":\"https:\/\/www.naturparkmagazin.de\/stechlin\/?s={search_term_string}\"},\"query-input\":\"required name=search_term_string\"}],\"inLanguage\":\"de\"},{\"@type\":\"Person\",\"@id\":\"https:\/\/www.naturparkmagazin.de\/stechlin\/#\/schema\/person\/3f0d93203df21c806dd63c76d9bb28bc\",\"name\":\"marioschrumpf\",\"url\":\"https:\/\/www.naturparkmagazin.de\/stechlin\/author\/marioschrumpf\/\"}]}<\/script>\n<!-- \/ Yoast SEO plugin. -->","yoast_head_json":{"title":"19. Rheinsberger T\u00f6pfermarkt - Naturpark Stechlin-Ruppiner Land","robots":{"index":"index","follow":"follow","max-snippet":"max-snippet:-1","max-image-preview":"max-image-preview:large","max-video-preview":"max-video-preview:-1"},"canonical":"https:\/\/www.naturparkmagazin.de\/stechlin\/19-rheinsberger-toepfermarkt\/","og_locale":"de_DE","og_type":"article","og_title":"19. Rheinsberger T\u00f6pfermarkt - Naturpark Stechlin-Ruppiner Land","og_description":"Allj\u00e4hrlich am zweiten Oktoberwochenende trefen sich mehr als 90 Kunstkeramiker und T\u00f6pfermeister aus fast allen deutschen Bundesl\u00e4nder und dem Ausland auf dem Rheinsberger T\u00f6pfermarkt.","og_url":"https:\/\/www.naturparkmagazin.de\/stechlin\/19-rheinsberger-toepfermarkt\/","og_site_name":"Naturpark Stechlin-Ruppiner Land","article_published_time":"2013-09-26T07:58:16+00:00","article_modified_time":"2013-10-01T13:24:50+00:00","og_image":[{"width":1824,"height":1368,"url":"https:\/\/www.naturparkmagazin.de\/stechlin\/wp-content\/uploads\/sites\/38\/k-T\u00f6pfermarkt.jpg","type":"image\/jpeg"}],"author":"marioschrumpf","twitter_misc":{"Verfasst von":"marioschrumpf"},"schema":{"@context":"https:\/\/schema.org","@graph":[{"@type":"WebPage","@id":"https:\/\/www.naturparkmagazin.de\/stechlin\/19-rheinsberger-toepfermarkt\/","url":"https:\/\/www.naturparkmagazin.de\/stechlin\/19-rheinsberger-toepfermarkt\/","name":"19. Rheinsberger T\u00f6pfermarkt - Naturpark Stechlin-Ruppiner Land","isPartOf":{"@id":"https:\/\/www.naturparkmagazin.de\/stechlin\/#website"},"datePublished":"2013-09-26T07:58:16+00:00","dateModified":"2013-10-01T13:24:50+00:00","author":{"@id":"https:\/\/www.naturparkmagazin.de\/stechlin\/#\/schema\/person\/3f0d93203df21c806dd63c76d9bb28bc"},"breadcrumb":{"@id":"https:\/\/www.naturparkmagazin.de\/stechlin\/19-rheinsberger-toepfermarkt\/#breadcrumb"},"inLanguage":"de","potentialAction":[{"@type":"ReadAction","target":["https:\/\/www.naturparkmagazin.de\/stechlin\/19-rheinsberger-toepfermarkt\/"]}]},{"@type":"BreadcrumbList","@id":"https:\/\/www.naturparkmagazin.de\/stechlin\/19-rheinsberger-toepfermarkt\/#breadcrumb","itemListElement":[{"@type":"ListItem","position":1,"name":"Home","item":"https:\/\/www.naturparkmagazin.de\/stechlin\/"},{"@type":"ListItem","position":2,"name":"19. Rheinsberger T\u00f6pfermarkt"}]},{"@type":"WebSite","@id":"https:\/\/www.naturparkmagazin.de\/stechlin\/#website","url":"https:\/\/www.naturparkmagazin.de\/stechlin\/","name":"Naturpark Stechlin-Ruppiner Land","description":"","potentialAction":[{"@type":"SearchAction","target":{"@type":"EntryPoint","urlTemplate":"https:\/\/www.naturparkmagazin.de\/stechlin\/?s={search_term_string}"},"query-input":"required name=search_term_string"}],"inLanguage":"de"},{"@type":"Person","@id":"https:\/\/www.naturparkmagazin.de\/stechlin\/#\/schema\/person\/3f0d93203df21c806dd63c76d9bb28bc","name":"marioschrumpf","url":"https:\/\/www.naturparkmagazin.de\/stechlin\/author\/marioschrumpf\/"}]}},"_links":{"self":[{"href":"https:\/\/www.naturparkmagazin.de\/stechlin\/wp-json\/wp\/v2\/posts\/263"}],"collection":[{"href":"https:\/\/www.naturparkmagazin.de\/stechlin\/wp-json\/wp\/v2\/posts"}],"about":[{"href":"https:\/\/www.naturparkmagazin.de\/stechlin\/wp-json\/wp\/v2\/types\/post"}],"author":[{"embeddable":true,"href":"https:\/\/www.naturparkmagazin.de\/stechlin\/wp-json\/wp\/v2\/users\/39"}],"replies":[{"embeddable":true,"href":"https:\/\/www.naturparkmagazin.de\/stechlin\/wp-json\/wp\/v2\/comments?post=263"}],"version-history":[{"count":6,"href":"https:\/\/www.naturparkmagazin.de\/stechlin\/wp-json\/wp\/v2\/posts\/263\/revisions"}],"predecessor-version":[{"id":332,"href":"https:\/\/www.naturparkmagazin.de\/stechlin\/wp-json\/wp\/v2\/posts\/263\/revisions\/332"}],"wp:featuredmedia":[{"embeddable":true,"href":"https:\/\/www.naturparkmagazin.de\/stechlin\/wp-json\/wp\/v2\/media\/260"}],"wp:attachment":[{"href":"https:\/\/www.naturparkmagazin.de\/stechlin\/wp-json\/wp\/v2\/media?parent=263"}],"wp:term":[{"taxonomy":"category","embeddable":true,"href":"https:\/\/www.naturparkmagazin.de\/stechlin\/wp-json\/wp\/v2\/categories?post=263"},{"taxonomy":"post_tag","embeddable":true,"href":"https:\/\/www.naturparkmagazin.de\/stechlin\/wp-json\/wp\/v2\/tags?post=263"}],"curies":[{"name":"wp","href":"https:\/\/api.w.org\/{rel}","templated":true}]}}