{"id":266,"date":"2013-09-26T10:10:22","date_gmt":"2013-09-26T08:10:22","guid":{"rendered":"http:\/\/www.naturparkmagazin.de\/stechlin\/?p=266"},"modified":"2025-01-24T10:34:18","modified_gmt":"2025-01-24T09:34:18","slug":"naturpark-engagiert-sich-fuer-den-erhalt-alter-apfelsorten","status":"publish","type":"post","link":"https:\/\/www.naturparkmagazin.de\/stechlin\/naturpark-engagiert-sich-fuer-den-erhalt-alter-apfelsorten\/","title":{"rendered":"Naturpark engagiert sich f\u00fcr den Erhalt alter Apfelsorten (2013)"},"content":{"rendered":"<p style=\"text-align: center\"><a href=\"https:\/\/www.naturparkmagazin.de\/stechlin\/wp-content\/uploads\/sites\/38\/k-Apfeltag.jpg\"><img decoding=\"async\" loading=\"lazy\" class=\"size-medium wp-image-261 aligncenter\" title=\"Der Menzer Apfeltag findet in diesem Jahr bereits zum zehnten Mal statt.\" src=\"https:\/\/www.naturparkmagazin.de\/stechlin\/wp-content\/uploads\/sites\/38\/k-Apfeltag-620x465.jpg\" alt=\"Der Menzer Apfeltag findet in diesem Jahr bereits zum zehnten Mal statt.\" width=\"620\" height=\"465\" srcset=\"https:\/\/www.naturparkmagazin.de\/stechlin\/wp-content\/uploads\/sites\/38\/k-Apfeltag-620x465.jpg 620w, https:\/\/www.naturparkmagazin.de\/stechlin\/wp-content\/uploads\/sites\/38\/k-Apfeltag-300x225.jpg 300w, https:\/\/www.naturparkmagazin.de\/stechlin\/wp-content\/uploads\/sites\/38\/k-Apfeltag-940x705.jpg 940w, https:\/\/www.naturparkmagazin.de\/stechlin\/wp-content\/uploads\/sites\/38\/k-Apfeltag-580x435.jpg 580w, https:\/\/www.naturparkmagazin.de\/stechlin\/wp-content\/uploads\/sites\/38\/k-Apfeltag-420x315.jpg 420w, https:\/\/www.naturparkmagazin.de\/stechlin\/wp-content\/uploads\/sites\/38\/k-Apfeltag-180x135.jpg 180w, https:\/\/www.naturparkmagazin.de\/stechlin\/wp-content\/uploads\/sites\/38\/k-Apfeltag-95x71.jpg 95w, https:\/\/www.naturparkmagazin.de\/stechlin\/wp-content\/uploads\/sites\/38\/k-Apfeltag-670x503.jpg 670w, https:\/\/www.naturparkmagazin.de\/stechlin\/wp-content\/uploads\/sites\/38\/k-Apfeltag-200x150.jpg 200w, https:\/\/www.naturparkmagazin.de\/stechlin\/wp-content\/uploads\/sites\/38\/k-Apfeltag.jpg 1824w\" sizes=\"(max-width: 620px) 100vw, 620px\" \/><\/a><\/p>\n<p>Am Samstag, den <strong>19. Oktober<\/strong> laden Naturparkverwaltung, Naturwacht und F\u00f6rderverein zum <strong>Menzer Apfeltag<\/strong> ein. Die mittlerweile \u00fcberregional bekannte Veranstaltung rund um die paradiesische Frucht findet in 10. Auflage statt. Neben Sortenschau und Sortenbestimmung, Direktsaftpressung, Verkauf von Regionalprodukten und dem Apfelkuchenwettbewerb wird es wieder den traditionellen Vortrag geben. Roland Lebe vom Bundessortenamt ist seit mehr als 30 Jahren f\u00fcr die Zulassung neuer Sorten zust\u00e4ndig. Bevor diese Apfelsorten in unsere G\u00e4rten Einzug halten, werden sie im s\u00e4chsischen Wurzen vier Jahre &#8222;auf Herz und Nieren&#8220; gepr\u00fcft. Mit bis zu 1.000 verschiedenen Tierarten geh\u00f6ren Streuobstwiesen zu den artenreichsten Lebensr\u00e4umen in Deutschland. Die Naturparke Uckerm\u00e4rkische Seen und Stechlin-Ruppiner Land engagieren sich seit Jahren im Rahmen eines Genressourcenprojektes f\u00fcr den Erhalt alter Apfelsorten. So werden zum Menzer Apfeltag wieder 130 Apfelb\u00e4ume alter, regionaltypischer Sorten an interessierte Hobbyg\u00e4rtner gegen Vereinbarung abgegeben.<\/p>\n","protected":false},"excerpt":{"rendered":"<p>Am Samstag, den 19. Oktober laden Naturparkverwaltung, Naturwacht und F\u00f6rderverein zum Menzer Apfeltag ein. <\/p>\n","protected":false},"author":39,"featured_media":261,"comment_status":"open","ping_status":"open","sticky":false,"template":"","format":"standard","meta":[],"categories":[11],"tags":[],"yoast_head":"<!-- This site is optimized with the Yoast SEO plugin v19.10 - https:\/\/yoast.com\/wordpress\/plugins\/seo\/ -->\n<title>Naturpark engagiert sich f\u00fcr den Erhalt alter Apfelsorten (2013) - Naturpark Stechlin-Ruppiner Land<\/title>\n<meta name=\"robots\" content=\"index, follow, max-snippet:-1, max-image-preview:large, max-video-preview:-1\" \/>\n<link rel=\"canonical\" href=\"https:\/\/www.naturparkmagazin.de\/stechlin\/naturpark-engagiert-sich-fuer-den-erhalt-alter-apfelsorten\/\" \/>\n<meta property=\"og:locale\" content=\"de_DE\" \/>\n<meta property=\"og:type\" content=\"article\" \/>\n<meta property=\"og:title\" content=\"Naturpark engagiert sich f\u00fcr den Erhalt alter Apfelsorten (2013) - Naturpark Stechlin-Ruppiner Land\" \/>\n<meta property=\"og:description\" content=\"Am Samstag, den 19. Oktober laden Naturparkverwaltung, Naturwacht und F\u00f6rderverein zum Menzer Apfeltag ein.\" \/>\n<meta property=\"og:url\" content=\"https:\/\/www.naturparkmagazin.de\/stechlin\/naturpark-engagiert-sich-fuer-den-erhalt-alter-apfelsorten\/\" \/>\n<meta property=\"og:site_name\" content=\"Naturpark Stechlin-Ruppiner Land\" \/>\n<meta property=\"article:published_time\" content=\"2013-09-26T08:10:22+00:00\" \/>\n<meta property=\"article:modified_time\" content=\"2025-01-24T09:34:18+00:00\" \/>\n<meta property=\"og:image\" content=\"https:\/\/www.naturparkmagazin.de\/stechlin\/wp-content\/uploads\/sites\/38\/k-Apfeltag.jpg\" \/>\n\t<meta property=\"og:image:width\" content=\"1824\" \/>\n\t<meta property=\"og:image:height\" content=\"1368\" \/>\n\t<meta property=\"og:image:type\" content=\"image\/jpeg\" \/>\n<meta name=\"author\" content=\"marioschrumpf\" \/>\n<meta name=\"twitter:label1\" content=\"Verfasst von\" \/>\n\t<meta name=\"twitter:data1\" content=\"marioschrumpf\" \/>\n\t<meta name=\"twitter:label2\" content=\"Gesch\u00e4tzte Lesezeit\" \/>\n\t<meta name=\"twitter:data2\" content=\"1\u00a0Minute\" \/>\n<script type=\"application\/ld+json\" class=\"yoast-schema-graph\">{\"@context\":\"https:\/\/schema.org\",\"@graph\":[{\"@type\":\"WebPage\",\"@id\":\"https:\/\/www.naturparkmagazin.de\/stechlin\/naturpark-engagiert-sich-fuer-den-erhalt-alter-apfelsorten\/\",\"url\":\"https:\/\/www.naturparkmagazin.de\/stechlin\/naturpark-engagiert-sich-fuer-den-erhalt-alter-apfelsorten\/\",\"name\":\"Naturpark engagiert sich f\u00fcr den Erhalt alter Apfelsorten (2013) - Naturpark Stechlin-Ruppiner Land\",\"isPartOf\":{\"@id\":\"https:\/\/www.naturparkmagazin.de\/stechlin\/#website\"},\"datePublished\":\"2013-09-26T08:10:22+00:00\",\"dateModified\":\"2025-01-24T09:34:18+00:00\",\"author\":{\"@id\":\"https:\/\/www.naturparkmagazin.de\/stechlin\/#\/schema\/person\/3f0d93203df21c806dd63c76d9bb28bc\"},\"breadcrumb\":{\"@id\":\"https:\/\/www.naturparkmagazin.de\/stechlin\/naturpark-engagiert-sich-fuer-den-erhalt-alter-apfelsorten\/#breadcrumb\"},\"inLanguage\":\"de\",\"potentialAction\":[{\"@type\":\"ReadAction\",\"target\":[\"https:\/\/www.naturparkmagazin.de\/stechlin\/naturpark-engagiert-sich-fuer-den-erhalt-alter-apfelsorten\/\"]}]},{\"@type\":\"BreadcrumbList\",\"@id\":\"https:\/\/www.naturparkmagazin.de\/stechlin\/naturpark-engagiert-sich-fuer-den-erhalt-alter-apfelsorten\/#breadcrumb\",\"itemListElement\":[{\"@type\":\"ListItem\",\"position\":1,\"name\":\"Home\",\"item\":\"https:\/\/www.naturparkmagazin.de\/stechlin\/\"},{\"@type\":\"ListItem\",\"position\":2,\"name\":\"Naturpark engagiert sich f\u00fcr den Erhalt alter Apfelsorten (2013)\"}]},{\"@type\":\"WebSite\",\"@id\":\"https:\/\/www.naturparkmagazin.de\/stechlin\/#website\",\"url\":\"https:\/\/www.naturparkmagazin.de\/stechlin\/\",\"name\":\"Naturpark Stechlin-Ruppiner Land\",\"description\":\"\",\"potentialAction\":[{\"@type\":\"SearchAction\",\"target\":{\"@type\":\"EntryPoint\",\"urlTemplate\":\"https:\/\/www.naturparkmagazin.de\/stechlin\/?s={search_term_string}\"},\"query-input\":\"required name=search_term_string\"}],\"inLanguage\":\"de\"},{\"@type\":\"Person\",\"@id\":\"https:\/\/www.naturparkmagazin.de\/stechlin\/#\/schema\/person\/3f0d93203df21c806dd63c76d9bb28bc\",\"name\":\"marioschrumpf\",\"url\":\"https:\/\/www.naturparkmagazin.de\/stechlin\/author\/marioschrumpf\/\"}]}<\/script>\n<!-- \/ Yoast SEO plugin. -->","yoast_head_json":{"title":"Naturpark engagiert sich f\u00fcr den Erhalt alter Apfelsorten (2013) - Naturpark Stechlin-Ruppiner Land","robots":{"index":"index","follow":"follow","max-snippet":"max-snippet:-1","max-image-preview":"max-image-preview:large","max-video-preview":"max-video-preview:-1"},"canonical":"https:\/\/www.naturparkmagazin.de\/stechlin\/naturpark-engagiert-sich-fuer-den-erhalt-alter-apfelsorten\/","og_locale":"de_DE","og_type":"article","og_title":"Naturpark engagiert sich f\u00fcr den Erhalt alter Apfelsorten (2013) - Naturpark Stechlin-Ruppiner Land","og_description":"Am Samstag, den 19. Oktober laden Naturparkverwaltung, Naturwacht und F\u00f6rderverein zum Menzer Apfeltag ein.","og_url":"https:\/\/www.naturparkmagazin.de\/stechlin\/naturpark-engagiert-sich-fuer-den-erhalt-alter-apfelsorten\/","og_site_name":"Naturpark Stechlin-Ruppiner Land","article_published_time":"2013-09-26T08:10:22+00:00","article_modified_time":"2025-01-24T09:34:18+00:00","og_image":[{"width":1824,"height":1368,"url":"https:\/\/www.naturparkmagazin.de\/stechlin\/wp-content\/uploads\/sites\/38\/k-Apfeltag.jpg","type":"image\/jpeg"}],"author":"marioschrumpf","twitter_misc":{"Verfasst von":"marioschrumpf","Gesch\u00e4tzte Lesezeit":"1\u00a0Minute"},"schema":{"@context":"https:\/\/schema.org","@graph":[{"@type":"WebPage","@id":"https:\/\/www.naturparkmagazin.de\/stechlin\/naturpark-engagiert-sich-fuer-den-erhalt-alter-apfelsorten\/","url":"https:\/\/www.naturparkmagazin.de\/stechlin\/naturpark-engagiert-sich-fuer-den-erhalt-alter-apfelsorten\/","name":"Naturpark engagiert sich f\u00fcr den Erhalt alter Apfelsorten (2013) - Naturpark Stechlin-Ruppiner Land","isPartOf":{"@id":"https:\/\/www.naturparkmagazin.de\/stechlin\/#website"},"datePublished":"2013-09-26T08:10:22+00:00","dateModified":"2025-01-24T09:34:18+00:00","author":{"@id":"https:\/\/www.naturparkmagazin.de\/stechlin\/#\/schema\/person\/3f0d93203df21c806dd63c76d9bb28bc"},"breadcrumb":{"@id":"https:\/\/www.naturparkmagazin.de\/stechlin\/naturpark-engagiert-sich-fuer-den-erhalt-alter-apfelsorten\/#breadcrumb"},"inLanguage":"de","potentialAction":[{"@type":"ReadAction","target":["https:\/\/www.naturparkmagazin.de\/stechlin\/naturpark-engagiert-sich-fuer-den-erhalt-alter-apfelsorten\/"]}]},{"@type":"BreadcrumbList","@id":"https:\/\/www.naturparkmagazin.de\/stechlin\/naturpark-engagiert-sich-fuer-den-erhalt-alter-apfelsorten\/#breadcrumb","itemListElement":[{"@type":"ListItem","position":1,"name":"Home","item":"https:\/\/www.naturparkmagazin.de\/stechlin\/"},{"@type":"ListItem","position":2,"name":"Naturpark engagiert sich f\u00fcr den Erhalt alter Apfelsorten (2013)"}]},{"@type":"WebSite","@id":"https:\/\/www.naturparkmagazin.de\/stechlin\/#website","url":"https:\/\/www.naturparkmagazin.de\/stechlin\/","name":"Naturpark Stechlin-Ruppiner Land","description":"","potentialAction":[{"@type":"SearchAction","target":{"@type":"EntryPoint","urlTemplate":"https:\/\/www.naturparkmagazin.de\/stechlin\/?s={search_term_string}"},"query-input":"required name=search_term_string"}],"inLanguage":"de"},{"@type":"Person","@id":"https:\/\/www.naturparkmagazin.de\/stechlin\/#\/schema\/person\/3f0d93203df21c806dd63c76d9bb28bc","name":"marioschrumpf","url":"https:\/\/www.naturparkmagazin.de\/stechlin\/author\/marioschrumpf\/"}]}},"_links":{"self":[{"href":"https:\/\/www.naturparkmagazin.de\/stechlin\/wp-json\/wp\/v2\/posts\/266"}],"collection":[{"href":"https:\/\/www.naturparkmagazin.de\/stechlin\/wp-json\/wp\/v2\/posts"}],"about":[{"href":"https:\/\/www.naturparkmagazin.de\/stechlin\/wp-json\/wp\/v2\/types\/post"}],"author":[{"embeddable":true,"href":"https:\/\/www.naturparkmagazin.de\/stechlin\/wp-json\/wp\/v2\/users\/39"}],"replies":[{"embeddable":true,"href":"https:\/\/www.naturparkmagazin.de\/stechlin\/wp-json\/wp\/v2\/comments?post=266"}],"version-history":[{"count":8,"href":"https:\/\/www.naturparkmagazin.de\/stechlin\/wp-json\/wp\/v2\/posts\/266\/revisions"}],"predecessor-version":[{"id":16625,"href":"https:\/\/www.naturparkmagazin.de\/stechlin\/wp-json\/wp\/v2\/posts\/266\/revisions\/16625"}],"wp:featuredmedia":[{"embeddable":true,"href":"https:\/\/www.naturparkmagazin.de\/stechlin\/wp-json\/wp\/v2\/media\/261"}],"wp:attachment":[{"href":"https:\/\/www.naturparkmagazin.de\/stechlin\/wp-json\/wp\/v2\/media?parent=266"}],"wp:term":[{"taxonomy":"category","embeddable":true,"href":"https:\/\/www.naturparkmagazin.de\/stechlin\/wp-json\/wp\/v2\/categories?post=266"},{"taxonomy":"post_tag","embeddable":true,"href":"https:\/\/www.naturparkmagazin.de\/stechlin\/wp-json\/wp\/v2\/tags?post=266"}],"curies":[{"name":"wp","href":"https:\/\/api.w.org\/{rel}","templated":true}]}}