{"id":2669,"date":"2015-08-19T08:59:04","date_gmt":"2015-08-19T06:59:04","guid":{"rendered":"http:\/\/www.naturparkmagazin.de\/stechlin\/?p=2669"},"modified":"2015-08-25T15:48:06","modified_gmt":"2015-08-25T13:48:06","slug":"mehr-wasser-fuer-den-schulzensee","status":"publish","type":"post","link":"https:\/\/www.naturparkmagazin.de\/stechlin\/mehr-wasser-fuer-den-schulzensee\/","title":{"rendered":"Mehr Wasser f\u00fcr den Schulzensee"},"content":{"rendered":"<div id=\"attachment_2670\" style=\"width: 310px\" class=\"wp-caption alignleft\"><a href=\"https:\/\/www.naturparkmagazin.de\/stechlin\/wp-content\/uploads\/sites\/38\/Pr\u00e4sentation_Infotafel-Z\u00fchlen.jpg\"><img aria-describedby=\"caption-attachment-2670\" decoding=\"async\" loading=\"lazy\" class=\"size-thumbnail wp-image-2670\" src=\"https:\/\/www.naturparkmagazin.de\/stechlin\/wp-content\/uploads\/sites\/38\/Pr\u00e4sentation_Infotafel-Z\u00fchlen-300x201.jpg\" alt=\"Jan-Pieter Rau, B\u00fcrgermeister der Stadt Rheinsberg; Frank Stieldorf, Gesch\u00e4ftsf\u00fchrer der Rheinsberger Preussenquelle; Reta Fl\u00fctsch, Gestalterin der Infotafel und Hartmut Schliephacke, Ortsvertreter Z\u00fchlen beim gemeinsamen Pressetermin am Schulzensee\" width=\"300\" height=\"201\" srcset=\"https:\/\/www.naturparkmagazin.de\/stechlin\/wp-content\/uploads\/sites\/38\/Pr\u00e4sentation_Infotafel-Z\u00fchlen-300x201.jpg 300w, https:\/\/www.naturparkmagazin.de\/stechlin\/wp-content\/uploads\/sites\/38\/Pr\u00e4sentation_Infotafel-Z\u00fchlen.jpg 500w, https:\/\/www.naturparkmagazin.de\/stechlin\/wp-content\/uploads\/sites\/38\/Pr\u00e4sentation_Infotafel-Z\u00fchlen-200x134.jpg 200w\" sizes=\"(max-width: 300px) 100vw, 300px\" \/><\/a><p id=\"caption-attachment-2670\" class=\"wp-caption-text\">Jan-Pieter Rau, B\u00fcrgermeister der Stadt Rheinsberg; Frank Stieldorf, Gesch\u00e4ftsf\u00fchrer der Rheinsberger Preussenquelle; Reta Fl\u00fctsch, Gestalterin der Infotafel und Hartmut Schliephacke, Ortsvertreter aus Z\u00fchlen beim gemeinsamen Pressetermin am Schulzensee<\/p><\/div>\n<p>&nbsp;<\/p>\n<p>&nbsp;<\/p>\n<p>&nbsp;<\/p>\n<p>&nbsp;<\/p>\n<p>&nbsp;<\/p>\n<p>&nbsp;<\/p>\n<p>&nbsp;<\/p>\n<p>&nbsp;<\/p>\n<p>&nbsp;<\/p>\n<div id=\"attachment_2671\" style=\"width: 310px\" class=\"wp-caption alignleft\"><a href=\"https:\/\/www.naturparkmagazin.de\/stechlin\/wp-content\/uploads\/sites\/38\/Erdkr\u00f6te_Hahn.jpg\"><img aria-describedby=\"caption-attachment-2671\" decoding=\"async\" loading=\"lazy\" class=\"size-thumbnail wp-image-2671\" src=\"https:\/\/www.naturparkmagazin.de\/stechlin\/wp-content\/uploads\/sites\/38\/Erdkr\u00f6te_Hahn-300x259.jpg\" alt=\"Im Fr\u00fchjahr queren bis zu 4.000 Amphibien haupts\u00e4chlich auf ihrem Weg zum Laichgew\u00e4sser Schulzensee die Ortsverbindungsstra\u00dfe.\" width=\"300\" height=\"259\" srcset=\"https:\/\/www.naturparkmagazin.de\/stechlin\/wp-content\/uploads\/sites\/38\/Erdkr\u00f6te_Hahn-300x259.jpg 300w, https:\/\/www.naturparkmagazin.de\/stechlin\/wp-content\/uploads\/sites\/38\/Erdkr\u00f6te_Hahn-620x535.jpg 620w, https:\/\/www.naturparkmagazin.de\/stechlin\/wp-content\/uploads\/sites\/38\/Erdkr\u00f6te_Hahn-200x173.jpg 200w, https:\/\/www.naturparkmagazin.de\/stechlin\/wp-content\/uploads\/sites\/38\/Erdkr\u00f6te_Hahn.jpg 640w\" sizes=\"(max-width: 300px) 100vw, 300px\" \/><\/a><p id=\"caption-attachment-2671\" class=\"wp-caption-text\">Im Fr\u00fchjahr queren bis zu 4.000 Erdkr\u00f6ten\u00a0auf ihrem Weg zum Laichgew\u00e4sser Schulzensee die Ortsverbindungsstra\u00dfe.<\/p><\/div>\n<p>&nbsp;<\/p>\n<p>&nbsp;<\/p>\n<p>&nbsp;<\/p>\n<p>&nbsp;<\/p>\n<p>&nbsp;<\/p>\n<p>&nbsp;<\/p>\n<p>&nbsp;<\/p>\n<p>&nbsp;<\/p>\n<p>&nbsp;<\/p>\n<p>&nbsp;<\/p>\n<p>&nbsp;<\/p>\n<p>&nbsp;<\/p>\n<p>&nbsp;<\/p>\n<p>Der Schulzensee bei Z\u00fchlen ist als n\u00e4hrstoffreicher (eutroper) See als Lebensraum entsprechend Fauna-Flora-Habitat (FFH)-Richtlinie der EU europaweit gesch\u00fctzt. Er dient gleichzeitig auch der Naherholung der Z\u00fchlener B\u00fcrger.<\/p>\n<p>Der See wurde durch einen Graben \u00fcberm\u00e4\u00dfig entw\u00e4ssert. Das hatte zur Folge, dass der See in trockenen Jahren im Sommer vollst\u00e4ndig austrocknete. Durch den Einbau einer Sohlgleite wird nun in niederschlagsreichen Phasen Wasser f\u00fcr Trockenzeiten zur\u00fcckgehalten. Eine Infotafel informiert \u00fcber den See als Lebensraum.<\/p>\n<p>Das Projekt wurde durch die Rheinsberger Preussenquelle finanziell unterst\u00fctzt.<\/p>\n<p>Von den ca. 6.000 Euro Gesamtkosten hat der Mineralwasserhersteller 4.000 Euro und der Naturpark 2.000 Euro finanziert.<\/p>\n<p>Der B\u00fcrgermeister der Stadt Rheinsberg, Jan-Pieter Rau, der Gesch\u00e4ftsf\u00fchrer der Rheinsberger Preussenquelle, Frank Stieldorf, der Leiter des Naturparks Stechlin-Ruppiner Land, Dr. Mario Schrumpf\u00a0und Z\u00fchlens Ortsvertreter Hartmut Schliephacke haben am 27. Juli das Projekt vor Ort der Presse vorgestellt.<\/p>\n","protected":false},"excerpt":{"rendered":"<p>Der Schulzensee bei Z\u00fchlen ist als n\u00e4hrstoffreicher (eutroper) See als Lebensraum entsprechend Fauna-Flora-Habitat (FFH)-Richtlinie der EU europaweit gesch\u00fctzt. Er dient gleichzeitig auch der Naherholung der Z\u00fchlener B\u00fcrger.<\/p>\n","protected":false},"author":39,"featured_media":2670,"comment_status":"open","ping_status":"open","sticky":false,"template":"","format":"standard","meta":[],"categories":[7],"tags":[],"yoast_head":"<!-- This site is optimized with the Yoast SEO plugin v19.10 - https:\/\/yoast.com\/wordpress\/plugins\/seo\/ -->\n<title>Mehr Wasser f\u00fcr den Schulzensee - Naturpark Stechlin-Ruppiner Land<\/title>\n<meta name=\"robots\" content=\"index, follow, max-snippet:-1, max-image-preview:large, max-video-preview:-1\" \/>\n<link rel=\"canonical\" href=\"https:\/\/www.naturparkmagazin.de\/stechlin\/mehr-wasser-fuer-den-schulzensee\/\" \/>\n<meta property=\"og:locale\" content=\"de_DE\" \/>\n<meta property=\"og:type\" content=\"article\" \/>\n<meta property=\"og:title\" content=\"Mehr Wasser f\u00fcr den Schulzensee - Naturpark Stechlin-Ruppiner Land\" \/>\n<meta property=\"og:description\" content=\"Der Schulzensee bei Z\u00fchlen ist als n\u00e4hrstoffreicher (eutroper) See als Lebensraum entsprechend Fauna-Flora-Habitat (FFH)-Richtlinie der EU europaweit gesch\u00fctzt. Er dient gleichzeitig auch der Naherholung der Z\u00fchlener B\u00fcrger.\" \/>\n<meta property=\"og:url\" content=\"https:\/\/www.naturparkmagazin.de\/stechlin\/mehr-wasser-fuer-den-schulzensee\/\" \/>\n<meta property=\"og:site_name\" content=\"Naturpark Stechlin-Ruppiner Land\" \/>\n<meta property=\"article:published_time\" content=\"2015-08-19T06:59:04+00:00\" \/>\n<meta property=\"article:modified_time\" content=\"2015-08-25T13:48:06+00:00\" \/>\n<meta property=\"og:image\" content=\"https:\/\/www.naturparkmagazin.de\/stechlin\/wp-content\/uploads\/sites\/38\/Pr\u00e4sentation_Infotafel-Z\u00fchlen.jpg\" \/>\n\t<meta property=\"og:image:width\" content=\"500\" \/>\n\t<meta property=\"og:image:height\" content=\"335\" \/>\n\t<meta property=\"og:image:type\" content=\"image\/jpeg\" \/>\n<meta name=\"author\" content=\"marioschrumpf\" \/>\n<meta name=\"twitter:label1\" content=\"Verfasst von\" \/>\n\t<meta name=\"twitter:data1\" content=\"marioschrumpf\" \/>\n\t<meta name=\"twitter:label2\" content=\"Gesch\u00e4tzte Lesezeit\" \/>\n\t<meta name=\"twitter:data2\" content=\"1\u00a0Minute\" \/>\n<script type=\"application\/ld+json\" class=\"yoast-schema-graph\">{\"@context\":\"https:\/\/schema.org\",\"@graph\":[{\"@type\":\"WebPage\",\"@id\":\"https:\/\/www.naturparkmagazin.de\/stechlin\/mehr-wasser-fuer-den-schulzensee\/\",\"url\":\"https:\/\/www.naturparkmagazin.de\/stechlin\/mehr-wasser-fuer-den-schulzensee\/\",\"name\":\"Mehr Wasser f\u00fcr den Schulzensee - Naturpark Stechlin-Ruppiner Land\",\"isPartOf\":{\"@id\":\"https:\/\/www.naturparkmagazin.de\/stechlin\/#website\"},\"datePublished\":\"2015-08-19T06:59:04+00:00\",\"dateModified\":\"2015-08-25T13:48:06+00:00\",\"author\":{\"@id\":\"https:\/\/www.naturparkmagazin.de\/stechlin\/#\/schema\/person\/3f0d93203df21c806dd63c76d9bb28bc\"},\"breadcrumb\":{\"@id\":\"https:\/\/www.naturparkmagazin.de\/stechlin\/mehr-wasser-fuer-den-schulzensee\/#breadcrumb\"},\"inLanguage\":\"de\",\"potentialAction\":[{\"@type\":\"ReadAction\",\"target\":[\"https:\/\/www.naturparkmagazin.de\/stechlin\/mehr-wasser-fuer-den-schulzensee\/\"]}]},{\"@type\":\"BreadcrumbList\",\"@id\":\"https:\/\/www.naturparkmagazin.de\/stechlin\/mehr-wasser-fuer-den-schulzensee\/#breadcrumb\",\"itemListElement\":[{\"@type\":\"ListItem\",\"position\":1,\"name\":\"Home\",\"item\":\"https:\/\/www.naturparkmagazin.de\/stechlin\/\"},{\"@type\":\"ListItem\",\"position\":2,\"name\":\"Mehr Wasser f\u00fcr den Schulzensee\"}]},{\"@type\":\"WebSite\",\"@id\":\"https:\/\/www.naturparkmagazin.de\/stechlin\/#website\",\"url\":\"https:\/\/www.naturparkmagazin.de\/stechlin\/\",\"name\":\"Naturpark Stechlin-Ruppiner Land\",\"description\":\"\",\"potentialAction\":[{\"@type\":\"SearchAction\",\"target\":{\"@type\":\"EntryPoint\",\"urlTemplate\":\"https:\/\/www.naturparkmagazin.de\/stechlin\/?s={search_term_string}\"},\"query-input\":\"required name=search_term_string\"}],\"inLanguage\":\"de\"},{\"@type\":\"Person\",\"@id\":\"https:\/\/www.naturparkmagazin.de\/stechlin\/#\/schema\/person\/3f0d93203df21c806dd63c76d9bb28bc\",\"name\":\"marioschrumpf\",\"url\":\"https:\/\/www.naturparkmagazin.de\/stechlin\/author\/marioschrumpf\/\"}]}<\/script>\n<!-- \/ Yoast SEO plugin. -->","yoast_head_json":{"title":"Mehr Wasser f\u00fcr den Schulzensee - Naturpark Stechlin-Ruppiner Land","robots":{"index":"index","follow":"follow","max-snippet":"max-snippet:-1","max-image-preview":"max-image-preview:large","max-video-preview":"max-video-preview:-1"},"canonical":"https:\/\/www.naturparkmagazin.de\/stechlin\/mehr-wasser-fuer-den-schulzensee\/","og_locale":"de_DE","og_type":"article","og_title":"Mehr Wasser f\u00fcr den Schulzensee - Naturpark Stechlin-Ruppiner Land","og_description":"Der Schulzensee bei Z\u00fchlen ist als n\u00e4hrstoffreicher (eutroper) See als Lebensraum entsprechend Fauna-Flora-Habitat (FFH)-Richtlinie der EU europaweit gesch\u00fctzt. Er dient gleichzeitig auch der Naherholung der Z\u00fchlener B\u00fcrger.","og_url":"https:\/\/www.naturparkmagazin.de\/stechlin\/mehr-wasser-fuer-den-schulzensee\/","og_site_name":"Naturpark Stechlin-Ruppiner Land","article_published_time":"2015-08-19T06:59:04+00:00","article_modified_time":"2015-08-25T13:48:06+00:00","og_image":[{"width":500,"height":335,"url":"https:\/\/www.naturparkmagazin.de\/stechlin\/wp-content\/uploads\/sites\/38\/Pr\u00e4sentation_Infotafel-Z\u00fchlen.jpg","type":"image\/jpeg"}],"author":"marioschrumpf","twitter_misc":{"Verfasst von":"marioschrumpf","Gesch\u00e4tzte Lesezeit":"1\u00a0Minute"},"schema":{"@context":"https:\/\/schema.org","@graph":[{"@type":"WebPage","@id":"https:\/\/www.naturparkmagazin.de\/stechlin\/mehr-wasser-fuer-den-schulzensee\/","url":"https:\/\/www.naturparkmagazin.de\/stechlin\/mehr-wasser-fuer-den-schulzensee\/","name":"Mehr Wasser f\u00fcr den Schulzensee - Naturpark Stechlin-Ruppiner Land","isPartOf":{"@id":"https:\/\/www.naturparkmagazin.de\/stechlin\/#website"},"datePublished":"2015-08-19T06:59:04+00:00","dateModified":"2015-08-25T13:48:06+00:00","author":{"@id":"https:\/\/www.naturparkmagazin.de\/stechlin\/#\/schema\/person\/3f0d93203df21c806dd63c76d9bb28bc"},"breadcrumb":{"@id":"https:\/\/www.naturparkmagazin.de\/stechlin\/mehr-wasser-fuer-den-schulzensee\/#breadcrumb"},"inLanguage":"de","potentialAction":[{"@type":"ReadAction","target":["https:\/\/www.naturparkmagazin.de\/stechlin\/mehr-wasser-fuer-den-schulzensee\/"]}]},{"@type":"BreadcrumbList","@id":"https:\/\/www.naturparkmagazin.de\/stechlin\/mehr-wasser-fuer-den-schulzensee\/#breadcrumb","itemListElement":[{"@type":"ListItem","position":1,"name":"Home","item":"https:\/\/www.naturparkmagazin.de\/stechlin\/"},{"@type":"ListItem","position":2,"name":"Mehr Wasser f\u00fcr den Schulzensee"}]},{"@type":"WebSite","@id":"https:\/\/www.naturparkmagazin.de\/stechlin\/#website","url":"https:\/\/www.naturparkmagazin.de\/stechlin\/","name":"Naturpark Stechlin-Ruppiner Land","description":"","potentialAction":[{"@type":"SearchAction","target":{"@type":"EntryPoint","urlTemplate":"https:\/\/www.naturparkmagazin.de\/stechlin\/?s={search_term_string}"},"query-input":"required name=search_term_string"}],"inLanguage":"de"},{"@type":"Person","@id":"https:\/\/www.naturparkmagazin.de\/stechlin\/#\/schema\/person\/3f0d93203df21c806dd63c76d9bb28bc","name":"marioschrumpf","url":"https:\/\/www.naturparkmagazin.de\/stechlin\/author\/marioschrumpf\/"}]}},"_links":{"self":[{"href":"https:\/\/www.naturparkmagazin.de\/stechlin\/wp-json\/wp\/v2\/posts\/2669"}],"collection":[{"href":"https:\/\/www.naturparkmagazin.de\/stechlin\/wp-json\/wp\/v2\/posts"}],"about":[{"href":"https:\/\/www.naturparkmagazin.de\/stechlin\/wp-json\/wp\/v2\/types\/post"}],"author":[{"embeddable":true,"href":"https:\/\/www.naturparkmagazin.de\/stechlin\/wp-json\/wp\/v2\/users\/39"}],"replies":[{"embeddable":true,"href":"https:\/\/www.naturparkmagazin.de\/stechlin\/wp-json\/wp\/v2\/comments?post=2669"}],"version-history":[{"count":4,"href":"https:\/\/www.naturparkmagazin.de\/stechlin\/wp-json\/wp\/v2\/posts\/2669\/revisions"}],"predecessor-version":[{"id":2743,"href":"https:\/\/www.naturparkmagazin.de\/stechlin\/wp-json\/wp\/v2\/posts\/2669\/revisions\/2743"}],"wp:featuredmedia":[{"embeddable":true,"href":"https:\/\/www.naturparkmagazin.de\/stechlin\/wp-json\/wp\/v2\/media\/2670"}],"wp:attachment":[{"href":"https:\/\/www.naturparkmagazin.de\/stechlin\/wp-json\/wp\/v2\/media?parent=2669"}],"wp:term":[{"taxonomy":"category","embeddable":true,"href":"https:\/\/www.naturparkmagazin.de\/stechlin\/wp-json\/wp\/v2\/categories?post=2669"},{"taxonomy":"post_tag","embeddable":true,"href":"https:\/\/www.naturparkmagazin.de\/stechlin\/wp-json\/wp\/v2\/tags?post=2669"}],"curies":[{"name":"wp","href":"https:\/\/api.w.org\/{rel}","templated":true}]}}