{"id":2674,"date":"2015-08-19T22:07:38","date_gmt":"2015-08-19T20:07:38","guid":{"rendered":"http:\/\/www.naturparkmagazin.de\/stechlin\/?p=2674"},"modified":"2015-08-25T15:35:07","modified_gmt":"2015-08-25T13:35:07","slug":"ausstellungseroeffnung-faszination-natur-in-mecklenburg-und-brandenburg","status":"publish","type":"post","link":"https:\/\/www.naturparkmagazin.de\/stechlin\/ausstellungseroeffnung-faszination-natur-in-mecklenburg-und-brandenburg\/","title":{"rendered":"Ausstellungser\u00f6ffnung \u201eFaszination Natur in Mecklenburg und Brandenburg\u201c"},"content":{"rendered":"<p align=\"LEFT\"><a href=\"https:\/\/www.naturparkmagazin.de\/stechlin\/wp-content\/uploads\/sites\/38\/Daniel-Zehrfeld.jpg\"><img decoding=\"async\" loading=\"lazy\" class=\"alignleft size-thumbnail wp-image-2675\" src=\"https:\/\/www.naturparkmagazin.de\/stechlin\/wp-content\/uploads\/sites\/38\/Daniel-Zehrfeld-300x300.jpg\" alt=\"NP SRL\/Archiv\" width=\"300\" height=\"300\" srcset=\"https:\/\/www.naturparkmagazin.de\/stechlin\/wp-content\/uploads\/sites\/38\/Daniel-Zehrfeld-300x300.jpg 300w, https:\/\/www.naturparkmagazin.de\/stechlin\/wp-content\/uploads\/sites\/38\/Daniel-Zehrfeld-200x200.jpg 200w, https:\/\/www.naturparkmagazin.de\/stechlin\/wp-content\/uploads\/sites\/38\/Daniel-Zehrfeld-30x30.jpg 30w, https:\/\/www.naturparkmagazin.de\/stechlin\/wp-content\/uploads\/sites\/38\/Daniel-Zehrfeld.jpg 504w\" sizes=\"(max-width: 300px) 100vw, 300px\" \/><\/a><\/p>\n<p align=\"LEFT\">Was \u00fcber viele Jahre hinweg f\u00fcr mich ein leidenschaftliches Hobby war, ist mittlerweile mein Beruf geworden. Menschen, die sich f\u00fcr Themen rund um die Fotografie und Umwelt interessieren mit hinaus auf Tour zu nehmen und dabei neben fotografischen Inhalten auch die Geographie unserer Landschaften zu vermitteln, macht mir pers\u00f6nlich die gr\u00f6\u00dfte Freude.<\/p>\n<p align=\"LEFT\">Die meisten Menschen tragen den Wunsch in sich, Natur in ihrer Urspr\u00fcnglichkeit und intakter Form, sei es w\u00e4hrend eines Urlaubes oder der Freizeit am Wochenende, erleben zu wollen. Daf\u00fcr muss diese aber auch erhalten werden.<\/p>\n<p align=\"LEFT\">An das Zitat von Goethe angelehnt &#8222;<em>Man sieht nur, was man wei\u00df<\/em>&#8220; gilt f\u00fcr mich auf unseren Foto-Reisen grunds\u00e4tzlich immer, dass jeder nur achten und sch\u00fctzen kann, was man kennt und versteht. Dabei hilft mir die Naturfotografie, die eigene Blickrichtung und Wahrnehmung vieler nat\u00fcrlicher Sch\u00f6nheiten zu ver\u00e4ndern und meinen Horizont zu erweitern.<\/p>\n<p align=\"LEFT\">Wenn wir beginnen zu verstehen, dann lernen wir auch, Natur und nat\u00fcrliche Einfl\u00fcsse bzw. nat\u00fcrliche Gegebenheiten nicht als &#8222;unsere&#8220;, des Menschen Gegner, zu betrachten, sondern im Einklang mit unserer Umwelt zu leben und sie als Teil unseres Lebens zu betrachten. Wenn wir uns auf das Naturerlebnis einlassen, werden wir die einmalige Chance bekommen, uns als gleichberechtigt mit allen anderen Lebensformen dieser Erde zu betrachten.<\/p>\n<p align=\"LEFT\">Fasziniert von der Kraft der Natur und der Sensibilit\u00e4t der \u00d6kosysteme absolvierte ich mein Studium der Geographie an der Universit\u00e4t T\u00fcbingen bis 2009. Seither f\u00fchre ich gemeinsam mit Partnern unterschiedlichste Projekte im Bereich Fotografie und geographischer Umweltbildung durch.<\/p>\n<p align=\"LEFT\">Hierzu z\u00e4hlen neben den fotografischen Workshops und Tagestouren auch Buchprojekte zusammen mit dem Hinstorff Verlag in Rostock und Kooperationen mit dem Deutschen Jugendherbergswerk, sowie die Zusammenarbeit mit unterschiedlichen Reiseanbietern, welche alle sehr auf umweltvertr\u00e4gliches Reisen und Naturverst\u00e4ndnis bedacht sind.<\/p>\n<p align=\"LEFT\">Sich auf die Natur einzulassen, bedeutet f\u00fcr mich zu verstehen, bedeutet f\u00fcr mich Teil einmaliger Begegnungen und Erlebnisse sein zu d\u00fcrfen.<\/p>\n<p><strong><span style=\"font-family: Helvetica\">Ausstellungser\u00f6ffnung: 4. September 2015, 18 Uhr in der Regionalwerkstatt Stechlin in Menz<\/span><\/strong><\/p>\n","protected":false},"excerpt":{"rendered":"<p>Was \u00fcber viele Jahre hinweg f\u00fcr mich ein leidenschaftliches Hobby war, ist mittlerweile mein Beruf geworden. Menschen, die sich f\u00fcr Themen rund um die Fotografie und Umwelt interessieren mit hinaus auf Tour zu nehmen und dabei neben fotografischen Inhalten auch die Geographie unserer Landschaften zu vermitteln, macht mir pers\u00f6nlich die gr\u00f6\u00dfte Freude. Am 4. September, 18 Uhr wird meine Fotoausstellung in der Regionalwerkstatt Stechlin in Menz er\u00f6ffnet.<\/p>\n","protected":false},"author":39,"featured_media":2675,"comment_status":"open","ping_status":"open","sticky":false,"template":"","format":"standard","meta":[],"categories":[11],"tags":[],"yoast_head":"<!-- This site is optimized with the Yoast SEO plugin v19.10 - https:\/\/yoast.com\/wordpress\/plugins\/seo\/ -->\n<title>Ausstellungser\u00f6ffnung \u201eFaszination Natur in Mecklenburg und Brandenburg\u201c - Naturpark Stechlin-Ruppiner Land<\/title>\n<meta name=\"robots\" content=\"index, follow, max-snippet:-1, max-image-preview:large, max-video-preview:-1\" \/>\n<link rel=\"canonical\" href=\"https:\/\/www.naturparkmagazin.de\/stechlin\/ausstellungseroeffnung-faszination-natur-in-mecklenburg-und-brandenburg\/\" \/>\n<meta property=\"og:locale\" content=\"de_DE\" \/>\n<meta property=\"og:type\" content=\"article\" \/>\n<meta property=\"og:title\" content=\"Ausstellungser\u00f6ffnung \u201eFaszination Natur in Mecklenburg und Brandenburg\u201c - Naturpark Stechlin-Ruppiner Land\" \/>\n<meta property=\"og:description\" content=\"Was \u00fcber viele Jahre hinweg f\u00fcr mich ein leidenschaftliches Hobby war, ist mittlerweile mein Beruf geworden. Menschen, die sich f\u00fcr Themen rund um die Fotografie und Umwelt interessieren mit hinaus auf Tour zu nehmen und dabei neben fotografischen Inhalten auch die Geographie unserer Landschaften zu vermitteln, macht mir pers\u00f6nlich die gr\u00f6\u00dfte Freude. Am 4. September, 18 Uhr wird meine Fotoausstellung in der Regionalwerkstatt Stechlin in Menz er\u00f6ffnet.\" \/>\n<meta property=\"og:url\" content=\"https:\/\/www.naturparkmagazin.de\/stechlin\/ausstellungseroeffnung-faszination-natur-in-mecklenburg-und-brandenburg\/\" \/>\n<meta property=\"og:site_name\" content=\"Naturpark Stechlin-Ruppiner Land\" \/>\n<meta property=\"article:published_time\" content=\"2015-08-19T20:07:38+00:00\" \/>\n<meta property=\"article:modified_time\" content=\"2015-08-25T13:35:07+00:00\" \/>\n<meta property=\"og:image\" content=\"https:\/\/www.naturparkmagazin.de\/stechlin\/wp-content\/uploads\/sites\/38\/Daniel-Zehrfeld.jpg\" \/>\n\t<meta property=\"og:image:width\" content=\"504\" \/>\n\t<meta property=\"og:image:height\" content=\"504\" \/>\n\t<meta property=\"og:image:type\" content=\"image\/jpeg\" \/>\n<meta name=\"author\" content=\"marioschrumpf\" \/>\n<meta name=\"twitter:label1\" content=\"Verfasst von\" \/>\n\t<meta name=\"twitter:data1\" content=\"marioschrumpf\" \/>\n\t<meta name=\"twitter:label2\" content=\"Gesch\u00e4tzte Lesezeit\" \/>\n\t<meta name=\"twitter:data2\" content=\"2\u00a0Minuten\" \/>\n<script type=\"application\/ld+json\" class=\"yoast-schema-graph\">{\"@context\":\"https:\/\/schema.org\",\"@graph\":[{\"@type\":\"WebPage\",\"@id\":\"https:\/\/www.naturparkmagazin.de\/stechlin\/ausstellungseroeffnung-faszination-natur-in-mecklenburg-und-brandenburg\/\",\"url\":\"https:\/\/www.naturparkmagazin.de\/stechlin\/ausstellungseroeffnung-faszination-natur-in-mecklenburg-und-brandenburg\/\",\"name\":\"Ausstellungser\u00f6ffnung \u201eFaszination Natur in Mecklenburg und Brandenburg\u201c - Naturpark Stechlin-Ruppiner Land\",\"isPartOf\":{\"@id\":\"https:\/\/www.naturparkmagazin.de\/stechlin\/#website\"},\"datePublished\":\"2015-08-19T20:07:38+00:00\",\"dateModified\":\"2015-08-25T13:35:07+00:00\",\"author\":{\"@id\":\"https:\/\/www.naturparkmagazin.de\/stechlin\/#\/schema\/person\/3f0d93203df21c806dd63c76d9bb28bc\"},\"breadcrumb\":{\"@id\":\"https:\/\/www.naturparkmagazin.de\/stechlin\/ausstellungseroeffnung-faszination-natur-in-mecklenburg-und-brandenburg\/#breadcrumb\"},\"inLanguage\":\"de\",\"potentialAction\":[{\"@type\":\"ReadAction\",\"target\":[\"https:\/\/www.naturparkmagazin.de\/stechlin\/ausstellungseroeffnung-faszination-natur-in-mecklenburg-und-brandenburg\/\"]}]},{\"@type\":\"BreadcrumbList\",\"@id\":\"https:\/\/www.naturparkmagazin.de\/stechlin\/ausstellungseroeffnung-faszination-natur-in-mecklenburg-und-brandenburg\/#breadcrumb\",\"itemListElement\":[{\"@type\":\"ListItem\",\"position\":1,\"name\":\"Home\",\"item\":\"https:\/\/www.naturparkmagazin.de\/stechlin\/\"},{\"@type\":\"ListItem\",\"position\":2,\"name\":\"Ausstellungser\u00f6ffnung \u201eFaszination Natur in Mecklenburg und Brandenburg\u201c\"}]},{\"@type\":\"WebSite\",\"@id\":\"https:\/\/www.naturparkmagazin.de\/stechlin\/#website\",\"url\":\"https:\/\/www.naturparkmagazin.de\/stechlin\/\",\"name\":\"Naturpark Stechlin-Ruppiner Land\",\"description\":\"\",\"potentialAction\":[{\"@type\":\"SearchAction\",\"target\":{\"@type\":\"EntryPoint\",\"urlTemplate\":\"https:\/\/www.naturparkmagazin.de\/stechlin\/?s={search_term_string}\"},\"query-input\":\"required name=search_term_string\"}],\"inLanguage\":\"de\"},{\"@type\":\"Person\",\"@id\":\"https:\/\/www.naturparkmagazin.de\/stechlin\/#\/schema\/person\/3f0d93203df21c806dd63c76d9bb28bc\",\"name\":\"marioschrumpf\",\"url\":\"https:\/\/www.naturparkmagazin.de\/stechlin\/author\/marioschrumpf\/\"}]}<\/script>\n<!-- \/ Yoast SEO plugin. -->","yoast_head_json":{"title":"Ausstellungser\u00f6ffnung \u201eFaszination Natur in Mecklenburg und Brandenburg\u201c - Naturpark Stechlin-Ruppiner Land","robots":{"index":"index","follow":"follow","max-snippet":"max-snippet:-1","max-image-preview":"max-image-preview:large","max-video-preview":"max-video-preview:-1"},"canonical":"https:\/\/www.naturparkmagazin.de\/stechlin\/ausstellungseroeffnung-faszination-natur-in-mecklenburg-und-brandenburg\/","og_locale":"de_DE","og_type":"article","og_title":"Ausstellungser\u00f6ffnung \u201eFaszination Natur in Mecklenburg und Brandenburg\u201c - Naturpark Stechlin-Ruppiner Land","og_description":"Was \u00fcber viele Jahre hinweg f\u00fcr mich ein leidenschaftliches Hobby war, ist mittlerweile mein Beruf geworden. Menschen, die sich f\u00fcr Themen rund um die Fotografie und Umwelt interessieren mit hinaus auf Tour zu nehmen und dabei neben fotografischen Inhalten auch die Geographie unserer Landschaften zu vermitteln, macht mir pers\u00f6nlich die gr\u00f6\u00dfte Freude. Am 4. September, 18 Uhr wird meine Fotoausstellung in der Regionalwerkstatt Stechlin in Menz er\u00f6ffnet.","og_url":"https:\/\/www.naturparkmagazin.de\/stechlin\/ausstellungseroeffnung-faszination-natur-in-mecklenburg-und-brandenburg\/","og_site_name":"Naturpark Stechlin-Ruppiner Land","article_published_time":"2015-08-19T20:07:38+00:00","article_modified_time":"2015-08-25T13:35:07+00:00","og_image":[{"width":504,"height":504,"url":"https:\/\/www.naturparkmagazin.de\/stechlin\/wp-content\/uploads\/sites\/38\/Daniel-Zehrfeld.jpg","type":"image\/jpeg"}],"author":"marioschrumpf","twitter_misc":{"Verfasst von":"marioschrumpf","Gesch\u00e4tzte Lesezeit":"2\u00a0Minuten"},"schema":{"@context":"https:\/\/schema.org","@graph":[{"@type":"WebPage","@id":"https:\/\/www.naturparkmagazin.de\/stechlin\/ausstellungseroeffnung-faszination-natur-in-mecklenburg-und-brandenburg\/","url":"https:\/\/www.naturparkmagazin.de\/stechlin\/ausstellungseroeffnung-faszination-natur-in-mecklenburg-und-brandenburg\/","name":"Ausstellungser\u00f6ffnung \u201eFaszination Natur in Mecklenburg und Brandenburg\u201c - Naturpark Stechlin-Ruppiner Land","isPartOf":{"@id":"https:\/\/www.naturparkmagazin.de\/stechlin\/#website"},"datePublished":"2015-08-19T20:07:38+00:00","dateModified":"2015-08-25T13:35:07+00:00","author":{"@id":"https:\/\/www.naturparkmagazin.de\/stechlin\/#\/schema\/person\/3f0d93203df21c806dd63c76d9bb28bc"},"breadcrumb":{"@id":"https:\/\/www.naturparkmagazin.de\/stechlin\/ausstellungseroeffnung-faszination-natur-in-mecklenburg-und-brandenburg\/#breadcrumb"},"inLanguage":"de","potentialAction":[{"@type":"ReadAction","target":["https:\/\/www.naturparkmagazin.de\/stechlin\/ausstellungseroeffnung-faszination-natur-in-mecklenburg-und-brandenburg\/"]}]},{"@type":"BreadcrumbList","@id":"https:\/\/www.naturparkmagazin.de\/stechlin\/ausstellungseroeffnung-faszination-natur-in-mecklenburg-und-brandenburg\/#breadcrumb","itemListElement":[{"@type":"ListItem","position":1,"name":"Home","item":"https:\/\/www.naturparkmagazin.de\/stechlin\/"},{"@type":"ListItem","position":2,"name":"Ausstellungser\u00f6ffnung \u201eFaszination Natur in Mecklenburg und Brandenburg\u201c"}]},{"@type":"WebSite","@id":"https:\/\/www.naturparkmagazin.de\/stechlin\/#website","url":"https:\/\/www.naturparkmagazin.de\/stechlin\/","name":"Naturpark Stechlin-Ruppiner Land","description":"","potentialAction":[{"@type":"SearchAction","target":{"@type":"EntryPoint","urlTemplate":"https:\/\/www.naturparkmagazin.de\/stechlin\/?s={search_term_string}"},"query-input":"required name=search_term_string"}],"inLanguage":"de"},{"@type":"Person","@id":"https:\/\/www.naturparkmagazin.de\/stechlin\/#\/schema\/person\/3f0d93203df21c806dd63c76d9bb28bc","name":"marioschrumpf","url":"https:\/\/www.naturparkmagazin.de\/stechlin\/author\/marioschrumpf\/"}]}},"_links":{"self":[{"href":"https:\/\/www.naturparkmagazin.de\/stechlin\/wp-json\/wp\/v2\/posts\/2674"}],"collection":[{"href":"https:\/\/www.naturparkmagazin.de\/stechlin\/wp-json\/wp\/v2\/posts"}],"about":[{"href":"https:\/\/www.naturparkmagazin.de\/stechlin\/wp-json\/wp\/v2\/types\/post"}],"author":[{"embeddable":true,"href":"https:\/\/www.naturparkmagazin.de\/stechlin\/wp-json\/wp\/v2\/users\/39"}],"replies":[{"embeddable":true,"href":"https:\/\/www.naturparkmagazin.de\/stechlin\/wp-json\/wp\/v2\/comments?post=2674"}],"version-history":[{"count":12,"href":"https:\/\/www.naturparkmagazin.de\/stechlin\/wp-json\/wp\/v2\/posts\/2674\/revisions"}],"predecessor-version":[{"id":2737,"href":"https:\/\/www.naturparkmagazin.de\/stechlin\/wp-json\/wp\/v2\/posts\/2674\/revisions\/2737"}],"wp:featuredmedia":[{"embeddable":true,"href":"https:\/\/www.naturparkmagazin.de\/stechlin\/wp-json\/wp\/v2\/media\/2675"}],"wp:attachment":[{"href":"https:\/\/www.naturparkmagazin.de\/stechlin\/wp-json\/wp\/v2\/media?parent=2674"}],"wp:term":[{"taxonomy":"category","embeddable":true,"href":"https:\/\/www.naturparkmagazin.de\/stechlin\/wp-json\/wp\/v2\/categories?post=2674"},{"taxonomy":"post_tag","embeddable":true,"href":"https:\/\/www.naturparkmagazin.de\/stechlin\/wp-json\/wp\/v2\/tags?post=2674"}],"curies":[{"name":"wp","href":"https:\/\/api.w.org\/{rel}","templated":true}]}}