{"id":2766,"date":"2015-09-16T09:54:08","date_gmt":"2015-09-16T07:54:08","guid":{"rendered":"http:\/\/www.naturparkmagazin.de\/stechlin\/?p=2766"},"modified":"2015-09-22T09:07:30","modified_gmt":"2015-09-22T07:07:30","slug":"naturpark-schliesst-mit-der-heinz-sielmann-stiftung-eine-kooperationsvereinbarung-zur-kyritz-ruppiner-heide","status":"publish","type":"post","link":"https:\/\/www.naturparkmagazin.de\/stechlin\/naturpark-schliesst-mit-der-heinz-sielmann-stiftung-eine-kooperationsvereinbarung-zur-kyritz-ruppiner-heide\/","title":{"rendered":"Naturpark schlie\u00dft mit der Heinz-Sielmann-Stiftung eine Kooperationsvereinbarung zur Kyritz-Ruppiner Heide"},"content":{"rendered":"<div id=\"attachment_2768\" style=\"width: 310px\" class=\"wp-caption alignleft\"><a href=\"https:\/\/www.naturparkmagazin.de\/stechlin\/wp-content\/uploads\/sites\/38\/k-DSC_00761.jpg\"><img aria-describedby=\"caption-attachment-2768\" decoding=\"async\" loading=\"lazy\" class=\"size-thumbnail wp-image-2768\" src=\"https:\/\/www.naturparkmagazin.de\/stechlin\/wp-content\/uploads\/sites\/38\/k-DSC_00761-300x201.jpg\" alt=\"Der Pr\u00e4sident des Landesumweltamtes Dirk Ilgenstein und der Vorstand der Sielmann-Stiftung Michael Beier bei der Vertragsunterzeichnung.\" width=\"300\" height=\"201\" srcset=\"https:\/\/www.naturparkmagazin.de\/stechlin\/wp-content\/uploads\/sites\/38\/k-DSC_00761-300x201.jpg 300w, https:\/\/www.naturparkmagazin.de\/stechlin\/wp-content\/uploads\/sites\/38\/k-DSC_00761-620x415.jpg 620w, https:\/\/www.naturparkmagazin.de\/stechlin\/wp-content\/uploads\/sites\/38\/k-DSC_00761-940x629.jpg 940w, https:\/\/www.naturparkmagazin.de\/stechlin\/wp-content\/uploads\/sites\/38\/k-DSC_00761-670x449.jpg 670w, https:\/\/www.naturparkmagazin.de\/stechlin\/wp-content\/uploads\/sites\/38\/k-DSC_00761-200x134.jpg 200w, https:\/\/www.naturparkmagazin.de\/stechlin\/wp-content\/uploads\/sites\/38\/k-DSC_00761.jpg 1936w\" sizes=\"(max-width: 300px) 100vw, 300px\" \/><\/a><p id=\"caption-attachment-2768\" class=\"wp-caption-text\">Der Pr\u00e4sident des Landesamtes f\u00fcr Umwelt\u00a0Dirk Ilgenstein und der Vorstand der Sielmann-Stiftung Michael Beier bei der Vertragsunterzeichnung.<\/p><\/div>\n<p>&nbsp;<\/p>\n<p>&nbsp;<\/p>\n<p>&nbsp;<\/p>\n<p>&nbsp;<\/p>\n<p>&nbsp;<\/p>\n<p>&nbsp;<\/p>\n<p>&nbsp;<\/p>\n<p>&nbsp;<\/p>\n<p>&nbsp;<\/p>\n<p>&nbsp;<\/p>\n<p>Die Heinz-Sielmann Stiftung und der Naturpark Stechlin-Ruppiner Land wollen im Bereich der Kyritz-Ruppiner Heide noch enger zusammenarbeiten.<\/p>\n<p>Der Pr\u00e4sident des Landesumweltamtes Dirk Ilgenstein und der Vorstand der Heinz-Sielmann-Stiftung, Michael Beier haben am 15. September w\u00e4hrend einer gemeinsamen Exkursion in die Heide eine Kooperationsvereinbarung unterzeichnet.<\/p>\n<p>Im Mittelpunkt der geplanten Zusammenarbeit steht die gegenseitige Unterst\u00fctzung bei der Umsetzung der Naturschutzaufgaben. Dar\u00fcber hinaus soll unter Einbeziehung der regionalen Tourismusverb\u00e4nde ein Konzept f\u00fcr die naturtouristische Nutzung entwickelt werden. Auch die Zusammenarbeit mit Lehr- und Forschungseinrichtungen bei der Betreuung von Semester- und Abschlussarbeiten oder bei studentischen Eins\u00e4tzen vor Ort ist geplant.<\/p>\n<p>Naturpark und Sielmann-Stiftung arbeiten gemeinsam in der Kommunalen Arbeitsgruppe Kyritz-Ruppiner Heide bei der Erstellung von Konzepten f\u00fcr die zuk\u00fcnftige zivile Nutzung.<\/p>\n<p>Die Sielmann-Stiftung betreut insgesamt vier Naturlandschaften in Brandenburg.<\/p>\n<p align=\"LEFT\">Sielmanns Naturlandschaft <b><span style=\"font-family: ArialNarrow,Bold;font-size: medium\"><span style=\"font-family: ArialNarrow,Bold;font-size: medium\">D\u00f6beritzer Heide <\/span><\/span><\/b><span style=\"font-family: ArialNarrow;font-size: medium\"><span style=\"font-family: ArialNarrow;font-size: medium\">mit 3.650 Hektar ehemaliger Truppen\u00fcbungsfl\u00e4che <\/span><\/span>liegt direkt vor den Toren von Berlin und Potsdam. Wisente, Przewalskipferde und Rotwild wurden hier in einem einmaligen Wildnisgro\u00dfprojekt angesiedelt. In einer Wildniskernzone mit 1.860 Hektar leben sie hier fast ungest\u00f6rt. 2006 wurde ein 36 Hektar gro\u00dfes Schaugehege f\u00fcr die \u00d6ffentlichkeit eingerichtet.<\/p>\n<p align=\"LEFT\">Mit der Erfahrung aus der D\u00f6beritzer Heide wagte die Stiftung im August 2012 den Schritt, 4.000 Hektar des ehemaligen \u201eBombodroms\u201c, des gro\u00dfen Truppen\u00fcbungsplatzes in der <b><span style=\"font-family: ArialNarrow,Bold;font-size: medium\"><span style=\"font-family: ArialNarrow,Bold;font-size: medium\">Kyritz-Ruppiner Heide<\/span><\/span><\/b><span style=\"font-family: ArialNarrow;font-size: medium\"><span style=\"font-family: ArialNarrow;font-size: medium\">, zu \u00fcbernehmen. Auch dort soll wie in der D\u00f6beritzer Heide <\/span><\/span>das wertvolle Naturerbe auf bisher munitionsbelasteter Fl\u00e4che zug\u00e4nglich gemacht und das Erlebnis der gro\u00dfartigen Heidelandschaft m\u00f6glich werden. Am Rand der Kyritz-Ruppiner Heide wurde bereits der erste Rastplatz er\u00f6ffnet. Auch werden begleitete Kutschfahrten angeboten.<\/p>\n<p align=\"LEFT\">Weiterhin betreut die Stiftung im Naturpark Dahme-Heideseen an den <b><span style=\"font-family: ArialNarrow,Bold;font-size: medium\"><span style=\"font-family: ArialNarrow,Bold;font-size: medium\">Gro\u00df Schauener <\/span><\/span><\/b>Seen <span style=\"font-family: ArialNarrow;font-size: medium\"><span style=\"font-family: ArialNarrow;font-size: medium\">bei Storkow 1.150 Hektar wertvolle Lebensr\u00e4ume f\u00fcr Fischotter, Rohrdommel und <\/span><\/span>Fischadler. Rundwanderwege durch die Seenlandschaft erm\u00f6glichen einen naturvertr\u00e4glichen Tourismus. Auf dem Gel\u00e4nde der Fischerei K\u00f6llnitz informiert eine Ausstellung \u00fcber die Geschichte der Fischerei in der Region.<\/p>\n<p align=\"LEFT\">Sielmanns Naturlandschaft <b><span style=\"font-family: ArialNarrow,Bold;font-size: medium\"><span style=\"font-family: ArialNarrow,Bold;font-size: medium\">Wanninchen <\/span><\/span><\/b><span style=\"font-family: ArialNarrow;font-size: medium\"><span style=\"font-family: ArialNarrow;font-size: medium\">mit 3.000 Hektar liegt in der Bergbaufolgelandschaft <\/span><\/span>des Naturparks Niederlausitzer Landr\u00fccken. Nach der Stilllegung des Tagebaus entstand eine faszinierende Pionier-Landschaft mit W\u00e4ldern, Seen und D\u00fcnen, in der Kraniche, Uferschwalben, Wolf und Wiedehopf ungest\u00f6rte Lebensr\u00e4ume finden.<\/p>\n<div id=\"attachment_2769\" style=\"width: 310px\" class=\"wp-caption alignleft\"><a href=\"https:\/\/www.naturparkmagazin.de\/stechlin\/wp-content\/uploads\/sites\/38\/k-DSC_0064.jpg\"><img aria-describedby=\"caption-attachment-2769\" decoding=\"async\" loading=\"lazy\" class=\"size-thumbnail wp-image-2769\" src=\"https:\/\/www.naturparkmagazin.de\/stechlin\/wp-content\/uploads\/sites\/38\/k-DSC_0064-300x201.jpg\" alt=\"Der neuerrichtete Rastplatz wurde der Presse vorgestellt.\" width=\"300\" height=\"201\" srcset=\"https:\/\/www.naturparkmagazin.de\/stechlin\/wp-content\/uploads\/sites\/38\/k-DSC_0064-300x201.jpg 300w, https:\/\/www.naturparkmagazin.de\/stechlin\/wp-content\/uploads\/sites\/38\/k-DSC_0064-620x415.jpg 620w, https:\/\/www.naturparkmagazin.de\/stechlin\/wp-content\/uploads\/sites\/38\/k-DSC_0064-940x629.jpg 940w, https:\/\/www.naturparkmagazin.de\/stechlin\/wp-content\/uploads\/sites\/38\/k-DSC_0064-670x449.jpg 670w, https:\/\/www.naturparkmagazin.de\/stechlin\/wp-content\/uploads\/sites\/38\/k-DSC_0064-200x134.jpg 200w, https:\/\/www.naturparkmagazin.de\/stechlin\/wp-content\/uploads\/sites\/38\/k-DSC_0064.jpg 1936w\" sizes=\"(max-width: 300px) 100vw, 300px\" \/><\/a><p id=\"caption-attachment-2769\" class=\"wp-caption-text\">Der neuerrichtete Rastplatz wurde der Presse vorgestellt.<\/p><\/div>\n<p>&nbsp;<\/p>\n","protected":false},"excerpt":{"rendered":"<p>Die Heinz-Sielmann Stiftung und der Naturpark Stechlin-Ruppiner Land wollen im Bereich der Kyritz-Ruppiner Heide noch enger zusammenarbeiten.<\/p>\n","protected":false},"author":39,"featured_media":2767,"comment_status":"open","ping_status":"open","sticky":false,"template":"","format":"standard","meta":[],"categories":[7],"tags":[],"yoast_head":"<!-- This site is optimized with the Yoast SEO plugin v19.10 - https:\/\/yoast.com\/wordpress\/plugins\/seo\/ -->\n<title>Naturpark schlie\u00dft mit der Heinz-Sielmann-Stiftung eine Kooperationsvereinbarung zur Kyritz-Ruppiner Heide - Naturpark Stechlin-Ruppiner Land<\/title>\n<meta name=\"robots\" content=\"index, follow, max-snippet:-1, max-image-preview:large, max-video-preview:-1\" \/>\n<link rel=\"canonical\" href=\"https:\/\/www.naturparkmagazin.de\/stechlin\/naturpark-schliesst-mit-der-heinz-sielmann-stiftung-eine-kooperationsvereinbarung-zur-kyritz-ruppiner-heide\/\" \/>\n<meta property=\"og:locale\" content=\"de_DE\" \/>\n<meta property=\"og:type\" content=\"article\" \/>\n<meta property=\"og:title\" content=\"Naturpark schlie\u00dft mit der Heinz-Sielmann-Stiftung eine Kooperationsvereinbarung zur Kyritz-Ruppiner Heide - Naturpark Stechlin-Ruppiner Land\" \/>\n<meta property=\"og:description\" content=\"Die Heinz-Sielmann Stiftung und der Naturpark Stechlin-Ruppiner Land wollen im Bereich der Kyritz-Ruppiner Heide noch enger zusammenarbeiten.\" \/>\n<meta property=\"og:url\" content=\"https:\/\/www.naturparkmagazin.de\/stechlin\/naturpark-schliesst-mit-der-heinz-sielmann-stiftung-eine-kooperationsvereinbarung-zur-kyritz-ruppiner-heide\/\" \/>\n<meta property=\"og:site_name\" content=\"Naturpark Stechlin-Ruppiner Land\" \/>\n<meta property=\"article:published_time\" content=\"2015-09-16T07:54:08+00:00\" \/>\n<meta property=\"article:modified_time\" content=\"2015-09-22T07:07:30+00:00\" \/>\n<meta property=\"og:image\" content=\"https:\/\/www.naturparkmagazin.de\/stechlin\/wp-content\/uploads\/sites\/38\/k-DSC_00431.jpg\" \/>\n\t<meta property=\"og:image:width\" content=\"1936\" \/>\n\t<meta property=\"og:image:height\" content=\"1296\" \/>\n\t<meta property=\"og:image:type\" content=\"image\/jpeg\" \/>\n<meta name=\"author\" content=\"marioschrumpf\" \/>\n<meta name=\"twitter:label1\" content=\"Verfasst von\" \/>\n\t<meta name=\"twitter:data1\" content=\"marioschrumpf\" \/>\n\t<meta name=\"twitter:label2\" content=\"Gesch\u00e4tzte Lesezeit\" \/>\n\t<meta name=\"twitter:data2\" content=\"2\u00a0Minuten\" \/>\n<script type=\"application\/ld+json\" class=\"yoast-schema-graph\">{\"@context\":\"https:\/\/schema.org\",\"@graph\":[{\"@type\":\"WebPage\",\"@id\":\"https:\/\/www.naturparkmagazin.de\/stechlin\/naturpark-schliesst-mit-der-heinz-sielmann-stiftung-eine-kooperationsvereinbarung-zur-kyritz-ruppiner-heide\/\",\"url\":\"https:\/\/www.naturparkmagazin.de\/stechlin\/naturpark-schliesst-mit-der-heinz-sielmann-stiftung-eine-kooperationsvereinbarung-zur-kyritz-ruppiner-heide\/\",\"name\":\"Naturpark schlie\u00dft mit der Heinz-Sielmann-Stiftung eine Kooperationsvereinbarung zur Kyritz-Ruppiner Heide - Naturpark Stechlin-Ruppiner Land\",\"isPartOf\":{\"@id\":\"https:\/\/www.naturparkmagazin.de\/stechlin\/#website\"},\"datePublished\":\"2015-09-16T07:54:08+00:00\",\"dateModified\":\"2015-09-22T07:07:30+00:00\",\"author\":{\"@id\":\"https:\/\/www.naturparkmagazin.de\/stechlin\/#\/schema\/person\/3f0d93203df21c806dd63c76d9bb28bc\"},\"breadcrumb\":{\"@id\":\"https:\/\/www.naturparkmagazin.de\/stechlin\/naturpark-schliesst-mit-der-heinz-sielmann-stiftung-eine-kooperationsvereinbarung-zur-kyritz-ruppiner-heide\/#breadcrumb\"},\"inLanguage\":\"de\",\"potentialAction\":[{\"@type\":\"ReadAction\",\"target\":[\"https:\/\/www.naturparkmagazin.de\/stechlin\/naturpark-schliesst-mit-der-heinz-sielmann-stiftung-eine-kooperationsvereinbarung-zur-kyritz-ruppiner-heide\/\"]}]},{\"@type\":\"BreadcrumbList\",\"@id\":\"https:\/\/www.naturparkmagazin.de\/stechlin\/naturpark-schliesst-mit-der-heinz-sielmann-stiftung-eine-kooperationsvereinbarung-zur-kyritz-ruppiner-heide\/#breadcrumb\",\"itemListElement\":[{\"@type\":\"ListItem\",\"position\":1,\"name\":\"Home\",\"item\":\"https:\/\/www.naturparkmagazin.de\/stechlin\/\"},{\"@type\":\"ListItem\",\"position\":2,\"name\":\"Naturpark schlie\u00dft mit der Heinz-Sielmann-Stiftung eine Kooperationsvereinbarung zur Kyritz-Ruppiner Heide\"}]},{\"@type\":\"WebSite\",\"@id\":\"https:\/\/www.naturparkmagazin.de\/stechlin\/#website\",\"url\":\"https:\/\/www.naturparkmagazin.de\/stechlin\/\",\"name\":\"Naturpark Stechlin-Ruppiner Land\",\"description\":\"\",\"potentialAction\":[{\"@type\":\"SearchAction\",\"target\":{\"@type\":\"EntryPoint\",\"urlTemplate\":\"https:\/\/www.naturparkmagazin.de\/stechlin\/?s={search_term_string}\"},\"query-input\":\"required name=search_term_string\"}],\"inLanguage\":\"de\"},{\"@type\":\"Person\",\"@id\":\"https:\/\/www.naturparkmagazin.de\/stechlin\/#\/schema\/person\/3f0d93203df21c806dd63c76d9bb28bc\",\"name\":\"marioschrumpf\",\"url\":\"https:\/\/www.naturparkmagazin.de\/stechlin\/author\/marioschrumpf\/\"}]}<\/script>\n<!-- \/ Yoast SEO plugin. -->","yoast_head_json":{"title":"Naturpark schlie\u00dft mit der Heinz-Sielmann-Stiftung eine Kooperationsvereinbarung zur Kyritz-Ruppiner Heide - Naturpark Stechlin-Ruppiner Land","robots":{"index":"index","follow":"follow","max-snippet":"max-snippet:-1","max-image-preview":"max-image-preview:large","max-video-preview":"max-video-preview:-1"},"canonical":"https:\/\/www.naturparkmagazin.de\/stechlin\/naturpark-schliesst-mit-der-heinz-sielmann-stiftung-eine-kooperationsvereinbarung-zur-kyritz-ruppiner-heide\/","og_locale":"de_DE","og_type":"article","og_title":"Naturpark schlie\u00dft mit der Heinz-Sielmann-Stiftung eine Kooperationsvereinbarung zur Kyritz-Ruppiner Heide - Naturpark Stechlin-Ruppiner Land","og_description":"Die Heinz-Sielmann Stiftung und der Naturpark Stechlin-Ruppiner Land wollen im Bereich der Kyritz-Ruppiner Heide noch enger zusammenarbeiten.","og_url":"https:\/\/www.naturparkmagazin.de\/stechlin\/naturpark-schliesst-mit-der-heinz-sielmann-stiftung-eine-kooperationsvereinbarung-zur-kyritz-ruppiner-heide\/","og_site_name":"Naturpark Stechlin-Ruppiner Land","article_published_time":"2015-09-16T07:54:08+00:00","article_modified_time":"2015-09-22T07:07:30+00:00","og_image":[{"width":1936,"height":1296,"url":"https:\/\/www.naturparkmagazin.de\/stechlin\/wp-content\/uploads\/sites\/38\/k-DSC_00431.jpg","type":"image\/jpeg"}],"author":"marioschrumpf","twitter_misc":{"Verfasst von":"marioschrumpf","Gesch\u00e4tzte Lesezeit":"2\u00a0Minuten"},"schema":{"@context":"https:\/\/schema.org","@graph":[{"@type":"WebPage","@id":"https:\/\/www.naturparkmagazin.de\/stechlin\/naturpark-schliesst-mit-der-heinz-sielmann-stiftung-eine-kooperationsvereinbarung-zur-kyritz-ruppiner-heide\/","url":"https:\/\/www.naturparkmagazin.de\/stechlin\/naturpark-schliesst-mit-der-heinz-sielmann-stiftung-eine-kooperationsvereinbarung-zur-kyritz-ruppiner-heide\/","name":"Naturpark schlie\u00dft mit der Heinz-Sielmann-Stiftung eine Kooperationsvereinbarung zur Kyritz-Ruppiner Heide - Naturpark Stechlin-Ruppiner Land","isPartOf":{"@id":"https:\/\/www.naturparkmagazin.de\/stechlin\/#website"},"datePublished":"2015-09-16T07:54:08+00:00","dateModified":"2015-09-22T07:07:30+00:00","author":{"@id":"https:\/\/www.naturparkmagazin.de\/stechlin\/#\/schema\/person\/3f0d93203df21c806dd63c76d9bb28bc"},"breadcrumb":{"@id":"https:\/\/www.naturparkmagazin.de\/stechlin\/naturpark-schliesst-mit-der-heinz-sielmann-stiftung-eine-kooperationsvereinbarung-zur-kyritz-ruppiner-heide\/#breadcrumb"},"inLanguage":"de","potentialAction":[{"@type":"ReadAction","target":["https:\/\/www.naturparkmagazin.de\/stechlin\/naturpark-schliesst-mit-der-heinz-sielmann-stiftung-eine-kooperationsvereinbarung-zur-kyritz-ruppiner-heide\/"]}]},{"@type":"BreadcrumbList","@id":"https:\/\/www.naturparkmagazin.de\/stechlin\/naturpark-schliesst-mit-der-heinz-sielmann-stiftung-eine-kooperationsvereinbarung-zur-kyritz-ruppiner-heide\/#breadcrumb","itemListElement":[{"@type":"ListItem","position":1,"name":"Home","item":"https:\/\/www.naturparkmagazin.de\/stechlin\/"},{"@type":"ListItem","position":2,"name":"Naturpark schlie\u00dft mit der Heinz-Sielmann-Stiftung eine Kooperationsvereinbarung zur Kyritz-Ruppiner Heide"}]},{"@type":"WebSite","@id":"https:\/\/www.naturparkmagazin.de\/stechlin\/#website","url":"https:\/\/www.naturparkmagazin.de\/stechlin\/","name":"Naturpark Stechlin-Ruppiner Land","description":"","potentialAction":[{"@type":"SearchAction","target":{"@type":"EntryPoint","urlTemplate":"https:\/\/www.naturparkmagazin.de\/stechlin\/?s={search_term_string}"},"query-input":"required name=search_term_string"}],"inLanguage":"de"},{"@type":"Person","@id":"https:\/\/www.naturparkmagazin.de\/stechlin\/#\/schema\/person\/3f0d93203df21c806dd63c76d9bb28bc","name":"marioschrumpf","url":"https:\/\/www.naturparkmagazin.de\/stechlin\/author\/marioschrumpf\/"}]}},"_links":{"self":[{"href":"https:\/\/www.naturparkmagazin.de\/stechlin\/wp-json\/wp\/v2\/posts\/2766"}],"collection":[{"href":"https:\/\/www.naturparkmagazin.de\/stechlin\/wp-json\/wp\/v2\/posts"}],"about":[{"href":"https:\/\/www.naturparkmagazin.de\/stechlin\/wp-json\/wp\/v2\/types\/post"}],"author":[{"embeddable":true,"href":"https:\/\/www.naturparkmagazin.de\/stechlin\/wp-json\/wp\/v2\/users\/39"}],"replies":[{"embeddable":true,"href":"https:\/\/www.naturparkmagazin.de\/stechlin\/wp-json\/wp\/v2\/comments?post=2766"}],"version-history":[{"count":4,"href":"https:\/\/www.naturparkmagazin.de\/stechlin\/wp-json\/wp\/v2\/posts\/2766\/revisions"}],"predecessor-version":[{"id":2814,"href":"https:\/\/www.naturparkmagazin.de\/stechlin\/wp-json\/wp\/v2\/posts\/2766\/revisions\/2814"}],"wp:featuredmedia":[{"embeddable":true,"href":"https:\/\/www.naturparkmagazin.de\/stechlin\/wp-json\/wp\/v2\/media\/2767"}],"wp:attachment":[{"href":"https:\/\/www.naturparkmagazin.de\/stechlin\/wp-json\/wp\/v2\/media?parent=2766"}],"wp:term":[{"taxonomy":"category","embeddable":true,"href":"https:\/\/www.naturparkmagazin.de\/stechlin\/wp-json\/wp\/v2\/categories?post=2766"},{"taxonomy":"post_tag","embeddable":true,"href":"https:\/\/www.naturparkmagazin.de\/stechlin\/wp-json\/wp\/v2\/tags?post=2766"}],"curies":[{"name":"wp","href":"https:\/\/api.w.org\/{rel}","templated":true}]}}