{"id":2771,"date":"2015-09-16T10:10:53","date_gmt":"2015-09-16T08:10:53","guid":{"rendered":"http:\/\/www.naturparkmagazin.de\/stechlin\/?p=2771"},"modified":"2015-09-22T09:16:29","modified_gmt":"2015-09-22T07:16:29","slug":"bereisung-des-eu-life-projektes-feuchtwaelder","status":"publish","type":"post","link":"https:\/\/www.naturparkmagazin.de\/stechlin\/bereisung-des-eu-life-projektes-feuchtwaelder\/","title":{"rendered":"Bereisung des EU-Life-Projektes Feuchtw\u00e4lder"},"content":{"rendered":"<div id=\"attachment_2773\" style=\"width: 310px\" class=\"wp-caption alignleft\"><a href=\"https:\/\/www.naturparkmagazin.de\/stechlin\/wp-content\/uploads\/sites\/38\/Projektleiter-Michael-Zauft.jpg\"><img aria-describedby=\"caption-attachment-2773\" decoding=\"async\" loading=\"lazy\" class=\"size-thumbnail wp-image-2773\" src=\"https:\/\/www.naturparkmagazin.de\/stechlin\/wp-content\/uploads\/sites\/38\/Projektleiter-Michael-Zauft-300x201.jpg\" alt=\"Projektleiter Michael Zauft mit Cornelia Schmitz\" width=\"300\" height=\"201\" srcset=\"https:\/\/www.naturparkmagazin.de\/stechlin\/wp-content\/uploads\/sites\/38\/Projektleiter-Michael-Zauft-300x201.jpg 300w, https:\/\/www.naturparkmagazin.de\/stechlin\/wp-content\/uploads\/sites\/38\/Projektleiter-Michael-Zauft.jpg 500w, https:\/\/www.naturparkmagazin.de\/stechlin\/wp-content\/uploads\/sites\/38\/Projektleiter-Michael-Zauft-200x134.jpg 200w\" sizes=\"(max-width: 300px) 100vw, 300px\" \/><\/a><p id=\"caption-attachment-2773\" class=\"wp-caption-text\">Projektleiter Michael Zauft mit Cornelia Schmitz am Rheinsberger Rhin<\/p><\/div>\n<p>&nbsp;<\/p>\n<p>&nbsp;<\/p>\n<p>&nbsp;<\/p>\n<p>&nbsp;<\/p>\n<p>&nbsp;<\/p>\n<p>&nbsp;<\/p>\n<p>&nbsp;<\/p>\n<p>&nbsp;<\/p>\n<p>&nbsp;<\/p>\n<p>Einmal j\u00e4hrlich bereist ein externes Monitoring-Team im Auftrag der EU jedes EU-Life-Projekt.<\/p>\n<p>Am 10. September war Cornelia Schmitz vom EU-Auftragnehmer NEEMO zu Gast im Naturpark. Auf dem Bereisungsplan standen die Projektgebiete Rheinsberger Rhin und Stechlin. In Begleitung von Dr. Thilo Geissel vom Umweltministerium, KollegInnen der unteren Naturschutz- und Wasserbeh\u00f6rde OPR und OHV sowie der KollegInnen aus dem Projektteam wurden geplante Managementma\u00dfnahmen vor Ort vorgestellt und diskutiert.<\/p>\n<p>Im Rahmen des landesweiten EU-Life-Projektes Feuchtw\u00e4lder werden Ma\u00dfnahmenvorschl\u00e4ge\u00a0aus den in den letzten Jahren unter Federf\u00fchrung der Naturparkverwaltung erstellten FFH-Managementpl\u00e4nen umgesetzt. Projektgebiete im Naturpark sind der Rheinsberger Rhin, das Kunstertal sowie das Stechlinseegebiet.<\/p>\n<p>Weitere Infos zum Projekt unter:\u00a0<a href=\"http:\/\/www.Feuchtwaelder.de\">www.feuchtwaelder.de<\/a><\/p>\n<p>&nbsp;<\/p>\n<div id=\"attachment_2774\" style=\"width: 310px\" class=\"wp-caption alignleft\"><a href=\"https:\/\/www.naturparkmagazin.de\/stechlin\/wp-content\/uploads\/sites\/38\/Blick-ind-Dagowseebruch.jpg\"><img aria-describedby=\"caption-attachment-2774\" decoding=\"async\" loading=\"lazy\" class=\"size-thumbnail wp-image-2774\" src=\"https:\/\/www.naturparkmagazin.de\/stechlin\/wp-content\/uploads\/sites\/38\/Blick-ind-Dagowseebruch-300x201.jpg\" alt=\"Blick ins Dagowseebruch im NSG Stechlin\" width=\"300\" height=\"201\" srcset=\"https:\/\/www.naturparkmagazin.de\/stechlin\/wp-content\/uploads\/sites\/38\/Blick-ind-Dagowseebruch-300x201.jpg 300w, https:\/\/www.naturparkmagazin.de\/stechlin\/wp-content\/uploads\/sites\/38\/Blick-ind-Dagowseebruch.jpg 500w, https:\/\/www.naturparkmagazin.de\/stechlin\/wp-content\/uploads\/sites\/38\/Blick-ind-Dagowseebruch-200x134.jpg 200w\" sizes=\"(max-width: 300px) 100vw, 300px\" \/><\/a><p id=\"caption-attachment-2774\" class=\"wp-caption-text\">Blick ins Dagowseebruch im NSG Stechlin<\/p><\/div>\n<p>&nbsp;<\/p>\n","protected":false},"excerpt":{"rendered":"<p>Am 10. September war Cornelia Schmitz vom EU-Auftragnehmer NEEMO zu Gast im Naturpark.<\/p>\n","protected":false},"author":39,"featured_media":2772,"comment_status":"open","ping_status":"open","sticky":false,"template":"","format":"standard","meta":[],"categories":[7],"tags":[],"yoast_head":"<!-- This site is optimized with the Yoast SEO plugin v19.10 - https:\/\/yoast.com\/wordpress\/plugins\/seo\/ -->\n<title>Bereisung des EU-Life-Projektes Feuchtw\u00e4lder - Naturpark Stechlin-Ruppiner Land<\/title>\n<meta name=\"robots\" content=\"index, follow, max-snippet:-1, max-image-preview:large, max-video-preview:-1\" \/>\n<link rel=\"canonical\" href=\"https:\/\/www.naturparkmagazin.de\/stechlin\/bereisung-des-eu-life-projektes-feuchtwaelder\/\" \/>\n<meta property=\"og:locale\" content=\"de_DE\" \/>\n<meta property=\"og:type\" content=\"article\" \/>\n<meta property=\"og:title\" content=\"Bereisung des EU-Life-Projektes Feuchtw\u00e4lder - Naturpark Stechlin-Ruppiner Land\" \/>\n<meta property=\"og:description\" content=\"Am 10. September war Cornelia Schmitz vom EU-Auftragnehmer NEEMO zu Gast im Naturpark.\" \/>\n<meta property=\"og:url\" content=\"https:\/\/www.naturparkmagazin.de\/stechlin\/bereisung-des-eu-life-projektes-feuchtwaelder\/\" \/>\n<meta property=\"og:site_name\" content=\"Naturpark Stechlin-Ruppiner Land\" \/>\n<meta property=\"article:published_time\" content=\"2015-09-16T08:10:53+00:00\" \/>\n<meta property=\"article:modified_time\" content=\"2015-09-22T07:16:29+00:00\" \/>\n<meta property=\"og:image\" content=\"https:\/\/www.naturparkmagazin.de\/stechlin\/wp-content\/uploads\/sites\/38\/Ma\u00dfnahmevorstellung.jpg\" \/>\n\t<meta property=\"og:image:width\" content=\"500\" \/>\n\t<meta property=\"og:image:height\" content=\"335\" \/>\n\t<meta property=\"og:image:type\" content=\"image\/jpeg\" \/>\n<meta name=\"author\" content=\"marioschrumpf\" \/>\n<meta name=\"twitter:label1\" content=\"Verfasst von\" \/>\n\t<meta name=\"twitter:data1\" content=\"marioschrumpf\" \/>\n\t<meta name=\"twitter:label2\" content=\"Gesch\u00e4tzte Lesezeit\" \/>\n\t<meta name=\"twitter:data2\" content=\"1\u00a0Minute\" \/>\n<script type=\"application\/ld+json\" class=\"yoast-schema-graph\">{\"@context\":\"https:\/\/schema.org\",\"@graph\":[{\"@type\":\"WebPage\",\"@id\":\"https:\/\/www.naturparkmagazin.de\/stechlin\/bereisung-des-eu-life-projektes-feuchtwaelder\/\",\"url\":\"https:\/\/www.naturparkmagazin.de\/stechlin\/bereisung-des-eu-life-projektes-feuchtwaelder\/\",\"name\":\"Bereisung des EU-Life-Projektes Feuchtw\u00e4lder - Naturpark Stechlin-Ruppiner Land\",\"isPartOf\":{\"@id\":\"https:\/\/www.naturparkmagazin.de\/stechlin\/#website\"},\"datePublished\":\"2015-09-16T08:10:53+00:00\",\"dateModified\":\"2015-09-22T07:16:29+00:00\",\"author\":{\"@id\":\"https:\/\/www.naturparkmagazin.de\/stechlin\/#\/schema\/person\/3f0d93203df21c806dd63c76d9bb28bc\"},\"breadcrumb\":{\"@id\":\"https:\/\/www.naturparkmagazin.de\/stechlin\/bereisung-des-eu-life-projektes-feuchtwaelder\/#breadcrumb\"},\"inLanguage\":\"de\",\"potentialAction\":[{\"@type\":\"ReadAction\",\"target\":[\"https:\/\/www.naturparkmagazin.de\/stechlin\/bereisung-des-eu-life-projektes-feuchtwaelder\/\"]}]},{\"@type\":\"BreadcrumbList\",\"@id\":\"https:\/\/www.naturparkmagazin.de\/stechlin\/bereisung-des-eu-life-projektes-feuchtwaelder\/#breadcrumb\",\"itemListElement\":[{\"@type\":\"ListItem\",\"position\":1,\"name\":\"Home\",\"item\":\"https:\/\/www.naturparkmagazin.de\/stechlin\/\"},{\"@type\":\"ListItem\",\"position\":2,\"name\":\"Bereisung des EU-Life-Projektes Feuchtw\u00e4lder\"}]},{\"@type\":\"WebSite\",\"@id\":\"https:\/\/www.naturparkmagazin.de\/stechlin\/#website\",\"url\":\"https:\/\/www.naturparkmagazin.de\/stechlin\/\",\"name\":\"Naturpark Stechlin-Ruppiner Land\",\"description\":\"\",\"potentialAction\":[{\"@type\":\"SearchAction\",\"target\":{\"@type\":\"EntryPoint\",\"urlTemplate\":\"https:\/\/www.naturparkmagazin.de\/stechlin\/?s={search_term_string}\"},\"query-input\":\"required name=search_term_string\"}],\"inLanguage\":\"de\"},{\"@type\":\"Person\",\"@id\":\"https:\/\/www.naturparkmagazin.de\/stechlin\/#\/schema\/person\/3f0d93203df21c806dd63c76d9bb28bc\",\"name\":\"marioschrumpf\",\"url\":\"https:\/\/www.naturparkmagazin.de\/stechlin\/author\/marioschrumpf\/\"}]}<\/script>\n<!-- \/ Yoast SEO plugin. -->","yoast_head_json":{"title":"Bereisung des EU-Life-Projektes Feuchtw\u00e4lder - Naturpark Stechlin-Ruppiner Land","robots":{"index":"index","follow":"follow","max-snippet":"max-snippet:-1","max-image-preview":"max-image-preview:large","max-video-preview":"max-video-preview:-1"},"canonical":"https:\/\/www.naturparkmagazin.de\/stechlin\/bereisung-des-eu-life-projektes-feuchtwaelder\/","og_locale":"de_DE","og_type":"article","og_title":"Bereisung des EU-Life-Projektes Feuchtw\u00e4lder - Naturpark Stechlin-Ruppiner Land","og_description":"Am 10. September war Cornelia Schmitz vom EU-Auftragnehmer NEEMO zu Gast im Naturpark.","og_url":"https:\/\/www.naturparkmagazin.de\/stechlin\/bereisung-des-eu-life-projektes-feuchtwaelder\/","og_site_name":"Naturpark Stechlin-Ruppiner Land","article_published_time":"2015-09-16T08:10:53+00:00","article_modified_time":"2015-09-22T07:16:29+00:00","og_image":[{"width":500,"height":335,"url":"https:\/\/www.naturparkmagazin.de\/stechlin\/wp-content\/uploads\/sites\/38\/Ma\u00dfnahmevorstellung.jpg","type":"image\/jpeg"}],"author":"marioschrumpf","twitter_misc":{"Verfasst von":"marioschrumpf","Gesch\u00e4tzte Lesezeit":"1\u00a0Minute"},"schema":{"@context":"https:\/\/schema.org","@graph":[{"@type":"WebPage","@id":"https:\/\/www.naturparkmagazin.de\/stechlin\/bereisung-des-eu-life-projektes-feuchtwaelder\/","url":"https:\/\/www.naturparkmagazin.de\/stechlin\/bereisung-des-eu-life-projektes-feuchtwaelder\/","name":"Bereisung des EU-Life-Projektes Feuchtw\u00e4lder - Naturpark Stechlin-Ruppiner Land","isPartOf":{"@id":"https:\/\/www.naturparkmagazin.de\/stechlin\/#website"},"datePublished":"2015-09-16T08:10:53+00:00","dateModified":"2015-09-22T07:16:29+00:00","author":{"@id":"https:\/\/www.naturparkmagazin.de\/stechlin\/#\/schema\/person\/3f0d93203df21c806dd63c76d9bb28bc"},"breadcrumb":{"@id":"https:\/\/www.naturparkmagazin.de\/stechlin\/bereisung-des-eu-life-projektes-feuchtwaelder\/#breadcrumb"},"inLanguage":"de","potentialAction":[{"@type":"ReadAction","target":["https:\/\/www.naturparkmagazin.de\/stechlin\/bereisung-des-eu-life-projektes-feuchtwaelder\/"]}]},{"@type":"BreadcrumbList","@id":"https:\/\/www.naturparkmagazin.de\/stechlin\/bereisung-des-eu-life-projektes-feuchtwaelder\/#breadcrumb","itemListElement":[{"@type":"ListItem","position":1,"name":"Home","item":"https:\/\/www.naturparkmagazin.de\/stechlin\/"},{"@type":"ListItem","position":2,"name":"Bereisung des EU-Life-Projektes Feuchtw\u00e4lder"}]},{"@type":"WebSite","@id":"https:\/\/www.naturparkmagazin.de\/stechlin\/#website","url":"https:\/\/www.naturparkmagazin.de\/stechlin\/","name":"Naturpark Stechlin-Ruppiner Land","description":"","potentialAction":[{"@type":"SearchAction","target":{"@type":"EntryPoint","urlTemplate":"https:\/\/www.naturparkmagazin.de\/stechlin\/?s={search_term_string}"},"query-input":"required name=search_term_string"}],"inLanguage":"de"},{"@type":"Person","@id":"https:\/\/www.naturparkmagazin.de\/stechlin\/#\/schema\/person\/3f0d93203df21c806dd63c76d9bb28bc","name":"marioschrumpf","url":"https:\/\/www.naturparkmagazin.de\/stechlin\/author\/marioschrumpf\/"}]}},"_links":{"self":[{"href":"https:\/\/www.naturparkmagazin.de\/stechlin\/wp-json\/wp\/v2\/posts\/2771"}],"collection":[{"href":"https:\/\/www.naturparkmagazin.de\/stechlin\/wp-json\/wp\/v2\/posts"}],"about":[{"href":"https:\/\/www.naturparkmagazin.de\/stechlin\/wp-json\/wp\/v2\/types\/post"}],"author":[{"embeddable":true,"href":"https:\/\/www.naturparkmagazin.de\/stechlin\/wp-json\/wp\/v2\/users\/39"}],"replies":[{"embeddable":true,"href":"https:\/\/www.naturparkmagazin.de\/stechlin\/wp-json\/wp\/v2\/comments?post=2771"}],"version-history":[{"count":8,"href":"https:\/\/www.naturparkmagazin.de\/stechlin\/wp-json\/wp\/v2\/posts\/2771\/revisions"}],"predecessor-version":[{"id":2799,"href":"https:\/\/www.naturparkmagazin.de\/stechlin\/wp-json\/wp\/v2\/posts\/2771\/revisions\/2799"}],"wp:featuredmedia":[{"embeddable":true,"href":"https:\/\/www.naturparkmagazin.de\/stechlin\/wp-json\/wp\/v2\/media\/2772"}],"wp:attachment":[{"href":"https:\/\/www.naturparkmagazin.de\/stechlin\/wp-json\/wp\/v2\/media?parent=2771"}],"wp:term":[{"taxonomy":"category","embeddable":true,"href":"https:\/\/www.naturparkmagazin.de\/stechlin\/wp-json\/wp\/v2\/categories?post=2771"},{"taxonomy":"post_tag","embeddable":true,"href":"https:\/\/www.naturparkmagazin.de\/stechlin\/wp-json\/wp\/v2\/tags?post=2771"}],"curies":[{"name":"wp","href":"https:\/\/api.w.org\/{rel}","templated":true}]}}