{"id":2782,"date":"2018-09-17T09:30:50","date_gmt":"2018-09-17T07:30:50","guid":{"rendered":"http:\/\/www.naturparkmagazin.de\/stechlin\/?p=2782"},"modified":"2018-09-25T15:37:55","modified_gmt":"2018-09-25T13:37:55","slug":"12-tag-des-apfels-im-naturpark","status":"publish","type":"post","link":"https:\/\/www.naturparkmagazin.de\/stechlin\/12-tag-des-apfels-im-naturpark\/","title":{"rendered":"Auf zum 15. Tag des Apfels in Menz"},"content":{"rendered":"<div id=\"attachment_252\" style=\"width: 310px\" class=\"wp-caption aligncenter\"><a href=\"https:\/\/www.naturparkmagazin.de\/stechlin\/wp-content\/uploads\/sites\/38\/k-PA174912.jpg\"><img aria-describedby=\"caption-attachment-252\" decoding=\"async\" loading=\"lazy\" class=\"size-thumbnail wp-image-252\" src=\"https:\/\/www.naturparkmagazin.de\/stechlin\/wp-content\/uploads\/sites\/38\/k-PA174912-300x225.jpg\" alt=\"Ausstellerin Frau W\u00e4hnert aus Hoppenrade\" width=\"300\" height=\"225\" srcset=\"https:\/\/www.naturparkmagazin.de\/stechlin\/wp-content\/uploads\/sites\/38\/k-PA174912-300x225.jpg 300w, https:\/\/www.naturparkmagazin.de\/stechlin\/wp-content\/uploads\/sites\/38\/k-PA174912-620x465.jpg 620w, https:\/\/www.naturparkmagazin.de\/stechlin\/wp-content\/uploads\/sites\/38\/k-PA174912-940x705.jpg 940w, https:\/\/www.naturparkmagazin.de\/stechlin\/wp-content\/uploads\/sites\/38\/k-PA174912-580x435.jpg 580w, https:\/\/www.naturparkmagazin.de\/stechlin\/wp-content\/uploads\/sites\/38\/k-PA174912-420x315.jpg 420w, https:\/\/www.naturparkmagazin.de\/stechlin\/wp-content\/uploads\/sites\/38\/k-PA174912-180x135.jpg 180w, https:\/\/www.naturparkmagazin.de\/stechlin\/wp-content\/uploads\/sites\/38\/k-PA174912-95x71.jpg 95w, https:\/\/www.naturparkmagazin.de\/stechlin\/wp-content\/uploads\/sites\/38\/k-PA174912-670x503.jpg 670w, https:\/\/www.naturparkmagazin.de\/stechlin\/wp-content\/uploads\/sites\/38\/k-PA174912-200x150.jpg 200w, https:\/\/www.naturparkmagazin.de\/stechlin\/wp-content\/uploads\/sites\/38\/k-PA174912.jpg 1824w\" sizes=\"(max-width: 300px) 100vw, 300px\" \/><\/a><p id=\"caption-attachment-252\" class=\"wp-caption-text\">Ausstellerin\u00a0Susann W\u00e4hnert aus Hoppenrade<\/p><\/div>\n<p>Informatives, Schmackhaftes und Wissenswertes rund um die paradiesische Frucht gibt es zum traditionellen <strong>Menzer Apfeltag, <\/strong>in diesem Jahr bereits in 15. Auflage!<\/p>\n<p><strong>Programm: <\/strong>Allerlei Produkte rund um den Apfel, Direktsaftpressung, Apfel-Geschichten, Verwendung, Verkostung und Obstausstellung mit dem Zehdenicker Apfelmann J\u00fcrgen Sinnecker, Wanderungen zur Streuobstwiese mit der Naturwacht, F\u00fchrungen durch den Sinnesgarten am NaturParkHaus Stechlin in Menz, Vortrag mit der Apfelgr\u00e4fin Daisy von Arnim\u00a0zum Thema \u201eNeuigkeiten aus dem uckerm\u00e4rkischen Apfelparadies&#8220;, Kulturgenuss mit dem M\u00e4nnerchor L\u00f6wenberg.<\/p>\n<p><em><strong>Ort:<\/strong> <\/em>Regionalwerkstatt Stechlin in Menz<\/p>\n<p><em><strong>Termin:<\/strong> <\/em>20. Oktober 2018, 10-15 Uhr<\/p>\n<p>&nbsp;<\/p>\n<div id=\"attachment_211\" style=\"width: 310px\" class=\"wp-caption aligncenter\"><a href=\"https:\/\/www.naturparkmagazin.de\/stechlin\/wp-content\/uploads\/sites\/38\/k-J\u00fcrgen.jpg\"><img aria-describedby=\"caption-attachment-211\" decoding=\"async\" loading=\"lazy\" class=\"size-thumbnail wp-image-211\" src=\"https:\/\/www.naturparkmagazin.de\/stechlin\/wp-content\/uploads\/sites\/38\/k-J\u00fcrgen-300x400.jpg\" alt=\"Zehdenicks Apfelmann\" width=\"300\" height=\"400\" srcset=\"https:\/\/www.naturparkmagazin.de\/stechlin\/wp-content\/uploads\/sites\/38\/k-J\u00fcrgen-300x400.jpg 300w, https:\/\/www.naturparkmagazin.de\/stechlin\/wp-content\/uploads\/sites\/38\/k-J\u00fcrgen-620x827.jpg 620w, https:\/\/www.naturparkmagazin.de\/stechlin\/wp-content\/uploads\/sites\/38\/k-J\u00fcrgen-940x1253.jpg 940w, https:\/\/www.naturparkmagazin.de\/stechlin\/wp-content\/uploads\/sites\/38\/k-J\u00fcrgen-500x667.jpg 500w, https:\/\/www.naturparkmagazin.de\/stechlin\/wp-content\/uploads\/sites\/38\/k-J\u00fcrgen-420x560.jpg 420w, https:\/\/www.naturparkmagazin.de\/stechlin\/wp-content\/uploads\/sites\/38\/k-J\u00fcrgen-135x180.jpg 135w, https:\/\/www.naturparkmagazin.de\/stechlin\/wp-content\/uploads\/sites\/38\/k-J\u00fcrgen-53x71.jpg 53w, https:\/\/www.naturparkmagazin.de\/stechlin\/wp-content\/uploads\/sites\/38\/k-J\u00fcrgen-670x893.jpg 670w, https:\/\/www.naturparkmagazin.de\/stechlin\/wp-content\/uploads\/sites\/38\/k-J\u00fcrgen-200x267.jpg 200w, https:\/\/www.naturparkmagazin.de\/stechlin\/wp-content\/uploads\/sites\/38\/k-J\u00fcrgen.jpg 1368w\" sizes=\"(max-width: 300px) 100vw, 300px\" \/><\/a><p id=\"caption-attachment-211\" class=\"wp-caption-text\">Zehdenicks Apfelmann J\u00fcrgen Sinnecker bei der Sortenbestimmung<\/p><\/div>\n","protected":false},"excerpt":{"rendered":"<p>Informatives, Schmackhaftes und Wissenswertes rund um die paradiesische Frucht gibt es zum traditionellen 15. Menzer Apfeltag am 20. Oktober 2018.<\/p>\n","protected":false},"author":39,"featured_media":261,"comment_status":"open","ping_status":"open","sticky":false,"template":"","format":"standard","meta":[],"categories":[11],"tags":[],"yoast_head":"<!-- This site is optimized with the Yoast SEO plugin v19.10 - https:\/\/yoast.com\/wordpress\/plugins\/seo\/ -->\n<title>Auf zum 15. Tag des Apfels in Menz - Naturpark Stechlin-Ruppiner Land<\/title>\n<meta name=\"robots\" content=\"index, follow, max-snippet:-1, max-image-preview:large, max-video-preview:-1\" \/>\n<link rel=\"canonical\" href=\"https:\/\/www.naturparkmagazin.de\/stechlin\/12-tag-des-apfels-im-naturpark\/\" \/>\n<meta property=\"og:locale\" content=\"de_DE\" \/>\n<meta property=\"og:type\" content=\"article\" \/>\n<meta property=\"og:title\" content=\"Auf zum 15. Tag des Apfels in Menz - Naturpark Stechlin-Ruppiner Land\" \/>\n<meta property=\"og:description\" content=\"Informatives, Schmackhaftes und Wissenswertes rund um die paradiesische Frucht gibt es zum traditionellen 15. Menzer Apfeltag am 20. Oktober 2018.\" \/>\n<meta property=\"og:url\" content=\"https:\/\/www.naturparkmagazin.de\/stechlin\/12-tag-des-apfels-im-naturpark\/\" \/>\n<meta property=\"og:site_name\" content=\"Naturpark Stechlin-Ruppiner Land\" \/>\n<meta property=\"article:published_time\" content=\"2018-09-17T07:30:50+00:00\" \/>\n<meta property=\"article:modified_time\" content=\"2018-09-25T13:37:55+00:00\" \/>\n<meta property=\"og:image\" content=\"https:\/\/www.naturparkmagazin.de\/stechlin\/wp-content\/uploads\/sites\/38\/k-Apfeltag.jpg\" \/>\n\t<meta property=\"og:image:width\" content=\"1824\" \/>\n\t<meta property=\"og:image:height\" content=\"1368\" \/>\n\t<meta property=\"og:image:type\" content=\"image\/jpeg\" \/>\n<meta name=\"author\" content=\"marioschrumpf\" \/>\n<meta name=\"twitter:label1\" content=\"Verfasst von\" \/>\n\t<meta name=\"twitter:data1\" content=\"marioschrumpf\" \/>\n\t<meta name=\"twitter:label2\" content=\"Gesch\u00e4tzte Lesezeit\" \/>\n\t<meta name=\"twitter:data2\" content=\"1\u00a0Minute\" \/>\n<script type=\"application\/ld+json\" class=\"yoast-schema-graph\">{\"@context\":\"https:\/\/schema.org\",\"@graph\":[{\"@type\":\"WebPage\",\"@id\":\"https:\/\/www.naturparkmagazin.de\/stechlin\/12-tag-des-apfels-im-naturpark\/\",\"url\":\"https:\/\/www.naturparkmagazin.de\/stechlin\/12-tag-des-apfels-im-naturpark\/\",\"name\":\"Auf zum 15. Tag des Apfels in Menz - Naturpark Stechlin-Ruppiner Land\",\"isPartOf\":{\"@id\":\"https:\/\/www.naturparkmagazin.de\/stechlin\/#website\"},\"datePublished\":\"2018-09-17T07:30:50+00:00\",\"dateModified\":\"2018-09-25T13:37:55+00:00\",\"author\":{\"@id\":\"https:\/\/www.naturparkmagazin.de\/stechlin\/#\/schema\/person\/3f0d93203df21c806dd63c76d9bb28bc\"},\"breadcrumb\":{\"@id\":\"https:\/\/www.naturparkmagazin.de\/stechlin\/12-tag-des-apfels-im-naturpark\/#breadcrumb\"},\"inLanguage\":\"de\",\"potentialAction\":[{\"@type\":\"ReadAction\",\"target\":[\"https:\/\/www.naturparkmagazin.de\/stechlin\/12-tag-des-apfels-im-naturpark\/\"]}]},{\"@type\":\"BreadcrumbList\",\"@id\":\"https:\/\/www.naturparkmagazin.de\/stechlin\/12-tag-des-apfels-im-naturpark\/#breadcrumb\",\"itemListElement\":[{\"@type\":\"ListItem\",\"position\":1,\"name\":\"Home\",\"item\":\"https:\/\/www.naturparkmagazin.de\/stechlin\/\"},{\"@type\":\"ListItem\",\"position\":2,\"name\":\"Auf zum 15. Tag des Apfels in Menz\"}]},{\"@type\":\"WebSite\",\"@id\":\"https:\/\/www.naturparkmagazin.de\/stechlin\/#website\",\"url\":\"https:\/\/www.naturparkmagazin.de\/stechlin\/\",\"name\":\"Naturpark Stechlin-Ruppiner Land\",\"description\":\"\",\"potentialAction\":[{\"@type\":\"SearchAction\",\"target\":{\"@type\":\"EntryPoint\",\"urlTemplate\":\"https:\/\/www.naturparkmagazin.de\/stechlin\/?s={search_term_string}\"},\"query-input\":\"required name=search_term_string\"}],\"inLanguage\":\"de\"},{\"@type\":\"Person\",\"@id\":\"https:\/\/www.naturparkmagazin.de\/stechlin\/#\/schema\/person\/3f0d93203df21c806dd63c76d9bb28bc\",\"name\":\"marioschrumpf\",\"url\":\"https:\/\/www.naturparkmagazin.de\/stechlin\/author\/marioschrumpf\/\"}]}<\/script>\n<!-- \/ Yoast SEO plugin. -->","yoast_head_json":{"title":"Auf zum 15. Tag des Apfels in Menz - Naturpark Stechlin-Ruppiner Land","robots":{"index":"index","follow":"follow","max-snippet":"max-snippet:-1","max-image-preview":"max-image-preview:large","max-video-preview":"max-video-preview:-1"},"canonical":"https:\/\/www.naturparkmagazin.de\/stechlin\/12-tag-des-apfels-im-naturpark\/","og_locale":"de_DE","og_type":"article","og_title":"Auf zum 15. Tag des Apfels in Menz - Naturpark Stechlin-Ruppiner Land","og_description":"Informatives, Schmackhaftes und Wissenswertes rund um die paradiesische Frucht gibt es zum traditionellen 15. Menzer Apfeltag am 20. Oktober 2018.","og_url":"https:\/\/www.naturparkmagazin.de\/stechlin\/12-tag-des-apfels-im-naturpark\/","og_site_name":"Naturpark Stechlin-Ruppiner Land","article_published_time":"2018-09-17T07:30:50+00:00","article_modified_time":"2018-09-25T13:37:55+00:00","og_image":[{"width":1824,"height":1368,"url":"https:\/\/www.naturparkmagazin.de\/stechlin\/wp-content\/uploads\/sites\/38\/k-Apfeltag.jpg","type":"image\/jpeg"}],"author":"marioschrumpf","twitter_misc":{"Verfasst von":"marioschrumpf","Gesch\u00e4tzte Lesezeit":"1\u00a0Minute"},"schema":{"@context":"https:\/\/schema.org","@graph":[{"@type":"WebPage","@id":"https:\/\/www.naturparkmagazin.de\/stechlin\/12-tag-des-apfels-im-naturpark\/","url":"https:\/\/www.naturparkmagazin.de\/stechlin\/12-tag-des-apfels-im-naturpark\/","name":"Auf zum 15. Tag des Apfels in Menz - Naturpark Stechlin-Ruppiner Land","isPartOf":{"@id":"https:\/\/www.naturparkmagazin.de\/stechlin\/#website"},"datePublished":"2018-09-17T07:30:50+00:00","dateModified":"2018-09-25T13:37:55+00:00","author":{"@id":"https:\/\/www.naturparkmagazin.de\/stechlin\/#\/schema\/person\/3f0d93203df21c806dd63c76d9bb28bc"},"breadcrumb":{"@id":"https:\/\/www.naturparkmagazin.de\/stechlin\/12-tag-des-apfels-im-naturpark\/#breadcrumb"},"inLanguage":"de","potentialAction":[{"@type":"ReadAction","target":["https:\/\/www.naturparkmagazin.de\/stechlin\/12-tag-des-apfels-im-naturpark\/"]}]},{"@type":"BreadcrumbList","@id":"https:\/\/www.naturparkmagazin.de\/stechlin\/12-tag-des-apfels-im-naturpark\/#breadcrumb","itemListElement":[{"@type":"ListItem","position":1,"name":"Home","item":"https:\/\/www.naturparkmagazin.de\/stechlin\/"},{"@type":"ListItem","position":2,"name":"Auf zum 15. Tag des Apfels in Menz"}]},{"@type":"WebSite","@id":"https:\/\/www.naturparkmagazin.de\/stechlin\/#website","url":"https:\/\/www.naturparkmagazin.de\/stechlin\/","name":"Naturpark Stechlin-Ruppiner Land","description":"","potentialAction":[{"@type":"SearchAction","target":{"@type":"EntryPoint","urlTemplate":"https:\/\/www.naturparkmagazin.de\/stechlin\/?s={search_term_string}"},"query-input":"required name=search_term_string"}],"inLanguage":"de"},{"@type":"Person","@id":"https:\/\/www.naturparkmagazin.de\/stechlin\/#\/schema\/person\/3f0d93203df21c806dd63c76d9bb28bc","name":"marioschrumpf","url":"https:\/\/www.naturparkmagazin.de\/stechlin\/author\/marioschrumpf\/"}]}},"_links":{"self":[{"href":"https:\/\/www.naturparkmagazin.de\/stechlin\/wp-json\/wp\/v2\/posts\/2782"}],"collection":[{"href":"https:\/\/www.naturparkmagazin.de\/stechlin\/wp-json\/wp\/v2\/posts"}],"about":[{"href":"https:\/\/www.naturparkmagazin.de\/stechlin\/wp-json\/wp\/v2\/types\/post"}],"author":[{"embeddable":true,"href":"https:\/\/www.naturparkmagazin.de\/stechlin\/wp-json\/wp\/v2\/users\/39"}],"replies":[{"embeddable":true,"href":"https:\/\/www.naturparkmagazin.de\/stechlin\/wp-json\/wp\/v2\/comments?post=2782"}],"version-history":[{"count":12,"href":"https:\/\/www.naturparkmagazin.de\/stechlin\/wp-json\/wp\/v2\/posts\/2782\/revisions"}],"predecessor-version":[{"id":7582,"href":"https:\/\/www.naturparkmagazin.de\/stechlin\/wp-json\/wp\/v2\/posts\/2782\/revisions\/7582"}],"wp:featuredmedia":[{"embeddable":true,"href":"https:\/\/www.naturparkmagazin.de\/stechlin\/wp-json\/wp\/v2\/media\/261"}],"wp:attachment":[{"href":"https:\/\/www.naturparkmagazin.de\/stechlin\/wp-json\/wp\/v2\/media?parent=2782"}],"wp:term":[{"taxonomy":"category","embeddable":true,"href":"https:\/\/www.naturparkmagazin.de\/stechlin\/wp-json\/wp\/v2\/categories?post=2782"},{"taxonomy":"post_tag","embeddable":true,"href":"https:\/\/www.naturparkmagazin.de\/stechlin\/wp-json\/wp\/v2\/tags?post=2782"}],"curies":[{"name":"wp","href":"https:\/\/api.w.org\/{rel}","templated":true}]}}