{"id":2826,"date":"2015-09-22T13:11:56","date_gmt":"2015-09-22T11:11:56","guid":{"rendered":"http:\/\/www.naturparkmagazin.de\/stechlin\/?p=2826"},"modified":"2015-09-28T13:14:09","modified_gmt":"2015-09-28T11:14:09","slug":"jubilaeumsveranstaltung-10-jahre-aktiv-im-ruppiner-seenland","status":"publish","type":"post","link":"https:\/\/www.naturparkmagazin.de\/stechlin\/jubilaeumsveranstaltung-10-jahre-aktiv-im-ruppiner-seenland\/","title":{"rendered":"Jubil\u00e4umsveranstaltung &#8211; 10 Jahre &#8222;Aktiv im Ruppiner Seenland&#8220;"},"content":{"rendered":"<div id=\"attachment_2830\" style=\"width: 310px\" class=\"wp-caption alignleft\"><a href=\"https:\/\/www.naturparkmagazin.de\/stechlin\/wp-content\/uploads\/sites\/38\/DSC_0002.jpg\"><img aria-describedby=\"caption-attachment-2830\" decoding=\"async\" loading=\"lazy\" class=\"size-thumbnail wp-image-2830\" src=\"https:\/\/www.naturparkmagazin.de\/stechlin\/wp-content\/uploads\/sites\/38\/DSC_0002-300x201.jpg\" alt=\"Die Wanderung um den Roofensee wurde vom Pr\u00e4sidenten des Berliner Wanderverbandes, Dr. Wolfgang Pagel h\u00f6chstpers\u00f6nlich gef\u00fchrt.\" width=\"300\" height=\"201\" srcset=\"https:\/\/www.naturparkmagazin.de\/stechlin\/wp-content\/uploads\/sites\/38\/DSC_0002-300x201.jpg 300w, https:\/\/www.naturparkmagazin.de\/stechlin\/wp-content\/uploads\/sites\/38\/DSC_0002-620x415.jpg 620w, https:\/\/www.naturparkmagazin.de\/stechlin\/wp-content\/uploads\/sites\/38\/DSC_0002-200x134.jpg 200w, https:\/\/www.naturparkmagazin.de\/stechlin\/wp-content\/uploads\/sites\/38\/DSC_0002.jpg 640w\" sizes=\"(max-width: 300px) 100vw, 300px\" \/><\/a><p id=\"caption-attachment-2830\" class=\"wp-caption-text\">Die Wanderung um den Roofensee wurde vom Pr\u00e4sidenten des Berliner Wanderverbandes, Dr. Wolfgang Pagel h\u00f6chstpers\u00f6nlich gef\u00fchrt.<\/p><\/div>\n<p>Barrierefrei Laufen, Wandern und Radfahren ist seit nunmehr 10 Jahren das Motto dieser integrativen Sportveranstaltung im Naturpark.<\/p>\n<div id=\"attachment_2831\" style=\"width: 310px\" class=\"wp-caption alignleft\"><a href=\"https:\/\/www.naturparkmagazin.de\/stechlin\/wp-content\/uploads\/sites\/38\/DSC_0004.jpg\"><img aria-describedby=\"caption-attachment-2831\" decoding=\"async\" loading=\"lazy\" class=\"size-thumbnail wp-image-2831\" src=\"https:\/\/www.naturparkmagazin.de\/stechlin\/wp-content\/uploads\/sites\/38\/DSC_0004-300x201.jpg\" alt=\"Beim Roofenseelauf wurden Strecken \u00fcber 8, 15 und 25 km angeboten.\" width=\"300\" height=\"201\" srcset=\"https:\/\/www.naturparkmagazin.de\/stechlin\/wp-content\/uploads\/sites\/38\/DSC_0004-300x201.jpg 300w, https:\/\/www.naturparkmagazin.de\/stechlin\/wp-content\/uploads\/sites\/38\/DSC_0004-620x415.jpg 620w, https:\/\/www.naturparkmagazin.de\/stechlin\/wp-content\/uploads\/sites\/38\/DSC_0004-200x134.jpg 200w, https:\/\/www.naturparkmagazin.de\/stechlin\/wp-content\/uploads\/sites\/38\/DSC_0004.jpg 640w\" sizes=\"(max-width: 300px) 100vw, 300px\" \/><\/a><p id=\"caption-attachment-2831\" class=\"wp-caption-text\">Beim Roofenseelauf wurden Strecken \u00fcber 8, 15 und 25 km angeboten.<\/p><\/div>\n<div id=\"attachment_2832\" style=\"width: 310px\" class=\"wp-caption alignleft\"><a href=\"https:\/\/www.naturparkmagazin.de\/stechlin\/wp-content\/uploads\/sites\/38\/DSC_0026.jpg\"><img aria-describedby=\"caption-attachment-2832\" decoding=\"async\" loading=\"lazy\" class=\"size-thumbnail wp-image-2832\" src=\"https:\/\/www.naturparkmagazin.de\/stechlin\/wp-content\/uploads\/sites\/38\/DSC_0026-300x201.jpg\" alt=\"Die landschaftlich reizvolle Strecke fand gro\u00dfen Anklang!\" width=\"300\" height=\"201\" srcset=\"https:\/\/www.naturparkmagazin.de\/stechlin\/wp-content\/uploads\/sites\/38\/DSC_0026-300x201.jpg 300w, https:\/\/www.naturparkmagazin.de\/stechlin\/wp-content\/uploads\/sites\/38\/DSC_0026-620x415.jpg 620w, https:\/\/www.naturparkmagazin.de\/stechlin\/wp-content\/uploads\/sites\/38\/DSC_0026-200x134.jpg 200w, https:\/\/www.naturparkmagazin.de\/stechlin\/wp-content\/uploads\/sites\/38\/DSC_0026.jpg 640w\" sizes=\"(max-width: 300px) 100vw, 300px\" \/><\/a><p id=\"caption-attachment-2832\" class=\"wp-caption-text\">Die landschaftlich reizvolle Strecke fand gro\u00dfen Anklang!<\/p><\/div>\n<p>Fast 200 Teilnehmer gingen zur Jubil\u00e4umsveranstaltung am 19. September bei strahlendem Sonnenschein in unterschiedlichen Disziplinen an den Start. Auf der Laufstrecke waren diesmal 14 Anklemmbiker mit am Start. Das speziell f\u00fcr Rollstuhlfahrer konstruierte Sportger\u00e4t erm\u00f6glicht ein gemeinsames Starten von Menschen mit und ohne Behinderung.<\/p>\n<div id=\"attachment_2834\" style=\"width: 310px\" class=\"wp-caption alignleft\"><a href=\"https:\/\/www.naturparkmagazin.de\/stechlin\/wp-content\/uploads\/sites\/38\/DSC_0139.jpg\"><img aria-describedby=\"caption-attachment-2834\" decoding=\"async\" loading=\"lazy\" class=\"size-thumbnail wp-image-2834\" src=\"https:\/\/www.naturparkmagazin.de\/stechlin\/wp-content\/uploads\/sites\/38\/DSC_0139-300x201.jpg\" alt=\"So sehen Sieger aus! Die Gewinner \u00fcber 25 km bei den Damen und Herren.\" width=\"300\" height=\"201\" srcset=\"https:\/\/www.naturparkmagazin.de\/stechlin\/wp-content\/uploads\/sites\/38\/DSC_0139-300x201.jpg 300w, https:\/\/www.naturparkmagazin.de\/stechlin\/wp-content\/uploads\/sites\/38\/DSC_0139-620x415.jpg 620w, https:\/\/www.naturparkmagazin.de\/stechlin\/wp-content\/uploads\/sites\/38\/DSC_0139-200x134.jpg 200w, https:\/\/www.naturparkmagazin.de\/stechlin\/wp-content\/uploads\/sites\/38\/DSC_0139.jpg 640w\" sizes=\"(max-width: 300px) 100vw, 300px\" \/><\/a><p id=\"caption-attachment-2834\" class=\"wp-caption-text\">So sehen Sieger aus! Die Gewinner \u00fcber 25 km bei den Damen und Herren.<\/p><\/div>\n<p>Die Veranstaltung wurde gemeinsam vom Amt Gransee und Gemeinden, dem Haus Rheinsberg, dem Ziegeleipark Mildenberg, dem Tourismusverband Ruppiner Seenland, dem Berliner Wanderverband, dem Radsportverein F\u00fcrstenberg\/H., dem Laufparkverein Stechlin und dem Naturpark organisiert.<\/p>\n","protected":false},"excerpt":{"rendered":"<p>Fast 200 Teilnehmer gingen zur Jubil\u00e4umsveranstaltung am 19. September bei strahlendem Sonnenschein in unterschiedlichen Disziplinen an den Start.<\/p>\n","protected":false},"author":39,"featured_media":2833,"comment_status":"open","ping_status":"open","sticky":false,"template":"","format":"standard","meta":[],"categories":[7],"tags":[],"yoast_head":"<!-- This site is optimized with the Yoast SEO plugin v19.10 - https:\/\/yoast.com\/wordpress\/plugins\/seo\/ -->\n<title>Jubil\u00e4umsveranstaltung - 10 Jahre &quot;Aktiv im Ruppiner Seenland&quot; - Naturpark Stechlin-Ruppiner Land<\/title>\n<meta name=\"robots\" content=\"index, follow, max-snippet:-1, max-image-preview:large, max-video-preview:-1\" \/>\n<link rel=\"canonical\" href=\"https:\/\/www.naturparkmagazin.de\/stechlin\/jubilaeumsveranstaltung-10-jahre-aktiv-im-ruppiner-seenland\/\" \/>\n<meta property=\"og:locale\" content=\"de_DE\" \/>\n<meta property=\"og:type\" content=\"article\" \/>\n<meta property=\"og:title\" content=\"Jubil\u00e4umsveranstaltung - 10 Jahre &quot;Aktiv im Ruppiner Seenland&quot; - Naturpark Stechlin-Ruppiner Land\" \/>\n<meta property=\"og:description\" content=\"Fast 200 Teilnehmer gingen zur Jubil\u00e4umsveranstaltung am 19. September bei strahlendem Sonnenschein in unterschiedlichen Disziplinen an den Start.\" \/>\n<meta property=\"og:url\" content=\"https:\/\/www.naturparkmagazin.de\/stechlin\/jubilaeumsveranstaltung-10-jahre-aktiv-im-ruppiner-seenland\/\" \/>\n<meta property=\"og:site_name\" content=\"Naturpark Stechlin-Ruppiner Land\" \/>\n<meta property=\"article:published_time\" content=\"2015-09-22T11:11:56+00:00\" \/>\n<meta property=\"article:modified_time\" content=\"2015-09-28T11:14:09+00:00\" \/>\n<meta property=\"og:image\" content=\"https:\/\/www.naturparkmagazin.de\/stechlin\/wp-content\/uploads\/sites\/38\/DSC_0129.jpg\" \/>\n\t<meta property=\"og:image:width\" content=\"640\" \/>\n\t<meta property=\"og:image:height\" content=\"428\" \/>\n\t<meta property=\"og:image:type\" content=\"image\/jpeg\" \/>\n<meta name=\"author\" content=\"marioschrumpf\" \/>\n<meta name=\"twitter:label1\" content=\"Verfasst von\" \/>\n\t<meta name=\"twitter:data1\" content=\"marioschrumpf\" \/>\n\t<meta name=\"twitter:label2\" content=\"Gesch\u00e4tzte Lesezeit\" \/>\n\t<meta name=\"twitter:data2\" content=\"1\u00a0Minute\" \/>\n<script type=\"application\/ld+json\" class=\"yoast-schema-graph\">{\"@context\":\"https:\/\/schema.org\",\"@graph\":[{\"@type\":\"WebPage\",\"@id\":\"https:\/\/www.naturparkmagazin.de\/stechlin\/jubilaeumsveranstaltung-10-jahre-aktiv-im-ruppiner-seenland\/\",\"url\":\"https:\/\/www.naturparkmagazin.de\/stechlin\/jubilaeumsveranstaltung-10-jahre-aktiv-im-ruppiner-seenland\/\",\"name\":\"Jubil\u00e4umsveranstaltung - 10 Jahre \\\"Aktiv im Ruppiner Seenland\\\" - Naturpark Stechlin-Ruppiner Land\",\"isPartOf\":{\"@id\":\"https:\/\/www.naturparkmagazin.de\/stechlin\/#website\"},\"datePublished\":\"2015-09-22T11:11:56+00:00\",\"dateModified\":\"2015-09-28T11:14:09+00:00\",\"author\":{\"@id\":\"https:\/\/www.naturparkmagazin.de\/stechlin\/#\/schema\/person\/3f0d93203df21c806dd63c76d9bb28bc\"},\"breadcrumb\":{\"@id\":\"https:\/\/www.naturparkmagazin.de\/stechlin\/jubilaeumsveranstaltung-10-jahre-aktiv-im-ruppiner-seenland\/#breadcrumb\"},\"inLanguage\":\"de\",\"potentialAction\":[{\"@type\":\"ReadAction\",\"target\":[\"https:\/\/www.naturparkmagazin.de\/stechlin\/jubilaeumsveranstaltung-10-jahre-aktiv-im-ruppiner-seenland\/\"]}]},{\"@type\":\"BreadcrumbList\",\"@id\":\"https:\/\/www.naturparkmagazin.de\/stechlin\/jubilaeumsveranstaltung-10-jahre-aktiv-im-ruppiner-seenland\/#breadcrumb\",\"itemListElement\":[{\"@type\":\"ListItem\",\"position\":1,\"name\":\"Home\",\"item\":\"https:\/\/www.naturparkmagazin.de\/stechlin\/\"},{\"@type\":\"ListItem\",\"position\":2,\"name\":\"Jubil\u00e4umsveranstaltung &#8211; 10 Jahre &#8222;Aktiv im Ruppiner Seenland&#8220;\"}]},{\"@type\":\"WebSite\",\"@id\":\"https:\/\/www.naturparkmagazin.de\/stechlin\/#website\",\"url\":\"https:\/\/www.naturparkmagazin.de\/stechlin\/\",\"name\":\"Naturpark Stechlin-Ruppiner Land\",\"description\":\"\",\"potentialAction\":[{\"@type\":\"SearchAction\",\"target\":{\"@type\":\"EntryPoint\",\"urlTemplate\":\"https:\/\/www.naturparkmagazin.de\/stechlin\/?s={search_term_string}\"},\"query-input\":\"required name=search_term_string\"}],\"inLanguage\":\"de\"},{\"@type\":\"Person\",\"@id\":\"https:\/\/www.naturparkmagazin.de\/stechlin\/#\/schema\/person\/3f0d93203df21c806dd63c76d9bb28bc\",\"name\":\"marioschrumpf\",\"url\":\"https:\/\/www.naturparkmagazin.de\/stechlin\/author\/marioschrumpf\/\"}]}<\/script>\n<!-- \/ Yoast SEO plugin. -->","yoast_head_json":{"title":"Jubil\u00e4umsveranstaltung - 10 Jahre \"Aktiv im Ruppiner Seenland\" - Naturpark Stechlin-Ruppiner Land","robots":{"index":"index","follow":"follow","max-snippet":"max-snippet:-1","max-image-preview":"max-image-preview:large","max-video-preview":"max-video-preview:-1"},"canonical":"https:\/\/www.naturparkmagazin.de\/stechlin\/jubilaeumsveranstaltung-10-jahre-aktiv-im-ruppiner-seenland\/","og_locale":"de_DE","og_type":"article","og_title":"Jubil\u00e4umsveranstaltung - 10 Jahre \"Aktiv im Ruppiner Seenland\" - Naturpark Stechlin-Ruppiner Land","og_description":"Fast 200 Teilnehmer gingen zur Jubil\u00e4umsveranstaltung am 19. September bei strahlendem Sonnenschein in unterschiedlichen Disziplinen an den Start.","og_url":"https:\/\/www.naturparkmagazin.de\/stechlin\/jubilaeumsveranstaltung-10-jahre-aktiv-im-ruppiner-seenland\/","og_site_name":"Naturpark Stechlin-Ruppiner Land","article_published_time":"2015-09-22T11:11:56+00:00","article_modified_time":"2015-09-28T11:14:09+00:00","og_image":[{"width":640,"height":428,"url":"https:\/\/www.naturparkmagazin.de\/stechlin\/wp-content\/uploads\/sites\/38\/DSC_0129.jpg","type":"image\/jpeg"}],"author":"marioschrumpf","twitter_misc":{"Verfasst von":"marioschrumpf","Gesch\u00e4tzte Lesezeit":"1\u00a0Minute"},"schema":{"@context":"https:\/\/schema.org","@graph":[{"@type":"WebPage","@id":"https:\/\/www.naturparkmagazin.de\/stechlin\/jubilaeumsveranstaltung-10-jahre-aktiv-im-ruppiner-seenland\/","url":"https:\/\/www.naturparkmagazin.de\/stechlin\/jubilaeumsveranstaltung-10-jahre-aktiv-im-ruppiner-seenland\/","name":"Jubil\u00e4umsveranstaltung - 10 Jahre \"Aktiv im Ruppiner Seenland\" - Naturpark Stechlin-Ruppiner Land","isPartOf":{"@id":"https:\/\/www.naturparkmagazin.de\/stechlin\/#website"},"datePublished":"2015-09-22T11:11:56+00:00","dateModified":"2015-09-28T11:14:09+00:00","author":{"@id":"https:\/\/www.naturparkmagazin.de\/stechlin\/#\/schema\/person\/3f0d93203df21c806dd63c76d9bb28bc"},"breadcrumb":{"@id":"https:\/\/www.naturparkmagazin.de\/stechlin\/jubilaeumsveranstaltung-10-jahre-aktiv-im-ruppiner-seenland\/#breadcrumb"},"inLanguage":"de","potentialAction":[{"@type":"ReadAction","target":["https:\/\/www.naturparkmagazin.de\/stechlin\/jubilaeumsveranstaltung-10-jahre-aktiv-im-ruppiner-seenland\/"]}]},{"@type":"BreadcrumbList","@id":"https:\/\/www.naturparkmagazin.de\/stechlin\/jubilaeumsveranstaltung-10-jahre-aktiv-im-ruppiner-seenland\/#breadcrumb","itemListElement":[{"@type":"ListItem","position":1,"name":"Home","item":"https:\/\/www.naturparkmagazin.de\/stechlin\/"},{"@type":"ListItem","position":2,"name":"Jubil\u00e4umsveranstaltung &#8211; 10 Jahre &#8222;Aktiv im Ruppiner Seenland&#8220;"}]},{"@type":"WebSite","@id":"https:\/\/www.naturparkmagazin.de\/stechlin\/#website","url":"https:\/\/www.naturparkmagazin.de\/stechlin\/","name":"Naturpark Stechlin-Ruppiner Land","description":"","potentialAction":[{"@type":"SearchAction","target":{"@type":"EntryPoint","urlTemplate":"https:\/\/www.naturparkmagazin.de\/stechlin\/?s={search_term_string}"},"query-input":"required name=search_term_string"}],"inLanguage":"de"},{"@type":"Person","@id":"https:\/\/www.naturparkmagazin.de\/stechlin\/#\/schema\/person\/3f0d93203df21c806dd63c76d9bb28bc","name":"marioschrumpf","url":"https:\/\/www.naturparkmagazin.de\/stechlin\/author\/marioschrumpf\/"}]}},"_links":{"self":[{"href":"https:\/\/www.naturparkmagazin.de\/stechlin\/wp-json\/wp\/v2\/posts\/2826"}],"collection":[{"href":"https:\/\/www.naturparkmagazin.de\/stechlin\/wp-json\/wp\/v2\/posts"}],"about":[{"href":"https:\/\/www.naturparkmagazin.de\/stechlin\/wp-json\/wp\/v2\/types\/post"}],"author":[{"embeddable":true,"href":"https:\/\/www.naturparkmagazin.de\/stechlin\/wp-json\/wp\/v2\/users\/39"}],"replies":[{"embeddable":true,"href":"https:\/\/www.naturparkmagazin.de\/stechlin\/wp-json\/wp\/v2\/comments?post=2826"}],"version-history":[{"count":11,"href":"https:\/\/www.naturparkmagazin.de\/stechlin\/wp-json\/wp\/v2\/posts\/2826\/revisions"}],"predecessor-version":[{"id":2849,"href":"https:\/\/www.naturparkmagazin.de\/stechlin\/wp-json\/wp\/v2\/posts\/2826\/revisions\/2849"}],"wp:featuredmedia":[{"embeddable":true,"href":"https:\/\/www.naturparkmagazin.de\/stechlin\/wp-json\/wp\/v2\/media\/2833"}],"wp:attachment":[{"href":"https:\/\/www.naturparkmagazin.de\/stechlin\/wp-json\/wp\/v2\/media?parent=2826"}],"wp:term":[{"taxonomy":"category","embeddable":true,"href":"https:\/\/www.naturparkmagazin.de\/stechlin\/wp-json\/wp\/v2\/categories?post=2826"},{"taxonomy":"post_tag","embeddable":true,"href":"https:\/\/www.naturparkmagazin.de\/stechlin\/wp-json\/wp\/v2\/tags?post=2826"}],"curies":[{"name":"wp","href":"https:\/\/api.w.org\/{rel}","templated":true}]}}