{"id":2850,"date":"2015-09-22T15:45:18","date_gmt":"2015-09-22T13:45:18","guid":{"rendered":"http:\/\/www.naturparkmagazin.de\/stechlin\/?p=2850"},"modified":"2015-09-28T12:49:04","modified_gmt":"2015-09-28T10:49:04","slug":"wolfgang-schwericke-laeufer-aus-leidenschaft","status":"publish","type":"post","link":"https:\/\/www.naturparkmagazin.de\/stechlin\/wolfgang-schwericke-laeufer-aus-leidenschaft\/","title":{"rendered":"Wolfgang Schwericke &#8211; L\u00e4ufer aus Leidenschaft"},"content":{"rendered":"<div id=\"attachment_2861\" style=\"width: 310px\" class=\"wp-caption alignleft\"><a href=\"https:\/\/www.naturparkmagazin.de\/stechlin\/wp-content\/uploads\/sites\/38\/prominent_wolfgang-schwericke.jpg\"><img aria-describedby=\"caption-attachment-2861\" decoding=\"async\" loading=\"lazy\" class=\"size-thumbnail wp-image-2861\" src=\"https:\/\/www.naturparkmagazin.de\/stechlin\/wp-content\/uploads\/sites\/38\/prominent_wolfgang-schwericke-300x410.jpg\" alt=\"Wolfgang Schwericke als Moderator der integrativen Sportveranstaltung &quot;Aktiv im Ruppiner Seenland&quot;\" width=\"300\" height=\"410\" srcset=\"https:\/\/www.naturparkmagazin.de\/stechlin\/wp-content\/uploads\/sites\/38\/prominent_wolfgang-schwericke-300x410.jpg 300w, https:\/\/www.naturparkmagazin.de\/stechlin\/wp-content\/uploads\/sites\/38\/prominent_wolfgang-schwericke-620x847.jpg 620w, https:\/\/www.naturparkmagazin.de\/stechlin\/wp-content\/uploads\/sites\/38\/prominent_wolfgang-schwericke-53x71.jpg 53w, https:\/\/www.naturparkmagazin.de\/stechlin\/wp-content\/uploads\/sites\/38\/prominent_wolfgang-schwericke-200x273.jpg 200w, https:\/\/www.naturparkmagazin.de\/stechlin\/wp-content\/uploads\/sites\/38\/prominent_wolfgang-schwericke.jpg 640w\" sizes=\"(max-width: 300px) 100vw, 300px\" \/><\/a><p id=\"caption-attachment-2861\" class=\"wp-caption-text\">Wolfgang Schwericke als Moderator der integrativen Sportveranstaltung &#8222;Aktiv im Ruppiner Seenland&#8220;<\/p><\/div>\n<p>Bereits zum zehnten Mal hat Wolfgang Schwericke gemeinsam mit unterschiedlichen Partnern die integrative Laufveranstaltung &#8222;Aktiv im Ruppiner Seenland&#8220; organisiert.<\/p>\n<p>Doch das ist nicht die einzige Laufveranstaltung, die der passionierte L\u00e4ufer aus der Taufe gehoben hat. Allj\u00e4hrlich wiederkehrende Veranstaltngen, wie der Stechlinsee-Lauf, der F\u00fcrstenberger Wasserfest-Lauf oder der Lindower Seenlauf liegen in seinen H\u00e4nden.<\/p>\n<p>Daneben ist der stellvertretende Amtsdirektor des Amtes Gransee &amp; Gemeinden regelm\u00e4\u00dfig auf Tour. Berlin-Marathon, Rennsteig-Lauf oder Island-Durchquerung standen schon auf seinem Programm.<\/p>\n<p>Dar\u00fcber hinaus ist Wolfgang Schwericke <strong>der &#8222;Vater&#8220;<\/strong> des Laufparkes Stechlin. Hier k\u00f6nnen sowohl L\u00e4ufer, Nordic Walker aber auch Rollstuhlfahrer auf gut ausgeschilderten und exakt vermessenen Strecken im gesamten Naturpark trainieren.<\/p>\n<p>Weitere Infos unter: <a href=\"http:\/\/www.laufpark-stechlin.de\">www.laufpark-stechlin.de<\/a><\/p>\n","protected":false},"excerpt":{"rendered":"<p>Bereits zum zehnten Mal hat Wolfgang Schwericke gemeinsam mit unterschiedlichen Partnern die integrative Laufveranstaltung &#8222;Aktiv im Ruppiner Seenland&#8220;organisiert.<\/p>\n","protected":false},"author":39,"featured_media":2890,"comment_status":"open","ping_status":"open","sticky":false,"template":"","format":"standard","meta":[],"categories":[8],"tags":[],"yoast_head":"<!-- This site is optimized with the Yoast SEO plugin v19.10 - https:\/\/yoast.com\/wordpress\/plugins\/seo\/ -->\n<title>Wolfgang Schwericke - L\u00e4ufer aus Leidenschaft - Naturpark Stechlin-Ruppiner Land<\/title>\n<meta name=\"robots\" content=\"index, follow, max-snippet:-1, max-image-preview:large, max-video-preview:-1\" \/>\n<link rel=\"canonical\" href=\"https:\/\/www.naturparkmagazin.de\/stechlin\/wolfgang-schwericke-laeufer-aus-leidenschaft\/\" \/>\n<meta property=\"og:locale\" content=\"de_DE\" \/>\n<meta property=\"og:type\" content=\"article\" \/>\n<meta property=\"og:title\" content=\"Wolfgang Schwericke - L\u00e4ufer aus Leidenschaft - Naturpark Stechlin-Ruppiner Land\" \/>\n<meta property=\"og:description\" content=\"Bereits zum zehnten Mal hat Wolfgang Schwericke gemeinsam mit unterschiedlichen Partnern die integrative Laufveranstaltung &quot;Aktiv im Ruppiner Seenland&quot;organisiert.\" \/>\n<meta property=\"og:url\" content=\"https:\/\/www.naturparkmagazin.de\/stechlin\/wolfgang-schwericke-laeufer-aus-leidenschaft\/\" \/>\n<meta property=\"og:site_name\" content=\"Naturpark Stechlin-Ruppiner Land\" \/>\n<meta property=\"article:published_time\" content=\"2015-09-22T13:45:18+00:00\" \/>\n<meta property=\"article:modified_time\" content=\"2015-09-28T10:49:04+00:00\" \/>\n<meta property=\"og:image\" content=\"https:\/\/www.naturparkmagazin.de\/stechlin\/wp-content\/uploads\/sites\/38\/prominent_wolfgang-schwericke-Beitragsfoto.jpg\" \/>\n\t<meta property=\"og:image:width\" content=\"200\" \/>\n\t<meta property=\"og:image:height\" content=\"200\" \/>\n\t<meta property=\"og:image:type\" content=\"image\/jpeg\" \/>\n<meta name=\"author\" content=\"marioschrumpf\" \/>\n<meta name=\"twitter:label1\" content=\"Verfasst von\" \/>\n\t<meta name=\"twitter:data1\" content=\"marioschrumpf\" \/>\n\t<meta name=\"twitter:label2\" content=\"Gesch\u00e4tzte Lesezeit\" \/>\n\t<meta name=\"twitter:data2\" content=\"1\u00a0Minute\" \/>\n<script type=\"application\/ld+json\" class=\"yoast-schema-graph\">{\"@context\":\"https:\/\/schema.org\",\"@graph\":[{\"@type\":\"WebPage\",\"@id\":\"https:\/\/www.naturparkmagazin.de\/stechlin\/wolfgang-schwericke-laeufer-aus-leidenschaft\/\",\"url\":\"https:\/\/www.naturparkmagazin.de\/stechlin\/wolfgang-schwericke-laeufer-aus-leidenschaft\/\",\"name\":\"Wolfgang Schwericke - L\u00e4ufer aus Leidenschaft - Naturpark Stechlin-Ruppiner Land\",\"isPartOf\":{\"@id\":\"https:\/\/www.naturparkmagazin.de\/stechlin\/#website\"},\"datePublished\":\"2015-09-22T13:45:18+00:00\",\"dateModified\":\"2015-09-28T10:49:04+00:00\",\"author\":{\"@id\":\"https:\/\/www.naturparkmagazin.de\/stechlin\/#\/schema\/person\/3f0d93203df21c806dd63c76d9bb28bc\"},\"breadcrumb\":{\"@id\":\"https:\/\/www.naturparkmagazin.de\/stechlin\/wolfgang-schwericke-laeufer-aus-leidenschaft\/#breadcrumb\"},\"inLanguage\":\"de\",\"potentialAction\":[{\"@type\":\"ReadAction\",\"target\":[\"https:\/\/www.naturparkmagazin.de\/stechlin\/wolfgang-schwericke-laeufer-aus-leidenschaft\/\"]}]},{\"@type\":\"BreadcrumbList\",\"@id\":\"https:\/\/www.naturparkmagazin.de\/stechlin\/wolfgang-schwericke-laeufer-aus-leidenschaft\/#breadcrumb\",\"itemListElement\":[{\"@type\":\"ListItem\",\"position\":1,\"name\":\"Home\",\"item\":\"https:\/\/www.naturparkmagazin.de\/stechlin\/\"},{\"@type\":\"ListItem\",\"position\":2,\"name\":\"Wolfgang Schwericke &#8211; L\u00e4ufer aus Leidenschaft\"}]},{\"@type\":\"WebSite\",\"@id\":\"https:\/\/www.naturparkmagazin.de\/stechlin\/#website\",\"url\":\"https:\/\/www.naturparkmagazin.de\/stechlin\/\",\"name\":\"Naturpark Stechlin-Ruppiner Land\",\"description\":\"\",\"potentialAction\":[{\"@type\":\"SearchAction\",\"target\":{\"@type\":\"EntryPoint\",\"urlTemplate\":\"https:\/\/www.naturparkmagazin.de\/stechlin\/?s={search_term_string}\"},\"query-input\":\"required name=search_term_string\"}],\"inLanguage\":\"de\"},{\"@type\":\"Person\",\"@id\":\"https:\/\/www.naturparkmagazin.de\/stechlin\/#\/schema\/person\/3f0d93203df21c806dd63c76d9bb28bc\",\"name\":\"marioschrumpf\",\"url\":\"https:\/\/www.naturparkmagazin.de\/stechlin\/author\/marioschrumpf\/\"}]}<\/script>\n<!-- \/ Yoast SEO plugin. -->","yoast_head_json":{"title":"Wolfgang Schwericke - L\u00e4ufer aus Leidenschaft - Naturpark Stechlin-Ruppiner Land","robots":{"index":"index","follow":"follow","max-snippet":"max-snippet:-1","max-image-preview":"max-image-preview:large","max-video-preview":"max-video-preview:-1"},"canonical":"https:\/\/www.naturparkmagazin.de\/stechlin\/wolfgang-schwericke-laeufer-aus-leidenschaft\/","og_locale":"de_DE","og_type":"article","og_title":"Wolfgang Schwericke - L\u00e4ufer aus Leidenschaft - Naturpark Stechlin-Ruppiner Land","og_description":"Bereits zum zehnten Mal hat Wolfgang Schwericke gemeinsam mit unterschiedlichen Partnern die integrative Laufveranstaltung \"Aktiv im Ruppiner Seenland\"organisiert.","og_url":"https:\/\/www.naturparkmagazin.de\/stechlin\/wolfgang-schwericke-laeufer-aus-leidenschaft\/","og_site_name":"Naturpark Stechlin-Ruppiner Land","article_published_time":"2015-09-22T13:45:18+00:00","article_modified_time":"2015-09-28T10:49:04+00:00","og_image":[{"width":200,"height":200,"url":"https:\/\/www.naturparkmagazin.de\/stechlin\/wp-content\/uploads\/sites\/38\/prominent_wolfgang-schwericke-Beitragsfoto.jpg","type":"image\/jpeg"}],"author":"marioschrumpf","twitter_misc":{"Verfasst von":"marioschrumpf","Gesch\u00e4tzte Lesezeit":"1\u00a0Minute"},"schema":{"@context":"https:\/\/schema.org","@graph":[{"@type":"WebPage","@id":"https:\/\/www.naturparkmagazin.de\/stechlin\/wolfgang-schwericke-laeufer-aus-leidenschaft\/","url":"https:\/\/www.naturparkmagazin.de\/stechlin\/wolfgang-schwericke-laeufer-aus-leidenschaft\/","name":"Wolfgang Schwericke - L\u00e4ufer aus Leidenschaft - Naturpark Stechlin-Ruppiner Land","isPartOf":{"@id":"https:\/\/www.naturparkmagazin.de\/stechlin\/#website"},"datePublished":"2015-09-22T13:45:18+00:00","dateModified":"2015-09-28T10:49:04+00:00","author":{"@id":"https:\/\/www.naturparkmagazin.de\/stechlin\/#\/schema\/person\/3f0d93203df21c806dd63c76d9bb28bc"},"breadcrumb":{"@id":"https:\/\/www.naturparkmagazin.de\/stechlin\/wolfgang-schwericke-laeufer-aus-leidenschaft\/#breadcrumb"},"inLanguage":"de","potentialAction":[{"@type":"ReadAction","target":["https:\/\/www.naturparkmagazin.de\/stechlin\/wolfgang-schwericke-laeufer-aus-leidenschaft\/"]}]},{"@type":"BreadcrumbList","@id":"https:\/\/www.naturparkmagazin.de\/stechlin\/wolfgang-schwericke-laeufer-aus-leidenschaft\/#breadcrumb","itemListElement":[{"@type":"ListItem","position":1,"name":"Home","item":"https:\/\/www.naturparkmagazin.de\/stechlin\/"},{"@type":"ListItem","position":2,"name":"Wolfgang Schwericke &#8211; L\u00e4ufer aus Leidenschaft"}]},{"@type":"WebSite","@id":"https:\/\/www.naturparkmagazin.de\/stechlin\/#website","url":"https:\/\/www.naturparkmagazin.de\/stechlin\/","name":"Naturpark Stechlin-Ruppiner Land","description":"","potentialAction":[{"@type":"SearchAction","target":{"@type":"EntryPoint","urlTemplate":"https:\/\/www.naturparkmagazin.de\/stechlin\/?s={search_term_string}"},"query-input":"required name=search_term_string"}],"inLanguage":"de"},{"@type":"Person","@id":"https:\/\/www.naturparkmagazin.de\/stechlin\/#\/schema\/person\/3f0d93203df21c806dd63c76d9bb28bc","name":"marioschrumpf","url":"https:\/\/www.naturparkmagazin.de\/stechlin\/author\/marioschrumpf\/"}]}},"_links":{"self":[{"href":"https:\/\/www.naturparkmagazin.de\/stechlin\/wp-json\/wp\/v2\/posts\/2850"}],"collection":[{"href":"https:\/\/www.naturparkmagazin.de\/stechlin\/wp-json\/wp\/v2\/posts"}],"about":[{"href":"https:\/\/www.naturparkmagazin.de\/stechlin\/wp-json\/wp\/v2\/types\/post"}],"author":[{"embeddable":true,"href":"https:\/\/www.naturparkmagazin.de\/stechlin\/wp-json\/wp\/v2\/users\/39"}],"replies":[{"embeddable":true,"href":"https:\/\/www.naturparkmagazin.de\/stechlin\/wp-json\/wp\/v2\/comments?post=2850"}],"version-history":[{"count":8,"href":"https:\/\/www.naturparkmagazin.de\/stechlin\/wp-json\/wp\/v2\/posts\/2850\/revisions"}],"predecessor-version":[{"id":2869,"href":"https:\/\/www.naturparkmagazin.de\/stechlin\/wp-json\/wp\/v2\/posts\/2850\/revisions\/2869"}],"wp:featuredmedia":[{"embeddable":true,"href":"https:\/\/www.naturparkmagazin.de\/stechlin\/wp-json\/wp\/v2\/media\/2890"}],"wp:attachment":[{"href":"https:\/\/www.naturparkmagazin.de\/stechlin\/wp-json\/wp\/v2\/media?parent=2850"}],"wp:term":[{"taxonomy":"category","embeddable":true,"href":"https:\/\/www.naturparkmagazin.de\/stechlin\/wp-json\/wp\/v2\/categories?post=2850"},{"taxonomy":"post_tag","embeddable":true,"href":"https:\/\/www.naturparkmagazin.de\/stechlin\/wp-json\/wp\/v2\/tags?post=2850"}],"curies":[{"name":"wp","href":"https:\/\/api.w.org\/{rel}","templated":true}]}}