{"id":2912,"date":"2015-10-16T08:51:42","date_gmt":"2015-10-16T06:51:42","guid":{"rendered":"http:\/\/www.naturparkmagazin.de\/stechlin\/?p=2912"},"modified":"2015-10-27T12:39:51","modified_gmt":"2015-10-27T11:39:51","slug":"stechlinsee-radweg-wird-saniert","status":"publish","type":"post","link":"https:\/\/www.naturparkmagazin.de\/stechlin\/stechlinsee-radweg-wird-saniert\/","title":{"rendered":"Stechlinsee-Radweg wird saniert"},"content":{"rendered":"<div id=\"attachment_2913\" style=\"width: 310px\" class=\"wp-caption alignleft\"><a href=\"https:\/\/www.naturparkmagazin.de\/stechlin\/wp-content\/uploads\/sites\/38\/k-DSC_00272.jpg\"><img aria-describedby=\"caption-attachment-2913\" decoding=\"async\" loading=\"lazy\" class=\"size-thumbnail wp-image-2913\" src=\"https:\/\/www.naturparkmagazin.de\/stechlin\/wp-content\/uploads\/sites\/38\/k-DSC_00272-300x180.jpg\" alt=\"Radwanderer k\u00f6nnen auf dem sanierten Radweg zuk\u00fcnftig besser zum Franz\u00f6sischen Cafe Bric a Brac in Menz gelangen.\" width=\"300\" height=\"180\" srcset=\"https:\/\/www.naturparkmagazin.de\/stechlin\/wp-content\/uploads\/sites\/38\/k-DSC_00272-300x180.jpg 300w, https:\/\/www.naturparkmagazin.de\/stechlin\/wp-content\/uploads\/sites\/38\/k-DSC_00272.jpg 500w, https:\/\/www.naturparkmagazin.de\/stechlin\/wp-content\/uploads\/sites\/38\/k-DSC_00272-200x120.jpg 200w\" sizes=\"(max-width: 300px) 100vw, 300px\" \/><\/a><p id=\"caption-attachment-2913\" class=\"wp-caption-text\">Radwanderer k\u00f6nnen auf dem sanierten Radweg zuk\u00fcnftig besser zum Franz\u00f6sischen Cafe Bric a Brac in Menz gelangen.<\/p><\/div>\n<p>&nbsp;<\/p>\n<p>&nbsp;<\/p>\n<p>&nbsp;<\/p>\n<p>&nbsp;<\/p>\n<p>&nbsp;<\/p>\n<p>&nbsp;<\/p>\n<p>&nbsp;<\/p>\n<p><a href=\"https:\/\/www.naturparkmagazin.de\/stechlin\/wp-content\/uploads\/sites\/38\/Bauschild.jpg\"><img decoding=\"async\" loading=\"lazy\" class=\"alignleft size-full wp-image-2937\" src=\"https:\/\/www.naturparkmagazin.de\/stechlin\/wp-content\/uploads\/sites\/38\/Bauschild.jpg\" alt=\"NP SRL\/Dr. Mario Schrumpf\" width=\"120\" height=\"180\" \/><\/a><\/p>\n<p>&nbsp;<\/p>\n<p>&nbsp;<\/p>\n<p>&nbsp;<\/p>\n<p>&nbsp;<\/p>\n<p>Die Gemeinde Stechlin investiert aktuell in die Sanierung des Stechlinsee-Radweges zwischen Menz und Neuglobsow. Der auf dem Bahndamm der ehemaligen Stechlinseebahn kurz nach der Wende gebaute Weg, geh\u00f6rt zu den \u00e4ltesten Radwegen im Natupark. Vorallem Wurzelaufbr\u00fcche st\u00f6rten zuletzt in zunehmenden Ma\u00dfe das Radwandervergn\u00fcgen. Die Fa.\u00a0Arikon Genshagen\u00a0saniert nicht nur den alten Weg, sondern sorgt auch f\u00fcr den L\u00fcckenschluss zwischen Menz und Waldsiedlung. Zuk\u00fcnftig k\u00f6nnen Radfahrer direkt stra\u00dfenbegleitend nach Menz fahren und m\u00fcssen nicht die alte Trasse\u00a0\u00fcber Sandwege durch die Waldsiedlung vorbei an der Theodor-Fontane-Schule nutzen.<\/p>\n<div id=\"attachment_2939\" style=\"width: 310px\" class=\"wp-caption alignleft\"><a href=\"https:\/\/www.naturparkmagazin.de\/stechlin\/wp-content\/uploads\/sites\/38\/neuer-Abschnitt-Radwanderweg-Menz.jpg\"><img aria-describedby=\"caption-attachment-2939\" decoding=\"async\" loading=\"lazy\" class=\"size-thumbnail wp-image-2939\" src=\"https:\/\/www.naturparkmagazin.de\/stechlin\/wp-content\/uploads\/sites\/38\/neuer-Abschnitt-Radwanderweg-Menz-300x201.jpg\" alt=\"Der neu entstandene Abschnitt zwischen Menz und Abzweig Waldsiedlung.\" width=\"300\" height=\"201\" srcset=\"https:\/\/www.naturparkmagazin.de\/stechlin\/wp-content\/uploads\/sites\/38\/neuer-Abschnitt-Radwanderweg-Menz-300x201.jpg 300w, https:\/\/www.naturparkmagazin.de\/stechlin\/wp-content\/uploads\/sites\/38\/neuer-Abschnitt-Radwanderweg-Menz.jpg 500w, https:\/\/www.naturparkmagazin.de\/stechlin\/wp-content\/uploads\/sites\/38\/neuer-Abschnitt-Radwanderweg-Menz-200x134.jpg 200w\" sizes=\"(max-width: 300px) 100vw, 300px\" \/><\/a><p id=\"caption-attachment-2939\" class=\"wp-caption-text\">Der neu entstandene Abschnitt zwischen Menz und Abzweig Waldsiedlung.<\/p><\/div>\n<p>&nbsp;<\/p>\n<p>&nbsp;<\/p>\n<p>&nbsp;<\/p>\n<p>&nbsp;<\/p>\n<p>&nbsp;<\/p>\n<p>&nbsp;<\/p>\n<p>&nbsp;<\/p>\n<p>&nbsp;<\/p>\n","protected":false},"excerpt":{"rendered":"<p>Die Gemeinde Stechlin investiert aktuell in die Sanierung des Stechlinsee-Radweges zwischen Menz und Neuglobsow.<\/p>\n","protected":false},"author":39,"featured_media":2914,"comment_status":"open","ping_status":"open","sticky":false,"template":"","format":"standard","meta":[],"categories":[7],"tags":[],"yoast_head":"<!-- This site is optimized with the Yoast SEO plugin v19.10 - https:\/\/yoast.com\/wordpress\/plugins\/seo\/ -->\n<title>Stechlinsee-Radweg wird saniert - Naturpark Stechlin-Ruppiner Land<\/title>\n<meta name=\"robots\" content=\"index, follow, max-snippet:-1, max-image-preview:large, max-video-preview:-1\" \/>\n<link rel=\"canonical\" href=\"https:\/\/www.naturparkmagazin.de\/stechlin\/stechlinsee-radweg-wird-saniert\/\" \/>\n<meta property=\"og:locale\" content=\"de_DE\" \/>\n<meta property=\"og:type\" content=\"article\" \/>\n<meta property=\"og:title\" content=\"Stechlinsee-Radweg wird saniert - Naturpark Stechlin-Ruppiner Land\" \/>\n<meta property=\"og:description\" content=\"Die Gemeinde Stechlin investiert aktuell in die Sanierung des Stechlinsee-Radweges zwischen Menz und Neuglobsow.\" \/>\n<meta property=\"og:url\" content=\"https:\/\/www.naturparkmagazin.de\/stechlin\/stechlinsee-radweg-wird-saniert\/\" \/>\n<meta property=\"og:site_name\" content=\"Naturpark Stechlin-Ruppiner Land\" \/>\n<meta property=\"article:published_time\" content=\"2015-10-16T06:51:42+00:00\" \/>\n<meta property=\"article:modified_time\" content=\"2015-10-27T11:39:51+00:00\" \/>\n<meta property=\"og:image\" content=\"https:\/\/www.naturparkmagazin.de\/stechlin\/wp-content\/uploads\/sites\/38\/k-DSC_04261.jpg\" \/>\n\t<meta property=\"og:image:width\" content=\"640\" \/>\n\t<meta property=\"og:image:height\" content=\"480\" \/>\n\t<meta property=\"og:image:type\" content=\"image\/jpeg\" \/>\n<meta name=\"author\" content=\"marioschrumpf\" \/>\n<meta name=\"twitter:label1\" content=\"Verfasst von\" \/>\n\t<meta name=\"twitter:data1\" content=\"marioschrumpf\" \/>\n\t<meta name=\"twitter:label2\" content=\"Gesch\u00e4tzte Lesezeit\" \/>\n\t<meta name=\"twitter:data2\" content=\"1\u00a0Minute\" \/>\n<script type=\"application\/ld+json\" class=\"yoast-schema-graph\">{\"@context\":\"https:\/\/schema.org\",\"@graph\":[{\"@type\":\"WebPage\",\"@id\":\"https:\/\/www.naturparkmagazin.de\/stechlin\/stechlinsee-radweg-wird-saniert\/\",\"url\":\"https:\/\/www.naturparkmagazin.de\/stechlin\/stechlinsee-radweg-wird-saniert\/\",\"name\":\"Stechlinsee-Radweg wird saniert - Naturpark Stechlin-Ruppiner Land\",\"isPartOf\":{\"@id\":\"https:\/\/www.naturparkmagazin.de\/stechlin\/#website\"},\"datePublished\":\"2015-10-16T06:51:42+00:00\",\"dateModified\":\"2015-10-27T11:39:51+00:00\",\"author\":{\"@id\":\"https:\/\/www.naturparkmagazin.de\/stechlin\/#\/schema\/person\/3f0d93203df21c806dd63c76d9bb28bc\"},\"breadcrumb\":{\"@id\":\"https:\/\/www.naturparkmagazin.de\/stechlin\/stechlinsee-radweg-wird-saniert\/#breadcrumb\"},\"inLanguage\":\"de\",\"potentialAction\":[{\"@type\":\"ReadAction\",\"target\":[\"https:\/\/www.naturparkmagazin.de\/stechlin\/stechlinsee-radweg-wird-saniert\/\"]}]},{\"@type\":\"BreadcrumbList\",\"@id\":\"https:\/\/www.naturparkmagazin.de\/stechlin\/stechlinsee-radweg-wird-saniert\/#breadcrumb\",\"itemListElement\":[{\"@type\":\"ListItem\",\"position\":1,\"name\":\"Home\",\"item\":\"https:\/\/www.naturparkmagazin.de\/stechlin\/\"},{\"@type\":\"ListItem\",\"position\":2,\"name\":\"Stechlinsee-Radweg wird saniert\"}]},{\"@type\":\"WebSite\",\"@id\":\"https:\/\/www.naturparkmagazin.de\/stechlin\/#website\",\"url\":\"https:\/\/www.naturparkmagazin.de\/stechlin\/\",\"name\":\"Naturpark Stechlin-Ruppiner Land\",\"description\":\"\",\"potentialAction\":[{\"@type\":\"SearchAction\",\"target\":{\"@type\":\"EntryPoint\",\"urlTemplate\":\"https:\/\/www.naturparkmagazin.de\/stechlin\/?s={search_term_string}\"},\"query-input\":\"required name=search_term_string\"}],\"inLanguage\":\"de\"},{\"@type\":\"Person\",\"@id\":\"https:\/\/www.naturparkmagazin.de\/stechlin\/#\/schema\/person\/3f0d93203df21c806dd63c76d9bb28bc\",\"name\":\"marioschrumpf\",\"url\":\"https:\/\/www.naturparkmagazin.de\/stechlin\/author\/marioschrumpf\/\"}]}<\/script>\n<!-- \/ Yoast SEO plugin. -->","yoast_head_json":{"title":"Stechlinsee-Radweg wird saniert - Naturpark Stechlin-Ruppiner Land","robots":{"index":"index","follow":"follow","max-snippet":"max-snippet:-1","max-image-preview":"max-image-preview:large","max-video-preview":"max-video-preview:-1"},"canonical":"https:\/\/www.naturparkmagazin.de\/stechlin\/stechlinsee-radweg-wird-saniert\/","og_locale":"de_DE","og_type":"article","og_title":"Stechlinsee-Radweg wird saniert - Naturpark Stechlin-Ruppiner Land","og_description":"Die Gemeinde Stechlin investiert aktuell in die Sanierung des Stechlinsee-Radweges zwischen Menz und Neuglobsow.","og_url":"https:\/\/www.naturparkmagazin.de\/stechlin\/stechlinsee-radweg-wird-saniert\/","og_site_name":"Naturpark Stechlin-Ruppiner Land","article_published_time":"2015-10-16T06:51:42+00:00","article_modified_time":"2015-10-27T11:39:51+00:00","og_image":[{"width":640,"height":480,"url":"https:\/\/www.naturparkmagazin.de\/stechlin\/wp-content\/uploads\/sites\/38\/k-DSC_04261.jpg","type":"image\/jpeg"}],"author":"marioschrumpf","twitter_misc":{"Verfasst von":"marioschrumpf","Gesch\u00e4tzte Lesezeit":"1\u00a0Minute"},"schema":{"@context":"https:\/\/schema.org","@graph":[{"@type":"WebPage","@id":"https:\/\/www.naturparkmagazin.de\/stechlin\/stechlinsee-radweg-wird-saniert\/","url":"https:\/\/www.naturparkmagazin.de\/stechlin\/stechlinsee-radweg-wird-saniert\/","name":"Stechlinsee-Radweg wird saniert - Naturpark Stechlin-Ruppiner Land","isPartOf":{"@id":"https:\/\/www.naturparkmagazin.de\/stechlin\/#website"},"datePublished":"2015-10-16T06:51:42+00:00","dateModified":"2015-10-27T11:39:51+00:00","author":{"@id":"https:\/\/www.naturparkmagazin.de\/stechlin\/#\/schema\/person\/3f0d93203df21c806dd63c76d9bb28bc"},"breadcrumb":{"@id":"https:\/\/www.naturparkmagazin.de\/stechlin\/stechlinsee-radweg-wird-saniert\/#breadcrumb"},"inLanguage":"de","potentialAction":[{"@type":"ReadAction","target":["https:\/\/www.naturparkmagazin.de\/stechlin\/stechlinsee-radweg-wird-saniert\/"]}]},{"@type":"BreadcrumbList","@id":"https:\/\/www.naturparkmagazin.de\/stechlin\/stechlinsee-radweg-wird-saniert\/#breadcrumb","itemListElement":[{"@type":"ListItem","position":1,"name":"Home","item":"https:\/\/www.naturparkmagazin.de\/stechlin\/"},{"@type":"ListItem","position":2,"name":"Stechlinsee-Radweg wird saniert"}]},{"@type":"WebSite","@id":"https:\/\/www.naturparkmagazin.de\/stechlin\/#website","url":"https:\/\/www.naturparkmagazin.de\/stechlin\/","name":"Naturpark Stechlin-Ruppiner Land","description":"","potentialAction":[{"@type":"SearchAction","target":{"@type":"EntryPoint","urlTemplate":"https:\/\/www.naturparkmagazin.de\/stechlin\/?s={search_term_string}"},"query-input":"required name=search_term_string"}],"inLanguage":"de"},{"@type":"Person","@id":"https:\/\/www.naturparkmagazin.de\/stechlin\/#\/schema\/person\/3f0d93203df21c806dd63c76d9bb28bc","name":"marioschrumpf","url":"https:\/\/www.naturparkmagazin.de\/stechlin\/author\/marioschrumpf\/"}]}},"_links":{"self":[{"href":"https:\/\/www.naturparkmagazin.de\/stechlin\/wp-json\/wp\/v2\/posts\/2912"}],"collection":[{"href":"https:\/\/www.naturparkmagazin.de\/stechlin\/wp-json\/wp\/v2\/posts"}],"about":[{"href":"https:\/\/www.naturparkmagazin.de\/stechlin\/wp-json\/wp\/v2\/types\/post"}],"author":[{"embeddable":true,"href":"https:\/\/www.naturparkmagazin.de\/stechlin\/wp-json\/wp\/v2\/users\/39"}],"replies":[{"embeddable":true,"href":"https:\/\/www.naturparkmagazin.de\/stechlin\/wp-json\/wp\/v2\/comments?post=2912"}],"version-history":[{"count":10,"href":"https:\/\/www.naturparkmagazin.de\/stechlin\/wp-json\/wp\/v2\/posts\/2912\/revisions"}],"predecessor-version":[{"id":2983,"href":"https:\/\/www.naturparkmagazin.de\/stechlin\/wp-json\/wp\/v2\/posts\/2912\/revisions\/2983"}],"wp:featuredmedia":[{"embeddable":true,"href":"https:\/\/www.naturparkmagazin.de\/stechlin\/wp-json\/wp\/v2\/media\/2914"}],"wp:attachment":[{"href":"https:\/\/www.naturparkmagazin.de\/stechlin\/wp-json\/wp\/v2\/media?parent=2912"}],"wp:term":[{"taxonomy":"category","embeddable":true,"href":"https:\/\/www.naturparkmagazin.de\/stechlin\/wp-json\/wp\/v2\/categories?post=2912"},{"taxonomy":"post_tag","embeddable":true,"href":"https:\/\/www.naturparkmagazin.de\/stechlin\/wp-json\/wp\/v2\/tags?post=2912"}],"curies":[{"name":"wp","href":"https:\/\/api.w.org\/{rel}","templated":true}]}}