{"id":2941,"date":"2015-10-20T08:00:41","date_gmt":"2015-10-20T06:00:41","guid":{"rendered":"http:\/\/www.naturparkmagazin.de\/stechlin\/?p=2941"},"modified":"2025-01-24T10:27:02","modified_gmt":"2025-01-24T09:27:02","slug":"apfeltag-war-trotz-regen-ein-voller-erfolg","status":"publish","type":"post","link":"https:\/\/www.naturparkmagazin.de\/stechlin\/apfeltag-war-trotz-regen-ein-voller-erfolg\/","title":{"rendered":"Apfeltag war wieder ein voller Erfolg! (2015)"},"content":{"rendered":"<div id=\"attachment_2942\" style=\"width: 310px\" class=\"wp-caption alignleft\"><a href=\"https:\/\/www.naturparkmagazin.de\/stechlin\/wp-content\/uploads\/sites\/38\/Sieger-im-Kuchenwettbewerb-2016.jpg\"><img aria-describedby=\"caption-attachment-2942\" decoding=\"async\" loading=\"lazy\" class=\"size-thumbnail wp-image-2942\" src=\"https:\/\/www.naturparkmagazin.de\/stechlin\/wp-content\/uploads\/sites\/38\/Sieger-im-Kuchenwettbewerb-2016-300x201.jpg\" alt=\"Siegr im Kuchenwettbewerb\" width=\"300\" height=\"201\" srcset=\"https:\/\/www.naturparkmagazin.de\/stechlin\/wp-content\/uploads\/sites\/38\/Sieger-im-Kuchenwettbewerb-2016-300x201.jpg 300w, https:\/\/www.naturparkmagazin.de\/stechlin\/wp-content\/uploads\/sites\/38\/Sieger-im-Kuchenwettbewerb-2016.jpg 500w, https:\/\/www.naturparkmagazin.de\/stechlin\/wp-content\/uploads\/sites\/38\/Sieger-im-Kuchenwettbewerb-2016-200x134.jpg 200w\" sizes=\"(max-width: 300px) 100vw, 300px\" \/><\/a><p id=\"caption-attachment-2942\" class=\"wp-caption-text\">Die Preistr\u00e4ger des Apfelkuchenwettbewerbs<\/p><\/div>\n<p>&nbsp;<\/p>\n<p>&nbsp;<\/p>\n<p>&nbsp;<\/p>\n<p>&nbsp;<\/p>\n<div id=\"attachment_2965\" style=\"width: 310px\" class=\"wp-caption alignleft\"><a href=\"https:\/\/www.naturparkmagazin.de\/stechlin\/wp-content\/uploads\/sites\/38\/Apfelmann-2015.jpg\"><img aria-describedby=\"caption-attachment-2965\" decoding=\"async\" loading=\"lazy\" class=\"size-thumbnail wp-image-2965\" src=\"https:\/\/www.naturparkmagazin.de\/stechlin\/wp-content\/uploads\/sites\/38\/Apfelmann-2015-300x201.jpg\" alt=\"Apfelmann J\u00fcrgen Sinnecker begeistert die Kids der Naturparkschule Menz f\u00fcr alte Apfelsorten\" width=\"300\" height=\"201\" srcset=\"https:\/\/www.naturparkmagazin.de\/stechlin\/wp-content\/uploads\/sites\/38\/Apfelmann-2015-300x201.jpg 300w, https:\/\/www.naturparkmagazin.de\/stechlin\/wp-content\/uploads\/sites\/38\/Apfelmann-2015.jpg 500w, https:\/\/www.naturparkmagazin.de\/stechlin\/wp-content\/uploads\/sites\/38\/Apfelmann-2015-200x134.jpg 200w\" sizes=\"(max-width: 300px) 100vw, 300px\" \/><\/a><p id=\"caption-attachment-2965\" class=\"wp-caption-text\">Apfelmann J\u00fcrgen Sinnecker begeistert die Kids der Naturparkschule Menz f\u00fcr alte Apfelsorten<\/p><\/div>\n<p>&nbsp;<\/p>\n<p>&nbsp;<\/p>\n<p>&nbsp;<\/p>\n<p>&nbsp;<\/p>\n<p>&nbsp;<\/p>\n<p>&nbsp;<\/p>\n<p>&nbsp;<\/p>\n<p>&nbsp;<\/p>\n<p>&nbsp;<\/p>\n<p>&nbsp;<\/p>\n<p>&nbsp;<\/p>\n<p>&nbsp;<\/p>\n<p>&nbsp;<\/p>\n<p>Die zahlreichen Besucher des 12. Menzer Apfeltages am 17. Oktober lie\u00dfen sich vom\u00a0schmuddeligen Herbstwetter nicht abschrecken!<\/p>\n<p>Bereits am Freitag h\u00f6rten die 5. und 6. Klasse der Theodor-Fontane-Schule Menz and\u00e4chtig dem Zehdenicker Apfelmann zu. J\u00fcrgen Sinnecker erz\u00e4hlte den Sch\u00fclern der Naturparkschule \u00fcber die geschmackliche und morphologische Vielfalt historischer Apfelsorten. Gemeinsam wurden unterschiedliche Apfelsorten verkostet. Die Sch\u00fcler halfen beim sch\u00e4len der \u00c4pfel, aus denen die Naturwacht ausgebackene Apfelringe zauberte, die gemeinsam verspeist wurden.<\/p>\n<p>Gut besucht war am Samstag die Vorstellung des uckerm\u00e4rkischen Gutshofes Kraatz. Florian Profitlich berichtete \u00fcber seine Mosterei, Kelterei und die angebotenen Ferienwohnungen. Begeistert probierten die Besucher seinen sortenreinen gekelterten Apfelwein, der im letzten Jahr im Stammland des Apfelweines Hessen f\u00fcr seine sehr gute Qualit\u00e4t ausgezeichnet wurde.<\/p>\n<p>Trotz\u00a0nasskalten Wetters\u00a0rie\u00df die Schlange an der mobilen Saftpresse der Apfelgr\u00e4fin Daisy von Arnim nicht ab. Naturtr\u00fcber Apfelsaft aus den eigenen, mitgebrachten \u00c4pfeln war der Lohn f\u00fcr das warten.<\/p>\n<p>Die Jury des Apfelkuchenwettbewerbes hatte wieder gut zu tun. Insgesamt 18 Kuchen wurden eingereicht. Gewonnen hat in diesem Jahr Volker Friedrich aus Himmelpfort gefolgt von Renate Schulz aus Menz und Maja Gurtler aus Wolfruh. Als Preise winkten ein Apfelbaum der Sorte Ingrid Marie, gesponsert von der Baumschule Fischer, Apfelwein\/-saft, gesponsert vom Gutshof Kraatz und eine Kiste Apfelsaft von der Menzer Streuobstwiese aus dem Juniorranger-Projekt an der Theodor-Fontane-Schule Menz sowie handsignierte B\u00fccher der Apfelgr\u00e4fin Daisy von Arnim.<\/p>\n<div style=\"width: 310px\" class=\"wp-caption alignleft\"><a href=\"https:\/\/www.naturparkmagazin.de\/stechlin\/wp-content\/uploads\/sites\/38\/Apfeltag_Florian-Profitlich.jpg\"><img decoding=\"async\" loading=\"lazy\" class=\"wp-image-2943 size-thumbnail\" src=\"https:\/\/www.naturparkmagazin.de\/stechlin\/wp-content\/uploads\/sites\/38\/Apfeltag_Florian-Profitlich-300x201.jpg\" alt=\"Florian Profitlich, Gutshof Kraatz\" width=\"300\" height=\"201\" srcset=\"https:\/\/www.naturparkmagazin.de\/stechlin\/wp-content\/uploads\/sites\/38\/Apfeltag_Florian-Profitlich-300x201.jpg 300w, https:\/\/www.naturparkmagazin.de\/stechlin\/wp-content\/uploads\/sites\/38\/Apfeltag_Florian-Profitlich.jpg 500w, https:\/\/www.naturparkmagazin.de\/stechlin\/wp-content\/uploads\/sites\/38\/Apfeltag_Florian-Profitlich-200x134.jpg 200w\" sizes=\"(max-width: 300px) 100vw, 300px\" \/><\/a><p class=\"wp-caption-text\">Florian Profitlich aus der Uckermark stellte sein Apfelprojekt Gutshof Kraatz vor<\/p><\/div>\n<p>&nbsp;<\/p>\n","protected":false},"excerpt":{"rendered":"<p>Die zahlreichen Besucher des 12. Menzer Apfeltages am 17. Oktober lie\u00dfen sich vom k\u00fchlen Herbstwetter nicht abschrecken!<\/p>\n","protected":false},"author":39,"featured_media":2944,"comment_status":"open","ping_status":"open","sticky":false,"template":"","format":"standard","meta":[],"categories":[7],"tags":[],"yoast_head":"<!-- This site is optimized with the Yoast SEO plugin v19.10 - https:\/\/yoast.com\/wordpress\/plugins\/seo\/ -->\n<title>Apfeltag war wieder ein voller Erfolg! (2015) - Naturpark Stechlin-Ruppiner Land<\/title>\n<meta name=\"robots\" content=\"index, follow, max-snippet:-1, max-image-preview:large, max-video-preview:-1\" \/>\n<link rel=\"canonical\" href=\"https:\/\/www.naturparkmagazin.de\/stechlin\/apfeltag-war-trotz-regen-ein-voller-erfolg\/\" \/>\n<meta property=\"og:locale\" content=\"de_DE\" \/>\n<meta property=\"og:type\" content=\"article\" \/>\n<meta property=\"og:title\" content=\"Apfeltag war wieder ein voller Erfolg! (2015) - Naturpark Stechlin-Ruppiner Land\" \/>\n<meta property=\"og:description\" content=\"Die zahlreichen Besucher des 12. Menzer Apfeltages am 17. Oktober lie\u00dfen sich vom k\u00fchlen Herbstwetter nicht abschrecken!\" \/>\n<meta property=\"og:url\" content=\"https:\/\/www.naturparkmagazin.de\/stechlin\/apfeltag-war-trotz-regen-ein-voller-erfolg\/\" \/>\n<meta property=\"og:site_name\" content=\"Naturpark Stechlin-Ruppiner Land\" \/>\n<meta property=\"article:published_time\" content=\"2015-10-20T06:00:41+00:00\" \/>\n<meta property=\"article:modified_time\" content=\"2025-01-24T09:27:02+00:00\" \/>\n<meta property=\"og:image\" content=\"https:\/\/www.naturparkmagazin.de\/stechlin\/wp-content\/uploads\/sites\/38\/Markttreiben-Apfeltag-2016.jpg\" \/>\n\t<meta property=\"og:image:width\" content=\"500\" \/>\n\t<meta property=\"og:image:height\" content=\"335\" \/>\n\t<meta property=\"og:image:type\" content=\"image\/jpeg\" \/>\n<meta name=\"author\" content=\"marioschrumpf\" \/>\n<meta name=\"twitter:label1\" content=\"Verfasst von\" \/>\n\t<meta name=\"twitter:data1\" content=\"marioschrumpf\" \/>\n\t<meta name=\"twitter:label2\" content=\"Gesch\u00e4tzte Lesezeit\" \/>\n\t<meta name=\"twitter:data2\" content=\"3\u00a0Minuten\" \/>\n<script type=\"application\/ld+json\" class=\"yoast-schema-graph\">{\"@context\":\"https:\/\/schema.org\",\"@graph\":[{\"@type\":\"WebPage\",\"@id\":\"https:\/\/www.naturparkmagazin.de\/stechlin\/apfeltag-war-trotz-regen-ein-voller-erfolg\/\",\"url\":\"https:\/\/www.naturparkmagazin.de\/stechlin\/apfeltag-war-trotz-regen-ein-voller-erfolg\/\",\"name\":\"Apfeltag war wieder ein voller Erfolg! (2015) - Naturpark Stechlin-Ruppiner Land\",\"isPartOf\":{\"@id\":\"https:\/\/www.naturparkmagazin.de\/stechlin\/#website\"},\"datePublished\":\"2015-10-20T06:00:41+00:00\",\"dateModified\":\"2025-01-24T09:27:02+00:00\",\"author\":{\"@id\":\"https:\/\/www.naturparkmagazin.de\/stechlin\/#\/schema\/person\/3f0d93203df21c806dd63c76d9bb28bc\"},\"breadcrumb\":{\"@id\":\"https:\/\/www.naturparkmagazin.de\/stechlin\/apfeltag-war-trotz-regen-ein-voller-erfolg\/#breadcrumb\"},\"inLanguage\":\"de\",\"potentialAction\":[{\"@type\":\"ReadAction\",\"target\":[\"https:\/\/www.naturparkmagazin.de\/stechlin\/apfeltag-war-trotz-regen-ein-voller-erfolg\/\"]}]},{\"@type\":\"BreadcrumbList\",\"@id\":\"https:\/\/www.naturparkmagazin.de\/stechlin\/apfeltag-war-trotz-regen-ein-voller-erfolg\/#breadcrumb\",\"itemListElement\":[{\"@type\":\"ListItem\",\"position\":1,\"name\":\"Home\",\"item\":\"https:\/\/www.naturparkmagazin.de\/stechlin\/\"},{\"@type\":\"ListItem\",\"position\":2,\"name\":\"Apfeltag war wieder ein voller Erfolg! (2015)\"}]},{\"@type\":\"WebSite\",\"@id\":\"https:\/\/www.naturparkmagazin.de\/stechlin\/#website\",\"url\":\"https:\/\/www.naturparkmagazin.de\/stechlin\/\",\"name\":\"Naturpark Stechlin-Ruppiner Land\",\"description\":\"\",\"potentialAction\":[{\"@type\":\"SearchAction\",\"target\":{\"@type\":\"EntryPoint\",\"urlTemplate\":\"https:\/\/www.naturparkmagazin.de\/stechlin\/?s={search_term_string}\"},\"query-input\":\"required name=search_term_string\"}],\"inLanguage\":\"de\"},{\"@type\":\"Person\",\"@id\":\"https:\/\/www.naturparkmagazin.de\/stechlin\/#\/schema\/person\/3f0d93203df21c806dd63c76d9bb28bc\",\"name\":\"marioschrumpf\",\"url\":\"https:\/\/www.naturparkmagazin.de\/stechlin\/author\/marioschrumpf\/\"}]}<\/script>\n<!-- \/ Yoast SEO plugin. -->","yoast_head_json":{"title":"Apfeltag war wieder ein voller Erfolg! (2015) - Naturpark Stechlin-Ruppiner Land","robots":{"index":"index","follow":"follow","max-snippet":"max-snippet:-1","max-image-preview":"max-image-preview:large","max-video-preview":"max-video-preview:-1"},"canonical":"https:\/\/www.naturparkmagazin.de\/stechlin\/apfeltag-war-trotz-regen-ein-voller-erfolg\/","og_locale":"de_DE","og_type":"article","og_title":"Apfeltag war wieder ein voller Erfolg! (2015) - Naturpark Stechlin-Ruppiner Land","og_description":"Die zahlreichen Besucher des 12. Menzer Apfeltages am 17. Oktober lie\u00dfen sich vom k\u00fchlen Herbstwetter nicht abschrecken!","og_url":"https:\/\/www.naturparkmagazin.de\/stechlin\/apfeltag-war-trotz-regen-ein-voller-erfolg\/","og_site_name":"Naturpark Stechlin-Ruppiner Land","article_published_time":"2015-10-20T06:00:41+00:00","article_modified_time":"2025-01-24T09:27:02+00:00","og_image":[{"width":500,"height":335,"url":"https:\/\/www.naturparkmagazin.de\/stechlin\/wp-content\/uploads\/sites\/38\/Markttreiben-Apfeltag-2016.jpg","type":"image\/jpeg"}],"author":"marioschrumpf","twitter_misc":{"Verfasst von":"marioschrumpf","Gesch\u00e4tzte Lesezeit":"3\u00a0Minuten"},"schema":{"@context":"https:\/\/schema.org","@graph":[{"@type":"WebPage","@id":"https:\/\/www.naturparkmagazin.de\/stechlin\/apfeltag-war-trotz-regen-ein-voller-erfolg\/","url":"https:\/\/www.naturparkmagazin.de\/stechlin\/apfeltag-war-trotz-regen-ein-voller-erfolg\/","name":"Apfeltag war wieder ein voller Erfolg! (2015) - Naturpark Stechlin-Ruppiner Land","isPartOf":{"@id":"https:\/\/www.naturparkmagazin.de\/stechlin\/#website"},"datePublished":"2015-10-20T06:00:41+00:00","dateModified":"2025-01-24T09:27:02+00:00","author":{"@id":"https:\/\/www.naturparkmagazin.de\/stechlin\/#\/schema\/person\/3f0d93203df21c806dd63c76d9bb28bc"},"breadcrumb":{"@id":"https:\/\/www.naturparkmagazin.de\/stechlin\/apfeltag-war-trotz-regen-ein-voller-erfolg\/#breadcrumb"},"inLanguage":"de","potentialAction":[{"@type":"ReadAction","target":["https:\/\/www.naturparkmagazin.de\/stechlin\/apfeltag-war-trotz-regen-ein-voller-erfolg\/"]}]},{"@type":"BreadcrumbList","@id":"https:\/\/www.naturparkmagazin.de\/stechlin\/apfeltag-war-trotz-regen-ein-voller-erfolg\/#breadcrumb","itemListElement":[{"@type":"ListItem","position":1,"name":"Home","item":"https:\/\/www.naturparkmagazin.de\/stechlin\/"},{"@type":"ListItem","position":2,"name":"Apfeltag war wieder ein voller Erfolg! (2015)"}]},{"@type":"WebSite","@id":"https:\/\/www.naturparkmagazin.de\/stechlin\/#website","url":"https:\/\/www.naturparkmagazin.de\/stechlin\/","name":"Naturpark Stechlin-Ruppiner Land","description":"","potentialAction":[{"@type":"SearchAction","target":{"@type":"EntryPoint","urlTemplate":"https:\/\/www.naturparkmagazin.de\/stechlin\/?s={search_term_string}"},"query-input":"required name=search_term_string"}],"inLanguage":"de"},{"@type":"Person","@id":"https:\/\/www.naturparkmagazin.de\/stechlin\/#\/schema\/person\/3f0d93203df21c806dd63c76d9bb28bc","name":"marioschrumpf","url":"https:\/\/www.naturparkmagazin.de\/stechlin\/author\/marioschrumpf\/"}]}},"_links":{"self":[{"href":"https:\/\/www.naturparkmagazin.de\/stechlin\/wp-json\/wp\/v2\/posts\/2941"}],"collection":[{"href":"https:\/\/www.naturparkmagazin.de\/stechlin\/wp-json\/wp\/v2\/posts"}],"about":[{"href":"https:\/\/www.naturparkmagazin.de\/stechlin\/wp-json\/wp\/v2\/types\/post"}],"author":[{"embeddable":true,"href":"https:\/\/www.naturparkmagazin.de\/stechlin\/wp-json\/wp\/v2\/users\/39"}],"replies":[{"embeddable":true,"href":"https:\/\/www.naturparkmagazin.de\/stechlin\/wp-json\/wp\/v2\/comments?post=2941"}],"version-history":[{"count":10,"href":"https:\/\/www.naturparkmagazin.de\/stechlin\/wp-json\/wp\/v2\/posts\/2941\/revisions"}],"predecessor-version":[{"id":16613,"href":"https:\/\/www.naturparkmagazin.de\/stechlin\/wp-json\/wp\/v2\/posts\/2941\/revisions\/16613"}],"wp:featuredmedia":[{"embeddable":true,"href":"https:\/\/www.naturparkmagazin.de\/stechlin\/wp-json\/wp\/v2\/media\/2944"}],"wp:attachment":[{"href":"https:\/\/www.naturparkmagazin.de\/stechlin\/wp-json\/wp\/v2\/media?parent=2941"}],"wp:term":[{"taxonomy":"category","embeddable":true,"href":"https:\/\/www.naturparkmagazin.de\/stechlin\/wp-json\/wp\/v2\/categories?post=2941"},{"taxonomy":"post_tag","embeddable":true,"href":"https:\/\/www.naturparkmagazin.de\/stechlin\/wp-json\/wp\/v2\/tags?post=2941"}],"curies":[{"name":"wp","href":"https:\/\/api.w.org\/{rel}","templated":true}]}}