{"id":2987,"date":"2015-11-18T07:56:55","date_gmt":"2015-11-18T06:56:55","guid":{"rendered":"http:\/\/www.naturparkmagazin.de\/stechlin\/?p=2987"},"modified":"2015-11-20T10:26:05","modified_gmt":"2015-11-20T09:26:05","slug":"internationale-doktoranten-auf-fachexkursion-im-naturschutzgebiet-stechlin","status":"publish","type":"post","link":"https:\/\/www.naturparkmagazin.de\/stechlin\/internationale-doktoranten-auf-fachexkursion-im-naturschutzgebiet-stechlin\/","title":{"rendered":"Internationale Doktoranten auf Fachexkursion im Naturschutzgebiet Stechlin"},"content":{"rendered":"<div id=\"attachment_2989\" style=\"width: 310px\" class=\"wp-caption alignleft\"><a href=\"https:\/\/www.naturparkmagazin.de\/stechlin\/wp-content\/uploads\/sites\/38\/k-IGB_klein-4.jpg\"><img aria-describedby=\"caption-attachment-2989\" decoding=\"async\" loading=\"lazy\" class=\"size-thumbnail wp-image-2989\" src=\"https:\/\/www.naturparkmagazin.de\/stechlin\/wp-content\/uploads\/sites\/38\/k-IGB_klein-4-300x200.jpg\" alt=\"Gruppenfoto am Roofensee\" width=\"300\" height=\"200\" srcset=\"https:\/\/www.naturparkmagazin.de\/stechlin\/wp-content\/uploads\/sites\/38\/k-IGB_klein-4-300x200.jpg 300w, https:\/\/www.naturparkmagazin.de\/stechlin\/wp-content\/uploads\/sites\/38\/k-IGB_klein-4-620x413.jpg 620w, https:\/\/www.naturparkmagazin.de\/stechlin\/wp-content\/uploads\/sites\/38\/k-IGB_klein-4-940x627.jpg 940w, https:\/\/www.naturparkmagazin.de\/stechlin\/wp-content\/uploads\/sites\/38\/k-IGB_klein-4-670x447.jpg 670w, https:\/\/www.naturparkmagazin.de\/stechlin\/wp-content\/uploads\/sites\/38\/k-IGB_klein-4-200x133.jpg 200w, https:\/\/www.naturparkmagazin.de\/stechlin\/wp-content\/uploads\/sites\/38\/k-IGB_klein-4.jpg 960w\" sizes=\"(max-width: 300px) 100vw, 300px\" \/><\/a><p id=\"caption-attachment-2989\" class=\"wp-caption-text\">Gruppenfoto am Roofensee<\/p><\/div>\n<p>&nbsp;<\/p>\n<p>&nbsp;<\/p>\n<p>&nbsp;<\/p>\n<p>&nbsp;<\/p>\n<p>&nbsp;<\/p>\n<p>&nbsp;<\/p>\n<p>&nbsp;<\/p>\n<p>&nbsp;<\/p>\n<p>&nbsp;<\/p>\n<p>Mehr als 30 internationale Doktoranten, u.a. aus Italien, Frankreich und Gro\u00dfbritanien waren am 5. November 2015 zu Gast im Naturpark.<\/p>\n<p>Die jungen Wissenschaftler sind Teilnehmer des Erasmus Mundus Joint Doetorate Programm SMART (Saina for MAnagement of Rivers and their Tidal system). Im Zuge der allj\u00e4hrlichen &#8222;Induktion Week&#8220; waren sie zu Gast beim Institut f\u00fcr Gew\u00e4sser\u00f6kologie und Binnenfischerei (IGB) in Berlin. Die Fachexkursion ist Teil der im letzten Jahr im Zuge einer Kooperationsvereinbarung zwischen IGB und Naturpark verabredeten Zusammenarbeit. Die Exkursion rund um den Roofensee im Naturschutzgebiet Stechlin wurde von Michael Zauft gef\u00fchrt. Er ist Projektleiter des EU-Life-Projektes Feuchtw\u00e4lder beim NaturSchutzFonds Brandenburg. Im Rahmen des EU-Life-Projektes werden konkrete Ma\u00dfnahmen zur Wiederherstellung eines guten Erhaltungszustandes gesch\u00fctzter Arten und Lebensr\u00e4umen im Stechlinseegebiet, am Rheinsberger Rhin und in der Ruppiner Schweiz umgesetzt, die im Rahmen der NATURA 2000-Managementplanung vorgeschlagen wurden.<\/p>\n<div id=\"attachment_2990\" style=\"width: 310px\" class=\"wp-caption alignleft\"><a href=\"https:\/\/www.naturparkmagazin.de\/stechlin\/wp-content\/uploads\/sites\/38\/k-IGB_klein-2.jpg\"><img aria-describedby=\"caption-attachment-2990\" decoding=\"async\" loading=\"lazy\" class=\"wp-image-2990 size-thumbnail\" src=\"https:\/\/www.naturparkmagazin.de\/stechlin\/wp-content\/uploads\/sites\/38\/k-IGB_klein-2-300x200.jpg\" alt=\"Auf herbstlichem Uferweg am Roofensee\" width=\"300\" height=\"200\" srcset=\"https:\/\/www.naturparkmagazin.de\/stechlin\/wp-content\/uploads\/sites\/38\/k-IGB_klein-2-300x200.jpg 300w, https:\/\/www.naturparkmagazin.de\/stechlin\/wp-content\/uploads\/sites\/38\/k-IGB_klein-2-620x413.jpg 620w, https:\/\/www.naturparkmagazin.de\/stechlin\/wp-content\/uploads\/sites\/38\/k-IGB_klein-2-940x627.jpg 940w, https:\/\/www.naturparkmagazin.de\/stechlin\/wp-content\/uploads\/sites\/38\/k-IGB_klein-2-670x447.jpg 670w, https:\/\/www.naturparkmagazin.de\/stechlin\/wp-content\/uploads\/sites\/38\/k-IGB_klein-2-200x133.jpg 200w, https:\/\/www.naturparkmagazin.de\/stechlin\/wp-content\/uploads\/sites\/38\/k-IGB_klein-2.jpg 960w\" sizes=\"(max-width: 300px) 100vw, 300px\" \/><\/a><p id=\"caption-attachment-2990\" class=\"wp-caption-text\">Auf herbstlichem Uferweg am Roofensee<\/p><\/div>\n","protected":false},"excerpt":{"rendered":"<p>Mehr als 30 internationale Doktoranten, u.a. aus Italien, Frankreich und Gro\u00dfbritanien waren am 5. November 2015 zu Gast im Naturpark.<\/p>\n","protected":false},"author":39,"featured_media":2988,"comment_status":"open","ping_status":"open","sticky":false,"template":"","format":"standard","meta":[],"categories":[7],"tags":[],"yoast_head":"<!-- This site is optimized with the Yoast SEO plugin v19.10 - https:\/\/yoast.com\/wordpress\/plugins\/seo\/ -->\n<title>Internationale Doktoranten auf Fachexkursion im Naturschutzgebiet Stechlin - Naturpark Stechlin-Ruppiner Land<\/title>\n<meta name=\"robots\" content=\"index, follow, max-snippet:-1, max-image-preview:large, max-video-preview:-1\" \/>\n<link rel=\"canonical\" href=\"https:\/\/www.naturparkmagazin.de\/stechlin\/internationale-doktoranten-auf-fachexkursion-im-naturschutzgebiet-stechlin\/\" \/>\n<meta property=\"og:locale\" content=\"de_DE\" \/>\n<meta property=\"og:type\" content=\"article\" \/>\n<meta property=\"og:title\" content=\"Internationale Doktoranten auf Fachexkursion im Naturschutzgebiet Stechlin - Naturpark Stechlin-Ruppiner Land\" \/>\n<meta property=\"og:description\" content=\"Mehr als 30 internationale Doktoranten, u.a. aus Italien, Frankreich und Gro\u00dfbritanien waren am 5. November 2015 zu Gast im Naturpark.\" \/>\n<meta property=\"og:url\" content=\"https:\/\/www.naturparkmagazin.de\/stechlin\/internationale-doktoranten-auf-fachexkursion-im-naturschutzgebiet-stechlin\/\" \/>\n<meta property=\"og:site_name\" content=\"Naturpark Stechlin-Ruppiner Land\" \/>\n<meta property=\"article:published_time\" content=\"2015-11-18T06:56:55+00:00\" \/>\n<meta property=\"article:modified_time\" content=\"2015-11-20T09:26:05+00:00\" \/>\n<meta property=\"og:image\" content=\"https:\/\/www.naturparkmagazin.de\/stechlin\/wp-content\/uploads\/sites\/38\/k-IGB_klein-1.jpg\" \/>\n\t<meta property=\"og:image:width\" content=\"960\" \/>\n\t<meta property=\"og:image:height\" content=\"640\" \/>\n\t<meta property=\"og:image:type\" content=\"image\/jpeg\" \/>\n<meta name=\"author\" content=\"marioschrumpf\" \/>\n<meta name=\"twitter:label1\" content=\"Verfasst von\" \/>\n\t<meta name=\"twitter:data1\" content=\"marioschrumpf\" \/>\n\t<meta name=\"twitter:label2\" content=\"Gesch\u00e4tzte Lesezeit\" \/>\n\t<meta name=\"twitter:data2\" content=\"1\u00a0Minute\" \/>\n<script type=\"application\/ld+json\" class=\"yoast-schema-graph\">{\"@context\":\"https:\/\/schema.org\",\"@graph\":[{\"@type\":\"WebPage\",\"@id\":\"https:\/\/www.naturparkmagazin.de\/stechlin\/internationale-doktoranten-auf-fachexkursion-im-naturschutzgebiet-stechlin\/\",\"url\":\"https:\/\/www.naturparkmagazin.de\/stechlin\/internationale-doktoranten-auf-fachexkursion-im-naturschutzgebiet-stechlin\/\",\"name\":\"Internationale Doktoranten auf Fachexkursion im Naturschutzgebiet Stechlin - Naturpark Stechlin-Ruppiner Land\",\"isPartOf\":{\"@id\":\"https:\/\/www.naturparkmagazin.de\/stechlin\/#website\"},\"datePublished\":\"2015-11-18T06:56:55+00:00\",\"dateModified\":\"2015-11-20T09:26:05+00:00\",\"author\":{\"@id\":\"https:\/\/www.naturparkmagazin.de\/stechlin\/#\/schema\/person\/3f0d93203df21c806dd63c76d9bb28bc\"},\"breadcrumb\":{\"@id\":\"https:\/\/www.naturparkmagazin.de\/stechlin\/internationale-doktoranten-auf-fachexkursion-im-naturschutzgebiet-stechlin\/#breadcrumb\"},\"inLanguage\":\"de\",\"potentialAction\":[{\"@type\":\"ReadAction\",\"target\":[\"https:\/\/www.naturparkmagazin.de\/stechlin\/internationale-doktoranten-auf-fachexkursion-im-naturschutzgebiet-stechlin\/\"]}]},{\"@type\":\"BreadcrumbList\",\"@id\":\"https:\/\/www.naturparkmagazin.de\/stechlin\/internationale-doktoranten-auf-fachexkursion-im-naturschutzgebiet-stechlin\/#breadcrumb\",\"itemListElement\":[{\"@type\":\"ListItem\",\"position\":1,\"name\":\"Home\",\"item\":\"https:\/\/www.naturparkmagazin.de\/stechlin\/\"},{\"@type\":\"ListItem\",\"position\":2,\"name\":\"Internationale Doktoranten auf Fachexkursion im Naturschutzgebiet Stechlin\"}]},{\"@type\":\"WebSite\",\"@id\":\"https:\/\/www.naturparkmagazin.de\/stechlin\/#website\",\"url\":\"https:\/\/www.naturparkmagazin.de\/stechlin\/\",\"name\":\"Naturpark Stechlin-Ruppiner Land\",\"description\":\"\",\"potentialAction\":[{\"@type\":\"SearchAction\",\"target\":{\"@type\":\"EntryPoint\",\"urlTemplate\":\"https:\/\/www.naturparkmagazin.de\/stechlin\/?s={search_term_string}\"},\"query-input\":\"required name=search_term_string\"}],\"inLanguage\":\"de\"},{\"@type\":\"Person\",\"@id\":\"https:\/\/www.naturparkmagazin.de\/stechlin\/#\/schema\/person\/3f0d93203df21c806dd63c76d9bb28bc\",\"name\":\"marioschrumpf\",\"url\":\"https:\/\/www.naturparkmagazin.de\/stechlin\/author\/marioschrumpf\/\"}]}<\/script>\n<!-- \/ Yoast SEO plugin. -->","yoast_head_json":{"title":"Internationale Doktoranten auf Fachexkursion im Naturschutzgebiet Stechlin - Naturpark Stechlin-Ruppiner Land","robots":{"index":"index","follow":"follow","max-snippet":"max-snippet:-1","max-image-preview":"max-image-preview:large","max-video-preview":"max-video-preview:-1"},"canonical":"https:\/\/www.naturparkmagazin.de\/stechlin\/internationale-doktoranten-auf-fachexkursion-im-naturschutzgebiet-stechlin\/","og_locale":"de_DE","og_type":"article","og_title":"Internationale Doktoranten auf Fachexkursion im Naturschutzgebiet Stechlin - Naturpark Stechlin-Ruppiner Land","og_description":"Mehr als 30 internationale Doktoranten, u.a. aus Italien, Frankreich und Gro\u00dfbritanien waren am 5. November 2015 zu Gast im Naturpark.","og_url":"https:\/\/www.naturparkmagazin.de\/stechlin\/internationale-doktoranten-auf-fachexkursion-im-naturschutzgebiet-stechlin\/","og_site_name":"Naturpark Stechlin-Ruppiner Land","article_published_time":"2015-11-18T06:56:55+00:00","article_modified_time":"2015-11-20T09:26:05+00:00","og_image":[{"width":960,"height":640,"url":"https:\/\/www.naturparkmagazin.de\/stechlin\/wp-content\/uploads\/sites\/38\/k-IGB_klein-1.jpg","type":"image\/jpeg"}],"author":"marioschrumpf","twitter_misc":{"Verfasst von":"marioschrumpf","Gesch\u00e4tzte Lesezeit":"1\u00a0Minute"},"schema":{"@context":"https:\/\/schema.org","@graph":[{"@type":"WebPage","@id":"https:\/\/www.naturparkmagazin.de\/stechlin\/internationale-doktoranten-auf-fachexkursion-im-naturschutzgebiet-stechlin\/","url":"https:\/\/www.naturparkmagazin.de\/stechlin\/internationale-doktoranten-auf-fachexkursion-im-naturschutzgebiet-stechlin\/","name":"Internationale Doktoranten auf Fachexkursion im Naturschutzgebiet Stechlin - Naturpark Stechlin-Ruppiner Land","isPartOf":{"@id":"https:\/\/www.naturparkmagazin.de\/stechlin\/#website"},"datePublished":"2015-11-18T06:56:55+00:00","dateModified":"2015-11-20T09:26:05+00:00","author":{"@id":"https:\/\/www.naturparkmagazin.de\/stechlin\/#\/schema\/person\/3f0d93203df21c806dd63c76d9bb28bc"},"breadcrumb":{"@id":"https:\/\/www.naturparkmagazin.de\/stechlin\/internationale-doktoranten-auf-fachexkursion-im-naturschutzgebiet-stechlin\/#breadcrumb"},"inLanguage":"de","potentialAction":[{"@type":"ReadAction","target":["https:\/\/www.naturparkmagazin.de\/stechlin\/internationale-doktoranten-auf-fachexkursion-im-naturschutzgebiet-stechlin\/"]}]},{"@type":"BreadcrumbList","@id":"https:\/\/www.naturparkmagazin.de\/stechlin\/internationale-doktoranten-auf-fachexkursion-im-naturschutzgebiet-stechlin\/#breadcrumb","itemListElement":[{"@type":"ListItem","position":1,"name":"Home","item":"https:\/\/www.naturparkmagazin.de\/stechlin\/"},{"@type":"ListItem","position":2,"name":"Internationale Doktoranten auf Fachexkursion im Naturschutzgebiet Stechlin"}]},{"@type":"WebSite","@id":"https:\/\/www.naturparkmagazin.de\/stechlin\/#website","url":"https:\/\/www.naturparkmagazin.de\/stechlin\/","name":"Naturpark Stechlin-Ruppiner Land","description":"","potentialAction":[{"@type":"SearchAction","target":{"@type":"EntryPoint","urlTemplate":"https:\/\/www.naturparkmagazin.de\/stechlin\/?s={search_term_string}"},"query-input":"required name=search_term_string"}],"inLanguage":"de"},{"@type":"Person","@id":"https:\/\/www.naturparkmagazin.de\/stechlin\/#\/schema\/person\/3f0d93203df21c806dd63c76d9bb28bc","name":"marioschrumpf","url":"https:\/\/www.naturparkmagazin.de\/stechlin\/author\/marioschrumpf\/"}]}},"_links":{"self":[{"href":"https:\/\/www.naturparkmagazin.de\/stechlin\/wp-json\/wp\/v2\/posts\/2987"}],"collection":[{"href":"https:\/\/www.naturparkmagazin.de\/stechlin\/wp-json\/wp\/v2\/posts"}],"about":[{"href":"https:\/\/www.naturparkmagazin.de\/stechlin\/wp-json\/wp\/v2\/types\/post"}],"author":[{"embeddable":true,"href":"https:\/\/www.naturparkmagazin.de\/stechlin\/wp-json\/wp\/v2\/users\/39"}],"replies":[{"embeddable":true,"href":"https:\/\/www.naturparkmagazin.de\/stechlin\/wp-json\/wp\/v2\/comments?post=2987"}],"version-history":[{"count":3,"href":"https:\/\/www.naturparkmagazin.de\/stechlin\/wp-json\/wp\/v2\/posts\/2987\/revisions"}],"predecessor-version":[{"id":3030,"href":"https:\/\/www.naturparkmagazin.de\/stechlin\/wp-json\/wp\/v2\/posts\/2987\/revisions\/3030"}],"wp:featuredmedia":[{"embeddable":true,"href":"https:\/\/www.naturparkmagazin.de\/stechlin\/wp-json\/wp\/v2\/media\/2988"}],"wp:attachment":[{"href":"https:\/\/www.naturparkmagazin.de\/stechlin\/wp-json\/wp\/v2\/media?parent=2987"}],"wp:term":[{"taxonomy":"category","embeddable":true,"href":"https:\/\/www.naturparkmagazin.de\/stechlin\/wp-json\/wp\/v2\/categories?post=2987"},{"taxonomy":"post_tag","embeddable":true,"href":"https:\/\/www.naturparkmagazin.de\/stechlin\/wp-json\/wp\/v2\/tags?post=2987"}],"curies":[{"name":"wp","href":"https:\/\/api.w.org\/{rel}","templated":true}]}}