{"id":2992,"date":"2015-11-18T08:23:42","date_gmt":"2015-11-18T07:23:42","guid":{"rendered":"http:\/\/www.naturparkmagazin.de\/stechlin\/?p=2992"},"modified":"2015-11-20T12:51:36","modified_gmt":"2015-11-20T11:51:36","slug":"zum-jahreswechsel-ins-naturparkhaus-stechlin-stechlin","status":"publish","type":"post","link":"https:\/\/www.naturparkmagazin.de\/stechlin\/zum-jahreswechsel-ins-naturparkhaus-stechlin-stechlin\/","title":{"rendered":"Zum Jahreswechsel ins NaturParkHaus Stechlin nach Menz"},"content":{"rendered":"<div id=\"attachment_2993\" style=\"width: 310px\" class=\"wp-caption alignleft\"><a href=\"https:\/\/www.naturparkmagazin.de\/stechlin\/wp-content\/uploads\/sites\/38\/DSCF0018.jpg\"><img aria-describedby=\"caption-attachment-2993\" decoding=\"async\" loading=\"lazy\" class=\"size-thumbnail wp-image-2993\" src=\"https:\/\/www.naturparkmagazin.de\/stechlin\/wp-content\/uploads\/sites\/38\/DSCF0018-300x225.jpg\" alt=\"NaturParkHaus im Winter\" width=\"300\" height=\"225\" srcset=\"https:\/\/www.naturparkmagazin.de\/stechlin\/wp-content\/uploads\/sites\/38\/DSCF0018-300x225.jpg 300w, https:\/\/www.naturparkmagazin.de\/stechlin\/wp-content\/uploads\/sites\/38\/DSCF0018-620x465.jpg 620w, https:\/\/www.naturparkmagazin.de\/stechlin\/wp-content\/uploads\/sites\/38\/DSCF0018-940x705.jpg 940w, https:\/\/www.naturparkmagazin.de\/stechlin\/wp-content\/uploads\/sites\/38\/DSCF0018-580x435.jpg 580w, https:\/\/www.naturparkmagazin.de\/stechlin\/wp-content\/uploads\/sites\/38\/DSCF0018-420x315.jpg 420w, https:\/\/www.naturparkmagazin.de\/stechlin\/wp-content\/uploads\/sites\/38\/DSCF0018-180x135.jpg 180w, https:\/\/www.naturparkmagazin.de\/stechlin\/wp-content\/uploads\/sites\/38\/DSCF0018-95x71.jpg 95w, https:\/\/www.naturparkmagazin.de\/stechlin\/wp-content\/uploads\/sites\/38\/DSCF0018-670x503.jpg 670w, https:\/\/www.naturparkmagazin.de\/stechlin\/wp-content\/uploads\/sites\/38\/DSCF0018-200x150.jpg 200w, https:\/\/www.naturparkmagazin.de\/stechlin\/wp-content\/uploads\/sites\/38\/DSCF0018.jpg 2048w\" sizes=\"(max-width: 300px) 100vw, 300px\" \/><\/a><p id=\"caption-attachment-2993\" class=\"wp-caption-text\">NaturParkHaus in Schnee geh\u00fcllt.<\/p><\/div>\n<p>&nbsp;<\/p>\n<p>&nbsp;<\/p>\n<p>&nbsp;<\/p>\n<p>&nbsp;<\/p>\n<p>&nbsp;<\/p>\n<p>&nbsp;<\/p>\n<p>&nbsp;<\/p>\n<p>&nbsp;<\/p>\n<p>&nbsp;<\/p>\n<p>&nbsp;<\/p>\n<p>Wenn der Bratapfelduft durch die R\u00e4ume unseres Besucherzentrums zieht, ist ein Besuch im winterlichen NaturParkHaus besonders sch\u00f6n.<\/p>\n<p>Und wer nach den &#8222;<em>fetten Tagen<\/em>&#8220; der weihnachtlichen V\u00f6llerei etwas f\u00fcr K\u00f6rper und Seele tun will, dem sei eine Wanderung um den Roofensee empfohlen. Egal ob 1,5 km um den Wallberg, 6 km auf dem Wald- und Wassererlebnispfad oder 12 km &#8222;<em>von Moor zu M<\/em>oor&#8220;, dass NaturParkHaus Stechlin in Menz ist idealer Ausgangspunkt f\u00fcr Wanderungen ganz in Familie.<\/p>\n<p>Unser <strong>Besucherzentrum<\/strong> hat im Dezember vom <strong>1.-22.12. und 26.-30.12. jeweils von 10-16 Uhr<\/strong> f\u00fcr Sie <strong>ge\u00f6ffnet<\/strong>. <strong>Vom 23.-25.12. und vom 31.12.-1.1.<\/strong> bleibt das Haus <strong>geschlossen<\/strong>. Ab 2.1. sind wir wieder t\u00e4glich von 10-16 Uhr f\u00fcr sie da.<\/p>\n<p>Das <strong>Glasmacherhaus<\/strong> in Neuglobsow \u00f6ffnet am <strong>5.\/6.12.; 12.\/13.12.; 19.\/20.12. sowie am 26.\/27.12.\u00a0 jeweils von 10-16 Uhr<\/strong>. Unter der Woche bleibt das Haus geschlossen. \u00a0Danach beginnt im Glasmacherhaus die Winterpause.<\/p>\n","protected":false},"excerpt":{"rendered":"<p>Wenn der Bratapfelduft durch die R\u00e4ume unseres Besucherzentrums zieht, ist ein Besuch im winterlichen NaturParkHaus Stechlin in Menz besonders sch\u00f6n.<\/p>\n","protected":false},"author":39,"featured_media":2993,"comment_status":"open","ping_status":"open","sticky":false,"template":"","format":"standard","meta":[],"categories":[11],"tags":[],"yoast_head":"<!-- This site is optimized with the Yoast SEO plugin v19.10 - https:\/\/yoast.com\/wordpress\/plugins\/seo\/ -->\n<title>Zum Jahreswechsel ins NaturParkHaus Stechlin nach Menz - Naturpark Stechlin-Ruppiner Land<\/title>\n<meta name=\"robots\" content=\"index, follow, max-snippet:-1, max-image-preview:large, max-video-preview:-1\" \/>\n<link rel=\"canonical\" href=\"https:\/\/www.naturparkmagazin.de\/stechlin\/zum-jahreswechsel-ins-naturparkhaus-stechlin-stechlin\/\" \/>\n<meta property=\"og:locale\" content=\"de_DE\" \/>\n<meta property=\"og:type\" content=\"article\" \/>\n<meta property=\"og:title\" content=\"Zum Jahreswechsel ins NaturParkHaus Stechlin nach Menz - Naturpark Stechlin-Ruppiner Land\" \/>\n<meta property=\"og:description\" content=\"Wenn der Bratapfelduft durch die R\u00e4ume unseres Besucherzentrums zieht, ist ein Besuch im winterlichen NaturParkHaus Stechlin in Menz besonders sch\u00f6n.\" \/>\n<meta property=\"og:url\" content=\"https:\/\/www.naturparkmagazin.de\/stechlin\/zum-jahreswechsel-ins-naturparkhaus-stechlin-stechlin\/\" \/>\n<meta property=\"og:site_name\" content=\"Naturpark Stechlin-Ruppiner Land\" \/>\n<meta property=\"article:published_time\" content=\"2015-11-18T07:23:42+00:00\" \/>\n<meta property=\"article:modified_time\" content=\"2015-11-20T11:51:36+00:00\" \/>\n<meta property=\"og:image\" content=\"https:\/\/www.naturparkmagazin.de\/stechlin\/wp-content\/uploads\/sites\/38\/DSCF0018.jpg\" \/>\n\t<meta property=\"og:image:width\" content=\"2048\" \/>\n\t<meta property=\"og:image:height\" content=\"1536\" \/>\n\t<meta property=\"og:image:type\" content=\"image\/jpeg\" \/>\n<meta name=\"author\" content=\"marioschrumpf\" \/>\n<meta name=\"twitter:label1\" content=\"Verfasst von\" \/>\n\t<meta name=\"twitter:data1\" content=\"marioschrumpf\" \/>\n\t<meta name=\"twitter:label2\" content=\"Gesch\u00e4tzte Lesezeit\" \/>\n\t<meta name=\"twitter:data2\" content=\"1\u00a0Minute\" \/>\n<script type=\"application\/ld+json\" class=\"yoast-schema-graph\">{\"@context\":\"https:\/\/schema.org\",\"@graph\":[{\"@type\":\"WebPage\",\"@id\":\"https:\/\/www.naturparkmagazin.de\/stechlin\/zum-jahreswechsel-ins-naturparkhaus-stechlin-stechlin\/\",\"url\":\"https:\/\/www.naturparkmagazin.de\/stechlin\/zum-jahreswechsel-ins-naturparkhaus-stechlin-stechlin\/\",\"name\":\"Zum Jahreswechsel ins NaturParkHaus Stechlin nach Menz - Naturpark Stechlin-Ruppiner Land\",\"isPartOf\":{\"@id\":\"https:\/\/www.naturparkmagazin.de\/stechlin\/#website\"},\"datePublished\":\"2015-11-18T07:23:42+00:00\",\"dateModified\":\"2015-11-20T11:51:36+00:00\",\"author\":{\"@id\":\"https:\/\/www.naturparkmagazin.de\/stechlin\/#\/schema\/person\/3f0d93203df21c806dd63c76d9bb28bc\"},\"breadcrumb\":{\"@id\":\"https:\/\/www.naturparkmagazin.de\/stechlin\/zum-jahreswechsel-ins-naturparkhaus-stechlin-stechlin\/#breadcrumb\"},\"inLanguage\":\"de\",\"potentialAction\":[{\"@type\":\"ReadAction\",\"target\":[\"https:\/\/www.naturparkmagazin.de\/stechlin\/zum-jahreswechsel-ins-naturparkhaus-stechlin-stechlin\/\"]}]},{\"@type\":\"BreadcrumbList\",\"@id\":\"https:\/\/www.naturparkmagazin.de\/stechlin\/zum-jahreswechsel-ins-naturparkhaus-stechlin-stechlin\/#breadcrumb\",\"itemListElement\":[{\"@type\":\"ListItem\",\"position\":1,\"name\":\"Home\",\"item\":\"https:\/\/www.naturparkmagazin.de\/stechlin\/\"},{\"@type\":\"ListItem\",\"position\":2,\"name\":\"Zum Jahreswechsel ins NaturParkHaus Stechlin nach Menz\"}]},{\"@type\":\"WebSite\",\"@id\":\"https:\/\/www.naturparkmagazin.de\/stechlin\/#website\",\"url\":\"https:\/\/www.naturparkmagazin.de\/stechlin\/\",\"name\":\"Naturpark Stechlin-Ruppiner Land\",\"description\":\"\",\"potentialAction\":[{\"@type\":\"SearchAction\",\"target\":{\"@type\":\"EntryPoint\",\"urlTemplate\":\"https:\/\/www.naturparkmagazin.de\/stechlin\/?s={search_term_string}\"},\"query-input\":\"required name=search_term_string\"}],\"inLanguage\":\"de\"},{\"@type\":\"Person\",\"@id\":\"https:\/\/www.naturparkmagazin.de\/stechlin\/#\/schema\/person\/3f0d93203df21c806dd63c76d9bb28bc\",\"name\":\"marioschrumpf\",\"url\":\"https:\/\/www.naturparkmagazin.de\/stechlin\/author\/marioschrumpf\/\"}]}<\/script>\n<!-- \/ Yoast SEO plugin. -->","yoast_head_json":{"title":"Zum Jahreswechsel ins NaturParkHaus Stechlin nach Menz - Naturpark Stechlin-Ruppiner Land","robots":{"index":"index","follow":"follow","max-snippet":"max-snippet:-1","max-image-preview":"max-image-preview:large","max-video-preview":"max-video-preview:-1"},"canonical":"https:\/\/www.naturparkmagazin.de\/stechlin\/zum-jahreswechsel-ins-naturparkhaus-stechlin-stechlin\/","og_locale":"de_DE","og_type":"article","og_title":"Zum Jahreswechsel ins NaturParkHaus Stechlin nach Menz - Naturpark Stechlin-Ruppiner Land","og_description":"Wenn der Bratapfelduft durch die R\u00e4ume unseres Besucherzentrums zieht, ist ein Besuch im winterlichen NaturParkHaus Stechlin in Menz besonders sch\u00f6n.","og_url":"https:\/\/www.naturparkmagazin.de\/stechlin\/zum-jahreswechsel-ins-naturparkhaus-stechlin-stechlin\/","og_site_name":"Naturpark Stechlin-Ruppiner Land","article_published_time":"2015-11-18T07:23:42+00:00","article_modified_time":"2015-11-20T11:51:36+00:00","og_image":[{"width":2048,"height":1536,"url":"https:\/\/www.naturparkmagazin.de\/stechlin\/wp-content\/uploads\/sites\/38\/DSCF0018.jpg","type":"image\/jpeg"}],"author":"marioschrumpf","twitter_misc":{"Verfasst von":"marioschrumpf","Gesch\u00e4tzte Lesezeit":"1\u00a0Minute"},"schema":{"@context":"https:\/\/schema.org","@graph":[{"@type":"WebPage","@id":"https:\/\/www.naturparkmagazin.de\/stechlin\/zum-jahreswechsel-ins-naturparkhaus-stechlin-stechlin\/","url":"https:\/\/www.naturparkmagazin.de\/stechlin\/zum-jahreswechsel-ins-naturparkhaus-stechlin-stechlin\/","name":"Zum Jahreswechsel ins NaturParkHaus Stechlin nach Menz - Naturpark Stechlin-Ruppiner Land","isPartOf":{"@id":"https:\/\/www.naturparkmagazin.de\/stechlin\/#website"},"datePublished":"2015-11-18T07:23:42+00:00","dateModified":"2015-11-20T11:51:36+00:00","author":{"@id":"https:\/\/www.naturparkmagazin.de\/stechlin\/#\/schema\/person\/3f0d93203df21c806dd63c76d9bb28bc"},"breadcrumb":{"@id":"https:\/\/www.naturparkmagazin.de\/stechlin\/zum-jahreswechsel-ins-naturparkhaus-stechlin-stechlin\/#breadcrumb"},"inLanguage":"de","potentialAction":[{"@type":"ReadAction","target":["https:\/\/www.naturparkmagazin.de\/stechlin\/zum-jahreswechsel-ins-naturparkhaus-stechlin-stechlin\/"]}]},{"@type":"BreadcrumbList","@id":"https:\/\/www.naturparkmagazin.de\/stechlin\/zum-jahreswechsel-ins-naturparkhaus-stechlin-stechlin\/#breadcrumb","itemListElement":[{"@type":"ListItem","position":1,"name":"Home","item":"https:\/\/www.naturparkmagazin.de\/stechlin\/"},{"@type":"ListItem","position":2,"name":"Zum Jahreswechsel ins NaturParkHaus Stechlin nach Menz"}]},{"@type":"WebSite","@id":"https:\/\/www.naturparkmagazin.de\/stechlin\/#website","url":"https:\/\/www.naturparkmagazin.de\/stechlin\/","name":"Naturpark Stechlin-Ruppiner Land","description":"","potentialAction":[{"@type":"SearchAction","target":{"@type":"EntryPoint","urlTemplate":"https:\/\/www.naturparkmagazin.de\/stechlin\/?s={search_term_string}"},"query-input":"required name=search_term_string"}],"inLanguage":"de"},{"@type":"Person","@id":"https:\/\/www.naturparkmagazin.de\/stechlin\/#\/schema\/person\/3f0d93203df21c806dd63c76d9bb28bc","name":"marioschrumpf","url":"https:\/\/www.naturparkmagazin.de\/stechlin\/author\/marioschrumpf\/"}]}},"_links":{"self":[{"href":"https:\/\/www.naturparkmagazin.de\/stechlin\/wp-json\/wp\/v2\/posts\/2992"}],"collection":[{"href":"https:\/\/www.naturparkmagazin.de\/stechlin\/wp-json\/wp\/v2\/posts"}],"about":[{"href":"https:\/\/www.naturparkmagazin.de\/stechlin\/wp-json\/wp\/v2\/types\/post"}],"author":[{"embeddable":true,"href":"https:\/\/www.naturparkmagazin.de\/stechlin\/wp-json\/wp\/v2\/users\/39"}],"replies":[{"embeddable":true,"href":"https:\/\/www.naturparkmagazin.de\/stechlin\/wp-json\/wp\/v2\/comments?post=2992"}],"version-history":[{"count":3,"href":"https:\/\/www.naturparkmagazin.de\/stechlin\/wp-json\/wp\/v2\/posts\/2992\/revisions"}],"predecessor-version":[{"id":3052,"href":"https:\/\/www.naturparkmagazin.de\/stechlin\/wp-json\/wp\/v2\/posts\/2992\/revisions\/3052"}],"wp:featuredmedia":[{"embeddable":true,"href":"https:\/\/www.naturparkmagazin.de\/stechlin\/wp-json\/wp\/v2\/media\/2993"}],"wp:attachment":[{"href":"https:\/\/www.naturparkmagazin.de\/stechlin\/wp-json\/wp\/v2\/media?parent=2992"}],"wp:term":[{"taxonomy":"category","embeddable":true,"href":"https:\/\/www.naturparkmagazin.de\/stechlin\/wp-json\/wp\/v2\/categories?post=2992"},{"taxonomy":"post_tag","embeddable":true,"href":"https:\/\/www.naturparkmagazin.de\/stechlin\/wp-json\/wp\/v2\/tags?post=2992"}],"curies":[{"name":"wp","href":"https:\/\/api.w.org\/{rel}","templated":true}]}}