{"id":2999,"date":"2015-11-18T09:30:12","date_gmt":"2015-11-18T08:30:12","guid":{"rendered":"http:\/\/www.naturparkmagazin.de\/stechlin\/?p=2999"},"modified":"2015-11-24T12:56:30","modified_gmt":"2015-11-24T11:56:30","slug":"natur-und-landschaftsfuehrer-zur-weiterbildung-im-museum-neuruppin","status":"publish","type":"post","link":"https:\/\/www.naturparkmagazin.de\/stechlin\/natur-und-landschaftsfuehrer-zur-weiterbildung-im-museum-neuruppin\/","title":{"rendered":"Natur- und Landschaftsf\u00fchrer zur Weiterbildung im Museum Neuruppin"},"content":{"rendered":"<div id=\"attachment_3001\" style=\"width: 310px\" class=\"wp-caption alignleft\"><a href=\"https:\/\/www.naturparkmagazin.de\/stechlin\/wp-content\/uploads\/sites\/38\/k-DSC_00163.jpg\"><img aria-describedby=\"caption-attachment-3001\" decoding=\"async\" loading=\"lazy\" class=\"size-thumbnail wp-image-3001\" src=\"https:\/\/www.naturparkmagazin.de\/stechlin\/wp-content\/uploads\/sites\/38\/k-DSC_00163-300x201.jpg\" alt=\"Am Stadtmodell werden G\u00e4ste anschaulich \u00fcber den historischen Stadtbrand und den Wiederaufbau informiert.\" width=\"300\" height=\"201\" srcset=\"https:\/\/www.naturparkmagazin.de\/stechlin\/wp-content\/uploads\/sites\/38\/k-DSC_00163-300x201.jpg 300w, https:\/\/www.naturparkmagazin.de\/stechlin\/wp-content\/uploads\/sites\/38\/k-DSC_00163-620x415.jpg 620w, https:\/\/www.naturparkmagazin.de\/stechlin\/wp-content\/uploads\/sites\/38\/k-DSC_00163-940x629.jpg 940w, https:\/\/www.naturparkmagazin.de\/stechlin\/wp-content\/uploads\/sites\/38\/k-DSC_00163-670x449.jpg 670w, https:\/\/www.naturparkmagazin.de\/stechlin\/wp-content\/uploads\/sites\/38\/k-DSC_00163-200x134.jpg 200w, https:\/\/www.naturparkmagazin.de\/stechlin\/wp-content\/uploads\/sites\/38\/k-DSC_00163.jpg 1936w\" sizes=\"(max-width: 300px) 100vw, 300px\" \/><\/a><p id=\"caption-attachment-3001\" class=\"wp-caption-text\">Am Stadtmodell werden G\u00e4ste anschaulich \u00fcber den historischen Stadtbrand und den Wiederaufbau Neuruppins\u00a0informiert.<\/p><\/div>\n<p>&nbsp;<\/p>\n<p>&nbsp;<\/p>\n<p>&nbsp;<\/p>\n<p>&nbsp;<\/p>\n<p>&nbsp;<\/p>\n<p>&nbsp;<\/p>\n<p>&nbsp;<\/p>\n<p>&nbsp;<\/p>\n<p>&nbsp;<\/p>\n<p>&nbsp;<\/p>\n<p>Die\u00a0Natur- und Landschaftsf\u00fchrer haben sich am 10. November \u00fcber die neu gestaltete Ausstellung im Museum Neuruppin informiert. Die Stadt Neuruppin hat in den letzten Jahren mehr als 6 Mio \u20ac in die Erweiterung des traditonsreichen Museums in der August-Bebel-Stra\u00dfe investiert. Neben der Renovierung des 1791 erbauten Noeldechen-Hauses wurde die Ausstellung neugestaltet und ein Anbau realisiert. Dort hat eine Ausstellung \u00fcber die ber\u00fchmte Neuruppiner Bilderb\u00f6gen nunmehr auf ausreichender Fl\u00e4che ihren Platz gefunden. Desweiteren wurden neue R\u00e4ume f\u00fcr Wechselausstellungen geschaffen.\u00a0\u00a0Zur Zeit ist\u00a0die Sonderausstellung &#8222;Ferien mit Felix&#8220; \u00fcber das ehemalige Kinderferienlager des Ministeriums f\u00fcr Staatssicherheit Klausheide am M\u00f6llensee zu sehen.<\/p>\n<p>Die Natur- und Landschaftsf\u00fchrer sowie Naturparkleiter Dr. Mario Schrumpf wurden von der wissenschaftlichen Mitarbeiterin Carola Zimmermann aus erster Hand \u00fcber die Neuerungen im Museum informiert. So k\u00f6nnen sie zuk\u00fcnftig G\u00e4sten des Naturparks mit dem n\u00f6tigen Fachwissen Ausk\u00fcnfte \u00fcber die Geschichte Neuruppins und das neugestaltete Museum geben.<\/p>\n<div id=\"attachment_3002\" style=\"width: 310px\" class=\"wp-caption alignleft\"><a href=\"https:\/\/www.naturparkmagazin.de\/stechlin\/wp-content\/uploads\/sites\/38\/k-DSC_00094.jpg\"><img aria-describedby=\"caption-attachment-3002\" decoding=\"async\" loading=\"lazy\" class=\"size-thumbnail wp-image-3002\" src=\"https:\/\/www.naturparkmagazin.de\/stechlin\/wp-content\/uploads\/sites\/38\/k-DSC_00094-300x201.jpg\" alt=\"Karl Friedrich Schinkel - ber\u00fchmter Sohn der Stadt Neuruppin.\" width=\"300\" height=\"201\" srcset=\"https:\/\/www.naturparkmagazin.de\/stechlin\/wp-content\/uploads\/sites\/38\/k-DSC_00094-300x201.jpg 300w, https:\/\/www.naturparkmagazin.de\/stechlin\/wp-content\/uploads\/sites\/38\/k-DSC_00094-620x415.jpg 620w, https:\/\/www.naturparkmagazin.de\/stechlin\/wp-content\/uploads\/sites\/38\/k-DSC_00094-940x629.jpg 940w, https:\/\/www.naturparkmagazin.de\/stechlin\/wp-content\/uploads\/sites\/38\/k-DSC_00094-670x449.jpg 670w, https:\/\/www.naturparkmagazin.de\/stechlin\/wp-content\/uploads\/sites\/38\/k-DSC_00094-200x134.jpg 200w, https:\/\/www.naturparkmagazin.de\/stechlin\/wp-content\/uploads\/sites\/38\/k-DSC_00094.jpg 1936w\" sizes=\"(max-width: 300px) 100vw, 300px\" \/><\/a><p id=\"caption-attachment-3002\" class=\"wp-caption-text\">Karl Friedrich Schinkel &#8211; ber\u00fchmter Sohn der Stadt Neuruppin.<\/p><\/div>\n","protected":false},"excerpt":{"rendered":"<p>Die Natur- und Landschaftsf\u00fchrer haben sich im Rahmen einer Weiterbildungsveranstaltung am 10. November \u00fcber die neu gestaltete Ausstellung im Museum Neuruppin informiert.<\/p>\n","protected":false},"author":39,"featured_media":3073,"comment_status":"open","ping_status":"open","sticky":false,"template":"","format":"standard","meta":[],"categories":[7],"tags":[],"yoast_head":"<!-- This site is optimized with the Yoast SEO plugin v19.10 - https:\/\/yoast.com\/wordpress\/plugins\/seo\/ -->\n<title>Natur- und Landschaftsf\u00fchrer zur Weiterbildung im Museum Neuruppin - Naturpark Stechlin-Ruppiner Land<\/title>\n<meta name=\"robots\" content=\"index, follow, max-snippet:-1, max-image-preview:large, max-video-preview:-1\" \/>\n<link rel=\"canonical\" href=\"https:\/\/www.naturparkmagazin.de\/stechlin\/natur-und-landschaftsfuehrer-zur-weiterbildung-im-museum-neuruppin\/\" \/>\n<meta property=\"og:locale\" content=\"de_DE\" \/>\n<meta property=\"og:type\" content=\"article\" \/>\n<meta property=\"og:title\" content=\"Natur- und Landschaftsf\u00fchrer zur Weiterbildung im Museum Neuruppin - Naturpark Stechlin-Ruppiner Land\" \/>\n<meta property=\"og:description\" content=\"Die Natur- und Landschaftsf\u00fchrer haben sich im Rahmen einer Weiterbildungsveranstaltung am 10. November \u00fcber die neu gestaltete Ausstellung im Museum Neuruppin informiert.\" \/>\n<meta property=\"og:url\" content=\"https:\/\/www.naturparkmagazin.de\/stechlin\/natur-und-landschaftsfuehrer-zur-weiterbildung-im-museum-neuruppin\/\" \/>\n<meta property=\"og:site_name\" content=\"Naturpark Stechlin-Ruppiner Land\" \/>\n<meta property=\"article:published_time\" content=\"2015-11-18T08:30:12+00:00\" \/>\n<meta property=\"article:modified_time\" content=\"2015-11-24T11:56:30+00:00\" \/>\n<meta property=\"og:image\" content=\"https:\/\/www.naturparkmagazin.de\/stechlin\/wp-content\/uploads\/sites\/38\/k-DSC_00024-940x629_beitragsbild.jpg\" \/>\n\t<meta property=\"og:image:width\" content=\"200\" \/>\n\t<meta property=\"og:image:height\" content=\"200\" \/>\n\t<meta property=\"og:image:type\" content=\"image\/jpeg\" \/>\n<meta name=\"author\" content=\"marioschrumpf\" \/>\n<meta name=\"twitter:label1\" content=\"Verfasst von\" \/>\n\t<meta name=\"twitter:data1\" content=\"marioschrumpf\" \/>\n\t<meta name=\"twitter:label2\" content=\"Gesch\u00e4tzte Lesezeit\" \/>\n\t<meta name=\"twitter:data2\" content=\"1\u00a0Minute\" \/>\n<script type=\"application\/ld+json\" class=\"yoast-schema-graph\">{\"@context\":\"https:\/\/schema.org\",\"@graph\":[{\"@type\":\"WebPage\",\"@id\":\"https:\/\/www.naturparkmagazin.de\/stechlin\/natur-und-landschaftsfuehrer-zur-weiterbildung-im-museum-neuruppin\/\",\"url\":\"https:\/\/www.naturparkmagazin.de\/stechlin\/natur-und-landschaftsfuehrer-zur-weiterbildung-im-museum-neuruppin\/\",\"name\":\"Natur- und Landschaftsf\u00fchrer zur Weiterbildung im Museum Neuruppin - Naturpark Stechlin-Ruppiner Land\",\"isPartOf\":{\"@id\":\"https:\/\/www.naturparkmagazin.de\/stechlin\/#website\"},\"datePublished\":\"2015-11-18T08:30:12+00:00\",\"dateModified\":\"2015-11-24T11:56:30+00:00\",\"author\":{\"@id\":\"https:\/\/www.naturparkmagazin.de\/stechlin\/#\/schema\/person\/3f0d93203df21c806dd63c76d9bb28bc\"},\"breadcrumb\":{\"@id\":\"https:\/\/www.naturparkmagazin.de\/stechlin\/natur-und-landschaftsfuehrer-zur-weiterbildung-im-museum-neuruppin\/#breadcrumb\"},\"inLanguage\":\"de\",\"potentialAction\":[{\"@type\":\"ReadAction\",\"target\":[\"https:\/\/www.naturparkmagazin.de\/stechlin\/natur-und-landschaftsfuehrer-zur-weiterbildung-im-museum-neuruppin\/\"]}]},{\"@type\":\"BreadcrumbList\",\"@id\":\"https:\/\/www.naturparkmagazin.de\/stechlin\/natur-und-landschaftsfuehrer-zur-weiterbildung-im-museum-neuruppin\/#breadcrumb\",\"itemListElement\":[{\"@type\":\"ListItem\",\"position\":1,\"name\":\"Home\",\"item\":\"https:\/\/www.naturparkmagazin.de\/stechlin\/\"},{\"@type\":\"ListItem\",\"position\":2,\"name\":\"Natur- und Landschaftsf\u00fchrer zur Weiterbildung im Museum Neuruppin\"}]},{\"@type\":\"WebSite\",\"@id\":\"https:\/\/www.naturparkmagazin.de\/stechlin\/#website\",\"url\":\"https:\/\/www.naturparkmagazin.de\/stechlin\/\",\"name\":\"Naturpark Stechlin-Ruppiner Land\",\"description\":\"\",\"potentialAction\":[{\"@type\":\"SearchAction\",\"target\":{\"@type\":\"EntryPoint\",\"urlTemplate\":\"https:\/\/www.naturparkmagazin.de\/stechlin\/?s={search_term_string}\"},\"query-input\":\"required name=search_term_string\"}],\"inLanguage\":\"de\"},{\"@type\":\"Person\",\"@id\":\"https:\/\/www.naturparkmagazin.de\/stechlin\/#\/schema\/person\/3f0d93203df21c806dd63c76d9bb28bc\",\"name\":\"marioschrumpf\",\"url\":\"https:\/\/www.naturparkmagazin.de\/stechlin\/author\/marioschrumpf\/\"}]}<\/script>\n<!-- \/ Yoast SEO plugin. -->","yoast_head_json":{"title":"Natur- und Landschaftsf\u00fchrer zur Weiterbildung im Museum Neuruppin - Naturpark Stechlin-Ruppiner Land","robots":{"index":"index","follow":"follow","max-snippet":"max-snippet:-1","max-image-preview":"max-image-preview:large","max-video-preview":"max-video-preview:-1"},"canonical":"https:\/\/www.naturparkmagazin.de\/stechlin\/natur-und-landschaftsfuehrer-zur-weiterbildung-im-museum-neuruppin\/","og_locale":"de_DE","og_type":"article","og_title":"Natur- und Landschaftsf\u00fchrer zur Weiterbildung im Museum Neuruppin - Naturpark Stechlin-Ruppiner Land","og_description":"Die Natur- und Landschaftsf\u00fchrer haben sich im Rahmen einer Weiterbildungsveranstaltung am 10. November \u00fcber die neu gestaltete Ausstellung im Museum Neuruppin informiert.","og_url":"https:\/\/www.naturparkmagazin.de\/stechlin\/natur-und-landschaftsfuehrer-zur-weiterbildung-im-museum-neuruppin\/","og_site_name":"Naturpark Stechlin-Ruppiner Land","article_published_time":"2015-11-18T08:30:12+00:00","article_modified_time":"2015-11-24T11:56:30+00:00","og_image":[{"width":200,"height":200,"url":"https:\/\/www.naturparkmagazin.de\/stechlin\/wp-content\/uploads\/sites\/38\/k-DSC_00024-940x629_beitragsbild.jpg","type":"image\/jpeg"}],"author":"marioschrumpf","twitter_misc":{"Verfasst von":"marioschrumpf","Gesch\u00e4tzte Lesezeit":"1\u00a0Minute"},"schema":{"@context":"https:\/\/schema.org","@graph":[{"@type":"WebPage","@id":"https:\/\/www.naturparkmagazin.de\/stechlin\/natur-und-landschaftsfuehrer-zur-weiterbildung-im-museum-neuruppin\/","url":"https:\/\/www.naturparkmagazin.de\/stechlin\/natur-und-landschaftsfuehrer-zur-weiterbildung-im-museum-neuruppin\/","name":"Natur- und Landschaftsf\u00fchrer zur Weiterbildung im Museum Neuruppin - Naturpark Stechlin-Ruppiner Land","isPartOf":{"@id":"https:\/\/www.naturparkmagazin.de\/stechlin\/#website"},"datePublished":"2015-11-18T08:30:12+00:00","dateModified":"2015-11-24T11:56:30+00:00","author":{"@id":"https:\/\/www.naturparkmagazin.de\/stechlin\/#\/schema\/person\/3f0d93203df21c806dd63c76d9bb28bc"},"breadcrumb":{"@id":"https:\/\/www.naturparkmagazin.de\/stechlin\/natur-und-landschaftsfuehrer-zur-weiterbildung-im-museum-neuruppin\/#breadcrumb"},"inLanguage":"de","potentialAction":[{"@type":"ReadAction","target":["https:\/\/www.naturparkmagazin.de\/stechlin\/natur-und-landschaftsfuehrer-zur-weiterbildung-im-museum-neuruppin\/"]}]},{"@type":"BreadcrumbList","@id":"https:\/\/www.naturparkmagazin.de\/stechlin\/natur-und-landschaftsfuehrer-zur-weiterbildung-im-museum-neuruppin\/#breadcrumb","itemListElement":[{"@type":"ListItem","position":1,"name":"Home","item":"https:\/\/www.naturparkmagazin.de\/stechlin\/"},{"@type":"ListItem","position":2,"name":"Natur- und Landschaftsf\u00fchrer zur Weiterbildung im Museum Neuruppin"}]},{"@type":"WebSite","@id":"https:\/\/www.naturparkmagazin.de\/stechlin\/#website","url":"https:\/\/www.naturparkmagazin.de\/stechlin\/","name":"Naturpark Stechlin-Ruppiner Land","description":"","potentialAction":[{"@type":"SearchAction","target":{"@type":"EntryPoint","urlTemplate":"https:\/\/www.naturparkmagazin.de\/stechlin\/?s={search_term_string}"},"query-input":"required name=search_term_string"}],"inLanguage":"de"},{"@type":"Person","@id":"https:\/\/www.naturparkmagazin.de\/stechlin\/#\/schema\/person\/3f0d93203df21c806dd63c76d9bb28bc","name":"marioschrumpf","url":"https:\/\/www.naturparkmagazin.de\/stechlin\/author\/marioschrumpf\/"}]}},"_links":{"self":[{"href":"https:\/\/www.naturparkmagazin.de\/stechlin\/wp-json\/wp\/v2\/posts\/2999"}],"collection":[{"href":"https:\/\/www.naturparkmagazin.de\/stechlin\/wp-json\/wp\/v2\/posts"}],"about":[{"href":"https:\/\/www.naturparkmagazin.de\/stechlin\/wp-json\/wp\/v2\/types\/post"}],"author":[{"embeddable":true,"href":"https:\/\/www.naturparkmagazin.de\/stechlin\/wp-json\/wp\/v2\/users\/39"}],"replies":[{"embeddable":true,"href":"https:\/\/www.naturparkmagazin.de\/stechlin\/wp-json\/wp\/v2\/comments?post=2999"}],"version-history":[{"count":4,"href":"https:\/\/www.naturparkmagazin.de\/stechlin\/wp-json\/wp\/v2\/posts\/2999\/revisions"}],"predecessor-version":[{"id":3053,"href":"https:\/\/www.naturparkmagazin.de\/stechlin\/wp-json\/wp\/v2\/posts\/2999\/revisions\/3053"}],"wp:featuredmedia":[{"embeddable":true,"href":"https:\/\/www.naturparkmagazin.de\/stechlin\/wp-json\/wp\/v2\/media\/3073"}],"wp:attachment":[{"href":"https:\/\/www.naturparkmagazin.de\/stechlin\/wp-json\/wp\/v2\/media?parent=2999"}],"wp:term":[{"taxonomy":"category","embeddable":true,"href":"https:\/\/www.naturparkmagazin.de\/stechlin\/wp-json\/wp\/v2\/categories?post=2999"},{"taxonomy":"post_tag","embeddable":true,"href":"https:\/\/www.naturparkmagazin.de\/stechlin\/wp-json\/wp\/v2\/tags?post=2999"}],"curies":[{"name":"wp","href":"https:\/\/api.w.org\/{rel}","templated":true}]}}