{"id":3012,"date":"2015-11-18T08:11:14","date_gmt":"2015-11-18T07:11:14","guid":{"rendered":"http:\/\/www.naturparkmagazin.de\/stechlin\/?p=3012"},"modified":"2015-11-24T12:57:33","modified_gmt":"2015-11-24T11:57:33","slug":"foerderverein-waehlte-neuen-vorstand","status":"publish","type":"post","link":"https:\/\/www.naturparkmagazin.de\/stechlin\/foerderverein-waehlte-neuen-vorstand\/","title":{"rendered":"F\u00f6rderverein w\u00e4hlte neuen Vorstand"},"content":{"rendered":"<div id=\"attachment_3013\" style=\"width: 310px\" class=\"wp-caption alignnone\"><a href=\"https:\/\/www.naturparkmagazin.de\/stechlin\/wp-content\/uploads\/sites\/38\/k-DSC_00164.jpg\"><img aria-describedby=\"caption-attachment-3013\" decoding=\"async\" loading=\"lazy\" class=\"size-thumbnail wp-image-3013\" src=\"https:\/\/www.naturparkmagazin.de\/stechlin\/wp-content\/uploads\/sites\/38\/k-DSC_00164-300x201.jpg\" alt=\"Der neugew\u00e4hlte Vorstand.\" width=\"300\" height=\"201\" srcset=\"https:\/\/www.naturparkmagazin.de\/stechlin\/wp-content\/uploads\/sites\/38\/k-DSC_00164-300x201.jpg 300w, https:\/\/www.naturparkmagazin.de\/stechlin\/wp-content\/uploads\/sites\/38\/k-DSC_00164-620x415.jpg 620w, https:\/\/www.naturparkmagazin.de\/stechlin\/wp-content\/uploads\/sites\/38\/k-DSC_00164-940x629.jpg 940w, https:\/\/www.naturparkmagazin.de\/stechlin\/wp-content\/uploads\/sites\/38\/k-DSC_00164-670x449.jpg 670w, https:\/\/www.naturparkmagazin.de\/stechlin\/wp-content\/uploads\/sites\/38\/k-DSC_00164-200x134.jpg 200w, https:\/\/www.naturparkmagazin.de\/stechlin\/wp-content\/uploads\/sites\/38\/k-DSC_00164.jpg 1936w\" sizes=\"(max-width: 300px) 100vw, 300px\" \/><\/a><p id=\"caption-attachment-3013\" class=\"wp-caption-text\">Der neugew\u00e4hlte Vorstand.<\/p><\/div>\n<p>&nbsp;<\/p>\n<div id=\"attachment_3014\" style=\"width: 310px\" class=\"wp-caption alignleft\"><a href=\"https:\/\/www.naturparkmagazin.de\/stechlin\/wp-content\/uploads\/sites\/38\/k-DSC_0011.jpg\"><img aria-describedby=\"caption-attachment-3014\" decoding=\"async\" loading=\"lazy\" class=\"size-thumbnail wp-image-3014\" src=\"https:\/\/www.naturparkmagazin.de\/stechlin\/wp-content\/uploads\/sites\/38\/k-DSC_0011-300x201.jpg\" alt=\"Das traditionelle Pausenb\u00fcfett.\" width=\"300\" height=\"201\" srcset=\"https:\/\/www.naturparkmagazin.de\/stechlin\/wp-content\/uploads\/sites\/38\/k-DSC_0011-300x201.jpg 300w, https:\/\/www.naturparkmagazin.de\/stechlin\/wp-content\/uploads\/sites\/38\/k-DSC_0011-620x415.jpg 620w, https:\/\/www.naturparkmagazin.de\/stechlin\/wp-content\/uploads\/sites\/38\/k-DSC_0011-940x629.jpg 940w, https:\/\/www.naturparkmagazin.de\/stechlin\/wp-content\/uploads\/sites\/38\/k-DSC_0011-670x449.jpg 670w, https:\/\/www.naturparkmagazin.de\/stechlin\/wp-content\/uploads\/sites\/38\/k-DSC_0011-200x134.jpg 200w, https:\/\/www.naturparkmagazin.de\/stechlin\/wp-content\/uploads\/sites\/38\/k-DSC_0011.jpg 1936w\" sizes=\"(max-width: 300px) 100vw, 300px\" \/><\/a><p id=\"caption-attachment-3014\" class=\"wp-caption-text\">Das mit viel Liebe vorbereitete, traditionelle Pausenb\u00fcfett.<\/p><\/div>\n<p>&nbsp;<\/p>\n<p>&nbsp;<\/p>\n<p>&nbsp;<\/p>\n<p>&nbsp;<\/p>\n<p>&nbsp;<\/p>\n<p>&nbsp;<\/p>\n<p>&nbsp;<\/p>\n<p>&nbsp;<\/p>\n<p>Die Mitglieder des F\u00f6rdervereins &#8222;Naturlandschaft Stechlin und Menzer Heide&#8220; e. V. setzten bei ihrer Vorstandswahl am 13. November auf Kontinuit\u00e4t. Alter und neuer Vorsitzender ist Dr. Wolfgang Henkel. Rainhard Dalchow und J\u00f6rg Spr\u00f6\u00dfig sind seine Stellvertreter. Neben Dr. Peter Casper, der nun seine zweite Legistaturperiode im Vorstand bestreitet, ist Matthias Henkel neu dabei. Er wurde f\u00fcr die auf eigenen Wunsch ausgeschiedene Reta Fl\u00fctsch in den Vorstand gew\u00e4hlt. Naturparkleiter Dr. Mario Schrumpf bedankte sich beim alten Vorstand und bei den beiden Hauptamtlichen im NaturParkHaus Stechlin, Karin Schl\u00f6sser und Susanne Bartel, f\u00fcr die geleistete Arbeit und die vertrauensvolle Zusammenarbeit mit einem Du Mont Naturparkkalender. Nachdem traditionellen Pausenb\u00fcfett referierte Steffen Bohl aus Potsdam in einer Multivisions-Show \u00fcber die russische Halbinsel Kamtschatka. Der Leiter des Naturparks Hoher Fl\u00e4ming bereiste bereits 6 mal die zum Weltnatur- und Weltkulturerbe erkl\u00e4rte Halbinsel im Fernen Osten. Beeindruckende Filmsequenzen, Original-Tonaufnahmen und herausragende\u00a0Fotos begeisterten die Besucher.<\/p>\n<p>&nbsp;<\/p>\n<div id=\"attachment_3015\" style=\"width: 310px\" class=\"wp-caption alignleft\"><a href=\"https:\/\/www.naturparkmagazin.de\/stechlin\/wp-content\/uploads\/sites\/38\/k-DSC_00062.jpg\"><img aria-describedby=\"caption-attachment-3015\" decoding=\"async\" loading=\"lazy\" class=\"size-thumbnail wp-image-3015\" src=\"https:\/\/www.naturparkmagazin.de\/stechlin\/wp-content\/uploads\/sites\/38\/k-DSC_00062-300x201.jpg\" alt=\"Ein herzliches Dankesch\u00f6n an den alten Vorstand und die Hauptamtlichen im NaturParkhaus Stechlin.\" width=\"300\" height=\"201\" srcset=\"https:\/\/www.naturparkmagazin.de\/stechlin\/wp-content\/uploads\/sites\/38\/k-DSC_00062-300x201.jpg 300w, https:\/\/www.naturparkmagazin.de\/stechlin\/wp-content\/uploads\/sites\/38\/k-DSC_00062-620x415.jpg 620w, https:\/\/www.naturparkmagazin.de\/stechlin\/wp-content\/uploads\/sites\/38\/k-DSC_00062-940x629.jpg 940w, https:\/\/www.naturparkmagazin.de\/stechlin\/wp-content\/uploads\/sites\/38\/k-DSC_00062-670x449.jpg 670w, https:\/\/www.naturparkmagazin.de\/stechlin\/wp-content\/uploads\/sites\/38\/k-DSC_00062-200x134.jpg 200w, https:\/\/www.naturparkmagazin.de\/stechlin\/wp-content\/uploads\/sites\/38\/k-DSC_00062.jpg 1936w\" sizes=\"(max-width: 300px) 100vw, 300px\" \/><\/a><p id=\"caption-attachment-3015\" class=\"wp-caption-text\">Ein herzliches Dankesch\u00f6n an den alten Vorstand und die Hauptamtlichen im NaturParkhaus Stechlin.<\/p><\/div>\n<dl id=\"attachment_3013\" class=\"wp-caption alignleft\">\n<dt class=\"wp-caption-dt\"><\/dt>\n<dd class=\"wp-caption-dd\">\u00a0<\/dd>\n<\/dl>\n<p>&nbsp;<\/p>\n<p>&nbsp;<\/p>\n<p>&nbsp;<\/p>\n<p>&nbsp;<\/p>\n<p>&nbsp;<\/p>\n<p>&nbsp;<\/p>\n<div id=\"attachment_3016\" style=\"width: 310px\" class=\"wp-caption alignleft\"><a href=\"https:\/\/www.naturparkmagazin.de\/stechlin\/wp-content\/uploads\/sites\/38\/k-DSC_00232.jpg\"><img aria-describedby=\"caption-attachment-3016\" decoding=\"async\" loading=\"lazy\" class=\"size-thumbnail wp-image-3016\" src=\"https:\/\/www.naturparkmagazin.de\/stechlin\/wp-content\/uploads\/sites\/38\/k-DSC_00232-300x201.jpg\" alt=\"Steffen Bohl mit seiner Multivisionsshow \u00fcber Kamtschatka.\" width=\"300\" height=\"201\" srcset=\"https:\/\/www.naturparkmagazin.de\/stechlin\/wp-content\/uploads\/sites\/38\/k-DSC_00232-300x201.jpg 300w, https:\/\/www.naturparkmagazin.de\/stechlin\/wp-content\/uploads\/sites\/38\/k-DSC_00232-620x415.jpg 620w, https:\/\/www.naturparkmagazin.de\/stechlin\/wp-content\/uploads\/sites\/38\/k-DSC_00232-940x629.jpg 940w, https:\/\/www.naturparkmagazin.de\/stechlin\/wp-content\/uploads\/sites\/38\/k-DSC_00232-670x449.jpg 670w, https:\/\/www.naturparkmagazin.de\/stechlin\/wp-content\/uploads\/sites\/38\/k-DSC_00232-200x134.jpg 200w, https:\/\/www.naturparkmagazin.de\/stechlin\/wp-content\/uploads\/sites\/38\/k-DSC_00232.jpg 1936w\" sizes=\"(max-width: 300px) 100vw, 300px\" \/><\/a><p id=\"caption-attachment-3016\" class=\"wp-caption-text\">Steffen Bohl mit seiner Multivisionsshow \u00fcber Kamtschatka.<\/p><\/div>\n","protected":false},"excerpt":{"rendered":"<p>Die Mitglieder des F\u00f6rdervereins &#8222;Naturlandschaft Stechlin und Menzer Heide&#8220; e. V. setzten bei ihrer Vorstandswahl am 13. November auf Kontinuit\u00e4t.<\/p>\n","protected":false},"author":39,"featured_media":3074,"comment_status":"open","ping_status":"open","sticky":false,"template":"","format":"standard","meta":[],"categories":[7],"tags":[],"yoast_head":"<!-- This site is optimized with the Yoast SEO plugin v19.10 - https:\/\/yoast.com\/wordpress\/plugins\/seo\/ -->\n<title>F\u00f6rderverein w\u00e4hlte neuen Vorstand - Naturpark Stechlin-Ruppiner Land<\/title>\n<meta name=\"robots\" content=\"index, follow, max-snippet:-1, max-image-preview:large, max-video-preview:-1\" \/>\n<link rel=\"canonical\" href=\"https:\/\/www.naturparkmagazin.de\/stechlin\/foerderverein-waehlte-neuen-vorstand\/\" \/>\n<meta property=\"og:locale\" content=\"de_DE\" \/>\n<meta property=\"og:type\" content=\"article\" \/>\n<meta property=\"og:title\" content=\"F\u00f6rderverein w\u00e4hlte neuen Vorstand - Naturpark Stechlin-Ruppiner Land\" \/>\n<meta property=\"og:description\" content=\"Die Mitglieder des F\u00f6rdervereins &quot;Naturlandschaft Stechlin und Menzer Heide&quot; e. V. setzten bei ihrer Vorstandswahl am 13. November auf Kontinuit\u00e4t.\" \/>\n<meta property=\"og:url\" content=\"https:\/\/www.naturparkmagazin.de\/stechlin\/foerderverein-waehlte-neuen-vorstand\/\" \/>\n<meta property=\"og:site_name\" content=\"Naturpark Stechlin-Ruppiner Land\" \/>\n<meta property=\"article:published_time\" content=\"2015-11-18T07:11:14+00:00\" \/>\n<meta property=\"article:modified_time\" content=\"2015-11-24T11:57:33+00:00\" \/>\n<meta property=\"og:image\" content=\"https:\/\/www.naturparkmagazin.de\/stechlin\/wp-content\/uploads\/sites\/38\/k-DSC_00164-940x629_beitragsbild.jpg\" \/>\n\t<meta property=\"og:image:width\" content=\"200\" \/>\n\t<meta property=\"og:image:height\" content=\"200\" \/>\n\t<meta property=\"og:image:type\" content=\"image\/jpeg\" \/>\n<meta name=\"author\" content=\"marioschrumpf\" \/>\n<meta name=\"twitter:label1\" content=\"Verfasst von\" \/>\n\t<meta name=\"twitter:data1\" content=\"marioschrumpf\" \/>\n\t<meta name=\"twitter:label2\" content=\"Gesch\u00e4tzte Lesezeit\" \/>\n\t<meta name=\"twitter:data2\" content=\"1\u00a0Minute\" \/>\n<script type=\"application\/ld+json\" class=\"yoast-schema-graph\">{\"@context\":\"https:\/\/schema.org\",\"@graph\":[{\"@type\":\"WebPage\",\"@id\":\"https:\/\/www.naturparkmagazin.de\/stechlin\/foerderverein-waehlte-neuen-vorstand\/\",\"url\":\"https:\/\/www.naturparkmagazin.de\/stechlin\/foerderverein-waehlte-neuen-vorstand\/\",\"name\":\"F\u00f6rderverein w\u00e4hlte neuen Vorstand - Naturpark Stechlin-Ruppiner Land\",\"isPartOf\":{\"@id\":\"https:\/\/www.naturparkmagazin.de\/stechlin\/#website\"},\"datePublished\":\"2015-11-18T07:11:14+00:00\",\"dateModified\":\"2015-11-24T11:57:33+00:00\",\"author\":{\"@id\":\"https:\/\/www.naturparkmagazin.de\/stechlin\/#\/schema\/person\/3f0d93203df21c806dd63c76d9bb28bc\"},\"breadcrumb\":{\"@id\":\"https:\/\/www.naturparkmagazin.de\/stechlin\/foerderverein-waehlte-neuen-vorstand\/#breadcrumb\"},\"inLanguage\":\"de\",\"potentialAction\":[{\"@type\":\"ReadAction\",\"target\":[\"https:\/\/www.naturparkmagazin.de\/stechlin\/foerderverein-waehlte-neuen-vorstand\/\"]}]},{\"@type\":\"BreadcrumbList\",\"@id\":\"https:\/\/www.naturparkmagazin.de\/stechlin\/foerderverein-waehlte-neuen-vorstand\/#breadcrumb\",\"itemListElement\":[{\"@type\":\"ListItem\",\"position\":1,\"name\":\"Home\",\"item\":\"https:\/\/www.naturparkmagazin.de\/stechlin\/\"},{\"@type\":\"ListItem\",\"position\":2,\"name\":\"F\u00f6rderverein w\u00e4hlte neuen Vorstand\"}]},{\"@type\":\"WebSite\",\"@id\":\"https:\/\/www.naturparkmagazin.de\/stechlin\/#website\",\"url\":\"https:\/\/www.naturparkmagazin.de\/stechlin\/\",\"name\":\"Naturpark Stechlin-Ruppiner Land\",\"description\":\"\",\"potentialAction\":[{\"@type\":\"SearchAction\",\"target\":{\"@type\":\"EntryPoint\",\"urlTemplate\":\"https:\/\/www.naturparkmagazin.de\/stechlin\/?s={search_term_string}\"},\"query-input\":\"required name=search_term_string\"}],\"inLanguage\":\"de\"},{\"@type\":\"Person\",\"@id\":\"https:\/\/www.naturparkmagazin.de\/stechlin\/#\/schema\/person\/3f0d93203df21c806dd63c76d9bb28bc\",\"name\":\"marioschrumpf\",\"url\":\"https:\/\/www.naturparkmagazin.de\/stechlin\/author\/marioschrumpf\/\"}]}<\/script>\n<!-- \/ Yoast SEO plugin. -->","yoast_head_json":{"title":"F\u00f6rderverein w\u00e4hlte neuen Vorstand - Naturpark Stechlin-Ruppiner Land","robots":{"index":"index","follow":"follow","max-snippet":"max-snippet:-1","max-image-preview":"max-image-preview:large","max-video-preview":"max-video-preview:-1"},"canonical":"https:\/\/www.naturparkmagazin.de\/stechlin\/foerderverein-waehlte-neuen-vorstand\/","og_locale":"de_DE","og_type":"article","og_title":"F\u00f6rderverein w\u00e4hlte neuen Vorstand - Naturpark Stechlin-Ruppiner Land","og_description":"Die Mitglieder des F\u00f6rdervereins \"Naturlandschaft Stechlin und Menzer Heide\" e. V. setzten bei ihrer Vorstandswahl am 13. November auf Kontinuit\u00e4t.","og_url":"https:\/\/www.naturparkmagazin.de\/stechlin\/foerderverein-waehlte-neuen-vorstand\/","og_site_name":"Naturpark Stechlin-Ruppiner Land","article_published_time":"2015-11-18T07:11:14+00:00","article_modified_time":"2015-11-24T11:57:33+00:00","og_image":[{"width":200,"height":200,"url":"https:\/\/www.naturparkmagazin.de\/stechlin\/wp-content\/uploads\/sites\/38\/k-DSC_00164-940x629_beitragsbild.jpg","type":"image\/jpeg"}],"author":"marioschrumpf","twitter_misc":{"Verfasst von":"marioschrumpf","Gesch\u00e4tzte Lesezeit":"1\u00a0Minute"},"schema":{"@context":"https:\/\/schema.org","@graph":[{"@type":"WebPage","@id":"https:\/\/www.naturparkmagazin.de\/stechlin\/foerderverein-waehlte-neuen-vorstand\/","url":"https:\/\/www.naturparkmagazin.de\/stechlin\/foerderverein-waehlte-neuen-vorstand\/","name":"F\u00f6rderverein w\u00e4hlte neuen Vorstand - Naturpark Stechlin-Ruppiner Land","isPartOf":{"@id":"https:\/\/www.naturparkmagazin.de\/stechlin\/#website"},"datePublished":"2015-11-18T07:11:14+00:00","dateModified":"2015-11-24T11:57:33+00:00","author":{"@id":"https:\/\/www.naturparkmagazin.de\/stechlin\/#\/schema\/person\/3f0d93203df21c806dd63c76d9bb28bc"},"breadcrumb":{"@id":"https:\/\/www.naturparkmagazin.de\/stechlin\/foerderverein-waehlte-neuen-vorstand\/#breadcrumb"},"inLanguage":"de","potentialAction":[{"@type":"ReadAction","target":["https:\/\/www.naturparkmagazin.de\/stechlin\/foerderverein-waehlte-neuen-vorstand\/"]}]},{"@type":"BreadcrumbList","@id":"https:\/\/www.naturparkmagazin.de\/stechlin\/foerderverein-waehlte-neuen-vorstand\/#breadcrumb","itemListElement":[{"@type":"ListItem","position":1,"name":"Home","item":"https:\/\/www.naturparkmagazin.de\/stechlin\/"},{"@type":"ListItem","position":2,"name":"F\u00f6rderverein w\u00e4hlte neuen Vorstand"}]},{"@type":"WebSite","@id":"https:\/\/www.naturparkmagazin.de\/stechlin\/#website","url":"https:\/\/www.naturparkmagazin.de\/stechlin\/","name":"Naturpark Stechlin-Ruppiner Land","description":"","potentialAction":[{"@type":"SearchAction","target":{"@type":"EntryPoint","urlTemplate":"https:\/\/www.naturparkmagazin.de\/stechlin\/?s={search_term_string}"},"query-input":"required name=search_term_string"}],"inLanguage":"de"},{"@type":"Person","@id":"https:\/\/www.naturparkmagazin.de\/stechlin\/#\/schema\/person\/3f0d93203df21c806dd63c76d9bb28bc","name":"marioschrumpf","url":"https:\/\/www.naturparkmagazin.de\/stechlin\/author\/marioschrumpf\/"}]}},"_links":{"self":[{"href":"https:\/\/www.naturparkmagazin.de\/stechlin\/wp-json\/wp\/v2\/posts\/3012"}],"collection":[{"href":"https:\/\/www.naturparkmagazin.de\/stechlin\/wp-json\/wp\/v2\/posts"}],"about":[{"href":"https:\/\/www.naturparkmagazin.de\/stechlin\/wp-json\/wp\/v2\/types\/post"}],"author":[{"embeddable":true,"href":"https:\/\/www.naturparkmagazin.de\/stechlin\/wp-json\/wp\/v2\/users\/39"}],"replies":[{"embeddable":true,"href":"https:\/\/www.naturparkmagazin.de\/stechlin\/wp-json\/wp\/v2\/comments?post=3012"}],"version-history":[{"count":6,"href":"https:\/\/www.naturparkmagazin.de\/stechlin\/wp-json\/wp\/v2\/posts\/3012\/revisions"}],"predecessor-version":[{"id":3075,"href":"https:\/\/www.naturparkmagazin.de\/stechlin\/wp-json\/wp\/v2\/posts\/3012\/revisions\/3075"}],"wp:featuredmedia":[{"embeddable":true,"href":"https:\/\/www.naturparkmagazin.de\/stechlin\/wp-json\/wp\/v2\/media\/3074"}],"wp:attachment":[{"href":"https:\/\/www.naturparkmagazin.de\/stechlin\/wp-json\/wp\/v2\/media?parent=3012"}],"wp:term":[{"taxonomy":"category","embeddable":true,"href":"https:\/\/www.naturparkmagazin.de\/stechlin\/wp-json\/wp\/v2\/categories?post=3012"},{"taxonomy":"post_tag","embeddable":true,"href":"https:\/\/www.naturparkmagazin.de\/stechlin\/wp-json\/wp\/v2\/tags?post=3012"}],"curies":[{"name":"wp","href":"https:\/\/api.w.org\/{rel}","templated":true}]}}